{"id":7803,"date":"2023-11-24T20:56:06","date_gmt":"2023-11-24T20:56:06","guid":{"rendered":"https:\/\/www.tvportugal.tv\/portal\/?p=7803"},"modified":"2023-11-24T20:56:09","modified_gmt":"2023-11-24T20:56:09","slug":"homenagem-a-fadista-bela-bueri-uniao-de-freguesias-cascais-estoril","status":"publish","type":"post","link":"https:\/\/www.tvportugal.tv\/portal\/homenagem-a-fadista-bela-bueri-uniao-de-freguesias-cascais-estoril\/","title":{"rendered":"Homenagem \u00e0 Fadista Bela Bueri | Uni\u00e3o de Freguesias Cascais &#8211; Estoril"},"content":{"rendered":"<p>Jo\u00e3o Braga, Miguel Sanches, R\u00e3o Kyao e Teresa Siqueira s\u00e3o alguns dos grandes nomes do fado, que no passado dia 23 de novembro subiram ao palco do Centro Cultural de Cascais para prestarem homenagem \u00e0 fadista Bela Bueri.<br \/>\nReportagem, Imagem e Edi\u00e7\u00e3o &#8211; Ant\u00f3nio Assun\u00e7\u00e3o<br \/>\n2023 11 24<br \/>\n<iframe loading=\"lazy\" title=\"homenagembelabueri20231124\" width=\"1200\" height=\"675\" src=\"https:\/\/www.youtube.com\/embed\/qjqYBmTdyfo?feature=oembed\" frameborder=\"0\" allow=\"accelerometer; autoplay; clipboard-write; encrypted-media; gyroscope; picture-in-picture; web-share\" referrerpolicy=\"strict-origin-when-cross-origin\" allowfullscreen><\/iframe><\/p>\n","protected":false},"excerpt":{"rendered":"<p>Jo\u00e3o Braga, Miguel Sanches, R\u00e3o Kyao e Teresa Siqueira s\u00e3o alguns dos grandes nomes do fado, que no passado dia 23 de novembro subiram ao palco do Centro Cultural de Cascais para prestarem homenagem \u00e0 fadista Bela Bueri. Reportagem, Imagem e Edi\u00e7\u00e3o &#8211; Ant\u00f3nio Assun\u00e7\u00e3o 2023 11 24<\/p>\n","protected":false},"author":2,"featured_media":7804,"comment_status":"closed","ping_status":"closed","sticky":false,"template":"","format":"standard","meta":{"footnotes":""},"categories":[42,206,137,64,190,65,53,197,178],"tags":[75,74,78,81,76],"class_list":["post-7803","post","type-post","status-publish","format-standard","has-post-thumbnail","hentry","category-cascais","category-casino-estoril","category-comunidade","category-cultura","category-espectaculo","category-eventos","category-festas","category-protocolo","category-varios","tag-cascais","tag-estoril","tag-inauguracoes","tag-nuno-piteira-lopes","tag-pedro-morais-soares"],"yoast_head":"<!-- This site is optimized with the Yoast SEO plugin v27.5 - https:\/\/yoast.com\/product\/yoast-seo-wordpress\/ -->\n<title>Homenagem \u00e0 Fadista Bela Bueri | Uni\u00e3o de Freguesias Cascais - Estoril<\/title>\n<meta name=\"description\" content=\"Homenagem \u00e0 Fadista Bela Bueri | Uni\u00e3o de Freguesias Cascais - Estoril, Cascais, Carlos Carreiras, Portugal, Pedro Morais Soares\" \/>\n<meta name=\"robots\" content=\"index, follow, max-snippet:-1, max-image-preview:large, max-video-preview:-1\" \/>\n<link rel=\"canonical\" href=\"https:\/\/www.tvportugal.tv\/portal\/homenagem-a-fadista-bela-bueri-uniao-de-freguesias-cascais-estoril\/\" \/>\n<meta property=\"og:locale\" content=\"pt_PT\" \/>\n<meta property=\"og:type\" content=\"article\" \/>\n<meta property=\"og:title\" content=\"Homenagem \u00e0 Fadista Bela Bueri | Uni\u00e3o de Freguesias Cascais - Estoril\" \/>\n<meta property=\"og:description\" content=\"Homenagem \u00e0 Fadista Bela Bueri | Uni\u00e3o de Freguesias Cascais - Estoril, Cascais, Carlos Carreiras, Portugal, Pedro Morais Soares\" \/>\n<meta property=\"og:url\" content=\"https:\/\/www.tvportugal.tv\/portal\/homenagem-a-fadista-bela-bueri-uniao-de-freguesias-cascais-estoril\/\" \/>\n<meta property=\"og:site_name\" content=\"TV Portugal - Televis\u00e3o - Cascais - Sintra - Oeiras - Lisboa - Noticias\" \/>\n<meta property=\"article:published_time\" content=\"2023-11-24T20:56:06+00:00\" \/>\n<meta property=\"article:modified_time\" content=\"2023-11-24T20:56:09+00:00\" \/>\n<meta property=\"og:image\" content=\"https:\/\/www.tvportugal.tv\/portal\/wp-content\/uploads\/2023\/11\/Captura-de-ecra-2023-11-24-as-20.39.18.png\" \/>\n\t<meta property=\"og:image:width\" content=\"800\" \/>\n\t<meta property=\"og:image:height\" content=\"600\" \/>\n\t<meta property=\"og:image:type\" content=\"image\/png\" \/>\n<meta name=\"author\" content=\"Antonio Assuncao\" \/>\n<meta name=\"twitter:card\" content=\"summary_large_image\" \/>\n<meta name=\"twitter:label1\" content=\"Escrito por\" \/>\n\t<meta name=\"twitter:data1\" content=\"Antonio Assuncao\" \/>\n\t<meta name=\"twitter:label2\" content=\"Tempo estimado de leitura\" \/>\n\t<meta name=\"twitter:data2\" content=\"1 minuto\" \/>\n<script type=\"application\/ld+json\" class=\"yoast-schema-graph\">{\"@context\":\"https:\\\/\\\/schema.org\",\"@graph\":[{\"@type\":\"Article\",\"@id\":\"https:\\\/\\\/www.tvportugal.tv\\\/portal\\\/homenagem-a-fadista-bela-bueri-uniao-de-freguesias-cascais-estoril\\\/#article\",\"isPartOf\":{\"@id\":\"https:\\\/\\\/www.tvportugal.tv\\\/portal\\\/homenagem-a-fadista-bela-bueri-uniao-de-freguesias-cascais-estoril\\\/\"},\"author\":{\"name\":\"Antonio Assuncao\",\"@id\":\"https:\\\/\\\/www.tvportugal.tv\\\/portal\\\/#\\\/schema\\\/person\\\/3dd386a0a960b868c3daed310f5d8d6b\"},\"headline\":\"Homenagem \u00e0 Fadista Bela Bueri | Uni\u00e3o de Freguesias Cascais &#8211; Estoril\",\"datePublished\":\"2023-11-24T20:56:06+00:00\",\"dateModified\":\"2023-11-24T20:56:09+00:00\",\"mainEntityOfPage\":{\"@id\":\"https:\\\/\\\/www.tvportugal.tv\\\/portal\\\/homenagem-a-fadista-bela-bueri-uniao-de-freguesias-cascais-estoril\\\/\"},\"wordCount\":67,\"image\":{\"@id\":\"https:\\\/\\\/www.tvportugal.tv\\\/portal\\\/homenagem-a-fadista-bela-bueri-uniao-de-freguesias-cascais-estoril\\\/#primaryimage\"},\"thumbnailUrl\":\"https:\\\/\\\/www.tvportugal.tv\\\/portal\\\/wp-content\\\/uploads\\\/2023\\\/11\\\/Captura-de-ecra-2023-11-24-as-20.39.18.png\",\"keywords\":[\"Cascais\",\"Estoril\",\"Inaugura\u00e7\u00f5es\",\"Nuno Piteira Lopes\",\"Pedro Morais Soares\"],\"articleSection\":[\"Cascais\",\"Casino Estoril\",\"Comunidade\",\"Cultura\",\"Espect\u00e1culo\",\"Eventos\",\"Festas\",\"Protocolo\",\"V\u00e1rios\"],\"inLanguage\":\"pt-PT\"},{\"@type\":\"WebPage\",\"@id\":\"https:\\\/\\\/www.tvportugal.tv\\\/portal\\\/homenagem-a-fadista-bela-bueri-uniao-de-freguesias-cascais-estoril\\\/\",\"url\":\"https:\\\/\\\/www.tvportugal.tv\\\/portal\\\/homenagem-a-fadista-bela-bueri-uniao-de-freguesias-cascais-estoril\\\/\",\"name\":\"Homenagem \u00e0 Fadista Bela Bueri | Uni\u00e3o de Freguesias Cascais - Estoril\",\"isPartOf\":{\"@id\":\"https:\\\/\\\/www.tvportugal.tv\\\/portal\\\/#website\"},\"primaryImageOfPage\":{\"@id\":\"https:\\\/\\\/www.tvportugal.tv\\\/portal\\\/homenagem-a-fadista-bela-bueri-uniao-de-freguesias-cascais-estoril\\\/#primaryimage\"},\"image\":{\"@id\":\"https:\\\/\\\/www.tvportugal.tv\\\/portal\\\/homenagem-a-fadista-bela-bueri-uniao-de-freguesias-cascais-estoril\\\/#primaryimage\"},\"thumbnailUrl\":\"https:\\\/\\\/www.tvportugal.tv\\\/portal\\\/wp-content\\\/uploads\\\/2023\\\/11\\\/Captura-de-ecra-2023-11-24-as-20.39.18.png\",\"datePublished\":\"2023-11-24T20:56:06+00:00\",\"dateModified\":\"2023-11-24T20:56:09+00:00\",\"author\":{\"@id\":\"https:\\\/\\\/www.tvportugal.tv\\\/portal\\\/#\\\/schema\\\/person\\\/3dd386a0a960b868c3daed310f5d8d6b\"},\"description\":\"Homenagem \u00e0 Fadista Bela Bueri | Uni\u00e3o de Freguesias Cascais - Estoril, Cascais, Carlos Carreiras, Portugal, Pedro Morais Soares\",\"breadcrumb\":{\"@id\":\"https:\\\/\\\/www.tvportugal.tv\\\/portal\\\/homenagem-a-fadista-bela-bueri-uniao-de-freguesias-cascais-estoril\\\/#breadcrumb\"},\"inLanguage\":\"pt-PT\",\"potentialAction\":[{\"@type\":\"ReadAction\",\"target\":[\"https:\\\/\\\/www.tvportugal.tv\\\/portal\\\/homenagem-a-fadista-bela-bueri-uniao-de-freguesias-cascais-estoril\\\/\"]}]},{\"@type\":\"ImageObject\",\"inLanguage\":\"pt-PT\",\"@id\":\"https:\\\/\\\/www.tvportugal.tv\\\/portal\\\/homenagem-a-fadista-bela-bueri-uniao-de-freguesias-cascais-estoril\\\/#primaryimage\",\"url\":\"https:\\\/\\\/www.tvportugal.tv\\\/portal\\\/wp-content\\\/uploads\\\/2023\\\/11\\\/Captura-de-ecra-2023-11-24-as-20.39.18.png\",\"contentUrl\":\"https:\\\/\\\/www.tvportugal.tv\\\/portal\\\/wp-content\\\/uploads\\\/2023\\\/11\\\/Captura-de-ecra-2023-11-24-as-20.39.18.png\",\"width\":800,\"height\":600,\"caption\":\"Entrega dos Diplomas de Bolsas e Pr\u00e9mios de M\u00e9rito Uni\u00e3o de Freguesias Cascais - Estoril, Cascais, Portugal, Pedro Morais Soares\"},{\"@type\":\"BreadcrumbList\",\"@id\":\"https:\\\/\\\/www.tvportugal.tv\\\/portal\\\/homenagem-a-fadista-bela-bueri-uniao-de-freguesias-cascais-estoril\\\/#breadcrumb\",\"itemListElement\":[{\"@type\":\"ListItem\",\"position\":1,\"name\":\"In\u00edcio\",\"item\":\"https:\\\/\\\/www.tvportugal.tv\\\/portal\\\/\"},{\"@type\":\"ListItem\",\"position\":2,\"name\":\"Homenagem \u00e0 Fadista Bela Bueri | Uni\u00e3o de Freguesias Cascais &#8211; Estoril\"}]},{\"@type\":\"WebSite\",\"@id\":\"https:\\\/\\\/www.tvportugal.tv\\\/portal\\\/#website\",\"url\":\"https:\\\/\\\/www.tvportugal.tv\\\/portal\\\/\",\"name\":\"TV Portugal - Televis\u00e3o - Cascais - Sintra - Oeiras - Lisboa - Noticias\",\"description\":\"Televis\u00e3o Cascais, Televis\u00e3o Estoril, Tv Web com produ\u00e7\u00e3o pr\u00f3pria da Regi\u00e3o de Lisboa, Televis\u00e3o On-line, Noticias de Cascais, Noticias de Sintra, Noticias de Lisboa, Videos, Reportagen\",\"potentialAction\":[{\"@type\":\"SearchAction\",\"target\":{\"@type\":\"EntryPoint\",\"urlTemplate\":\"https:\\\/\\\/www.tvportugal.tv\\\/portal\\\/?s={search_term_string}\"},\"query-input\":{\"@type\":\"PropertyValueSpecification\",\"valueRequired\":true,\"valueName\":\"search_term_string\"}}],\"inLanguage\":\"pt-PT\"},{\"@type\":\"Person\",\"@id\":\"https:\\\/\\\/www.tvportugal.tv\\\/portal\\\/#\\\/schema\\\/person\\\/3dd386a0a960b868c3daed310f5d8d6b\",\"name\":\"Antonio Assuncao\",\"image\":{\"@type\":\"ImageObject\",\"inLanguage\":\"pt-PT\",\"@id\":\"https:\\\/\\\/secure.gravatar.com\\\/avatar\\\/d8f395a7f86675d6142e7d6ee91f1232e911b4f5ad4a72e064ca4dde2d42881b?s=96&d=mm&r=g\",\"url\":\"https:\\\/\\\/secure.gravatar.com\\\/avatar\\\/d8f395a7f86675d6142e7d6ee91f1232e911b4f5ad4a72e064ca4dde2d42881b?s=96&d=mm&r=g\",\"contentUrl\":\"https:\\\/\\\/secure.gravatar.com\\\/avatar\\\/d8f395a7f86675d6142e7d6ee91f1232e911b4f5ad4a72e064ca4dde2d42881b?s=96&d=mm&r=g\",\"caption\":\"Antonio Assuncao\"},\"sameAs\":[\"http:\\\/\\\/www.tvportugal.tv\\\/\"],\"url\":\"https:\\\/\\\/www.tvportugal.tv\\\/portal\\\/author\\\/antonio-assuncao\\\/\"}]}<\/script>\n<!-- \/ Yoast SEO plugin. -->","yoast_head_json":{"title":"Homenagem \u00e0 Fadista Bela Bueri | Uni\u00e3o de Freguesias Cascais - Estoril","description":"Homenagem \u00e0 Fadista Bela Bueri | Uni\u00e3o de Freguesias Cascais - Estoril, Cascais, Carlos Carreiras, Portugal, Pedro Morais Soares","robots":{"index":"index","follow":"follow","max-snippet":"max-snippet:-1","max-image-preview":"max-image-preview:large","max-video-preview":"max-video-preview:-1"},"canonical":"https:\/\/www.tvportugal.tv\/portal\/homenagem-a-fadista-bela-bueri-uniao-de-freguesias-cascais-estoril\/","og_locale":"pt_PT","og_type":"article","og_title":"Homenagem \u00e0 Fadista Bela Bueri | Uni\u00e3o de Freguesias Cascais - Estoril","og_description":"Homenagem \u00e0 Fadista Bela Bueri | Uni\u00e3o de Freguesias Cascais - Estoril, Cascais, Carlos Carreiras, Portugal, Pedro Morais Soares","og_url":"https:\/\/www.tvportugal.tv\/portal\/homenagem-a-fadista-bela-bueri-uniao-de-freguesias-cascais-estoril\/","og_site_name":"TV Portugal - Televis\u00e3o - Cascais - Sintra - Oeiras - Lisboa - Noticias","article_published_time":"2023-11-24T20:56:06+00:00","article_modified_time":"2023-11-24T20:56:09+00:00","og_image":[{"width":800,"height":600,"url":"https:\/\/www.tvportugal.tv\/portal\/wp-content\/uploads\/2023\/11\/Captura-de-ecra-2023-11-24-as-20.39.18.png","type":"image\/png"}],"author":"Antonio Assuncao","twitter_card":"summary_large_image","twitter_misc":{"Escrito por":"Antonio Assuncao","Tempo estimado de leitura":"1 minuto"},"schema":{"@context":"https:\/\/schema.org","@graph":[{"@type":"Article","@id":"https:\/\/www.tvportugal.tv\/portal\/homenagem-a-fadista-bela-bueri-uniao-de-freguesias-cascais-estoril\/#article","isPartOf":{"@id":"https:\/\/www.tvportugal.tv\/portal\/homenagem-a-fadista-bela-bueri-uniao-de-freguesias-cascais-estoril\/"},"author":{"name":"Antonio Assuncao","@id":"https:\/\/www.tvportugal.tv\/portal\/#\/schema\/person\/3dd386a0a960b868c3daed310f5d8d6b"},"headline":"Homenagem \u00e0 Fadista Bela Bueri | Uni\u00e3o de Freguesias Cascais &#8211; Estoril","datePublished":"2023-11-24T20:56:06+00:00","dateModified":"2023-11-24T20:56:09+00:00","mainEntityOfPage":{"@id":"https:\/\/www.tvportugal.tv\/portal\/homenagem-a-fadista-bela-bueri-uniao-de-freguesias-cascais-estoril\/"},"wordCount":67,"image":{"@id":"https:\/\/www.tvportugal.tv\/portal\/homenagem-a-fadista-bela-bueri-uniao-de-freguesias-cascais-estoril\/#primaryimage"},"thumbnailUrl":"https:\/\/www.tvportugal.tv\/portal\/wp-content\/uploads\/2023\/11\/Captura-de-ecra-2023-11-24-as-20.39.18.png","keywords":["Cascais","Estoril","Inaugura\u00e7\u00f5es","Nuno Piteira Lopes","Pedro Morais Soares"],"articleSection":["Cascais","Casino Estoril","Comunidade","Cultura","Espect\u00e1culo","Eventos","Festas","Protocolo","V\u00e1rios"],"inLanguage":"pt-PT"},{"@type":"WebPage","@id":"https:\/\/www.tvportugal.tv\/portal\/homenagem-a-fadista-bela-bueri-uniao-de-freguesias-cascais-estoril\/","url":"https:\/\/www.tvportugal.tv\/portal\/homenagem-a-fadista-bela-bueri-uniao-de-freguesias-cascais-estoril\/","name":"Homenagem \u00e0 Fadista Bela Bueri | Uni\u00e3o de Freguesias Cascais - Estoril","isPartOf":{"@id":"https:\/\/www.tvportugal.tv\/portal\/#website"},"primaryImageOfPage":{"@id":"https:\/\/www.tvportugal.tv\/portal\/homenagem-a-fadista-bela-bueri-uniao-de-freguesias-cascais-estoril\/#primaryimage"},"image":{"@id":"https:\/\/www.tvportugal.tv\/portal\/homenagem-a-fadista-bela-bueri-uniao-de-freguesias-cascais-estoril\/#primaryimage"},"thumbnailUrl":"https:\/\/www.tvportugal.tv\/portal\/wp-content\/uploads\/2023\/11\/Captura-de-ecra-2023-11-24-as-20.39.18.png","datePublished":"2023-11-24T20:56:06+00:00","dateModified":"2023-11-24T20:56:09+00:00","author":{"@id":"https:\/\/www.tvportugal.tv\/portal\/#\/schema\/person\/3dd386a0a960b868c3daed310f5d8d6b"},"description":"Homenagem \u00e0 Fadista Bela Bueri | Uni\u00e3o de Freguesias Cascais - Estoril, Cascais, Carlos Carreiras, Portugal, Pedro Morais Soares","breadcrumb":{"@id":"https:\/\/www.tvportugal.tv\/portal\/homenagem-a-fadista-bela-bueri-uniao-de-freguesias-cascais-estoril\/#breadcrumb"},"inLanguage":"pt-PT","potentialAction":[{"@type":"ReadAction","target":["https:\/\/www.tvportugal.tv\/portal\/homenagem-a-fadista-bela-bueri-uniao-de-freguesias-cascais-estoril\/"]}]},{"@type":"ImageObject","inLanguage":"pt-PT","@id":"https:\/\/www.tvportugal.tv\/portal\/homenagem-a-fadista-bela-bueri-uniao-de-freguesias-cascais-estoril\/#primaryimage","url":"https:\/\/www.tvportugal.tv\/portal\/wp-content\/uploads\/2023\/11\/Captura-de-ecra-2023-11-24-as-20.39.18.png","contentUrl":"https:\/\/www.tvportugal.tv\/portal\/wp-content\/uploads\/2023\/11\/Captura-de-ecra-2023-11-24-as-20.39.18.png","width":800,"height":600,"caption":"Entrega dos Diplomas de Bolsas e Pr\u00e9mios de M\u00e9rito Uni\u00e3o de Freguesias Cascais - Estoril, Cascais, Portugal, Pedro Morais Soares"},{"@type":"BreadcrumbList","@id":"https:\/\/www.tvportugal.tv\/portal\/homenagem-a-fadista-bela-bueri-uniao-de-freguesias-cascais-estoril\/#breadcrumb","itemListElement":[{"@type":"ListItem","position":1,"name":"In\u00edcio","item":"https:\/\/www.tvportugal.tv\/portal\/"},{"@type":"ListItem","position":2,"name":"Homenagem \u00e0 Fadista Bela Bueri | Uni\u00e3o de Freguesias Cascais &#8211; Estoril"}]},{"@type":"WebSite","@id":"https:\/\/www.tvportugal.tv\/portal\/#website","url":"https:\/\/www.tvportugal.tv\/portal\/","name":"TV Portugal - Televis\u00e3o - Cascais - Sintra - Oeiras - Lisboa - Noticias","description":"Televis\u00e3o Cascais, Televis\u00e3o Estoril, Tv Web com produ\u00e7\u00e3o pr\u00f3pria da Regi\u00e3o de Lisboa, Televis\u00e3o On-line, Noticias de Cascais, Noticias de Sintra, Noticias de Lisboa, Videos, Reportagen","potentialAction":[{"@type":"SearchAction","target":{"@type":"EntryPoint","urlTemplate":"https:\/\/www.tvportugal.tv\/portal\/?s={search_term_string}"},"query-input":{"@type":"PropertyValueSpecification","valueRequired":true,"valueName":"search_term_string"}}],"inLanguage":"pt-PT"},{"@type":"Person","@id":"https:\/\/www.tvportugal.tv\/portal\/#\/schema\/person\/3dd386a0a960b868c3daed310f5d8d6b","name":"Antonio Assuncao","image":{"@type":"ImageObject","inLanguage":"pt-PT","@id":"https:\/\/secure.gravatar.com\/avatar\/d8f395a7f86675d6142e7d6ee91f1232e911b4f5ad4a72e064ca4dde2d42881b?s=96&d=mm&r=g","url":"https:\/\/secure.gravatar.com\/avatar\/d8f395a7f86675d6142e7d6ee91f1232e911b4f5ad4a72e064ca4dde2d42881b?s=96&d=mm&r=g","contentUrl":"https:\/\/secure.gravatar.com\/avatar\/d8f395a7f86675d6142e7d6ee91f1232e911b4f5ad4a72e064ca4dde2d42881b?s=96&d=mm&r=g","caption":"Antonio Assuncao"},"sameAs":["http:\/\/www.tvportugal.tv\/"],"url":"https:\/\/www.tvportugal.tv\/portal\/author\/antonio-assuncao\/"}]}},"_links":{"self":[{"href":"https:\/\/www.tvportugal.tv\/portal\/wp-json\/wp\/v2\/posts\/7803","targetHints":{"allow":["GET"]}}],"collection":[{"href":"https:\/\/www.tvportugal.tv\/portal\/wp-json\/wp\/v2\/posts"}],"about":[{"href":"https:\/\/www.tvportugal.tv\/portal\/wp-json\/wp\/v2\/types\/post"}],"author":[{"embeddable":true,"href":"https:\/\/www.tvportugal.tv\/portal\/wp-json\/wp\/v2\/users\/2"}],"replies":[{"embeddable":true,"href":"https:\/\/www.tvportugal.tv\/portal\/wp-json\/wp\/v2\/comments?post=7803"}],"version-history":[{"count":1,"href":"https:\/\/www.tvportugal.tv\/portal\/wp-json\/wp\/v2\/posts\/7803\/revisions"}],"predecessor-version":[{"id":7805,"href":"https:\/\/www.tvportugal.tv\/portal\/wp-json\/wp\/v2\/posts\/7803\/revisions\/7805"}],"wp:featuredmedia":[{"embeddable":true,"href":"https:\/\/www.tvportugal.tv\/portal\/wp-json\/wp\/v2\/media\/7804"}],"wp:attachment":[{"href":"https:\/\/www.tvportugal.tv\/portal\/wp-json\/wp\/v2\/media?parent=7803"}],"wp:term":[{"taxonomy":"category","embeddable":true,"href":"https:\/\/www.tvportugal.tv\/portal\/wp-json\/wp\/v2\/categories?post=7803"},{"taxonomy":"post_tag","embeddable":true,"href":"https:\/\/www.tvportugal.tv\/portal\/wp-json\/wp\/v2\/tags?post=7803"}],"curies":[{"name":"wp","href":"https:\/\/api.w.org\/{rel}","templated":true}]}}