{"id":7781,"date":"2023-06-18T21:31:17","date_gmt":"2023-06-18T21:31:17","guid":{"rendered":"https:\/\/www.tvportugal.tv\/portal\/?p=7781"},"modified":"2023-06-18T21:31:18","modified_gmt":"2023-06-18T21:31:18","slug":"marchas-populares-2023-junta-de-freguesia-de-alcabideche","status":"publish","type":"post","link":"https:\/\/www.tvportugal.tv\/portal\/marchas-populares-2023-junta-de-freguesia-de-alcabideche\/","title":{"rendered":"Marchas Populares 2023 | Junta de Freguesia de Alcabideche"},"content":{"rendered":"<p>&#8220;Esta noite vai ser a noite das Marchas Populares em Alcabideche, mais uma vez uma grande noite, com uma casa cheia, uma casa espectacular para este tipo de eventos. Pode haver vento, pode chover que aqui n\u00e3o h\u00e1 problema nenhum.&#8221; Jos\u00e9 Filipe Ribeiro, Presidente da Junta de Freguesia de Alcabideche.<br \/>\nReportagem, Imagem e Edi\u00e7\u00e3o &#8211; Ant\u00f3nio Assun\u00e7\u00e3o<br \/>\n2023 06 18<br \/>\n<iframe loading=\"lazy\" title=\"Marchas Populares 2023 | Junta de Freguesia de Alcabideche\" width=\"1200\" height=\"675\" src=\"https:\/\/www.youtube.com\/embed\/J1JgaB6VZXY?list=PLkn78qEP4et9U8TJlWUZf71WIDX06LP-X\" frameborder=\"0\" allow=\"accelerometer; autoplay; clipboard-write; encrypted-media; gyroscope; picture-in-picture; web-share\" referrerpolicy=\"strict-origin-when-cross-origin\" allowfullscreen><\/iframe><\/p>\n","protected":false},"excerpt":{"rendered":"<p>&#8220;Esta noite vai ser a noite das Marchas Populares em Alcabideche, mais uma vez uma grande noite, com uma casa cheia, uma casa espectacular para este tipo de eventos. Pode haver vento, pode chover que aqui n\u00e3o h\u00e1 problema nenhum.&#8221; Jos\u00e9 Filipe Ribeiro, Presidente da Junta de Freguesia de Alcabideche.<span class=\"excerpt-hellip\"> [\u2026]<\/span><\/p>\n","protected":false},"author":2,"featured_media":7782,"comment_status":"closed","ping_status":"closed","sticky":false,"template":"","format":"standard","meta":{"footnotes":""},"categories":[42,137,64,190,65,53,59,218,178],"tags":[46,75,195,193,81],"class_list":["post-7781","post","type-post","status-publish","format-standard","has-post-thumbnail","hentry","category-cascais","category-comunidade","category-cultura","category-espectaculo","category-eventos","category-festas","category-junior","category-junta-de-freguesia-de-alcabideche","category-varios","tag-carlos-carreiras","tag-cascais","tag-freguesia-de-alcabideche","tag-jose-filipe-ribeiro","tag-nuno-piteira-lopes"],"yoast_head":"<!-- This site is optimized with the Yoast SEO plugin v27.5 - https:\/\/yoast.com\/product\/yoast-seo-wordpress\/ -->\n<title>Marchas Populares 2023 | Junta de Freguesia de Alcabideche<\/title>\n<meta name=\"description\" content=\"Marchas Populares 2023, Junta de Freguesia de Alcabideche, Portugal, Televis\u00e3o, Reportagem, Jos\u00e9 Ribeiro, Cascais\" \/>\n<meta name=\"robots\" content=\"index, follow, max-snippet:-1, max-image-preview:large, max-video-preview:-1\" \/>\n<link rel=\"canonical\" href=\"https:\/\/www.tvportugal.tv\/portal\/marchas-populares-2023-junta-de-freguesia-de-alcabideche\/\" \/>\n<meta property=\"og:locale\" content=\"pt_PT\" \/>\n<meta property=\"og:type\" content=\"article\" \/>\n<meta property=\"og:title\" content=\"Marchas Populares 2023 | Junta de Freguesia de Alcabideche\" \/>\n<meta property=\"og:description\" content=\"Marchas Populares 2023, Junta de Freguesia de Alcabideche, Portugal, Televis\u00e3o, Reportagem, Jos\u00e9 Ribeiro, Cascais\" \/>\n<meta property=\"og:url\" content=\"https:\/\/www.tvportugal.tv\/portal\/marchas-populares-2023-junta-de-freguesia-de-alcabideche\/\" \/>\n<meta property=\"og:site_name\" content=\"TV Portugal - Televis\u00e3o - Cascais - Sintra - Oeiras - Lisboa - Noticias\" \/>\n<meta property=\"article:published_time\" content=\"2023-06-18T21:31:17+00:00\" \/>\n<meta property=\"article:modified_time\" content=\"2023-06-18T21:31:18+00:00\" \/>\n<meta property=\"og:image\" content=\"https:\/\/www.tvportugal.tv\/portal\/wp-content\/uploads\/2023\/06\/Captura-de-ecra-2023-06-18-as-21.39.16.png\" \/>\n\t<meta property=\"og:image:width\" content=\"800\" \/>\n\t<meta property=\"og:image:height\" content=\"600\" \/>\n\t<meta property=\"og:image:type\" content=\"image\/png\" \/>\n<meta name=\"author\" content=\"Antonio Assuncao\" \/>\n<meta name=\"twitter:card\" content=\"summary_large_image\" \/>\n<meta name=\"twitter:label1\" content=\"Escrito por\" \/>\n\t<meta name=\"twitter:data1\" content=\"Antonio Assuncao\" \/>\n\t<meta name=\"twitter:label2\" content=\"Tempo estimado de leitura\" \/>\n\t<meta name=\"twitter:data2\" content=\"1 minuto\" \/>\n<script type=\"application\/ld+json\" class=\"yoast-schema-graph\">{\"@context\":\"https:\\\/\\\/schema.org\",\"@graph\":[{\"@type\":\"Article\",\"@id\":\"https:\\\/\\\/www.tvportugal.tv\\\/portal\\\/marchas-populares-2023-junta-de-freguesia-de-alcabideche\\\/#article\",\"isPartOf\":{\"@id\":\"https:\\\/\\\/www.tvportugal.tv\\\/portal\\\/marchas-populares-2023-junta-de-freguesia-de-alcabideche\\\/\"},\"author\":{\"name\":\"Antonio Assuncao\",\"@id\":\"https:\\\/\\\/www.tvportugal.tv\\\/portal\\\/#\\\/schema\\\/person\\\/3dd386a0a960b868c3daed310f5d8d6b\"},\"headline\":\"Marchas Populares 2023 | Junta de Freguesia de Alcabideche\",\"datePublished\":\"2023-06-18T21:31:17+00:00\",\"dateModified\":\"2023-06-18T21:31:18+00:00\",\"mainEntityOfPage\":{\"@id\":\"https:\\\/\\\/www.tvportugal.tv\\\/portal\\\/marchas-populares-2023-junta-de-freguesia-de-alcabideche\\\/\"},\"wordCount\":88,\"image\":{\"@id\":\"https:\\\/\\\/www.tvportugal.tv\\\/portal\\\/marchas-populares-2023-junta-de-freguesia-de-alcabideche\\\/#primaryimage\"},\"thumbnailUrl\":\"https:\\\/\\\/www.tvportugal.tv\\\/portal\\\/wp-content\\\/uploads\\\/2023\\\/06\\\/Captura-de-ecra-2023-06-18-as-21.39.16.png\",\"keywords\":[\"Carlos Carreiras\",\"Cascais\",\"Freguesia de Alcabideche\",\"Jos\u00e9 Filipe Ribeiro\",\"Nuno Piteira Lopes\"],\"articleSection\":[\"Cascais\",\"Comunidade\",\"Cultura\",\"Espect\u00e1culo\",\"Eventos\",\"Festas\",\"Junior\",\"Junta de Freguesia de Alcabideche\",\"V\u00e1rios\"],\"inLanguage\":\"pt-PT\"},{\"@type\":\"WebPage\",\"@id\":\"https:\\\/\\\/www.tvportugal.tv\\\/portal\\\/marchas-populares-2023-junta-de-freguesia-de-alcabideche\\\/\",\"url\":\"https:\\\/\\\/www.tvportugal.tv\\\/portal\\\/marchas-populares-2023-junta-de-freguesia-de-alcabideche\\\/\",\"name\":\"Marchas Populares 2023 | Junta de Freguesia de Alcabideche\",\"isPartOf\":{\"@id\":\"https:\\\/\\\/www.tvportugal.tv\\\/portal\\\/#website\"},\"primaryImageOfPage\":{\"@id\":\"https:\\\/\\\/www.tvportugal.tv\\\/portal\\\/marchas-populares-2023-junta-de-freguesia-de-alcabideche\\\/#primaryimage\"},\"image\":{\"@id\":\"https:\\\/\\\/www.tvportugal.tv\\\/portal\\\/marchas-populares-2023-junta-de-freguesia-de-alcabideche\\\/#primaryimage\"},\"thumbnailUrl\":\"https:\\\/\\\/www.tvportugal.tv\\\/portal\\\/wp-content\\\/uploads\\\/2023\\\/06\\\/Captura-de-ecra-2023-06-18-as-21.39.16.png\",\"datePublished\":\"2023-06-18T21:31:17+00:00\",\"dateModified\":\"2023-06-18T21:31:18+00:00\",\"author\":{\"@id\":\"https:\\\/\\\/www.tvportugal.tv\\\/portal\\\/#\\\/schema\\\/person\\\/3dd386a0a960b868c3daed310f5d8d6b\"},\"description\":\"Marchas Populares 2023, Junta de Freguesia de Alcabideche, Portugal, Televis\u00e3o, Reportagem, Jos\u00e9 Ribeiro, Cascais\",\"breadcrumb\":{\"@id\":\"https:\\\/\\\/www.tvportugal.tv\\\/portal\\\/marchas-populares-2023-junta-de-freguesia-de-alcabideche\\\/#breadcrumb\"},\"inLanguage\":\"pt-PT\",\"potentialAction\":[{\"@type\":\"ReadAction\",\"target\":[\"https:\\\/\\\/www.tvportugal.tv\\\/portal\\\/marchas-populares-2023-junta-de-freguesia-de-alcabideche\\\/\"]}]},{\"@type\":\"ImageObject\",\"inLanguage\":\"pt-PT\",\"@id\":\"https:\\\/\\\/www.tvportugal.tv\\\/portal\\\/marchas-populares-2023-junta-de-freguesia-de-alcabideche\\\/#primaryimage\",\"url\":\"https:\\\/\\\/www.tvportugal.tv\\\/portal\\\/wp-content\\\/uploads\\\/2023\\\/06\\\/Captura-de-ecra-2023-06-18-as-21.39.16.png\",\"contentUrl\":\"https:\\\/\\\/www.tvportugal.tv\\\/portal\\\/wp-content\\\/uploads\\\/2023\\\/06\\\/Captura-de-ecra-2023-06-18-as-21.39.16.png\",\"width\":800,\"height\":600,\"caption\":\"Lan\u00e7amento da 1.\u00aa Pedra da Casa das Artes Carlos Martinho, Portugal, Televis\u00e3o, Reportagem, Jos\u00e9 Ribeiro, Cascais\"},{\"@type\":\"BreadcrumbList\",\"@id\":\"https:\\\/\\\/www.tvportugal.tv\\\/portal\\\/marchas-populares-2023-junta-de-freguesia-de-alcabideche\\\/#breadcrumb\",\"itemListElement\":[{\"@type\":\"ListItem\",\"position\":1,\"name\":\"In\u00edcio\",\"item\":\"https:\\\/\\\/www.tvportugal.tv\\\/portal\\\/\"},{\"@type\":\"ListItem\",\"position\":2,\"name\":\"Marchas Populares 2023 | Junta de Freguesia de Alcabideche\"}]},{\"@type\":\"WebSite\",\"@id\":\"https:\\\/\\\/www.tvportugal.tv\\\/portal\\\/#website\",\"url\":\"https:\\\/\\\/www.tvportugal.tv\\\/portal\\\/\",\"name\":\"TV Portugal - Televis\u00e3o - Cascais - Sintra - Oeiras - Lisboa - Noticias\",\"description\":\"Televis\u00e3o Cascais, Televis\u00e3o Estoril, Tv Web com produ\u00e7\u00e3o pr\u00f3pria da Regi\u00e3o de Lisboa, Televis\u00e3o On-line, Noticias de Cascais, Noticias de Sintra, Noticias de Lisboa, Videos, Reportagen\",\"potentialAction\":[{\"@type\":\"SearchAction\",\"target\":{\"@type\":\"EntryPoint\",\"urlTemplate\":\"https:\\\/\\\/www.tvportugal.tv\\\/portal\\\/?s={search_term_string}\"},\"query-input\":{\"@type\":\"PropertyValueSpecification\",\"valueRequired\":true,\"valueName\":\"search_term_string\"}}],\"inLanguage\":\"pt-PT\"},{\"@type\":\"Person\",\"@id\":\"https:\\\/\\\/www.tvportugal.tv\\\/portal\\\/#\\\/schema\\\/person\\\/3dd386a0a960b868c3daed310f5d8d6b\",\"name\":\"Antonio Assuncao\",\"image\":{\"@type\":\"ImageObject\",\"inLanguage\":\"pt-PT\",\"@id\":\"https:\\\/\\\/secure.gravatar.com\\\/avatar\\\/d8f395a7f86675d6142e7d6ee91f1232e911b4f5ad4a72e064ca4dde2d42881b?s=96&d=mm&r=g\",\"url\":\"https:\\\/\\\/secure.gravatar.com\\\/avatar\\\/d8f395a7f86675d6142e7d6ee91f1232e911b4f5ad4a72e064ca4dde2d42881b?s=96&d=mm&r=g\",\"contentUrl\":\"https:\\\/\\\/secure.gravatar.com\\\/avatar\\\/d8f395a7f86675d6142e7d6ee91f1232e911b4f5ad4a72e064ca4dde2d42881b?s=96&d=mm&r=g\",\"caption\":\"Antonio Assuncao\"},\"sameAs\":[\"http:\\\/\\\/www.tvportugal.tv\\\/\"],\"url\":\"https:\\\/\\\/www.tvportugal.tv\\\/portal\\\/author\\\/antonio-assuncao\\\/\"}]}<\/script>\n<!-- \/ Yoast SEO plugin. -->","yoast_head_json":{"title":"Marchas Populares 2023 | Junta de Freguesia de Alcabideche","description":"Marchas Populares 2023, Junta de Freguesia de Alcabideche, Portugal, Televis\u00e3o, Reportagem, Jos\u00e9 Ribeiro, Cascais","robots":{"index":"index","follow":"follow","max-snippet":"max-snippet:-1","max-image-preview":"max-image-preview:large","max-video-preview":"max-video-preview:-1"},"canonical":"https:\/\/www.tvportugal.tv\/portal\/marchas-populares-2023-junta-de-freguesia-de-alcabideche\/","og_locale":"pt_PT","og_type":"article","og_title":"Marchas Populares 2023 | Junta de Freguesia de Alcabideche","og_description":"Marchas Populares 2023, Junta de Freguesia de Alcabideche, Portugal, Televis\u00e3o, Reportagem, Jos\u00e9 Ribeiro, Cascais","og_url":"https:\/\/www.tvportugal.tv\/portal\/marchas-populares-2023-junta-de-freguesia-de-alcabideche\/","og_site_name":"TV Portugal - Televis\u00e3o - Cascais - Sintra - Oeiras - Lisboa - Noticias","article_published_time":"2023-06-18T21:31:17+00:00","article_modified_time":"2023-06-18T21:31:18+00:00","og_image":[{"width":800,"height":600,"url":"https:\/\/www.tvportugal.tv\/portal\/wp-content\/uploads\/2023\/06\/Captura-de-ecra-2023-06-18-as-21.39.16.png","type":"image\/png"}],"author":"Antonio Assuncao","twitter_card":"summary_large_image","twitter_misc":{"Escrito por":"Antonio Assuncao","Tempo estimado de leitura":"1 minuto"},"schema":{"@context":"https:\/\/schema.org","@graph":[{"@type":"Article","@id":"https:\/\/www.tvportugal.tv\/portal\/marchas-populares-2023-junta-de-freguesia-de-alcabideche\/#article","isPartOf":{"@id":"https:\/\/www.tvportugal.tv\/portal\/marchas-populares-2023-junta-de-freguesia-de-alcabideche\/"},"author":{"name":"Antonio Assuncao","@id":"https:\/\/www.tvportugal.tv\/portal\/#\/schema\/person\/3dd386a0a960b868c3daed310f5d8d6b"},"headline":"Marchas Populares 2023 | Junta de Freguesia de Alcabideche","datePublished":"2023-06-18T21:31:17+00:00","dateModified":"2023-06-18T21:31:18+00:00","mainEntityOfPage":{"@id":"https:\/\/www.tvportugal.tv\/portal\/marchas-populares-2023-junta-de-freguesia-de-alcabideche\/"},"wordCount":88,"image":{"@id":"https:\/\/www.tvportugal.tv\/portal\/marchas-populares-2023-junta-de-freguesia-de-alcabideche\/#primaryimage"},"thumbnailUrl":"https:\/\/www.tvportugal.tv\/portal\/wp-content\/uploads\/2023\/06\/Captura-de-ecra-2023-06-18-as-21.39.16.png","keywords":["Carlos Carreiras","Cascais","Freguesia de Alcabideche","Jos\u00e9 Filipe Ribeiro","Nuno Piteira Lopes"],"articleSection":["Cascais","Comunidade","Cultura","Espect\u00e1culo","Eventos","Festas","Junior","Junta de Freguesia de Alcabideche","V\u00e1rios"],"inLanguage":"pt-PT"},{"@type":"WebPage","@id":"https:\/\/www.tvportugal.tv\/portal\/marchas-populares-2023-junta-de-freguesia-de-alcabideche\/","url":"https:\/\/www.tvportugal.tv\/portal\/marchas-populares-2023-junta-de-freguesia-de-alcabideche\/","name":"Marchas Populares 2023 | Junta de Freguesia de Alcabideche","isPartOf":{"@id":"https:\/\/www.tvportugal.tv\/portal\/#website"},"primaryImageOfPage":{"@id":"https:\/\/www.tvportugal.tv\/portal\/marchas-populares-2023-junta-de-freguesia-de-alcabideche\/#primaryimage"},"image":{"@id":"https:\/\/www.tvportugal.tv\/portal\/marchas-populares-2023-junta-de-freguesia-de-alcabideche\/#primaryimage"},"thumbnailUrl":"https:\/\/www.tvportugal.tv\/portal\/wp-content\/uploads\/2023\/06\/Captura-de-ecra-2023-06-18-as-21.39.16.png","datePublished":"2023-06-18T21:31:17+00:00","dateModified":"2023-06-18T21:31:18+00:00","author":{"@id":"https:\/\/www.tvportugal.tv\/portal\/#\/schema\/person\/3dd386a0a960b868c3daed310f5d8d6b"},"description":"Marchas Populares 2023, Junta de Freguesia de Alcabideche, Portugal, Televis\u00e3o, Reportagem, Jos\u00e9 Ribeiro, Cascais","breadcrumb":{"@id":"https:\/\/www.tvportugal.tv\/portal\/marchas-populares-2023-junta-de-freguesia-de-alcabideche\/#breadcrumb"},"inLanguage":"pt-PT","potentialAction":[{"@type":"ReadAction","target":["https:\/\/www.tvportugal.tv\/portal\/marchas-populares-2023-junta-de-freguesia-de-alcabideche\/"]}]},{"@type":"ImageObject","inLanguage":"pt-PT","@id":"https:\/\/www.tvportugal.tv\/portal\/marchas-populares-2023-junta-de-freguesia-de-alcabideche\/#primaryimage","url":"https:\/\/www.tvportugal.tv\/portal\/wp-content\/uploads\/2023\/06\/Captura-de-ecra-2023-06-18-as-21.39.16.png","contentUrl":"https:\/\/www.tvportugal.tv\/portal\/wp-content\/uploads\/2023\/06\/Captura-de-ecra-2023-06-18-as-21.39.16.png","width":800,"height":600,"caption":"Lan\u00e7amento da 1.\u00aa Pedra da Casa das Artes Carlos Martinho, Portugal, Televis\u00e3o, Reportagem, Jos\u00e9 Ribeiro, Cascais"},{"@type":"BreadcrumbList","@id":"https:\/\/www.tvportugal.tv\/portal\/marchas-populares-2023-junta-de-freguesia-de-alcabideche\/#breadcrumb","itemListElement":[{"@type":"ListItem","position":1,"name":"In\u00edcio","item":"https:\/\/www.tvportugal.tv\/portal\/"},{"@type":"ListItem","position":2,"name":"Marchas Populares 2023 | Junta de Freguesia de Alcabideche"}]},{"@type":"WebSite","@id":"https:\/\/www.tvportugal.tv\/portal\/#website","url":"https:\/\/www.tvportugal.tv\/portal\/","name":"TV Portugal - Televis\u00e3o - Cascais - Sintra - Oeiras - Lisboa - Noticias","description":"Televis\u00e3o Cascais, Televis\u00e3o Estoril, Tv Web com produ\u00e7\u00e3o pr\u00f3pria da Regi\u00e3o de Lisboa, Televis\u00e3o On-line, Noticias de Cascais, Noticias de Sintra, Noticias de Lisboa, Videos, Reportagen","potentialAction":[{"@type":"SearchAction","target":{"@type":"EntryPoint","urlTemplate":"https:\/\/www.tvportugal.tv\/portal\/?s={search_term_string}"},"query-input":{"@type":"PropertyValueSpecification","valueRequired":true,"valueName":"search_term_string"}}],"inLanguage":"pt-PT"},{"@type":"Person","@id":"https:\/\/www.tvportugal.tv\/portal\/#\/schema\/person\/3dd386a0a960b868c3daed310f5d8d6b","name":"Antonio Assuncao","image":{"@type":"ImageObject","inLanguage":"pt-PT","@id":"https:\/\/secure.gravatar.com\/avatar\/d8f395a7f86675d6142e7d6ee91f1232e911b4f5ad4a72e064ca4dde2d42881b?s=96&d=mm&r=g","url":"https:\/\/secure.gravatar.com\/avatar\/d8f395a7f86675d6142e7d6ee91f1232e911b4f5ad4a72e064ca4dde2d42881b?s=96&d=mm&r=g","contentUrl":"https:\/\/secure.gravatar.com\/avatar\/d8f395a7f86675d6142e7d6ee91f1232e911b4f5ad4a72e064ca4dde2d42881b?s=96&d=mm&r=g","caption":"Antonio Assuncao"},"sameAs":["http:\/\/www.tvportugal.tv\/"],"url":"https:\/\/www.tvportugal.tv\/portal\/author\/antonio-assuncao\/"}]}},"_links":{"self":[{"href":"https:\/\/www.tvportugal.tv\/portal\/wp-json\/wp\/v2\/posts\/7781","targetHints":{"allow":["GET"]}}],"collection":[{"href":"https:\/\/www.tvportugal.tv\/portal\/wp-json\/wp\/v2\/posts"}],"about":[{"href":"https:\/\/www.tvportugal.tv\/portal\/wp-json\/wp\/v2\/types\/post"}],"author":[{"embeddable":true,"href":"https:\/\/www.tvportugal.tv\/portal\/wp-json\/wp\/v2\/users\/2"}],"replies":[{"embeddable":true,"href":"https:\/\/www.tvportugal.tv\/portal\/wp-json\/wp\/v2\/comments?post=7781"}],"version-history":[{"count":1,"href":"https:\/\/www.tvportugal.tv\/portal\/wp-json\/wp\/v2\/posts\/7781\/revisions"}],"predecessor-version":[{"id":7783,"href":"https:\/\/www.tvportugal.tv\/portal\/wp-json\/wp\/v2\/posts\/7781\/revisions\/7783"}],"wp:featuredmedia":[{"embeddable":true,"href":"https:\/\/www.tvportugal.tv\/portal\/wp-json\/wp\/v2\/media\/7782"}],"wp:attachment":[{"href":"https:\/\/www.tvportugal.tv\/portal\/wp-json\/wp\/v2\/media?parent=7781"}],"wp:term":[{"taxonomy":"category","embeddable":true,"href":"https:\/\/www.tvportugal.tv\/portal\/wp-json\/wp\/v2\/categories?post=7781"},{"taxonomy":"post_tag","embeddable":true,"href":"https:\/\/www.tvportugal.tv\/portal\/wp-json\/wp\/v2\/tags?post=7781"}],"curies":[{"name":"wp","href":"https:\/\/api.w.org\/{rel}","templated":true}]}}