{"id":7764,"date":"2023-05-14T16:48:38","date_gmt":"2023-05-14T16:48:38","guid":{"rendered":"https:\/\/www.tvportugal.tv\/portal\/?p=7764"},"modified":"2023-05-14T16:48:39","modified_gmt":"2023-05-14T16:48:39","slug":"inauguracao-nova-sede-do-agrupamento-de-escuteiros-1400-da-aboboda","status":"publish","type":"post","link":"https:\/\/www.tvportugal.tv\/portal\/inauguracao-nova-sede-do-agrupamento-de-escuteiros-1400-da-aboboda\/","title":{"rendered":"Inaugura\u00e7\u00e3o Nova Sede do Agrupamento de Escuteiros 1400 da Ab\u00f3boda"},"content":{"rendered":"<p>&#8220;Parab\u00e9ns CNE 1400 da Ab\u00f3boda, mais um objectivo que foi cumprido. Tudo o que n\u00f3s fazemos tem sempre obst\u00e1culos, o que temos \u00e9 que ser resilientes para ultrapassar esses mesmos obst\u00e1culos. E aqui \u00e9 o cumprir tamb\u00e9m de um objectivo maior.&#8221; Carlos Carreiras, Presidente CM Cascais.<br \/>\nReportagem, Imagem e Edi\u00e7\u00e3o &#8211; Ant\u00f3nio Assun\u00e7\u00e3o<br \/>\n2023 05 14<br \/>\n<iframe loading=\"lazy\" title=\"Inaugura\u00e7\u00e3o Nova Sede do Agrupamento de Escuteiros 1400 da Ab\u00f3boda\" width=\"1200\" height=\"675\" src=\"https:\/\/www.youtube.com\/embed\/0bak9kj3JDE?list=PLkn78qEP4et9U8TJlWUZf71WIDX06LP-X\" frameborder=\"0\" allow=\"accelerometer; autoplay; clipboard-write; encrypted-media; gyroscope; picture-in-picture; web-share\" referrerpolicy=\"strict-origin-when-cross-origin\" allowfullscreen><\/iframe><\/p>\n","protected":false},"excerpt":{"rendered":"<p>&#8220;Parab\u00e9ns CNE 1400 da Ab\u00f3boda, mais um objectivo que foi cumprido. Tudo o que n\u00f3s fazemos tem sempre obst\u00e1culos, o que temos \u00e9 que ser resilientes para ultrapassar esses mesmos obst\u00e1culos. E aqui \u00e9 o cumprir tamb\u00e9m de um objectivo maior.&#8221; Carlos Carreiras, Presidente CM Cascais. Reportagem, Imagem e Edi\u00e7\u00e3o<span class=\"excerpt-hellip\"> [\u2026]<\/span><\/p>\n","protected":false},"author":2,"featured_media":7765,"comment_status":"closed","ping_status":"closed","sticky":false,"template":"","format":"standard","meta":{"footnotes":""},"categories":[42,137,64,120,65,53,47,59,178],"tags":[46,75,74,170,78,81],"class_list":["post-7764","post","type-post","status-publish","format-standard","has-post-thumbnail","hentry","category-cascais","category-comunidade","category-cultura","category-educacao","category-eventos","category-festas","category-inauguracoes","category-junior","category-varios","tag-carlos-carreiras","tag-cascais","tag-estoril","tag-fernando-ferreira-marques","tag-inauguracoes","tag-nuno-piteira-lopes"],"yoast_head":"<!-- This site is optimized with the Yoast SEO plugin v27.5 - https:\/\/yoast.com\/product\/yoast-seo-wordpress\/ -->\n<title>Inaugura\u00e7\u00e3o Nova Sede do Agrupamento de Escuteiros 1400 da Ab\u00f3boda<\/title>\n<meta name=\"description\" content=\"Inaugura\u00e7\u00e3o Nova Sede do Agrupamento de Escuteiros 1400 da Ab\u00f3boda, Portugal, Televis\u00e3o, Reportagem, Cascais, Carlos Carreiras\" \/>\n<meta name=\"robots\" content=\"index, follow, max-snippet:-1, max-image-preview:large, max-video-preview:-1\" \/>\n<link rel=\"canonical\" href=\"https:\/\/www.tvportugal.tv\/portal\/inauguracao-nova-sede-do-agrupamento-de-escuteiros-1400-da-aboboda\/\" \/>\n<meta property=\"og:locale\" content=\"pt_PT\" \/>\n<meta property=\"og:type\" content=\"article\" \/>\n<meta property=\"og:title\" content=\"Inaugura\u00e7\u00e3o Nova Sede do Agrupamento de Escuteiros 1400 da Ab\u00f3boda\" \/>\n<meta property=\"og:description\" content=\"Inaugura\u00e7\u00e3o Nova Sede do Agrupamento de Escuteiros 1400 da Ab\u00f3boda, Portugal, Televis\u00e3o, Reportagem, Cascais, Carlos Carreiras\" \/>\n<meta property=\"og:url\" content=\"https:\/\/www.tvportugal.tv\/portal\/inauguracao-nova-sede-do-agrupamento-de-escuteiros-1400-da-aboboda\/\" \/>\n<meta property=\"og:site_name\" content=\"TV Portugal - Televis\u00e3o - Cascais - Sintra - Oeiras - Lisboa - Noticias\" \/>\n<meta property=\"article:published_time\" content=\"2023-05-14T16:48:38+00:00\" \/>\n<meta property=\"article:modified_time\" content=\"2023-05-14T16:48:39+00:00\" \/>\n<meta property=\"og:image\" content=\"https:\/\/www.tvportugal.tv\/portal\/wp-content\/uploads\/2023\/05\/Aboboda-.png\" \/>\n\t<meta property=\"og:image:width\" content=\"800\" \/>\n\t<meta property=\"og:image:height\" content=\"600\" \/>\n\t<meta property=\"og:image:type\" content=\"image\/png\" \/>\n<meta name=\"author\" content=\"Antonio Assuncao\" \/>\n<meta name=\"twitter:card\" content=\"summary_large_image\" \/>\n<meta name=\"twitter:label1\" content=\"Escrito por\" \/>\n\t<meta name=\"twitter:data1\" content=\"Antonio Assuncao\" \/>\n\t<meta name=\"twitter:label2\" content=\"Tempo estimado de leitura\" \/>\n\t<meta name=\"twitter:data2\" content=\"1 minuto\" \/>\n<script type=\"application\/ld+json\" class=\"yoast-schema-graph\">{\"@context\":\"https:\\\/\\\/schema.org\",\"@graph\":[{\"@type\":\"Article\",\"@id\":\"https:\\\/\\\/www.tvportugal.tv\\\/portal\\\/inauguracao-nova-sede-do-agrupamento-de-escuteiros-1400-da-aboboda\\\/#article\",\"isPartOf\":{\"@id\":\"https:\\\/\\\/www.tvportugal.tv\\\/portal\\\/inauguracao-nova-sede-do-agrupamento-de-escuteiros-1400-da-aboboda\\\/\"},\"author\":{\"name\":\"Antonio Assuncao\",\"@id\":\"https:\\\/\\\/www.tvportugal.tv\\\/portal\\\/#\\\/schema\\\/person\\\/3dd386a0a960b868c3daed310f5d8d6b\"},\"headline\":\"Inaugura\u00e7\u00e3o Nova Sede do Agrupamento de Escuteiros 1400 da Ab\u00f3boda\",\"datePublished\":\"2023-05-14T16:48:38+00:00\",\"dateModified\":\"2023-05-14T16:48:39+00:00\",\"mainEntityOfPage\":{\"@id\":\"https:\\\/\\\/www.tvportugal.tv\\\/portal\\\/inauguracao-nova-sede-do-agrupamento-de-escuteiros-1400-da-aboboda\\\/\"},\"wordCount\":90,\"image\":{\"@id\":\"https:\\\/\\\/www.tvportugal.tv\\\/portal\\\/inauguracao-nova-sede-do-agrupamento-de-escuteiros-1400-da-aboboda\\\/#primaryimage\"},\"thumbnailUrl\":\"https:\\\/\\\/www.tvportugal.tv\\\/portal\\\/wp-content\\\/uploads\\\/2023\\\/05\\\/Aboboda-.png\",\"keywords\":[\"Carlos Carreiras\",\"Cascais\",\"Estoril\",\"Fernando Ferreira Marques\",\"Inaugura\u00e7\u00f5es\",\"Nuno Piteira Lopes\"],\"articleSection\":[\"Cascais\",\"Comunidade\",\"Cultura\",\"Educa\u00e7\u00e3o\",\"Eventos\",\"Festas\",\"Inaugura\u00e7\u00f5es\",\"Junior\",\"V\u00e1rios\"],\"inLanguage\":\"pt-PT\"},{\"@type\":\"WebPage\",\"@id\":\"https:\\\/\\\/www.tvportugal.tv\\\/portal\\\/inauguracao-nova-sede-do-agrupamento-de-escuteiros-1400-da-aboboda\\\/\",\"url\":\"https:\\\/\\\/www.tvportugal.tv\\\/portal\\\/inauguracao-nova-sede-do-agrupamento-de-escuteiros-1400-da-aboboda\\\/\",\"name\":\"Inaugura\u00e7\u00e3o Nova Sede do Agrupamento de Escuteiros 1400 da Ab\u00f3boda\",\"isPartOf\":{\"@id\":\"https:\\\/\\\/www.tvportugal.tv\\\/portal\\\/#website\"},\"primaryImageOfPage\":{\"@id\":\"https:\\\/\\\/www.tvportugal.tv\\\/portal\\\/inauguracao-nova-sede-do-agrupamento-de-escuteiros-1400-da-aboboda\\\/#primaryimage\"},\"image\":{\"@id\":\"https:\\\/\\\/www.tvportugal.tv\\\/portal\\\/inauguracao-nova-sede-do-agrupamento-de-escuteiros-1400-da-aboboda\\\/#primaryimage\"},\"thumbnailUrl\":\"https:\\\/\\\/www.tvportugal.tv\\\/portal\\\/wp-content\\\/uploads\\\/2023\\\/05\\\/Aboboda-.png\",\"datePublished\":\"2023-05-14T16:48:38+00:00\",\"dateModified\":\"2023-05-14T16:48:39+00:00\",\"author\":{\"@id\":\"https:\\\/\\\/www.tvportugal.tv\\\/portal\\\/#\\\/schema\\\/person\\\/3dd386a0a960b868c3daed310f5d8d6b\"},\"description\":\"Inaugura\u00e7\u00e3o Nova Sede do Agrupamento de Escuteiros 1400 da Ab\u00f3boda, Portugal, Televis\u00e3o, Reportagem, Cascais, Carlos Carreiras\",\"breadcrumb\":{\"@id\":\"https:\\\/\\\/www.tvportugal.tv\\\/portal\\\/inauguracao-nova-sede-do-agrupamento-de-escuteiros-1400-da-aboboda\\\/#breadcrumb\"},\"inLanguage\":\"pt-PT\",\"potentialAction\":[{\"@type\":\"ReadAction\",\"target\":[\"https:\\\/\\\/www.tvportugal.tv\\\/portal\\\/inauguracao-nova-sede-do-agrupamento-de-escuteiros-1400-da-aboboda\\\/\"]}]},{\"@type\":\"ImageObject\",\"inLanguage\":\"pt-PT\",\"@id\":\"https:\\\/\\\/www.tvportugal.tv\\\/portal\\\/inauguracao-nova-sede-do-agrupamento-de-escuteiros-1400-da-aboboda\\\/#primaryimage\",\"url\":\"https:\\\/\\\/www.tvportugal.tv\\\/portal\\\/wp-content\\\/uploads\\\/2023\\\/05\\\/Aboboda-.png\",\"contentUrl\":\"https:\\\/\\\/www.tvportugal.tv\\\/portal\\\/wp-content\\\/uploads\\\/2023\\\/05\\\/Aboboda-.png\",\"width\":800,\"height\":600,\"caption\":\"Alcabideche Foot Escolas 2023 | 1.\u00aa Edi\u00e7\u00e3o, Portugal, Televis\u00e3o, Reportagem, Cascais, Carlos Carreiras, Jos\u00e9 Ribeiro\"},{\"@type\":\"BreadcrumbList\",\"@id\":\"https:\\\/\\\/www.tvportugal.tv\\\/portal\\\/inauguracao-nova-sede-do-agrupamento-de-escuteiros-1400-da-aboboda\\\/#breadcrumb\",\"itemListElement\":[{\"@type\":\"ListItem\",\"position\":1,\"name\":\"In\u00edcio\",\"item\":\"https:\\\/\\\/www.tvportugal.tv\\\/portal\\\/\"},{\"@type\":\"ListItem\",\"position\":2,\"name\":\"Inaugura\u00e7\u00e3o Nova Sede do Agrupamento de Escuteiros 1400 da Ab\u00f3boda\"}]},{\"@type\":\"WebSite\",\"@id\":\"https:\\\/\\\/www.tvportugal.tv\\\/portal\\\/#website\",\"url\":\"https:\\\/\\\/www.tvportugal.tv\\\/portal\\\/\",\"name\":\"TV Portugal - Televis\u00e3o - Cascais - Sintra - Oeiras - Lisboa - Noticias\",\"description\":\"Televis\u00e3o Cascais, Televis\u00e3o Estoril, Tv Web com produ\u00e7\u00e3o pr\u00f3pria da Regi\u00e3o de Lisboa, Televis\u00e3o On-line, Noticias de Cascais, Noticias de Sintra, Noticias de Lisboa, Videos, Reportagen\",\"potentialAction\":[{\"@type\":\"SearchAction\",\"target\":{\"@type\":\"EntryPoint\",\"urlTemplate\":\"https:\\\/\\\/www.tvportugal.tv\\\/portal\\\/?s={search_term_string}\"},\"query-input\":{\"@type\":\"PropertyValueSpecification\",\"valueRequired\":true,\"valueName\":\"search_term_string\"}}],\"inLanguage\":\"pt-PT\"},{\"@type\":\"Person\",\"@id\":\"https:\\\/\\\/www.tvportugal.tv\\\/portal\\\/#\\\/schema\\\/person\\\/3dd386a0a960b868c3daed310f5d8d6b\",\"name\":\"Antonio Assuncao\",\"image\":{\"@type\":\"ImageObject\",\"inLanguage\":\"pt-PT\",\"@id\":\"https:\\\/\\\/secure.gravatar.com\\\/avatar\\\/d8f395a7f86675d6142e7d6ee91f1232e911b4f5ad4a72e064ca4dde2d42881b?s=96&d=mm&r=g\",\"url\":\"https:\\\/\\\/secure.gravatar.com\\\/avatar\\\/d8f395a7f86675d6142e7d6ee91f1232e911b4f5ad4a72e064ca4dde2d42881b?s=96&d=mm&r=g\",\"contentUrl\":\"https:\\\/\\\/secure.gravatar.com\\\/avatar\\\/d8f395a7f86675d6142e7d6ee91f1232e911b4f5ad4a72e064ca4dde2d42881b?s=96&d=mm&r=g\",\"caption\":\"Antonio Assuncao\"},\"sameAs\":[\"http:\\\/\\\/www.tvportugal.tv\\\/\"],\"url\":\"https:\\\/\\\/www.tvportugal.tv\\\/portal\\\/author\\\/antonio-assuncao\\\/\"}]}<\/script>\n<!-- \/ Yoast SEO plugin. -->","yoast_head_json":{"title":"Inaugura\u00e7\u00e3o Nova Sede do Agrupamento de Escuteiros 1400 da Ab\u00f3boda","description":"Inaugura\u00e7\u00e3o Nova Sede do Agrupamento de Escuteiros 1400 da Ab\u00f3boda, Portugal, Televis\u00e3o, Reportagem, Cascais, Carlos Carreiras","robots":{"index":"index","follow":"follow","max-snippet":"max-snippet:-1","max-image-preview":"max-image-preview:large","max-video-preview":"max-video-preview:-1"},"canonical":"https:\/\/www.tvportugal.tv\/portal\/inauguracao-nova-sede-do-agrupamento-de-escuteiros-1400-da-aboboda\/","og_locale":"pt_PT","og_type":"article","og_title":"Inaugura\u00e7\u00e3o Nova Sede do Agrupamento de Escuteiros 1400 da Ab\u00f3boda","og_description":"Inaugura\u00e7\u00e3o Nova Sede do Agrupamento de Escuteiros 1400 da Ab\u00f3boda, Portugal, Televis\u00e3o, Reportagem, Cascais, Carlos Carreiras","og_url":"https:\/\/www.tvportugal.tv\/portal\/inauguracao-nova-sede-do-agrupamento-de-escuteiros-1400-da-aboboda\/","og_site_name":"TV Portugal - Televis\u00e3o - Cascais - Sintra - Oeiras - Lisboa - Noticias","article_published_time":"2023-05-14T16:48:38+00:00","article_modified_time":"2023-05-14T16:48:39+00:00","og_image":[{"width":800,"height":600,"url":"https:\/\/www.tvportugal.tv\/portal\/wp-content\/uploads\/2023\/05\/Aboboda-.png","type":"image\/png"}],"author":"Antonio Assuncao","twitter_card":"summary_large_image","twitter_misc":{"Escrito por":"Antonio Assuncao","Tempo estimado de leitura":"1 minuto"},"schema":{"@context":"https:\/\/schema.org","@graph":[{"@type":"Article","@id":"https:\/\/www.tvportugal.tv\/portal\/inauguracao-nova-sede-do-agrupamento-de-escuteiros-1400-da-aboboda\/#article","isPartOf":{"@id":"https:\/\/www.tvportugal.tv\/portal\/inauguracao-nova-sede-do-agrupamento-de-escuteiros-1400-da-aboboda\/"},"author":{"name":"Antonio Assuncao","@id":"https:\/\/www.tvportugal.tv\/portal\/#\/schema\/person\/3dd386a0a960b868c3daed310f5d8d6b"},"headline":"Inaugura\u00e7\u00e3o Nova Sede do Agrupamento de Escuteiros 1400 da Ab\u00f3boda","datePublished":"2023-05-14T16:48:38+00:00","dateModified":"2023-05-14T16:48:39+00:00","mainEntityOfPage":{"@id":"https:\/\/www.tvportugal.tv\/portal\/inauguracao-nova-sede-do-agrupamento-de-escuteiros-1400-da-aboboda\/"},"wordCount":90,"image":{"@id":"https:\/\/www.tvportugal.tv\/portal\/inauguracao-nova-sede-do-agrupamento-de-escuteiros-1400-da-aboboda\/#primaryimage"},"thumbnailUrl":"https:\/\/www.tvportugal.tv\/portal\/wp-content\/uploads\/2023\/05\/Aboboda-.png","keywords":["Carlos Carreiras","Cascais","Estoril","Fernando Ferreira Marques","Inaugura\u00e7\u00f5es","Nuno Piteira Lopes"],"articleSection":["Cascais","Comunidade","Cultura","Educa\u00e7\u00e3o","Eventos","Festas","Inaugura\u00e7\u00f5es","Junior","V\u00e1rios"],"inLanguage":"pt-PT"},{"@type":"WebPage","@id":"https:\/\/www.tvportugal.tv\/portal\/inauguracao-nova-sede-do-agrupamento-de-escuteiros-1400-da-aboboda\/","url":"https:\/\/www.tvportugal.tv\/portal\/inauguracao-nova-sede-do-agrupamento-de-escuteiros-1400-da-aboboda\/","name":"Inaugura\u00e7\u00e3o Nova Sede do Agrupamento de Escuteiros 1400 da Ab\u00f3boda","isPartOf":{"@id":"https:\/\/www.tvportugal.tv\/portal\/#website"},"primaryImageOfPage":{"@id":"https:\/\/www.tvportugal.tv\/portal\/inauguracao-nova-sede-do-agrupamento-de-escuteiros-1400-da-aboboda\/#primaryimage"},"image":{"@id":"https:\/\/www.tvportugal.tv\/portal\/inauguracao-nova-sede-do-agrupamento-de-escuteiros-1400-da-aboboda\/#primaryimage"},"thumbnailUrl":"https:\/\/www.tvportugal.tv\/portal\/wp-content\/uploads\/2023\/05\/Aboboda-.png","datePublished":"2023-05-14T16:48:38+00:00","dateModified":"2023-05-14T16:48:39+00:00","author":{"@id":"https:\/\/www.tvportugal.tv\/portal\/#\/schema\/person\/3dd386a0a960b868c3daed310f5d8d6b"},"description":"Inaugura\u00e7\u00e3o Nova Sede do Agrupamento de Escuteiros 1400 da Ab\u00f3boda, Portugal, Televis\u00e3o, Reportagem, Cascais, Carlos Carreiras","breadcrumb":{"@id":"https:\/\/www.tvportugal.tv\/portal\/inauguracao-nova-sede-do-agrupamento-de-escuteiros-1400-da-aboboda\/#breadcrumb"},"inLanguage":"pt-PT","potentialAction":[{"@type":"ReadAction","target":["https:\/\/www.tvportugal.tv\/portal\/inauguracao-nova-sede-do-agrupamento-de-escuteiros-1400-da-aboboda\/"]}]},{"@type":"ImageObject","inLanguage":"pt-PT","@id":"https:\/\/www.tvportugal.tv\/portal\/inauguracao-nova-sede-do-agrupamento-de-escuteiros-1400-da-aboboda\/#primaryimage","url":"https:\/\/www.tvportugal.tv\/portal\/wp-content\/uploads\/2023\/05\/Aboboda-.png","contentUrl":"https:\/\/www.tvportugal.tv\/portal\/wp-content\/uploads\/2023\/05\/Aboboda-.png","width":800,"height":600,"caption":"Alcabideche Foot Escolas 2023 | 1.\u00aa Edi\u00e7\u00e3o, Portugal, Televis\u00e3o, Reportagem, Cascais, Carlos Carreiras, Jos\u00e9 Ribeiro"},{"@type":"BreadcrumbList","@id":"https:\/\/www.tvportugal.tv\/portal\/inauguracao-nova-sede-do-agrupamento-de-escuteiros-1400-da-aboboda\/#breadcrumb","itemListElement":[{"@type":"ListItem","position":1,"name":"In\u00edcio","item":"https:\/\/www.tvportugal.tv\/portal\/"},{"@type":"ListItem","position":2,"name":"Inaugura\u00e7\u00e3o Nova Sede do Agrupamento de Escuteiros 1400 da Ab\u00f3boda"}]},{"@type":"WebSite","@id":"https:\/\/www.tvportugal.tv\/portal\/#website","url":"https:\/\/www.tvportugal.tv\/portal\/","name":"TV Portugal - Televis\u00e3o - Cascais - Sintra - Oeiras - Lisboa - Noticias","description":"Televis\u00e3o Cascais, Televis\u00e3o Estoril, Tv Web com produ\u00e7\u00e3o pr\u00f3pria da Regi\u00e3o de Lisboa, Televis\u00e3o On-line, Noticias de Cascais, Noticias de Sintra, Noticias de Lisboa, Videos, Reportagen","potentialAction":[{"@type":"SearchAction","target":{"@type":"EntryPoint","urlTemplate":"https:\/\/www.tvportugal.tv\/portal\/?s={search_term_string}"},"query-input":{"@type":"PropertyValueSpecification","valueRequired":true,"valueName":"search_term_string"}}],"inLanguage":"pt-PT"},{"@type":"Person","@id":"https:\/\/www.tvportugal.tv\/portal\/#\/schema\/person\/3dd386a0a960b868c3daed310f5d8d6b","name":"Antonio Assuncao","image":{"@type":"ImageObject","inLanguage":"pt-PT","@id":"https:\/\/secure.gravatar.com\/avatar\/d8f395a7f86675d6142e7d6ee91f1232e911b4f5ad4a72e064ca4dde2d42881b?s=96&d=mm&r=g","url":"https:\/\/secure.gravatar.com\/avatar\/d8f395a7f86675d6142e7d6ee91f1232e911b4f5ad4a72e064ca4dde2d42881b?s=96&d=mm&r=g","contentUrl":"https:\/\/secure.gravatar.com\/avatar\/d8f395a7f86675d6142e7d6ee91f1232e911b4f5ad4a72e064ca4dde2d42881b?s=96&d=mm&r=g","caption":"Antonio Assuncao"},"sameAs":["http:\/\/www.tvportugal.tv\/"],"url":"https:\/\/www.tvportugal.tv\/portal\/author\/antonio-assuncao\/"}]}},"_links":{"self":[{"href":"https:\/\/www.tvportugal.tv\/portal\/wp-json\/wp\/v2\/posts\/7764","targetHints":{"allow":["GET"]}}],"collection":[{"href":"https:\/\/www.tvportugal.tv\/portal\/wp-json\/wp\/v2\/posts"}],"about":[{"href":"https:\/\/www.tvportugal.tv\/portal\/wp-json\/wp\/v2\/types\/post"}],"author":[{"embeddable":true,"href":"https:\/\/www.tvportugal.tv\/portal\/wp-json\/wp\/v2\/users\/2"}],"replies":[{"embeddable":true,"href":"https:\/\/www.tvportugal.tv\/portal\/wp-json\/wp\/v2\/comments?post=7764"}],"version-history":[{"count":1,"href":"https:\/\/www.tvportugal.tv\/portal\/wp-json\/wp\/v2\/posts\/7764\/revisions"}],"predecessor-version":[{"id":7766,"href":"https:\/\/www.tvportugal.tv\/portal\/wp-json\/wp\/v2\/posts\/7764\/revisions\/7766"}],"wp:featuredmedia":[{"embeddable":true,"href":"https:\/\/www.tvportugal.tv\/portal\/wp-json\/wp\/v2\/media\/7765"}],"wp:attachment":[{"href":"https:\/\/www.tvportugal.tv\/portal\/wp-json\/wp\/v2\/media?parent=7764"}],"wp:term":[{"taxonomy":"category","embeddable":true,"href":"https:\/\/www.tvportugal.tv\/portal\/wp-json\/wp\/v2\/categories?post=7764"},{"taxonomy":"post_tag","embeddable":true,"href":"https:\/\/www.tvportugal.tv\/portal\/wp-json\/wp\/v2\/tags?post=7764"}],"curies":[{"name":"wp","href":"https:\/\/api.w.org\/{rel}","templated":true}]}}