{"id":7676,"date":"2022-12-13T18:47:55","date_gmt":"2022-12-13T18:47:55","guid":{"rendered":"https:\/\/www.tvportugal.tv\/portal\/?p=7676"},"modified":"2022-12-13T18:47:56","modified_gmt":"2022-12-13T18:47:56","slug":"roberto-rambaldini-realiza-exposicao-em-portugal","status":"publish","type":"post","link":"https:\/\/www.tvportugal.tv\/portal\/roberto-rambaldini-realiza-exposicao-em-portugal\/","title":{"rendered":"Roberto Rambaldini, Realiza Exposi\u00e7\u00e3o em Portugal com o Objectivo de Ajudar Fam\u00edlias Desfavorecidas"},"content":{"rendered":"<p>A obra \u201cO Sonho do Marinheiro\u201d, presente na exposi\u00e7\u00e3o, ser\u00e1 leiloada e o total do valor angariado ir\u00e1 reverter a favor da Confer\u00eancia Vicentina de Cascais. O leil\u00e3o silencioso decorrer\u00e1 at\u00e9 \u00e0s 17h00 do dia 16 de dezembro.<br \/>\nA iniciativa benem\u00e9rita conta com o apoio da Junta de Freguesia de Cascais e Estoril.<br \/>\nReportagem, Imagem e Edi\u00e7\u00e3o &#8211; Ant\u00f3nio Assun\u00e7\u00e3o<br \/>\n2022 12 13<br \/>\n<iframe loading=\"lazy\" title=\"Roberto Rambaldini, Realiza Exposi\u00e7\u00e3o em Portugal com o Objectivo de Ajudar Fam\u00edlias Desfavorecidas\" width=\"1200\" height=\"675\" src=\"https:\/\/www.youtube.com\/embed\/pt4SyG5SzLs?feature=oembed\" frameborder=\"0\" allow=\"accelerometer; autoplay; clipboard-write; encrypted-media; gyroscope; picture-in-picture; web-share\" referrerpolicy=\"strict-origin-when-cross-origin\" allowfullscreen><\/iframe><\/p>\n","protected":false},"excerpt":{"rendered":"<p>A obra \u201cO Sonho do Marinheiro\u201d, presente na exposi\u00e7\u00e3o, ser\u00e1 leiloada e o total do valor angariado ir\u00e1 reverter a favor da Confer\u00eancia Vicentina de Cascais. O leil\u00e3o silencioso decorrer\u00e1 at\u00e9 \u00e0s 17h00 do dia 16 de dezembro. A iniciativa benem\u00e9rita conta com o apoio da Junta de Freguesia de<span class=\"excerpt-hellip\"> [\u2026]<\/span><\/p>\n","protected":false},"author":2,"featured_media":7677,"comment_status":"closed","ping_status":"closed","sticky":false,"template":"","format":"standard","meta":{"footnotes":""},"categories":[42,64,120,65,47],"tags":[46,75,141,78,81,76],"class_list":["post-7676","post","type-post","status-publish","format-standard","has-post-thumbnail","hentry","category-cascais","category-cultura","category-educacao","category-eventos","category-inauguracoes","tag-carlos-carreiras","tag-cascais","tag-frederico-pinho-de-almeida","tag-inauguracoes","tag-nuno-piteira-lopes","tag-pedro-morais-soares"],"yoast_head":"<!-- This site is optimized with the Yoast SEO plugin v27.5 - https:\/\/yoast.com\/product\/yoast-seo-wordpress\/ -->\n<title>Roberto Rambaldini, Realiza Exposi\u00e7\u00e3o em Portugal<\/title>\n<meta name=\"description\" content=\"Roberto Rambaldini, Realiza Exposi\u00e7\u00e3o em Portugal, Televis\u00e3o, Portugal, Pedro Morais Soares, Cascais, Carlos Carreiras\" \/>\n<meta name=\"robots\" content=\"index, follow, max-snippet:-1, max-image-preview:large, max-video-preview:-1\" \/>\n<link rel=\"canonical\" href=\"https:\/\/www.tvportugal.tv\/portal\/roberto-rambaldini-realiza-exposicao-em-portugal\/\" \/>\n<meta property=\"og:locale\" content=\"pt_PT\" \/>\n<meta property=\"og:type\" content=\"article\" \/>\n<meta property=\"og:title\" content=\"Roberto Rambaldini, Realiza Exposi\u00e7\u00e3o em Portugal\" \/>\n<meta property=\"og:description\" content=\"Roberto Rambaldini, Realiza Exposi\u00e7\u00e3o em Portugal, Televis\u00e3o, Portugal, Pedro Morais Soares, Cascais, Carlos Carreiras\" \/>\n<meta property=\"og:url\" content=\"https:\/\/www.tvportugal.tv\/portal\/roberto-rambaldini-realiza-exposicao-em-portugal\/\" \/>\n<meta property=\"og:site_name\" content=\"TV Portugal - Televis\u00e3o - Cascais - Sintra - Oeiras - Lisboa - Noticias\" \/>\n<meta property=\"article:published_time\" content=\"2022-12-13T18:47:55+00:00\" \/>\n<meta property=\"article:modified_time\" content=\"2022-12-13T18:47:56+00:00\" \/>\n<meta property=\"og:image\" content=\"https:\/\/www.tvportugal.tv\/portal\/wp-content\/uploads\/2022\/12\/Captura-de-ecra-2022-12-13-as-18.37.09.png\" \/>\n\t<meta property=\"og:image:width\" content=\"800\" \/>\n\t<meta property=\"og:image:height\" content=\"600\" \/>\n\t<meta property=\"og:image:type\" content=\"image\/png\" \/>\n<meta name=\"author\" content=\"Antonio Assuncao\" \/>\n<meta name=\"twitter:card\" content=\"summary_large_image\" \/>\n<meta name=\"twitter:label1\" content=\"Escrito por\" \/>\n\t<meta name=\"twitter:data1\" content=\"Antonio Assuncao\" \/>\n\t<meta name=\"twitter:label2\" content=\"Tempo estimado de leitura\" \/>\n\t<meta name=\"twitter:data2\" content=\"1 minuto\" \/>\n<script type=\"application\/ld+json\" class=\"yoast-schema-graph\">{\"@context\":\"https:\\\/\\\/schema.org\",\"@graph\":[{\"@type\":\"Article\",\"@id\":\"https:\\\/\\\/www.tvportugal.tv\\\/portal\\\/roberto-rambaldini-realiza-exposicao-em-portugal\\\/#article\",\"isPartOf\":{\"@id\":\"https:\\\/\\\/www.tvportugal.tv\\\/portal\\\/roberto-rambaldini-realiza-exposicao-em-portugal\\\/\"},\"author\":{\"name\":\"Antonio Assuncao\",\"@id\":\"https:\\\/\\\/www.tvportugal.tv\\\/portal\\\/#\\\/schema\\\/person\\\/3dd386a0a960b868c3daed310f5d8d6b\"},\"headline\":\"Roberto Rambaldini, Realiza Exposi\u00e7\u00e3o em Portugal com o Objectivo de Ajudar Fam\u00edlias Desfavorecidas\",\"datePublished\":\"2022-12-13T18:47:55+00:00\",\"dateModified\":\"2022-12-13T18:47:56+00:00\",\"mainEntityOfPage\":{\"@id\":\"https:\\\/\\\/www.tvportugal.tv\\\/portal\\\/roberto-rambaldini-realiza-exposicao-em-portugal\\\/\"},\"wordCount\":90,\"image\":{\"@id\":\"https:\\\/\\\/www.tvportugal.tv\\\/portal\\\/roberto-rambaldini-realiza-exposicao-em-portugal\\\/#primaryimage\"},\"thumbnailUrl\":\"https:\\\/\\\/www.tvportugal.tv\\\/portal\\\/wp-content\\\/uploads\\\/2022\\\/12\\\/Captura-de-ecra-2022-12-13-as-18.37.09.png\",\"keywords\":[\"Carlos Carreiras\",\"Cascais\",\"Frederico Pinho de Almeida\",\"Inaugura\u00e7\u00f5es\",\"Nuno Piteira Lopes\",\"Pedro Morais Soares\"],\"articleSection\":[\"Cascais\",\"Cultura\",\"Educa\u00e7\u00e3o\",\"Eventos\",\"Inaugura\u00e7\u00f5es\"],\"inLanguage\":\"pt-PT\"},{\"@type\":\"WebPage\",\"@id\":\"https:\\\/\\\/www.tvportugal.tv\\\/portal\\\/roberto-rambaldini-realiza-exposicao-em-portugal\\\/\",\"url\":\"https:\\\/\\\/www.tvportugal.tv\\\/portal\\\/roberto-rambaldini-realiza-exposicao-em-portugal\\\/\",\"name\":\"Roberto Rambaldini, Realiza Exposi\u00e7\u00e3o em Portugal\",\"isPartOf\":{\"@id\":\"https:\\\/\\\/www.tvportugal.tv\\\/portal\\\/#website\"},\"primaryImageOfPage\":{\"@id\":\"https:\\\/\\\/www.tvportugal.tv\\\/portal\\\/roberto-rambaldini-realiza-exposicao-em-portugal\\\/#primaryimage\"},\"image\":{\"@id\":\"https:\\\/\\\/www.tvportugal.tv\\\/portal\\\/roberto-rambaldini-realiza-exposicao-em-portugal\\\/#primaryimage\"},\"thumbnailUrl\":\"https:\\\/\\\/www.tvportugal.tv\\\/portal\\\/wp-content\\\/uploads\\\/2022\\\/12\\\/Captura-de-ecra-2022-12-13-as-18.37.09.png\",\"datePublished\":\"2022-12-13T18:47:55+00:00\",\"dateModified\":\"2022-12-13T18:47:56+00:00\",\"author\":{\"@id\":\"https:\\\/\\\/www.tvportugal.tv\\\/portal\\\/#\\\/schema\\\/person\\\/3dd386a0a960b868c3daed310f5d8d6b\"},\"description\":\"Roberto Rambaldini, Realiza Exposi\u00e7\u00e3o em Portugal, Televis\u00e3o, Portugal, Pedro Morais Soares, Cascais, Carlos Carreiras\",\"breadcrumb\":{\"@id\":\"https:\\\/\\\/www.tvportugal.tv\\\/portal\\\/roberto-rambaldini-realiza-exposicao-em-portugal\\\/#breadcrumb\"},\"inLanguage\":\"pt-PT\",\"potentialAction\":[{\"@type\":\"ReadAction\",\"target\":[\"https:\\\/\\\/www.tvportugal.tv\\\/portal\\\/roberto-rambaldini-realiza-exposicao-em-portugal\\\/\"]}]},{\"@type\":\"ImageObject\",\"inLanguage\":\"pt-PT\",\"@id\":\"https:\\\/\\\/www.tvportugal.tv\\\/portal\\\/roberto-rambaldini-realiza-exposicao-em-portugal\\\/#primaryimage\",\"url\":\"https:\\\/\\\/www.tvportugal.tv\\\/portal\\\/wp-content\\\/uploads\\\/2022\\\/12\\\/Captura-de-ecra-2022-12-13-as-18.37.09.png\",\"contentUrl\":\"https:\\\/\\\/www.tvportugal.tv\\\/portal\\\/wp-content\\\/uploads\\\/2022\\\/12\\\/Captura-de-ecra-2022-12-13-as-18.37.09.png\",\"width\":800,\"height\":600},{\"@type\":\"BreadcrumbList\",\"@id\":\"https:\\\/\\\/www.tvportugal.tv\\\/portal\\\/roberto-rambaldini-realiza-exposicao-em-portugal\\\/#breadcrumb\",\"itemListElement\":[{\"@type\":\"ListItem\",\"position\":1,\"name\":\"In\u00edcio\",\"item\":\"https:\\\/\\\/www.tvportugal.tv\\\/portal\\\/\"},{\"@type\":\"ListItem\",\"position\":2,\"name\":\"Roberto Rambaldini, Realiza Exposi\u00e7\u00e3o em Portugal com o Objectivo de Ajudar Fam\u00edlias Desfavorecidas\"}]},{\"@type\":\"WebSite\",\"@id\":\"https:\\\/\\\/www.tvportugal.tv\\\/portal\\\/#website\",\"url\":\"https:\\\/\\\/www.tvportugal.tv\\\/portal\\\/\",\"name\":\"TV Portugal - Televis\u00e3o - Cascais - Sintra - Oeiras - Lisboa - Noticias\",\"description\":\"Televis\u00e3o Cascais, Televis\u00e3o Estoril, Tv Web com produ\u00e7\u00e3o pr\u00f3pria da Regi\u00e3o de Lisboa, Televis\u00e3o On-line, Noticias de Cascais, Noticias de Sintra, Noticias de Lisboa, Videos, Reportagen\",\"potentialAction\":[{\"@type\":\"SearchAction\",\"target\":{\"@type\":\"EntryPoint\",\"urlTemplate\":\"https:\\\/\\\/www.tvportugal.tv\\\/portal\\\/?s={search_term_string}\"},\"query-input\":{\"@type\":\"PropertyValueSpecification\",\"valueRequired\":true,\"valueName\":\"search_term_string\"}}],\"inLanguage\":\"pt-PT\"},{\"@type\":\"Person\",\"@id\":\"https:\\\/\\\/www.tvportugal.tv\\\/portal\\\/#\\\/schema\\\/person\\\/3dd386a0a960b868c3daed310f5d8d6b\",\"name\":\"Antonio Assuncao\",\"image\":{\"@type\":\"ImageObject\",\"inLanguage\":\"pt-PT\",\"@id\":\"https:\\\/\\\/secure.gravatar.com\\\/avatar\\\/d8f395a7f86675d6142e7d6ee91f1232e911b4f5ad4a72e064ca4dde2d42881b?s=96&d=mm&r=g\",\"url\":\"https:\\\/\\\/secure.gravatar.com\\\/avatar\\\/d8f395a7f86675d6142e7d6ee91f1232e911b4f5ad4a72e064ca4dde2d42881b?s=96&d=mm&r=g\",\"contentUrl\":\"https:\\\/\\\/secure.gravatar.com\\\/avatar\\\/d8f395a7f86675d6142e7d6ee91f1232e911b4f5ad4a72e064ca4dde2d42881b?s=96&d=mm&r=g\",\"caption\":\"Antonio Assuncao\"},\"sameAs\":[\"http:\\\/\\\/www.tvportugal.tv\\\/\"],\"url\":\"https:\\\/\\\/www.tvportugal.tv\\\/portal\\\/author\\\/antonio-assuncao\\\/\"}]}<\/script>\n<!-- \/ Yoast SEO plugin. -->","yoast_head_json":{"title":"Roberto Rambaldini, Realiza Exposi\u00e7\u00e3o em Portugal","description":"Roberto Rambaldini, Realiza Exposi\u00e7\u00e3o em Portugal, Televis\u00e3o, Portugal, Pedro Morais Soares, Cascais, Carlos Carreiras","robots":{"index":"index","follow":"follow","max-snippet":"max-snippet:-1","max-image-preview":"max-image-preview:large","max-video-preview":"max-video-preview:-1"},"canonical":"https:\/\/www.tvportugal.tv\/portal\/roberto-rambaldini-realiza-exposicao-em-portugal\/","og_locale":"pt_PT","og_type":"article","og_title":"Roberto Rambaldini, Realiza Exposi\u00e7\u00e3o em Portugal","og_description":"Roberto Rambaldini, Realiza Exposi\u00e7\u00e3o em Portugal, Televis\u00e3o, Portugal, Pedro Morais Soares, Cascais, Carlos Carreiras","og_url":"https:\/\/www.tvportugal.tv\/portal\/roberto-rambaldini-realiza-exposicao-em-portugal\/","og_site_name":"TV Portugal - Televis\u00e3o - Cascais - Sintra - Oeiras - Lisboa - Noticias","article_published_time":"2022-12-13T18:47:55+00:00","article_modified_time":"2022-12-13T18:47:56+00:00","og_image":[{"width":800,"height":600,"url":"https:\/\/www.tvportugal.tv\/portal\/wp-content\/uploads\/2022\/12\/Captura-de-ecra-2022-12-13-as-18.37.09.png","type":"image\/png"}],"author":"Antonio Assuncao","twitter_card":"summary_large_image","twitter_misc":{"Escrito por":"Antonio Assuncao","Tempo estimado de leitura":"1 minuto"},"schema":{"@context":"https:\/\/schema.org","@graph":[{"@type":"Article","@id":"https:\/\/www.tvportugal.tv\/portal\/roberto-rambaldini-realiza-exposicao-em-portugal\/#article","isPartOf":{"@id":"https:\/\/www.tvportugal.tv\/portal\/roberto-rambaldini-realiza-exposicao-em-portugal\/"},"author":{"name":"Antonio Assuncao","@id":"https:\/\/www.tvportugal.tv\/portal\/#\/schema\/person\/3dd386a0a960b868c3daed310f5d8d6b"},"headline":"Roberto Rambaldini, Realiza Exposi\u00e7\u00e3o em Portugal com o Objectivo de Ajudar Fam\u00edlias Desfavorecidas","datePublished":"2022-12-13T18:47:55+00:00","dateModified":"2022-12-13T18:47:56+00:00","mainEntityOfPage":{"@id":"https:\/\/www.tvportugal.tv\/portal\/roberto-rambaldini-realiza-exposicao-em-portugal\/"},"wordCount":90,"image":{"@id":"https:\/\/www.tvportugal.tv\/portal\/roberto-rambaldini-realiza-exposicao-em-portugal\/#primaryimage"},"thumbnailUrl":"https:\/\/www.tvportugal.tv\/portal\/wp-content\/uploads\/2022\/12\/Captura-de-ecra-2022-12-13-as-18.37.09.png","keywords":["Carlos Carreiras","Cascais","Frederico Pinho de Almeida","Inaugura\u00e7\u00f5es","Nuno Piteira Lopes","Pedro Morais Soares"],"articleSection":["Cascais","Cultura","Educa\u00e7\u00e3o","Eventos","Inaugura\u00e7\u00f5es"],"inLanguage":"pt-PT"},{"@type":"WebPage","@id":"https:\/\/www.tvportugal.tv\/portal\/roberto-rambaldini-realiza-exposicao-em-portugal\/","url":"https:\/\/www.tvportugal.tv\/portal\/roberto-rambaldini-realiza-exposicao-em-portugal\/","name":"Roberto Rambaldini, Realiza Exposi\u00e7\u00e3o em Portugal","isPartOf":{"@id":"https:\/\/www.tvportugal.tv\/portal\/#website"},"primaryImageOfPage":{"@id":"https:\/\/www.tvportugal.tv\/portal\/roberto-rambaldini-realiza-exposicao-em-portugal\/#primaryimage"},"image":{"@id":"https:\/\/www.tvportugal.tv\/portal\/roberto-rambaldini-realiza-exposicao-em-portugal\/#primaryimage"},"thumbnailUrl":"https:\/\/www.tvportugal.tv\/portal\/wp-content\/uploads\/2022\/12\/Captura-de-ecra-2022-12-13-as-18.37.09.png","datePublished":"2022-12-13T18:47:55+00:00","dateModified":"2022-12-13T18:47:56+00:00","author":{"@id":"https:\/\/www.tvportugal.tv\/portal\/#\/schema\/person\/3dd386a0a960b868c3daed310f5d8d6b"},"description":"Roberto Rambaldini, Realiza Exposi\u00e7\u00e3o em Portugal, Televis\u00e3o, Portugal, Pedro Morais Soares, Cascais, Carlos Carreiras","breadcrumb":{"@id":"https:\/\/www.tvportugal.tv\/portal\/roberto-rambaldini-realiza-exposicao-em-portugal\/#breadcrumb"},"inLanguage":"pt-PT","potentialAction":[{"@type":"ReadAction","target":["https:\/\/www.tvportugal.tv\/portal\/roberto-rambaldini-realiza-exposicao-em-portugal\/"]}]},{"@type":"ImageObject","inLanguage":"pt-PT","@id":"https:\/\/www.tvportugal.tv\/portal\/roberto-rambaldini-realiza-exposicao-em-portugal\/#primaryimage","url":"https:\/\/www.tvportugal.tv\/portal\/wp-content\/uploads\/2022\/12\/Captura-de-ecra-2022-12-13-as-18.37.09.png","contentUrl":"https:\/\/www.tvportugal.tv\/portal\/wp-content\/uploads\/2022\/12\/Captura-de-ecra-2022-12-13-as-18.37.09.png","width":800,"height":600},{"@type":"BreadcrumbList","@id":"https:\/\/www.tvportugal.tv\/portal\/roberto-rambaldini-realiza-exposicao-em-portugal\/#breadcrumb","itemListElement":[{"@type":"ListItem","position":1,"name":"In\u00edcio","item":"https:\/\/www.tvportugal.tv\/portal\/"},{"@type":"ListItem","position":2,"name":"Roberto Rambaldini, Realiza Exposi\u00e7\u00e3o em Portugal com o Objectivo de Ajudar Fam\u00edlias Desfavorecidas"}]},{"@type":"WebSite","@id":"https:\/\/www.tvportugal.tv\/portal\/#website","url":"https:\/\/www.tvportugal.tv\/portal\/","name":"TV Portugal - Televis\u00e3o - Cascais - Sintra - Oeiras - Lisboa - Noticias","description":"Televis\u00e3o Cascais, Televis\u00e3o Estoril, Tv Web com produ\u00e7\u00e3o pr\u00f3pria da Regi\u00e3o de Lisboa, Televis\u00e3o On-line, Noticias de Cascais, Noticias de Sintra, Noticias de Lisboa, Videos, Reportagen","potentialAction":[{"@type":"SearchAction","target":{"@type":"EntryPoint","urlTemplate":"https:\/\/www.tvportugal.tv\/portal\/?s={search_term_string}"},"query-input":{"@type":"PropertyValueSpecification","valueRequired":true,"valueName":"search_term_string"}}],"inLanguage":"pt-PT"},{"@type":"Person","@id":"https:\/\/www.tvportugal.tv\/portal\/#\/schema\/person\/3dd386a0a960b868c3daed310f5d8d6b","name":"Antonio Assuncao","image":{"@type":"ImageObject","inLanguage":"pt-PT","@id":"https:\/\/secure.gravatar.com\/avatar\/d8f395a7f86675d6142e7d6ee91f1232e911b4f5ad4a72e064ca4dde2d42881b?s=96&d=mm&r=g","url":"https:\/\/secure.gravatar.com\/avatar\/d8f395a7f86675d6142e7d6ee91f1232e911b4f5ad4a72e064ca4dde2d42881b?s=96&d=mm&r=g","contentUrl":"https:\/\/secure.gravatar.com\/avatar\/d8f395a7f86675d6142e7d6ee91f1232e911b4f5ad4a72e064ca4dde2d42881b?s=96&d=mm&r=g","caption":"Antonio Assuncao"},"sameAs":["http:\/\/www.tvportugal.tv\/"],"url":"https:\/\/www.tvportugal.tv\/portal\/author\/antonio-assuncao\/"}]}},"_links":{"self":[{"href":"https:\/\/www.tvportugal.tv\/portal\/wp-json\/wp\/v2\/posts\/7676","targetHints":{"allow":["GET"]}}],"collection":[{"href":"https:\/\/www.tvportugal.tv\/portal\/wp-json\/wp\/v2\/posts"}],"about":[{"href":"https:\/\/www.tvportugal.tv\/portal\/wp-json\/wp\/v2\/types\/post"}],"author":[{"embeddable":true,"href":"https:\/\/www.tvportugal.tv\/portal\/wp-json\/wp\/v2\/users\/2"}],"replies":[{"embeddable":true,"href":"https:\/\/www.tvportugal.tv\/portal\/wp-json\/wp\/v2\/comments?post=7676"}],"version-history":[{"count":1,"href":"https:\/\/www.tvportugal.tv\/portal\/wp-json\/wp\/v2\/posts\/7676\/revisions"}],"predecessor-version":[{"id":7678,"href":"https:\/\/www.tvportugal.tv\/portal\/wp-json\/wp\/v2\/posts\/7676\/revisions\/7678"}],"wp:featuredmedia":[{"embeddable":true,"href":"https:\/\/www.tvportugal.tv\/portal\/wp-json\/wp\/v2\/media\/7677"}],"wp:attachment":[{"href":"https:\/\/www.tvportugal.tv\/portal\/wp-json\/wp\/v2\/media?parent=7676"}],"wp:term":[{"taxonomy":"category","embeddable":true,"href":"https:\/\/www.tvportugal.tv\/portal\/wp-json\/wp\/v2\/categories?post=7676"},{"taxonomy":"post_tag","embeddable":true,"href":"https:\/\/www.tvportugal.tv\/portal\/wp-json\/wp\/v2\/tags?post=7676"}],"curies":[{"name":"wp","href":"https:\/\/api.w.org\/{rel}","templated":true}]}}