{"id":7572,"date":"2022-07-09T16:40:14","date_gmt":"2022-07-09T16:40:14","guid":{"rendered":"https:\/\/www.tvportugal.tv\/portal\/?p=7572"},"modified":"2022-07-16T14:56:50","modified_gmt":"2022-07-16T14:56:50","slug":"abertura-da-fiartil-feira-de-artesanato-do-estoril-57-a-edicao","status":"publish","type":"post","link":"https:\/\/www.tvportugal.tv\/portal\/abertura-da-fiartil-feira-de-artesanato-do-estoril-57-a-edicao\/","title":{"rendered":"Abertura da FIARTIL | Feira de Artesanato do Estoril | 57.\u00aa Edi\u00e7\u00e3o"},"content":{"rendered":"<p>&#8220;\u00c9 a 57.\u00aa edi\u00e7\u00e3o e ap\u00f3s dois anos pand\u00e9micos que n\u00e3o foi poss\u00edvel de organizar esta Feira, que \u00e9 a Feira mais antiga de artesanato de Portugal. (&#8230;), s\u00e3o 66 dias de muita anima\u00e7\u00e3o onde todos os Cascalenses e todos aqueles que nos visitam ter\u00e3o a oportunidade aqui de encontrar um espa\u00e7o de gastronomia, de artesanato e acima de tudo muita anima\u00e7\u00e3o.&#8221; Frederico Nunes, DNA Cascais.<br \/>\nReportagem, Imagem e Edi\u00e7\u00e3o &#8211; Ant\u00f3nio Assun\u00e7\u00e3o<br \/>\n2022 07 09<br \/>\n<iframe loading=\"lazy\" title=\"Abertura da FIARTIL | Feira de Artesanato do Estoril | 57.\u00aa Edi\u00e7\u00e3o\" width=\"1200\" height=\"675\" src=\"https:\/\/www.youtube.com\/embed\/i1rY0ixf4dw?list=PLkn78qEP4et9U8TJlWUZf71WIDX06LP-X\" frameborder=\"0\" allow=\"accelerometer; autoplay; clipboard-write; encrypted-media; gyroscope; picture-in-picture; web-share\" referrerpolicy=\"strict-origin-when-cross-origin\" allowfullscreen><\/iframe><\/p>\n","protected":false},"excerpt":{"rendered":"<p>&#8220;\u00c9 a 57.\u00aa edi\u00e7\u00e3o e ap\u00f3s dois anos pand\u00e9micos que n\u00e3o foi poss\u00edvel de organizar esta Feira, que \u00e9 a Feira mais antiga de artesanato de Portugal. (&#8230;), s\u00e3o 66 dias de muita anima\u00e7\u00e3o onde todos os Cascalenses e todos aqueles que nos visitam ter\u00e3o a oportunidade aqui de encontrar<span class=\"excerpt-hellip\"> [\u2026]<\/span><\/p>\n","protected":false},"author":2,"featured_media":7573,"comment_status":"closed","ping_status":"closed","sticky":false,"template":"","format":"standard","meta":{"footnotes":""},"categories":[42,64,190,65,47,178],"tags":[46,75,78,193,196,81,76,222],"class_list":["post-7572","post","type-post","status-publish","format-standard","has-post-thumbnail","hentry","category-cascais","category-cultura","category-espectaculo","category-eventos","category-inauguracoes","category-varios","tag-carlos-carreiras","tag-cascais","tag-inauguracoes","tag-jose-filipe-ribeiro","tag-nuno-alves","tag-nuno-piteira-lopes","tag-pedro-morais-soares","tag-pedro-nunes"],"yoast_head":"<!-- This site is optimized with the Yoast SEO plugin v27.5 - https:\/\/yoast.com\/product\/yoast-seo-wordpress\/ -->\n<title>Abertura da FIARTIL | Feira de Artesanato do Estoril | 57.\u00aa Edi\u00e7\u00e3o<\/title>\n<meta name=\"description\" content=\"Abertura da FIARTIL, Feira de Artesanato do Estoril, 57.\u00aa Edi\u00e7\u00e3o, Cascais, Televis\u00e3o, Portugal, Reportagem, Frederico Nunes\" \/>\n<meta name=\"robots\" content=\"index, follow, max-snippet:-1, max-image-preview:large, max-video-preview:-1\" \/>\n<link rel=\"canonical\" href=\"https:\/\/www.tvportugal.tv\/portal\/abertura-da-fiartil-feira-de-artesanato-do-estoril-57-a-edicao\/\" \/>\n<meta property=\"og:locale\" content=\"pt_PT\" \/>\n<meta property=\"og:type\" content=\"article\" \/>\n<meta property=\"og:title\" content=\"Abertura da FIARTIL | Feira de Artesanato do Estoril | 57.\u00aa Edi\u00e7\u00e3o\" \/>\n<meta property=\"og:description\" content=\"Abertura da FIARTIL, Feira de Artesanato do Estoril, 57.\u00aa Edi\u00e7\u00e3o, Cascais, Televis\u00e3o, Portugal, Reportagem, Frederico Nunes\" \/>\n<meta property=\"og:url\" content=\"https:\/\/www.tvportugal.tv\/portal\/abertura-da-fiartil-feira-de-artesanato-do-estoril-57-a-edicao\/\" \/>\n<meta property=\"og:site_name\" content=\"TV Portugal - Televis\u00e3o - Cascais - Sintra - Oeiras - Lisboa - Noticias\" \/>\n<meta property=\"article:published_time\" content=\"2022-07-09T16:40:14+00:00\" \/>\n<meta property=\"article:modified_time\" content=\"2022-07-16T14:56:50+00:00\" \/>\n<meta property=\"og:image\" content=\"https:\/\/www.tvportugal.tv\/portal\/wp-content\/uploads\/2022\/07\/Captura-de-ecra-2022-07-09-as-17.30.35.png\" \/>\n\t<meta property=\"og:image:width\" content=\"800\" \/>\n\t<meta property=\"og:image:height\" content=\"600\" \/>\n\t<meta property=\"og:image:type\" content=\"image\/png\" \/>\n<meta name=\"author\" content=\"Antonio Assuncao\" \/>\n<meta name=\"twitter:card\" content=\"summary_large_image\" \/>\n<meta name=\"twitter:label1\" content=\"Escrito por\" \/>\n\t<meta name=\"twitter:data1\" content=\"Antonio Assuncao\" \/>\n\t<meta name=\"twitter:label2\" content=\"Tempo estimado de leitura\" \/>\n\t<meta name=\"twitter:data2\" content=\"1 minuto\" \/>\n<script type=\"application\/ld+json\" class=\"yoast-schema-graph\">{\"@context\":\"https:\\\/\\\/schema.org\",\"@graph\":[{\"@type\":\"Article\",\"@id\":\"https:\\\/\\\/www.tvportugal.tv\\\/portal\\\/abertura-da-fiartil-feira-de-artesanato-do-estoril-57-a-edicao\\\/#article\",\"isPartOf\":{\"@id\":\"https:\\\/\\\/www.tvportugal.tv\\\/portal\\\/abertura-da-fiartil-feira-de-artesanato-do-estoril-57-a-edicao\\\/\"},\"author\":{\"name\":\"Antonio Assuncao\",\"@id\":\"https:\\\/\\\/www.tvportugal.tv\\\/portal\\\/#\\\/schema\\\/person\\\/3dd386a0a960b868c3daed310f5d8d6b\"},\"headline\":\"Abertura da FIARTIL | Feira de Artesanato do Estoril | 57.\u00aa Edi\u00e7\u00e3o\",\"datePublished\":\"2022-07-09T16:40:14+00:00\",\"dateModified\":\"2022-07-16T14:56:50+00:00\",\"mainEntityOfPage\":{\"@id\":\"https:\\\/\\\/www.tvportugal.tv\\\/portal\\\/abertura-da-fiartil-feira-de-artesanato-do-estoril-57-a-edicao\\\/\"},\"wordCount\":112,\"image\":{\"@id\":\"https:\\\/\\\/www.tvportugal.tv\\\/portal\\\/abertura-da-fiartil-feira-de-artesanato-do-estoril-57-a-edicao\\\/#primaryimage\"},\"thumbnailUrl\":\"https:\\\/\\\/www.tvportugal.tv\\\/portal\\\/wp-content\\\/uploads\\\/2022\\\/07\\\/Captura-de-ecra-2022-07-09-as-17.30.35.png\",\"keywords\":[\"Carlos Carreiras\",\"Cascais\",\"Inaugura\u00e7\u00f5es\",\"Jos\u00e9 Filipe Ribeiro\",\"Nuno Alves\",\"Nuno Piteira Lopes\",\"Pedro Morais Soares\",\"Pedro Nunes\"],\"articleSection\":[\"Cascais\",\"Cultura\",\"Espect\u00e1culo\",\"Eventos\",\"Inaugura\u00e7\u00f5es\",\"V\u00e1rios\"],\"inLanguage\":\"pt-PT\"},{\"@type\":\"WebPage\",\"@id\":\"https:\\\/\\\/www.tvportugal.tv\\\/portal\\\/abertura-da-fiartil-feira-de-artesanato-do-estoril-57-a-edicao\\\/\",\"url\":\"https:\\\/\\\/www.tvportugal.tv\\\/portal\\\/abertura-da-fiartil-feira-de-artesanato-do-estoril-57-a-edicao\\\/\",\"name\":\"Abertura da FIARTIL | Feira de Artesanato do Estoril | 57.\u00aa Edi\u00e7\u00e3o\",\"isPartOf\":{\"@id\":\"https:\\\/\\\/www.tvportugal.tv\\\/portal\\\/#website\"},\"primaryImageOfPage\":{\"@id\":\"https:\\\/\\\/www.tvportugal.tv\\\/portal\\\/abertura-da-fiartil-feira-de-artesanato-do-estoril-57-a-edicao\\\/#primaryimage\"},\"image\":{\"@id\":\"https:\\\/\\\/www.tvportugal.tv\\\/portal\\\/abertura-da-fiartil-feira-de-artesanato-do-estoril-57-a-edicao\\\/#primaryimage\"},\"thumbnailUrl\":\"https:\\\/\\\/www.tvportugal.tv\\\/portal\\\/wp-content\\\/uploads\\\/2022\\\/07\\\/Captura-de-ecra-2022-07-09-as-17.30.35.png\",\"datePublished\":\"2022-07-09T16:40:14+00:00\",\"dateModified\":\"2022-07-16T14:56:50+00:00\",\"author\":{\"@id\":\"https:\\\/\\\/www.tvportugal.tv\\\/portal\\\/#\\\/schema\\\/person\\\/3dd386a0a960b868c3daed310f5d8d6b\"},\"description\":\"Abertura da FIARTIL, Feira de Artesanato do Estoril, 57.\u00aa Edi\u00e7\u00e3o, Cascais, Televis\u00e3o, Portugal, Reportagem, Frederico Nunes\",\"breadcrumb\":{\"@id\":\"https:\\\/\\\/www.tvportugal.tv\\\/portal\\\/abertura-da-fiartil-feira-de-artesanato-do-estoril-57-a-edicao\\\/#breadcrumb\"},\"inLanguage\":\"pt-PT\",\"potentialAction\":[{\"@type\":\"ReadAction\",\"target\":[\"https:\\\/\\\/www.tvportugal.tv\\\/portal\\\/abertura-da-fiartil-feira-de-artesanato-do-estoril-57-a-edicao\\\/\"]}]},{\"@type\":\"ImageObject\",\"inLanguage\":\"pt-PT\",\"@id\":\"https:\\\/\\\/www.tvportugal.tv\\\/portal\\\/abertura-da-fiartil-feira-de-artesanato-do-estoril-57-a-edicao\\\/#primaryimage\",\"url\":\"https:\\\/\\\/www.tvportugal.tv\\\/portal\\\/wp-content\\\/uploads\\\/2022\\\/07\\\/Captura-de-ecra-2022-07-09-as-17.30.35.png\",\"contentUrl\":\"https:\\\/\\\/www.tvportugal.tv\\\/portal\\\/wp-content\\\/uploads\\\/2022\\\/07\\\/Captura-de-ecra-2022-07-09-as-17.30.35.png\",\"width\":800,\"height\":600,\"caption\":\"Regresso das Festas do Mar | 25 a 28 de Agosto | 1 a 4 de Setembro, Cascais, Televis\u00e3o, Portugal, Reportagem, Bernardo Correa de Barros\"},{\"@type\":\"BreadcrumbList\",\"@id\":\"https:\\\/\\\/www.tvportugal.tv\\\/portal\\\/abertura-da-fiartil-feira-de-artesanato-do-estoril-57-a-edicao\\\/#breadcrumb\",\"itemListElement\":[{\"@type\":\"ListItem\",\"position\":1,\"name\":\"In\u00edcio\",\"item\":\"https:\\\/\\\/www.tvportugal.tv\\\/portal\\\/\"},{\"@type\":\"ListItem\",\"position\":2,\"name\":\"Abertura da FIARTIL | Feira de Artesanato do Estoril | 57.\u00aa Edi\u00e7\u00e3o\"}]},{\"@type\":\"WebSite\",\"@id\":\"https:\\\/\\\/www.tvportugal.tv\\\/portal\\\/#website\",\"url\":\"https:\\\/\\\/www.tvportugal.tv\\\/portal\\\/\",\"name\":\"TV Portugal - Televis\u00e3o - Cascais - Sintra - Oeiras - Lisboa - Noticias\",\"description\":\"Televis\u00e3o Cascais, Televis\u00e3o Estoril, Tv Web com produ\u00e7\u00e3o pr\u00f3pria da Regi\u00e3o de Lisboa, Televis\u00e3o On-line, Noticias de Cascais, Noticias de Sintra, Noticias de Lisboa, Videos, Reportagen\",\"potentialAction\":[{\"@type\":\"SearchAction\",\"target\":{\"@type\":\"EntryPoint\",\"urlTemplate\":\"https:\\\/\\\/www.tvportugal.tv\\\/portal\\\/?s={search_term_string}\"},\"query-input\":{\"@type\":\"PropertyValueSpecification\",\"valueRequired\":true,\"valueName\":\"search_term_string\"}}],\"inLanguage\":\"pt-PT\"},{\"@type\":\"Person\",\"@id\":\"https:\\\/\\\/www.tvportugal.tv\\\/portal\\\/#\\\/schema\\\/person\\\/3dd386a0a960b868c3daed310f5d8d6b\",\"name\":\"Antonio Assuncao\",\"image\":{\"@type\":\"ImageObject\",\"inLanguage\":\"pt-PT\",\"@id\":\"https:\\\/\\\/secure.gravatar.com\\\/avatar\\\/d8f395a7f86675d6142e7d6ee91f1232e911b4f5ad4a72e064ca4dde2d42881b?s=96&d=mm&r=g\",\"url\":\"https:\\\/\\\/secure.gravatar.com\\\/avatar\\\/d8f395a7f86675d6142e7d6ee91f1232e911b4f5ad4a72e064ca4dde2d42881b?s=96&d=mm&r=g\",\"contentUrl\":\"https:\\\/\\\/secure.gravatar.com\\\/avatar\\\/d8f395a7f86675d6142e7d6ee91f1232e911b4f5ad4a72e064ca4dde2d42881b?s=96&d=mm&r=g\",\"caption\":\"Antonio Assuncao\"},\"sameAs\":[\"http:\\\/\\\/www.tvportugal.tv\\\/\"],\"url\":\"https:\\\/\\\/www.tvportugal.tv\\\/portal\\\/author\\\/antonio-assuncao\\\/\"}]}<\/script>\n<!-- \/ Yoast SEO plugin. -->","yoast_head_json":{"title":"Abertura da FIARTIL | Feira de Artesanato do Estoril | 57.\u00aa Edi\u00e7\u00e3o","description":"Abertura da FIARTIL, Feira de Artesanato do Estoril, 57.\u00aa Edi\u00e7\u00e3o, Cascais, Televis\u00e3o, Portugal, Reportagem, Frederico Nunes","robots":{"index":"index","follow":"follow","max-snippet":"max-snippet:-1","max-image-preview":"max-image-preview:large","max-video-preview":"max-video-preview:-1"},"canonical":"https:\/\/www.tvportugal.tv\/portal\/abertura-da-fiartil-feira-de-artesanato-do-estoril-57-a-edicao\/","og_locale":"pt_PT","og_type":"article","og_title":"Abertura da FIARTIL | Feira de Artesanato do Estoril | 57.\u00aa Edi\u00e7\u00e3o","og_description":"Abertura da FIARTIL, Feira de Artesanato do Estoril, 57.\u00aa Edi\u00e7\u00e3o, Cascais, Televis\u00e3o, Portugal, Reportagem, Frederico Nunes","og_url":"https:\/\/www.tvportugal.tv\/portal\/abertura-da-fiartil-feira-de-artesanato-do-estoril-57-a-edicao\/","og_site_name":"TV Portugal - Televis\u00e3o - Cascais - Sintra - Oeiras - Lisboa - Noticias","article_published_time":"2022-07-09T16:40:14+00:00","article_modified_time":"2022-07-16T14:56:50+00:00","og_image":[{"width":800,"height":600,"url":"https:\/\/www.tvportugal.tv\/portal\/wp-content\/uploads\/2022\/07\/Captura-de-ecra-2022-07-09-as-17.30.35.png","type":"image\/png"}],"author":"Antonio Assuncao","twitter_card":"summary_large_image","twitter_misc":{"Escrito por":"Antonio Assuncao","Tempo estimado de leitura":"1 minuto"},"schema":{"@context":"https:\/\/schema.org","@graph":[{"@type":"Article","@id":"https:\/\/www.tvportugal.tv\/portal\/abertura-da-fiartil-feira-de-artesanato-do-estoril-57-a-edicao\/#article","isPartOf":{"@id":"https:\/\/www.tvportugal.tv\/portal\/abertura-da-fiartil-feira-de-artesanato-do-estoril-57-a-edicao\/"},"author":{"name":"Antonio Assuncao","@id":"https:\/\/www.tvportugal.tv\/portal\/#\/schema\/person\/3dd386a0a960b868c3daed310f5d8d6b"},"headline":"Abertura da FIARTIL | Feira de Artesanato do Estoril | 57.\u00aa Edi\u00e7\u00e3o","datePublished":"2022-07-09T16:40:14+00:00","dateModified":"2022-07-16T14:56:50+00:00","mainEntityOfPage":{"@id":"https:\/\/www.tvportugal.tv\/portal\/abertura-da-fiartil-feira-de-artesanato-do-estoril-57-a-edicao\/"},"wordCount":112,"image":{"@id":"https:\/\/www.tvportugal.tv\/portal\/abertura-da-fiartil-feira-de-artesanato-do-estoril-57-a-edicao\/#primaryimage"},"thumbnailUrl":"https:\/\/www.tvportugal.tv\/portal\/wp-content\/uploads\/2022\/07\/Captura-de-ecra-2022-07-09-as-17.30.35.png","keywords":["Carlos Carreiras","Cascais","Inaugura\u00e7\u00f5es","Jos\u00e9 Filipe Ribeiro","Nuno Alves","Nuno Piteira Lopes","Pedro Morais Soares","Pedro Nunes"],"articleSection":["Cascais","Cultura","Espect\u00e1culo","Eventos","Inaugura\u00e7\u00f5es","V\u00e1rios"],"inLanguage":"pt-PT"},{"@type":"WebPage","@id":"https:\/\/www.tvportugal.tv\/portal\/abertura-da-fiartil-feira-de-artesanato-do-estoril-57-a-edicao\/","url":"https:\/\/www.tvportugal.tv\/portal\/abertura-da-fiartil-feira-de-artesanato-do-estoril-57-a-edicao\/","name":"Abertura da FIARTIL | Feira de Artesanato do Estoril | 57.\u00aa Edi\u00e7\u00e3o","isPartOf":{"@id":"https:\/\/www.tvportugal.tv\/portal\/#website"},"primaryImageOfPage":{"@id":"https:\/\/www.tvportugal.tv\/portal\/abertura-da-fiartil-feira-de-artesanato-do-estoril-57-a-edicao\/#primaryimage"},"image":{"@id":"https:\/\/www.tvportugal.tv\/portal\/abertura-da-fiartil-feira-de-artesanato-do-estoril-57-a-edicao\/#primaryimage"},"thumbnailUrl":"https:\/\/www.tvportugal.tv\/portal\/wp-content\/uploads\/2022\/07\/Captura-de-ecra-2022-07-09-as-17.30.35.png","datePublished":"2022-07-09T16:40:14+00:00","dateModified":"2022-07-16T14:56:50+00:00","author":{"@id":"https:\/\/www.tvportugal.tv\/portal\/#\/schema\/person\/3dd386a0a960b868c3daed310f5d8d6b"},"description":"Abertura da FIARTIL, Feira de Artesanato do Estoril, 57.\u00aa Edi\u00e7\u00e3o, Cascais, Televis\u00e3o, Portugal, Reportagem, Frederico Nunes","breadcrumb":{"@id":"https:\/\/www.tvportugal.tv\/portal\/abertura-da-fiartil-feira-de-artesanato-do-estoril-57-a-edicao\/#breadcrumb"},"inLanguage":"pt-PT","potentialAction":[{"@type":"ReadAction","target":["https:\/\/www.tvportugal.tv\/portal\/abertura-da-fiartil-feira-de-artesanato-do-estoril-57-a-edicao\/"]}]},{"@type":"ImageObject","inLanguage":"pt-PT","@id":"https:\/\/www.tvportugal.tv\/portal\/abertura-da-fiartil-feira-de-artesanato-do-estoril-57-a-edicao\/#primaryimage","url":"https:\/\/www.tvportugal.tv\/portal\/wp-content\/uploads\/2022\/07\/Captura-de-ecra-2022-07-09-as-17.30.35.png","contentUrl":"https:\/\/www.tvportugal.tv\/portal\/wp-content\/uploads\/2022\/07\/Captura-de-ecra-2022-07-09-as-17.30.35.png","width":800,"height":600,"caption":"Regresso das Festas do Mar | 25 a 28 de Agosto | 1 a 4 de Setembro, Cascais, Televis\u00e3o, Portugal, Reportagem, Bernardo Correa de Barros"},{"@type":"BreadcrumbList","@id":"https:\/\/www.tvportugal.tv\/portal\/abertura-da-fiartil-feira-de-artesanato-do-estoril-57-a-edicao\/#breadcrumb","itemListElement":[{"@type":"ListItem","position":1,"name":"In\u00edcio","item":"https:\/\/www.tvportugal.tv\/portal\/"},{"@type":"ListItem","position":2,"name":"Abertura da FIARTIL | Feira de Artesanato do Estoril | 57.\u00aa Edi\u00e7\u00e3o"}]},{"@type":"WebSite","@id":"https:\/\/www.tvportugal.tv\/portal\/#website","url":"https:\/\/www.tvportugal.tv\/portal\/","name":"TV Portugal - Televis\u00e3o - Cascais - Sintra - Oeiras - Lisboa - Noticias","description":"Televis\u00e3o Cascais, Televis\u00e3o Estoril, Tv Web com produ\u00e7\u00e3o pr\u00f3pria da Regi\u00e3o de Lisboa, Televis\u00e3o On-line, Noticias de Cascais, Noticias de Sintra, Noticias de Lisboa, Videos, Reportagen","potentialAction":[{"@type":"SearchAction","target":{"@type":"EntryPoint","urlTemplate":"https:\/\/www.tvportugal.tv\/portal\/?s={search_term_string}"},"query-input":{"@type":"PropertyValueSpecification","valueRequired":true,"valueName":"search_term_string"}}],"inLanguage":"pt-PT"},{"@type":"Person","@id":"https:\/\/www.tvportugal.tv\/portal\/#\/schema\/person\/3dd386a0a960b868c3daed310f5d8d6b","name":"Antonio Assuncao","image":{"@type":"ImageObject","inLanguage":"pt-PT","@id":"https:\/\/secure.gravatar.com\/avatar\/d8f395a7f86675d6142e7d6ee91f1232e911b4f5ad4a72e064ca4dde2d42881b?s=96&d=mm&r=g","url":"https:\/\/secure.gravatar.com\/avatar\/d8f395a7f86675d6142e7d6ee91f1232e911b4f5ad4a72e064ca4dde2d42881b?s=96&d=mm&r=g","contentUrl":"https:\/\/secure.gravatar.com\/avatar\/d8f395a7f86675d6142e7d6ee91f1232e911b4f5ad4a72e064ca4dde2d42881b?s=96&d=mm&r=g","caption":"Antonio Assuncao"},"sameAs":["http:\/\/www.tvportugal.tv\/"],"url":"https:\/\/www.tvportugal.tv\/portal\/author\/antonio-assuncao\/"}]}},"_links":{"self":[{"href":"https:\/\/www.tvportugal.tv\/portal\/wp-json\/wp\/v2\/posts\/7572","targetHints":{"allow":["GET"]}}],"collection":[{"href":"https:\/\/www.tvportugal.tv\/portal\/wp-json\/wp\/v2\/posts"}],"about":[{"href":"https:\/\/www.tvportugal.tv\/portal\/wp-json\/wp\/v2\/types\/post"}],"author":[{"embeddable":true,"href":"https:\/\/www.tvportugal.tv\/portal\/wp-json\/wp\/v2\/users\/2"}],"replies":[{"embeddable":true,"href":"https:\/\/www.tvportugal.tv\/portal\/wp-json\/wp\/v2\/comments?post=7572"}],"version-history":[{"count":4,"href":"https:\/\/www.tvportugal.tv\/portal\/wp-json\/wp\/v2\/posts\/7572\/revisions"}],"predecessor-version":[{"id":7587,"href":"https:\/\/www.tvportugal.tv\/portal\/wp-json\/wp\/v2\/posts\/7572\/revisions\/7587"}],"wp:featuredmedia":[{"embeddable":true,"href":"https:\/\/www.tvportugal.tv\/portal\/wp-json\/wp\/v2\/media\/7573"}],"wp:attachment":[{"href":"https:\/\/www.tvportugal.tv\/portal\/wp-json\/wp\/v2\/media?parent=7572"}],"wp:term":[{"taxonomy":"category","embeddable":true,"href":"https:\/\/www.tvportugal.tv\/portal\/wp-json\/wp\/v2\/categories?post=7572"},{"taxonomy":"post_tag","embeddable":true,"href":"https:\/\/www.tvportugal.tv\/portal\/wp-json\/wp\/v2\/tags?post=7572"}],"curies":[{"name":"wp","href":"https:\/\/api.w.org\/{rel}","templated":true}]}}