{"id":7395,"date":"2021-11-03T22:25:35","date_gmt":"2021-11-03T22:25:35","guid":{"rendered":"https:\/\/www.tvportugal.tv\/portal\/?p=7395"},"modified":"2021-11-03T22:25:37","modified_gmt":"2021-11-03T22:25:37","slug":"bairro-feliz-pingo-doce-alto-da-castelhana-alcabideche","status":"publish","type":"post","link":"https:\/\/www.tvportugal.tv\/portal\/bairro-feliz-pingo-doce-alto-da-castelhana-alcabideche\/","title":{"rendered":"Bairro Feliz | Pingo Doce | Alto da Castelhana Alcabideche"},"content":{"rendered":"<p>&#8220;Uma iniciativa excelente do Pingo Doce que nos convidou a n\u00f3s AMUOC para participarmos, n\u00f3s com muito gosto participamos. T\u00ednhamos um projecto que j\u00e1 t\u00ednhamos vindo a desenvolver que era os Kits escolares, aproveitamos e concorremos a esta iniciativa com esse projecto. (&#8230;), tudo isto com o apoio da Junta de Freguesia de Alcabideche.&#8221; Lu\u00eds Guerreiro, AMUOC _ Associa\u00e7\u00e3o de Moradores do Alto da Castelhana do Outeiro dos Cucos.<br \/>\nReportagem, Imagem e Edi\u00e7\u00e3o &#8211; Ant\u00f3nio Assun\u00e7\u00e3o<br \/>\n2021 11 03<br \/>\n<iframe loading=\"lazy\" title=\"Bairro Feliz | Pingo Doce | Alto da Castelhana Alcabideche.\" width=\"1200\" height=\"675\" src=\"https:\/\/www.youtube.com\/embed\/0fu7Z5yscJc?feature=oembed\" frameborder=\"0\" allow=\"accelerometer; autoplay; clipboard-write; encrypted-media; gyroscope; picture-in-picture\" allowfullscreen><\/iframe><\/p>\n","protected":false},"excerpt":{"rendered":"<p>&#8220;Uma iniciativa excelente do Pingo Doce que nos convidou a n\u00f3s AMUOC para participarmos, n\u00f3s com muito gosto participamos. T\u00ednhamos um projecto que j\u00e1 t\u00ednhamos vindo a desenvolver que era os Kits escolares, aproveitamos e concorremos a esta iniciativa com esse projecto. (&#8230;), tudo isto com o apoio da Junta<span class=\"excerpt-hellip\"> [\u2026]<\/span><\/p>\n","protected":false},"author":2,"featured_media":7396,"comment_status":"closed","ping_status":"closed","sticky":false,"template":"","format":"standard","meta":{"footnotes":""},"categories":[42,137,120,65,59,218,178],"tags":[46,75,193],"class_list":["post-7395","post","type-post","status-publish","format-standard","has-post-thumbnail","hentry","category-cascais","category-comunidade","category-educacao","category-eventos","category-junior","category-junta-de-freguesia-de-alcabideche","category-varios","tag-carlos-carreiras","tag-cascais","tag-jose-filipe-ribeiro"],"yoast_head":"<!-- This site is optimized with the Yoast SEO plugin v27.5 - https:\/\/yoast.com\/product\/yoast-seo-wordpress\/ -->\n<title>Bairro Feliz | Pingo Doce | Alto da Castelhana Alcabideche<\/title>\n<meta name=\"description\" content=\"Bairro Feliz | Pingo Doce | Alto da Castelhana Alcabideche, Cascais, Portugal, Televis\u00e3o, Reportagem, Jos\u00e9 Ribeiro\" \/>\n<meta name=\"robots\" content=\"index, follow, max-snippet:-1, max-image-preview:large, max-video-preview:-1\" \/>\n<link rel=\"canonical\" href=\"https:\/\/www.tvportugal.tv\/portal\/bairro-feliz-pingo-doce-alto-da-castelhana-alcabideche\/\" \/>\n<meta property=\"og:locale\" content=\"pt_PT\" \/>\n<meta property=\"og:type\" content=\"article\" \/>\n<meta property=\"og:title\" content=\"Bairro Feliz | Pingo Doce | Alto da Castelhana Alcabideche\" \/>\n<meta property=\"og:description\" content=\"Bairro Feliz | Pingo Doce | Alto da Castelhana Alcabideche, Cascais, Portugal, Televis\u00e3o, Reportagem, Jos\u00e9 Ribeiro\" \/>\n<meta property=\"og:url\" content=\"https:\/\/www.tvportugal.tv\/portal\/bairro-feliz-pingo-doce-alto-da-castelhana-alcabideche\/\" \/>\n<meta property=\"og:site_name\" content=\"TV Portugal - Televis\u00e3o - Cascais - Sintra - Oeiras - Lisboa - Noticias\" \/>\n<meta property=\"article:published_time\" content=\"2021-11-03T22:25:35+00:00\" \/>\n<meta property=\"article:modified_time\" content=\"2021-11-03T22:25:37+00:00\" \/>\n<meta property=\"og:image\" content=\"https:\/\/www.tvportugal.tv\/portal\/wp-content\/uploads\/2021\/11\/Captura-de-ecra-2021-11-03-as-22.21.28.png\" \/>\n\t<meta property=\"og:image:width\" content=\"800\" \/>\n\t<meta property=\"og:image:height\" content=\"600\" \/>\n\t<meta property=\"og:image:type\" content=\"image\/png\" \/>\n<meta name=\"author\" content=\"Antonio Assuncao\" \/>\n<meta name=\"twitter:card\" content=\"summary_large_image\" \/>\n<meta name=\"twitter:label1\" content=\"Escrito por\" \/>\n\t<meta name=\"twitter:data1\" content=\"Antonio Assuncao\" \/>\n\t<meta name=\"twitter:label2\" content=\"Tempo estimado de leitura\" \/>\n\t<meta name=\"twitter:data2\" content=\"1 minuto\" \/>\n<script type=\"application\/ld+json\" class=\"yoast-schema-graph\">{\"@context\":\"https:\\\/\\\/schema.org\",\"@graph\":[{\"@type\":\"Article\",\"@id\":\"https:\\\/\\\/www.tvportugal.tv\\\/portal\\\/bairro-feliz-pingo-doce-alto-da-castelhana-alcabideche\\\/#article\",\"isPartOf\":{\"@id\":\"https:\\\/\\\/www.tvportugal.tv\\\/portal\\\/bairro-feliz-pingo-doce-alto-da-castelhana-alcabideche\\\/\"},\"author\":{\"name\":\"Antonio Assuncao\",\"@id\":\"https:\\\/\\\/www.tvportugal.tv\\\/portal\\\/#\\\/schema\\\/person\\\/3dd386a0a960b868c3daed310f5d8d6b\"},\"headline\":\"Bairro Feliz | Pingo Doce | Alto da Castelhana Alcabideche\",\"datePublished\":\"2021-11-03T22:25:35+00:00\",\"dateModified\":\"2021-11-03T22:25:37+00:00\",\"mainEntityOfPage\":{\"@id\":\"https:\\\/\\\/www.tvportugal.tv\\\/portal\\\/bairro-feliz-pingo-doce-alto-da-castelhana-alcabideche\\\/\"},\"wordCount\":100,\"image\":{\"@id\":\"https:\\\/\\\/www.tvportugal.tv\\\/portal\\\/bairro-feliz-pingo-doce-alto-da-castelhana-alcabideche\\\/#primaryimage\"},\"thumbnailUrl\":\"https:\\\/\\\/www.tvportugal.tv\\\/portal\\\/wp-content\\\/uploads\\\/2021\\\/11\\\/Captura-de-ecra-2021-11-03-as-22.21.28.png\",\"keywords\":[\"Carlos Carreiras\",\"Cascais\",\"Jos\u00e9 Filipe Ribeiro\"],\"articleSection\":[\"Cascais\",\"Comunidade\",\"Educa\u00e7\u00e3o\",\"Eventos\",\"Junior\",\"Junta de Freguesia de Alcabideche\",\"V\u00e1rios\"],\"inLanguage\":\"pt-PT\"},{\"@type\":\"WebPage\",\"@id\":\"https:\\\/\\\/www.tvportugal.tv\\\/portal\\\/bairro-feliz-pingo-doce-alto-da-castelhana-alcabideche\\\/\",\"url\":\"https:\\\/\\\/www.tvportugal.tv\\\/portal\\\/bairro-feliz-pingo-doce-alto-da-castelhana-alcabideche\\\/\",\"name\":\"Bairro Feliz | Pingo Doce | Alto da Castelhana Alcabideche\",\"isPartOf\":{\"@id\":\"https:\\\/\\\/www.tvportugal.tv\\\/portal\\\/#website\"},\"primaryImageOfPage\":{\"@id\":\"https:\\\/\\\/www.tvportugal.tv\\\/portal\\\/bairro-feliz-pingo-doce-alto-da-castelhana-alcabideche\\\/#primaryimage\"},\"image\":{\"@id\":\"https:\\\/\\\/www.tvportugal.tv\\\/portal\\\/bairro-feliz-pingo-doce-alto-da-castelhana-alcabideche\\\/#primaryimage\"},\"thumbnailUrl\":\"https:\\\/\\\/www.tvportugal.tv\\\/portal\\\/wp-content\\\/uploads\\\/2021\\\/11\\\/Captura-de-ecra-2021-11-03-as-22.21.28.png\",\"datePublished\":\"2021-11-03T22:25:35+00:00\",\"dateModified\":\"2021-11-03T22:25:37+00:00\",\"author\":{\"@id\":\"https:\\\/\\\/www.tvportugal.tv\\\/portal\\\/#\\\/schema\\\/person\\\/3dd386a0a960b868c3daed310f5d8d6b\"},\"description\":\"Bairro Feliz | Pingo Doce | Alto da Castelhana Alcabideche, Cascais, Portugal, Televis\u00e3o, Reportagem, Jos\u00e9 Ribeiro\",\"breadcrumb\":{\"@id\":\"https:\\\/\\\/www.tvportugal.tv\\\/portal\\\/bairro-feliz-pingo-doce-alto-da-castelhana-alcabideche\\\/#breadcrumb\"},\"inLanguage\":\"pt-PT\",\"potentialAction\":[{\"@type\":\"ReadAction\",\"target\":[\"https:\\\/\\\/www.tvportugal.tv\\\/portal\\\/bairro-feliz-pingo-doce-alto-da-castelhana-alcabideche\\\/\"]}]},{\"@type\":\"ImageObject\",\"inLanguage\":\"pt-PT\",\"@id\":\"https:\\\/\\\/www.tvportugal.tv\\\/portal\\\/bairro-feliz-pingo-doce-alto-da-castelhana-alcabideche\\\/#primaryimage\",\"url\":\"https:\\\/\\\/www.tvportugal.tv\\\/portal\\\/wp-content\\\/uploads\\\/2021\\\/11\\\/Captura-de-ecra-2021-11-03-as-22.21.28.png\",\"contentUrl\":\"https:\\\/\\\/www.tvportugal.tv\\\/portal\\\/wp-content\\\/uploads\\\/2021\\\/11\\\/Captura-de-ecra-2021-11-03-as-22.21.28.png\",\"width\":800,\"height\":600,\"caption\":\"Bairro Feliz | Pingo Doce | Alto da Castelhana Alcabideche, Cascais, Portugal, Televis\u00e3o, Reportagem, Jos\u00e9 Ribeiro\"},{\"@type\":\"BreadcrumbList\",\"@id\":\"https:\\\/\\\/www.tvportugal.tv\\\/portal\\\/bairro-feliz-pingo-doce-alto-da-castelhana-alcabideche\\\/#breadcrumb\",\"itemListElement\":[{\"@type\":\"ListItem\",\"position\":1,\"name\":\"In\u00edcio\",\"item\":\"https:\\\/\\\/www.tvportugal.tv\\\/portal\\\/\"},{\"@type\":\"ListItem\",\"position\":2,\"name\":\"Bairro Feliz | Pingo Doce | Alto da Castelhana Alcabideche\"}]},{\"@type\":\"WebSite\",\"@id\":\"https:\\\/\\\/www.tvportugal.tv\\\/portal\\\/#website\",\"url\":\"https:\\\/\\\/www.tvportugal.tv\\\/portal\\\/\",\"name\":\"TV Portugal - Televis\u00e3o - Cascais - Sintra - Oeiras - Lisboa - Noticias\",\"description\":\"Televis\u00e3o Cascais, Televis\u00e3o Estoril, Tv Web com produ\u00e7\u00e3o pr\u00f3pria da Regi\u00e3o de Lisboa, Televis\u00e3o On-line, Noticias de Cascais, Noticias de Sintra, Noticias de Lisboa, Videos, Reportagen\",\"potentialAction\":[{\"@type\":\"SearchAction\",\"target\":{\"@type\":\"EntryPoint\",\"urlTemplate\":\"https:\\\/\\\/www.tvportugal.tv\\\/portal\\\/?s={search_term_string}\"},\"query-input\":{\"@type\":\"PropertyValueSpecification\",\"valueRequired\":true,\"valueName\":\"search_term_string\"}}],\"inLanguage\":\"pt-PT\"},{\"@type\":\"Person\",\"@id\":\"https:\\\/\\\/www.tvportugal.tv\\\/portal\\\/#\\\/schema\\\/person\\\/3dd386a0a960b868c3daed310f5d8d6b\",\"name\":\"Antonio Assuncao\",\"image\":{\"@type\":\"ImageObject\",\"inLanguage\":\"pt-PT\",\"@id\":\"https:\\\/\\\/secure.gravatar.com\\\/avatar\\\/d8f395a7f86675d6142e7d6ee91f1232e911b4f5ad4a72e064ca4dde2d42881b?s=96&d=mm&r=g\",\"url\":\"https:\\\/\\\/secure.gravatar.com\\\/avatar\\\/d8f395a7f86675d6142e7d6ee91f1232e911b4f5ad4a72e064ca4dde2d42881b?s=96&d=mm&r=g\",\"contentUrl\":\"https:\\\/\\\/secure.gravatar.com\\\/avatar\\\/d8f395a7f86675d6142e7d6ee91f1232e911b4f5ad4a72e064ca4dde2d42881b?s=96&d=mm&r=g\",\"caption\":\"Antonio Assuncao\"},\"sameAs\":[\"http:\\\/\\\/www.tvportugal.tv\\\/\"],\"url\":\"https:\\\/\\\/www.tvportugal.tv\\\/portal\\\/author\\\/antonio-assuncao\\\/\"}]}<\/script>\n<!-- \/ Yoast SEO plugin. -->","yoast_head_json":{"title":"Bairro Feliz | Pingo Doce | Alto da Castelhana Alcabideche","description":"Bairro Feliz | Pingo Doce | Alto da Castelhana Alcabideche, Cascais, Portugal, Televis\u00e3o, Reportagem, Jos\u00e9 Ribeiro","robots":{"index":"index","follow":"follow","max-snippet":"max-snippet:-1","max-image-preview":"max-image-preview:large","max-video-preview":"max-video-preview:-1"},"canonical":"https:\/\/www.tvportugal.tv\/portal\/bairro-feliz-pingo-doce-alto-da-castelhana-alcabideche\/","og_locale":"pt_PT","og_type":"article","og_title":"Bairro Feliz | Pingo Doce | Alto da Castelhana Alcabideche","og_description":"Bairro Feliz | Pingo Doce | Alto da Castelhana Alcabideche, Cascais, Portugal, Televis\u00e3o, Reportagem, Jos\u00e9 Ribeiro","og_url":"https:\/\/www.tvportugal.tv\/portal\/bairro-feliz-pingo-doce-alto-da-castelhana-alcabideche\/","og_site_name":"TV Portugal - Televis\u00e3o - Cascais - Sintra - Oeiras - Lisboa - Noticias","article_published_time":"2021-11-03T22:25:35+00:00","article_modified_time":"2021-11-03T22:25:37+00:00","og_image":[{"width":800,"height":600,"url":"https:\/\/www.tvportugal.tv\/portal\/wp-content\/uploads\/2021\/11\/Captura-de-ecra-2021-11-03-as-22.21.28.png","type":"image\/png"}],"author":"Antonio Assuncao","twitter_card":"summary_large_image","twitter_misc":{"Escrito por":"Antonio Assuncao","Tempo estimado de leitura":"1 minuto"},"schema":{"@context":"https:\/\/schema.org","@graph":[{"@type":"Article","@id":"https:\/\/www.tvportugal.tv\/portal\/bairro-feliz-pingo-doce-alto-da-castelhana-alcabideche\/#article","isPartOf":{"@id":"https:\/\/www.tvportugal.tv\/portal\/bairro-feliz-pingo-doce-alto-da-castelhana-alcabideche\/"},"author":{"name":"Antonio Assuncao","@id":"https:\/\/www.tvportugal.tv\/portal\/#\/schema\/person\/3dd386a0a960b868c3daed310f5d8d6b"},"headline":"Bairro Feliz | Pingo Doce | Alto da Castelhana Alcabideche","datePublished":"2021-11-03T22:25:35+00:00","dateModified":"2021-11-03T22:25:37+00:00","mainEntityOfPage":{"@id":"https:\/\/www.tvportugal.tv\/portal\/bairro-feliz-pingo-doce-alto-da-castelhana-alcabideche\/"},"wordCount":100,"image":{"@id":"https:\/\/www.tvportugal.tv\/portal\/bairro-feliz-pingo-doce-alto-da-castelhana-alcabideche\/#primaryimage"},"thumbnailUrl":"https:\/\/www.tvportugal.tv\/portal\/wp-content\/uploads\/2021\/11\/Captura-de-ecra-2021-11-03-as-22.21.28.png","keywords":["Carlos Carreiras","Cascais","Jos\u00e9 Filipe Ribeiro"],"articleSection":["Cascais","Comunidade","Educa\u00e7\u00e3o","Eventos","Junior","Junta de Freguesia de Alcabideche","V\u00e1rios"],"inLanguage":"pt-PT"},{"@type":"WebPage","@id":"https:\/\/www.tvportugal.tv\/portal\/bairro-feliz-pingo-doce-alto-da-castelhana-alcabideche\/","url":"https:\/\/www.tvportugal.tv\/portal\/bairro-feliz-pingo-doce-alto-da-castelhana-alcabideche\/","name":"Bairro Feliz | Pingo Doce | Alto da Castelhana Alcabideche","isPartOf":{"@id":"https:\/\/www.tvportugal.tv\/portal\/#website"},"primaryImageOfPage":{"@id":"https:\/\/www.tvportugal.tv\/portal\/bairro-feliz-pingo-doce-alto-da-castelhana-alcabideche\/#primaryimage"},"image":{"@id":"https:\/\/www.tvportugal.tv\/portal\/bairro-feliz-pingo-doce-alto-da-castelhana-alcabideche\/#primaryimage"},"thumbnailUrl":"https:\/\/www.tvportugal.tv\/portal\/wp-content\/uploads\/2021\/11\/Captura-de-ecra-2021-11-03-as-22.21.28.png","datePublished":"2021-11-03T22:25:35+00:00","dateModified":"2021-11-03T22:25:37+00:00","author":{"@id":"https:\/\/www.tvportugal.tv\/portal\/#\/schema\/person\/3dd386a0a960b868c3daed310f5d8d6b"},"description":"Bairro Feliz | Pingo Doce | Alto da Castelhana Alcabideche, Cascais, Portugal, Televis\u00e3o, Reportagem, Jos\u00e9 Ribeiro","breadcrumb":{"@id":"https:\/\/www.tvportugal.tv\/portal\/bairro-feliz-pingo-doce-alto-da-castelhana-alcabideche\/#breadcrumb"},"inLanguage":"pt-PT","potentialAction":[{"@type":"ReadAction","target":["https:\/\/www.tvportugal.tv\/portal\/bairro-feliz-pingo-doce-alto-da-castelhana-alcabideche\/"]}]},{"@type":"ImageObject","inLanguage":"pt-PT","@id":"https:\/\/www.tvportugal.tv\/portal\/bairro-feliz-pingo-doce-alto-da-castelhana-alcabideche\/#primaryimage","url":"https:\/\/www.tvportugal.tv\/portal\/wp-content\/uploads\/2021\/11\/Captura-de-ecra-2021-11-03-as-22.21.28.png","contentUrl":"https:\/\/www.tvportugal.tv\/portal\/wp-content\/uploads\/2021\/11\/Captura-de-ecra-2021-11-03-as-22.21.28.png","width":800,"height":600,"caption":"Bairro Feliz | Pingo Doce | Alto da Castelhana Alcabideche, Cascais, Portugal, Televis\u00e3o, Reportagem, Jos\u00e9 Ribeiro"},{"@type":"BreadcrumbList","@id":"https:\/\/www.tvportugal.tv\/portal\/bairro-feliz-pingo-doce-alto-da-castelhana-alcabideche\/#breadcrumb","itemListElement":[{"@type":"ListItem","position":1,"name":"In\u00edcio","item":"https:\/\/www.tvportugal.tv\/portal\/"},{"@type":"ListItem","position":2,"name":"Bairro Feliz | Pingo Doce | Alto da Castelhana Alcabideche"}]},{"@type":"WebSite","@id":"https:\/\/www.tvportugal.tv\/portal\/#website","url":"https:\/\/www.tvportugal.tv\/portal\/","name":"TV Portugal - Televis\u00e3o - Cascais - Sintra - Oeiras - Lisboa - Noticias","description":"Televis\u00e3o Cascais, Televis\u00e3o Estoril, Tv Web com produ\u00e7\u00e3o pr\u00f3pria da Regi\u00e3o de Lisboa, Televis\u00e3o On-line, Noticias de Cascais, Noticias de Sintra, Noticias de Lisboa, Videos, Reportagen","potentialAction":[{"@type":"SearchAction","target":{"@type":"EntryPoint","urlTemplate":"https:\/\/www.tvportugal.tv\/portal\/?s={search_term_string}"},"query-input":{"@type":"PropertyValueSpecification","valueRequired":true,"valueName":"search_term_string"}}],"inLanguage":"pt-PT"},{"@type":"Person","@id":"https:\/\/www.tvportugal.tv\/portal\/#\/schema\/person\/3dd386a0a960b868c3daed310f5d8d6b","name":"Antonio Assuncao","image":{"@type":"ImageObject","inLanguage":"pt-PT","@id":"https:\/\/secure.gravatar.com\/avatar\/d8f395a7f86675d6142e7d6ee91f1232e911b4f5ad4a72e064ca4dde2d42881b?s=96&d=mm&r=g","url":"https:\/\/secure.gravatar.com\/avatar\/d8f395a7f86675d6142e7d6ee91f1232e911b4f5ad4a72e064ca4dde2d42881b?s=96&d=mm&r=g","contentUrl":"https:\/\/secure.gravatar.com\/avatar\/d8f395a7f86675d6142e7d6ee91f1232e911b4f5ad4a72e064ca4dde2d42881b?s=96&d=mm&r=g","caption":"Antonio Assuncao"},"sameAs":["http:\/\/www.tvportugal.tv\/"],"url":"https:\/\/www.tvportugal.tv\/portal\/author\/antonio-assuncao\/"}]}},"_links":{"self":[{"href":"https:\/\/www.tvportugal.tv\/portal\/wp-json\/wp\/v2\/posts\/7395","targetHints":{"allow":["GET"]}}],"collection":[{"href":"https:\/\/www.tvportugal.tv\/portal\/wp-json\/wp\/v2\/posts"}],"about":[{"href":"https:\/\/www.tvportugal.tv\/portal\/wp-json\/wp\/v2\/types\/post"}],"author":[{"embeddable":true,"href":"https:\/\/www.tvportugal.tv\/portal\/wp-json\/wp\/v2\/users\/2"}],"replies":[{"embeddable":true,"href":"https:\/\/www.tvportugal.tv\/portal\/wp-json\/wp\/v2\/comments?post=7395"}],"version-history":[{"count":1,"href":"https:\/\/www.tvportugal.tv\/portal\/wp-json\/wp\/v2\/posts\/7395\/revisions"}],"predecessor-version":[{"id":7397,"href":"https:\/\/www.tvportugal.tv\/portal\/wp-json\/wp\/v2\/posts\/7395\/revisions\/7397"}],"wp:featuredmedia":[{"embeddable":true,"href":"https:\/\/www.tvportugal.tv\/portal\/wp-json\/wp\/v2\/media\/7396"}],"wp:attachment":[{"href":"https:\/\/www.tvportugal.tv\/portal\/wp-json\/wp\/v2\/media?parent=7395"}],"wp:term":[{"taxonomy":"category","embeddable":true,"href":"https:\/\/www.tvportugal.tv\/portal\/wp-json\/wp\/v2\/categories?post=7395"},{"taxonomy":"post_tag","embeddable":true,"href":"https:\/\/www.tvportugal.tv\/portal\/wp-json\/wp\/v2\/tags?post=7395"}],"curies":[{"name":"wp","href":"https:\/\/api.w.org\/{rel}","templated":true}]}}