{"id":7345,"date":"2021-09-25T20:15:27","date_gmt":"2021-09-25T20:15:27","guid":{"rendered":"https:\/\/www.tvportugal.tv\/portal\/?p=7345"},"modified":"2021-09-25T20:15:29","modified_gmt":"2021-09-25T20:15:29","slug":"mensagem-do-presidente-da-republica-a-proposito-da-realizacao-das-eleicoes-autarquicas","status":"publish","type":"post","link":"https:\/\/www.tvportugal.tv\/portal\/mensagem-do-presidente-da-republica-a-proposito-da-realizacao-das-eleicoes-autarquicas\/","title":{"rendered":"Mensagem do Presidente da Rep\u00fablica a prop\u00f3sito da realiza\u00e7\u00e3o das Elei\u00e7\u00f5es Aut\u00e1rquicas"},"content":{"rendered":"<p>&#8220;As elei\u00e7\u00f5es de amanh\u00e3, as d\u00e9cimas terceiras elei\u00e7\u00f5es locais da nossa Democracia s\u00e3o, no entanto, as primeiras marcadas por tr\u00eas crises ao mesmo tempo \u2013 a da pandemia, a da economia e a da sociedade.<br \/>\nN\u00f3s sabemos que a mem\u00f3ria das pessoas \u00e9, frequentemente, curta. Mas, desta vez, n\u00e3o esquecemos nem esqueceremos.<br \/>\nAt\u00e9 ao in\u00edcio de maio, viv\u00edamos em estado de emerg\u00eancia. Em junho, em estado de calamidade. (&#8230;( Votar amanh\u00e3 \u00e9 mais importante do que nunca. \u00c9 um redobrado dever de consci\u00eancia.<br \/>\nPor mem\u00f3ria deste ano e meio que n\u00e3o esqueceremos.<br \/>\nPor vontade de sair da crise definitivamente e de recome\u00e7ar a viver a vida a que todos temos direito.\u201d Marcelo Rebelo de Sousa, Presidente da Rep\u00fablica Portuguesa.<br \/>\nCr\u00e9ditos: M\u00e1rio Ramalho\/Presid\u00eancia da Rep\u00fablica<br \/>\n2021 09 25<br \/>\n<iframe loading=\"lazy\" title=\"Mensagem do Presidente da Rep\u00fablica a prop\u00f3sito da realiza\u00e7\u00e3o das Elei\u00e7\u00f5es Aut\u00e1rquicas\" width=\"1200\" height=\"675\" src=\"https:\/\/www.youtube.com\/embed\/yw5wrsP2qdw?feature=oembed\" frameborder=\"0\" allow=\"accelerometer; autoplay; clipboard-write; encrypted-media; gyroscope; picture-in-picture\" allowfullscreen><\/iframe><\/p>\n","protected":false},"excerpt":{"rendered":"<p>&#8220;As elei\u00e7\u00f5es de amanh\u00e3, as d\u00e9cimas terceiras elei\u00e7\u00f5es locais da nossa Democracia s\u00e3o, no entanto, as primeiras marcadas por tr\u00eas crises ao mesmo tempo \u2013 a da pandemia, a da economia e a da sociedade. N\u00f3s sabemos que a mem\u00f3ria das pessoas \u00e9, frequentemente, curta. Mas, desta vez, n\u00e3o esquecemos<span class=\"excerpt-hellip\"> [\u2026]<\/span><\/p>\n","protected":false},"author":2,"featured_media":7346,"comment_status":"closed","ping_status":"closed","sticky":false,"template":"","format":"standard","meta":{"footnotes":""},"categories":[42,137,65,103,77,188,48,41,178],"tags":[46,75,213,141],"class_list":["post-7345","post","type-post","status-publish","format-standard","has-post-thumbnail","hentry","category-cascais","category-comunidade","category-eventos","category-mafra","category-oeiras","category-politica","category-sintra","category-social","category-varios","tag-carlos-carreiras","tag-cascais","tag-frederico-nunes","tag-frederico-pinho-de-almeida"],"yoast_head":"<!-- This site is optimized with the Yoast SEO plugin v27.5 - https:\/\/yoast.com\/product\/yoast-seo-wordpress\/ -->\n<title>Mensagem do Presidente da Rep\u00fablica a prop\u00f3sito da realiza\u00e7\u00e3o das Elei\u00e7\u00f5es Aut\u00e1rquicas<\/title>\n<meta name=\"description\" content=\"Mensagem do Presidente da Rep\u00fablica a prop\u00f3sito da realiza\u00e7\u00e3o das Elei\u00e7\u00f5es Aut\u00e1rquicas, Televis\u00e3o, Portugal, Marcelo Rebelo de Sousa\" \/>\n<meta name=\"robots\" content=\"index, follow, max-snippet:-1, max-image-preview:large, max-video-preview:-1\" \/>\n<link rel=\"canonical\" href=\"https:\/\/www.tvportugal.tv\/portal\/mensagem-do-presidente-da-republica-a-proposito-da-realizacao-das-eleicoes-autarquicas\/\" \/>\n<meta property=\"og:locale\" content=\"pt_PT\" \/>\n<meta property=\"og:type\" content=\"article\" \/>\n<meta property=\"og:title\" content=\"Mensagem do Presidente da Rep\u00fablica a prop\u00f3sito da realiza\u00e7\u00e3o das Elei\u00e7\u00f5es Aut\u00e1rquicas\" \/>\n<meta property=\"og:description\" content=\"Mensagem do Presidente da Rep\u00fablica a prop\u00f3sito da realiza\u00e7\u00e3o das Elei\u00e7\u00f5es Aut\u00e1rquicas, Televis\u00e3o, Portugal, Marcelo Rebelo de Sousa\" \/>\n<meta property=\"og:url\" content=\"https:\/\/www.tvportugal.tv\/portal\/mensagem-do-presidente-da-republica-a-proposito-da-realizacao-das-eleicoes-autarquicas\/\" \/>\n<meta property=\"og:site_name\" content=\"TV Portugal - Televis\u00e3o - Cascais - Sintra - Oeiras - Lisboa - Noticias\" \/>\n<meta property=\"article:published_time\" content=\"2021-09-25T20:15:27+00:00\" \/>\n<meta property=\"article:modified_time\" content=\"2021-09-25T20:15:29+00:00\" \/>\n<meta property=\"og:image\" content=\"https:\/\/www.tvportugal.tv\/portal\/wp-content\/uploads\/2021\/09\/Captura-de-ecra-2021-09-25-as-20.12.52.png\" \/>\n\t<meta property=\"og:image:width\" content=\"800\" \/>\n\t<meta property=\"og:image:height\" content=\"600\" \/>\n\t<meta property=\"og:image:type\" content=\"image\/png\" \/>\n<meta name=\"author\" content=\"Antonio Assuncao\" \/>\n<meta name=\"twitter:card\" content=\"summary_large_image\" \/>\n<meta name=\"twitter:label1\" content=\"Escrito por\" \/>\n\t<meta name=\"twitter:data1\" content=\"Antonio Assuncao\" \/>\n\t<meta name=\"twitter:label2\" content=\"Tempo estimado de leitura\" \/>\n\t<meta name=\"twitter:data2\" content=\"1 minuto\" \/>\n<script type=\"application\/ld+json\" class=\"yoast-schema-graph\">{\"@context\":\"https:\\\/\\\/schema.org\",\"@graph\":[{\"@type\":\"Article\",\"@id\":\"https:\\\/\\\/www.tvportugal.tv\\\/portal\\\/mensagem-do-presidente-da-republica-a-proposito-da-realizacao-das-eleicoes-autarquicas\\\/#article\",\"isPartOf\":{\"@id\":\"https:\\\/\\\/www.tvportugal.tv\\\/portal\\\/mensagem-do-presidente-da-republica-a-proposito-da-realizacao-das-eleicoes-autarquicas\\\/\"},\"author\":{\"name\":\"Antonio Assuncao\",\"@id\":\"https:\\\/\\\/www.tvportugal.tv\\\/portal\\\/#\\\/schema\\\/person\\\/3dd386a0a960b868c3daed310f5d8d6b\"},\"headline\":\"Mensagem do Presidente da Rep\u00fablica a prop\u00f3sito da realiza\u00e7\u00e3o das Elei\u00e7\u00f5es Aut\u00e1rquicas\",\"datePublished\":\"2021-09-25T20:15:27+00:00\",\"dateModified\":\"2021-09-25T20:15:29+00:00\",\"mainEntityOfPage\":{\"@id\":\"https:\\\/\\\/www.tvportugal.tv\\\/portal\\\/mensagem-do-presidente-da-republica-a-proposito-da-realizacao-das-eleicoes-autarquicas\\\/\"},\"wordCount\":166,\"image\":{\"@id\":\"https:\\\/\\\/www.tvportugal.tv\\\/portal\\\/mensagem-do-presidente-da-republica-a-proposito-da-realizacao-das-eleicoes-autarquicas\\\/#primaryimage\"},\"thumbnailUrl\":\"https:\\\/\\\/www.tvportugal.tv\\\/portal\\\/wp-content\\\/uploads\\\/2021\\\/09\\\/Captura-de-ecra-2021-09-25-as-20.12.52.png\",\"keywords\":[\"Carlos Carreiras\",\"Cascais\",\"Frederico Nunes\",\"Frederico Pinho de Almeida\"],\"articleSection\":[\"Cascais\",\"Comunidade\",\"Eventos\",\"Mafra\",\"Oeiras\",\"Politica\",\"Sintra\",\"Social\",\"V\u00e1rios\"],\"inLanguage\":\"pt-PT\"},{\"@type\":\"WebPage\",\"@id\":\"https:\\\/\\\/www.tvportugal.tv\\\/portal\\\/mensagem-do-presidente-da-republica-a-proposito-da-realizacao-das-eleicoes-autarquicas\\\/\",\"url\":\"https:\\\/\\\/www.tvportugal.tv\\\/portal\\\/mensagem-do-presidente-da-republica-a-proposito-da-realizacao-das-eleicoes-autarquicas\\\/\",\"name\":\"Mensagem do Presidente da Rep\u00fablica a prop\u00f3sito da realiza\u00e7\u00e3o das Elei\u00e7\u00f5es Aut\u00e1rquicas\",\"isPartOf\":{\"@id\":\"https:\\\/\\\/www.tvportugal.tv\\\/portal\\\/#website\"},\"primaryImageOfPage\":{\"@id\":\"https:\\\/\\\/www.tvportugal.tv\\\/portal\\\/mensagem-do-presidente-da-republica-a-proposito-da-realizacao-das-eleicoes-autarquicas\\\/#primaryimage\"},\"image\":{\"@id\":\"https:\\\/\\\/www.tvportugal.tv\\\/portal\\\/mensagem-do-presidente-da-republica-a-proposito-da-realizacao-das-eleicoes-autarquicas\\\/#primaryimage\"},\"thumbnailUrl\":\"https:\\\/\\\/www.tvportugal.tv\\\/portal\\\/wp-content\\\/uploads\\\/2021\\\/09\\\/Captura-de-ecra-2021-09-25-as-20.12.52.png\",\"datePublished\":\"2021-09-25T20:15:27+00:00\",\"dateModified\":\"2021-09-25T20:15:29+00:00\",\"author\":{\"@id\":\"https:\\\/\\\/www.tvportugal.tv\\\/portal\\\/#\\\/schema\\\/person\\\/3dd386a0a960b868c3daed310f5d8d6b\"},\"description\":\"Mensagem do Presidente da Rep\u00fablica a prop\u00f3sito da realiza\u00e7\u00e3o das Elei\u00e7\u00f5es Aut\u00e1rquicas, Televis\u00e3o, Portugal, Marcelo Rebelo de Sousa\",\"breadcrumb\":{\"@id\":\"https:\\\/\\\/www.tvportugal.tv\\\/portal\\\/mensagem-do-presidente-da-republica-a-proposito-da-realizacao-das-eleicoes-autarquicas\\\/#breadcrumb\"},\"inLanguage\":\"pt-PT\",\"potentialAction\":[{\"@type\":\"ReadAction\",\"target\":[\"https:\\\/\\\/www.tvportugal.tv\\\/portal\\\/mensagem-do-presidente-da-republica-a-proposito-da-realizacao-das-eleicoes-autarquicas\\\/\"]}]},{\"@type\":\"ImageObject\",\"inLanguage\":\"pt-PT\",\"@id\":\"https:\\\/\\\/www.tvportugal.tv\\\/portal\\\/mensagem-do-presidente-da-republica-a-proposito-da-realizacao-das-eleicoes-autarquicas\\\/#primaryimage\",\"url\":\"https:\\\/\\\/www.tvportugal.tv\\\/portal\\\/wp-content\\\/uploads\\\/2021\\\/09\\\/Captura-de-ecra-2021-09-25-as-20.12.52.png\",\"contentUrl\":\"https:\\\/\\\/www.tvportugal.tv\\\/portal\\\/wp-content\\\/uploads\\\/2021\\\/09\\\/Captura-de-ecra-2021-09-25-as-20.12.52.png\",\"width\":800,\"height\":600,\"caption\":\"C\u00e2mara Municipal de Cascais entrega Viaturas ao Servi\u00e7o de Estrangeiros e Fronteiras - SEF, Portugal, Televis\u00e3o, Cascais\"},{\"@type\":\"BreadcrumbList\",\"@id\":\"https:\\\/\\\/www.tvportugal.tv\\\/portal\\\/mensagem-do-presidente-da-republica-a-proposito-da-realizacao-das-eleicoes-autarquicas\\\/#breadcrumb\",\"itemListElement\":[{\"@type\":\"ListItem\",\"position\":1,\"name\":\"In\u00edcio\",\"item\":\"https:\\\/\\\/www.tvportugal.tv\\\/portal\\\/\"},{\"@type\":\"ListItem\",\"position\":2,\"name\":\"Mensagem do Presidente da Rep\u00fablica a prop\u00f3sito da realiza\u00e7\u00e3o das Elei\u00e7\u00f5es Aut\u00e1rquicas\"}]},{\"@type\":\"WebSite\",\"@id\":\"https:\\\/\\\/www.tvportugal.tv\\\/portal\\\/#website\",\"url\":\"https:\\\/\\\/www.tvportugal.tv\\\/portal\\\/\",\"name\":\"TV Portugal - Televis\u00e3o - Cascais - Sintra - Oeiras - Lisboa - Noticias\",\"description\":\"Televis\u00e3o Cascais, Televis\u00e3o Estoril, Tv Web com produ\u00e7\u00e3o pr\u00f3pria da Regi\u00e3o de Lisboa, Televis\u00e3o On-line, Noticias de Cascais, Noticias de Sintra, Noticias de Lisboa, Videos, Reportagen\",\"potentialAction\":[{\"@type\":\"SearchAction\",\"target\":{\"@type\":\"EntryPoint\",\"urlTemplate\":\"https:\\\/\\\/www.tvportugal.tv\\\/portal\\\/?s={search_term_string}\"},\"query-input\":{\"@type\":\"PropertyValueSpecification\",\"valueRequired\":true,\"valueName\":\"search_term_string\"}}],\"inLanguage\":\"pt-PT\"},{\"@type\":\"Person\",\"@id\":\"https:\\\/\\\/www.tvportugal.tv\\\/portal\\\/#\\\/schema\\\/person\\\/3dd386a0a960b868c3daed310f5d8d6b\",\"name\":\"Antonio Assuncao\",\"image\":{\"@type\":\"ImageObject\",\"inLanguage\":\"pt-PT\",\"@id\":\"https:\\\/\\\/secure.gravatar.com\\\/avatar\\\/d8f395a7f86675d6142e7d6ee91f1232e911b4f5ad4a72e064ca4dde2d42881b?s=96&d=mm&r=g\",\"url\":\"https:\\\/\\\/secure.gravatar.com\\\/avatar\\\/d8f395a7f86675d6142e7d6ee91f1232e911b4f5ad4a72e064ca4dde2d42881b?s=96&d=mm&r=g\",\"contentUrl\":\"https:\\\/\\\/secure.gravatar.com\\\/avatar\\\/d8f395a7f86675d6142e7d6ee91f1232e911b4f5ad4a72e064ca4dde2d42881b?s=96&d=mm&r=g\",\"caption\":\"Antonio Assuncao\"},\"sameAs\":[\"http:\\\/\\\/www.tvportugal.tv\\\/\"],\"url\":\"https:\\\/\\\/www.tvportugal.tv\\\/portal\\\/author\\\/antonio-assuncao\\\/\"}]}<\/script>\n<!-- \/ Yoast SEO plugin. -->","yoast_head_json":{"title":"Mensagem do Presidente da Rep\u00fablica a prop\u00f3sito da realiza\u00e7\u00e3o das Elei\u00e7\u00f5es Aut\u00e1rquicas","description":"Mensagem do Presidente da Rep\u00fablica a prop\u00f3sito da realiza\u00e7\u00e3o das Elei\u00e7\u00f5es Aut\u00e1rquicas, Televis\u00e3o, Portugal, Marcelo Rebelo de Sousa","robots":{"index":"index","follow":"follow","max-snippet":"max-snippet:-1","max-image-preview":"max-image-preview:large","max-video-preview":"max-video-preview:-1"},"canonical":"https:\/\/www.tvportugal.tv\/portal\/mensagem-do-presidente-da-republica-a-proposito-da-realizacao-das-eleicoes-autarquicas\/","og_locale":"pt_PT","og_type":"article","og_title":"Mensagem do Presidente da Rep\u00fablica a prop\u00f3sito da realiza\u00e7\u00e3o das Elei\u00e7\u00f5es Aut\u00e1rquicas","og_description":"Mensagem do Presidente da Rep\u00fablica a prop\u00f3sito da realiza\u00e7\u00e3o das Elei\u00e7\u00f5es Aut\u00e1rquicas, Televis\u00e3o, Portugal, Marcelo Rebelo de Sousa","og_url":"https:\/\/www.tvportugal.tv\/portal\/mensagem-do-presidente-da-republica-a-proposito-da-realizacao-das-eleicoes-autarquicas\/","og_site_name":"TV Portugal - Televis\u00e3o - Cascais - Sintra - Oeiras - Lisboa - Noticias","article_published_time":"2021-09-25T20:15:27+00:00","article_modified_time":"2021-09-25T20:15:29+00:00","og_image":[{"width":800,"height":600,"url":"https:\/\/www.tvportugal.tv\/portal\/wp-content\/uploads\/2021\/09\/Captura-de-ecra-2021-09-25-as-20.12.52.png","type":"image\/png"}],"author":"Antonio Assuncao","twitter_card":"summary_large_image","twitter_misc":{"Escrito por":"Antonio Assuncao","Tempo estimado de leitura":"1 minuto"},"schema":{"@context":"https:\/\/schema.org","@graph":[{"@type":"Article","@id":"https:\/\/www.tvportugal.tv\/portal\/mensagem-do-presidente-da-republica-a-proposito-da-realizacao-das-eleicoes-autarquicas\/#article","isPartOf":{"@id":"https:\/\/www.tvportugal.tv\/portal\/mensagem-do-presidente-da-republica-a-proposito-da-realizacao-das-eleicoes-autarquicas\/"},"author":{"name":"Antonio Assuncao","@id":"https:\/\/www.tvportugal.tv\/portal\/#\/schema\/person\/3dd386a0a960b868c3daed310f5d8d6b"},"headline":"Mensagem do Presidente da Rep\u00fablica a prop\u00f3sito da realiza\u00e7\u00e3o das Elei\u00e7\u00f5es Aut\u00e1rquicas","datePublished":"2021-09-25T20:15:27+00:00","dateModified":"2021-09-25T20:15:29+00:00","mainEntityOfPage":{"@id":"https:\/\/www.tvportugal.tv\/portal\/mensagem-do-presidente-da-republica-a-proposito-da-realizacao-das-eleicoes-autarquicas\/"},"wordCount":166,"image":{"@id":"https:\/\/www.tvportugal.tv\/portal\/mensagem-do-presidente-da-republica-a-proposito-da-realizacao-das-eleicoes-autarquicas\/#primaryimage"},"thumbnailUrl":"https:\/\/www.tvportugal.tv\/portal\/wp-content\/uploads\/2021\/09\/Captura-de-ecra-2021-09-25-as-20.12.52.png","keywords":["Carlos Carreiras","Cascais","Frederico Nunes","Frederico Pinho de Almeida"],"articleSection":["Cascais","Comunidade","Eventos","Mafra","Oeiras","Politica","Sintra","Social","V\u00e1rios"],"inLanguage":"pt-PT"},{"@type":"WebPage","@id":"https:\/\/www.tvportugal.tv\/portal\/mensagem-do-presidente-da-republica-a-proposito-da-realizacao-das-eleicoes-autarquicas\/","url":"https:\/\/www.tvportugal.tv\/portal\/mensagem-do-presidente-da-republica-a-proposito-da-realizacao-das-eleicoes-autarquicas\/","name":"Mensagem do Presidente da Rep\u00fablica a prop\u00f3sito da realiza\u00e7\u00e3o das Elei\u00e7\u00f5es Aut\u00e1rquicas","isPartOf":{"@id":"https:\/\/www.tvportugal.tv\/portal\/#website"},"primaryImageOfPage":{"@id":"https:\/\/www.tvportugal.tv\/portal\/mensagem-do-presidente-da-republica-a-proposito-da-realizacao-das-eleicoes-autarquicas\/#primaryimage"},"image":{"@id":"https:\/\/www.tvportugal.tv\/portal\/mensagem-do-presidente-da-republica-a-proposito-da-realizacao-das-eleicoes-autarquicas\/#primaryimage"},"thumbnailUrl":"https:\/\/www.tvportugal.tv\/portal\/wp-content\/uploads\/2021\/09\/Captura-de-ecra-2021-09-25-as-20.12.52.png","datePublished":"2021-09-25T20:15:27+00:00","dateModified":"2021-09-25T20:15:29+00:00","author":{"@id":"https:\/\/www.tvportugal.tv\/portal\/#\/schema\/person\/3dd386a0a960b868c3daed310f5d8d6b"},"description":"Mensagem do Presidente da Rep\u00fablica a prop\u00f3sito da realiza\u00e7\u00e3o das Elei\u00e7\u00f5es Aut\u00e1rquicas, Televis\u00e3o, Portugal, Marcelo Rebelo de Sousa","breadcrumb":{"@id":"https:\/\/www.tvportugal.tv\/portal\/mensagem-do-presidente-da-republica-a-proposito-da-realizacao-das-eleicoes-autarquicas\/#breadcrumb"},"inLanguage":"pt-PT","potentialAction":[{"@type":"ReadAction","target":["https:\/\/www.tvportugal.tv\/portal\/mensagem-do-presidente-da-republica-a-proposito-da-realizacao-das-eleicoes-autarquicas\/"]}]},{"@type":"ImageObject","inLanguage":"pt-PT","@id":"https:\/\/www.tvportugal.tv\/portal\/mensagem-do-presidente-da-republica-a-proposito-da-realizacao-das-eleicoes-autarquicas\/#primaryimage","url":"https:\/\/www.tvportugal.tv\/portal\/wp-content\/uploads\/2021\/09\/Captura-de-ecra-2021-09-25-as-20.12.52.png","contentUrl":"https:\/\/www.tvportugal.tv\/portal\/wp-content\/uploads\/2021\/09\/Captura-de-ecra-2021-09-25-as-20.12.52.png","width":800,"height":600,"caption":"C\u00e2mara Municipal de Cascais entrega Viaturas ao Servi\u00e7o de Estrangeiros e Fronteiras - SEF, Portugal, Televis\u00e3o, Cascais"},{"@type":"BreadcrumbList","@id":"https:\/\/www.tvportugal.tv\/portal\/mensagem-do-presidente-da-republica-a-proposito-da-realizacao-das-eleicoes-autarquicas\/#breadcrumb","itemListElement":[{"@type":"ListItem","position":1,"name":"In\u00edcio","item":"https:\/\/www.tvportugal.tv\/portal\/"},{"@type":"ListItem","position":2,"name":"Mensagem do Presidente da Rep\u00fablica a prop\u00f3sito da realiza\u00e7\u00e3o das Elei\u00e7\u00f5es Aut\u00e1rquicas"}]},{"@type":"WebSite","@id":"https:\/\/www.tvportugal.tv\/portal\/#website","url":"https:\/\/www.tvportugal.tv\/portal\/","name":"TV Portugal - Televis\u00e3o - Cascais - Sintra - Oeiras - Lisboa - Noticias","description":"Televis\u00e3o Cascais, Televis\u00e3o Estoril, Tv Web com produ\u00e7\u00e3o pr\u00f3pria da Regi\u00e3o de Lisboa, Televis\u00e3o On-line, Noticias de Cascais, Noticias de Sintra, Noticias de Lisboa, Videos, Reportagen","potentialAction":[{"@type":"SearchAction","target":{"@type":"EntryPoint","urlTemplate":"https:\/\/www.tvportugal.tv\/portal\/?s={search_term_string}"},"query-input":{"@type":"PropertyValueSpecification","valueRequired":true,"valueName":"search_term_string"}}],"inLanguage":"pt-PT"},{"@type":"Person","@id":"https:\/\/www.tvportugal.tv\/portal\/#\/schema\/person\/3dd386a0a960b868c3daed310f5d8d6b","name":"Antonio Assuncao","image":{"@type":"ImageObject","inLanguage":"pt-PT","@id":"https:\/\/secure.gravatar.com\/avatar\/d8f395a7f86675d6142e7d6ee91f1232e911b4f5ad4a72e064ca4dde2d42881b?s=96&d=mm&r=g","url":"https:\/\/secure.gravatar.com\/avatar\/d8f395a7f86675d6142e7d6ee91f1232e911b4f5ad4a72e064ca4dde2d42881b?s=96&d=mm&r=g","contentUrl":"https:\/\/secure.gravatar.com\/avatar\/d8f395a7f86675d6142e7d6ee91f1232e911b4f5ad4a72e064ca4dde2d42881b?s=96&d=mm&r=g","caption":"Antonio Assuncao"},"sameAs":["http:\/\/www.tvportugal.tv\/"],"url":"https:\/\/www.tvportugal.tv\/portal\/author\/antonio-assuncao\/"}]}},"_links":{"self":[{"href":"https:\/\/www.tvportugal.tv\/portal\/wp-json\/wp\/v2\/posts\/7345","targetHints":{"allow":["GET"]}}],"collection":[{"href":"https:\/\/www.tvportugal.tv\/portal\/wp-json\/wp\/v2\/posts"}],"about":[{"href":"https:\/\/www.tvportugal.tv\/portal\/wp-json\/wp\/v2\/types\/post"}],"author":[{"embeddable":true,"href":"https:\/\/www.tvportugal.tv\/portal\/wp-json\/wp\/v2\/users\/2"}],"replies":[{"embeddable":true,"href":"https:\/\/www.tvportugal.tv\/portal\/wp-json\/wp\/v2\/comments?post=7345"}],"version-history":[{"count":1,"href":"https:\/\/www.tvportugal.tv\/portal\/wp-json\/wp\/v2\/posts\/7345\/revisions"}],"predecessor-version":[{"id":7347,"href":"https:\/\/www.tvportugal.tv\/portal\/wp-json\/wp\/v2\/posts\/7345\/revisions\/7347"}],"wp:featuredmedia":[{"embeddable":true,"href":"https:\/\/www.tvportugal.tv\/portal\/wp-json\/wp\/v2\/media\/7346"}],"wp:attachment":[{"href":"https:\/\/www.tvportugal.tv\/portal\/wp-json\/wp\/v2\/media?parent=7345"}],"wp:term":[{"taxonomy":"category","embeddable":true,"href":"https:\/\/www.tvportugal.tv\/portal\/wp-json\/wp\/v2\/categories?post=7345"},{"taxonomy":"post_tag","embeddable":true,"href":"https:\/\/www.tvportugal.tv\/portal\/wp-json\/wp\/v2\/tags?post=7345"}],"curies":[{"name":"wp","href":"https:\/\/api.w.org\/{rel}","templated":true}]}}