{"id":7193,"date":"2021-05-28T14:17:08","date_gmt":"2021-05-28T14:17:08","guid":{"rendered":"https:\/\/www.tvportugal.tv\/portal\/?p=7193"},"modified":"2021-05-28T14:17:10","modified_gmt":"2021-05-28T14:17:10","slug":"no-walls-oeiras-intervencao-artistica-no-espaco-publico-de-oeiras","status":"publish","type":"post","link":"https:\/\/www.tvportugal.tv\/portal\/no-walls-oeiras-intervencao-artistica-no-espaco-publico-de-oeiras\/","title":{"rendered":"No Walls Oeiras | Interven\u00e7\u00e3o Art\u00edstica no Espa\u00e7o P\u00fablico de Oeiras"},"content":{"rendered":"<p>[vc_row][vc_column][vc_column_text]<\/p>\n<h1 class=\"title style-scope ytd-video-primary-info-renderer\">No Walls Oeiras | Interven\u00e7\u00e3o Art\u00edstica no Espa\u00e7o P\u00fablico de Oeiras<\/h1>\n<p>[\/vc_column_text][\/vc_column][\/vc_row][vc_row][vc_column][vc_column_text]&#8221;Em Oeiras a Arte P\u00fablica \u00e9 uma realidade h\u00e1 muitos anos. Oeiras sempre teve a particularidade de paulatinamente ir instalando elementos escult\u00f3ricos no espa\u00e7o p\u00fablico, porque na realidade \u00e9 n\u00e3o s\u00f3 uma oportunidade de homenagear figuras, personalidades importantes da nossa vida, seja a n\u00edvel Nacional ou local.&#8221; Isaltino Morais, Presidente CM Oeiras. Reportagem, Imagem e Edi\u00e7\u00e3o &#8211; Ant\u00f3nio Assun\u00e7\u00e3o 2021 05 29<span style=\"font-size: inherit;\">[\/vc_column_text][\/vc_column][\/vc_row][vc_row][vc_column][vc_video link=&#8221;https:\/\/www.youtube.com\/watch?v=xEx2E18ZhS0&#8243;][\/vc_column][\/vc_row]<\/span><\/p>\n","protected":false},"excerpt":{"rendered":"<p>[vc_row][vc_column][vc_column_text] No Walls Oeiras | Interven\u00e7\u00e3o Art\u00edstica no Espa\u00e7o P\u00fablico de Oeiras [\/vc_column_text][\/vc_column][\/vc_row][vc_row][vc_column][vc_column_text]&#8221;Em Oeiras a Arte P\u00fablica \u00e9 uma realidade h\u00e1 muitos anos. Oeiras sempre teve a particularidade de paulatinamente ir instalando elementos escult\u00f3ricos no espa\u00e7o p\u00fablico, porque na realidade \u00e9 n\u00e3o s\u00f3 uma oportunidade de homenagear figuras, personalidades importantes<span class=\"excerpt-hellip\"> [\u2026]<\/span><\/p>\n","protected":false},"author":2,"featured_media":7194,"comment_status":"closed","ping_status":"closed","sticky":false,"template":"","format":"standard","meta":{"footnotes":""},"categories":[137,64,120,65,47,77,41,178],"tags":[205,215,192],"class_list":["post-7193","post","type-post","status-publish","format-standard","has-post-thumbnail","hentry","category-comunidade","category-cultura","category-educacao","category-eventos","category-inauguracoes","category-oeiras","category-social","category-varios","tag-francisco-rocha-goncalves","tag-inigo-pereira","tag-isaltino-morais"],"yoast_head":"<!-- This site is optimized with the Yoast SEO plugin v27.5 - https:\/\/yoast.com\/product\/yoast-seo-wordpress\/ -->\n<title>No Walls Oeiras | Interven\u00e7\u00e3o Art\u00edstica no Espa\u00e7o P\u00fablico de Oeiras<\/title>\n<meta name=\"description\" content=\"No Walls Oeiras | Interven\u00e7\u00e3o Art\u00edstica no Espa\u00e7o P\u00fablico de Oeiras, Oeiras, Televis\u00e3o, Portugal, Isaltino Morais, Francisco Rocha Gon\u00e7alves\" \/>\n<meta name=\"robots\" content=\"index, follow, max-snippet:-1, max-image-preview:large, max-video-preview:-1\" \/>\n<link rel=\"canonical\" href=\"https:\/\/www.tvportugal.tv\/portal\/no-walls-oeiras-intervencao-artistica-no-espaco-publico-de-oeiras\/\" \/>\n<meta property=\"og:locale\" content=\"pt_PT\" \/>\n<meta property=\"og:type\" content=\"article\" \/>\n<meta property=\"og:title\" content=\"No Walls Oeiras | Interven\u00e7\u00e3o Art\u00edstica no Espa\u00e7o P\u00fablico de Oeiras\" \/>\n<meta property=\"og:description\" content=\"No Walls Oeiras | Interven\u00e7\u00e3o Art\u00edstica no Espa\u00e7o P\u00fablico de Oeiras, Oeiras, Televis\u00e3o, Portugal, Isaltino Morais, Francisco Rocha Gon\u00e7alves\" \/>\n<meta property=\"og:url\" content=\"https:\/\/www.tvportugal.tv\/portal\/no-walls-oeiras-intervencao-artistica-no-espaco-publico-de-oeiras\/\" \/>\n<meta property=\"og:site_name\" content=\"TV Portugal - Televis\u00e3o - Cascais - Sintra - Oeiras - Lisboa - Noticias\" \/>\n<meta property=\"article:published_time\" content=\"2021-05-28T14:17:08+00:00\" \/>\n<meta property=\"article:modified_time\" content=\"2021-05-28T14:17:10+00:00\" \/>\n<meta property=\"og:image\" content=\"https:\/\/www.tvportugal.tv\/portal\/wp-content\/uploads\/2021\/05\/Captura-de-ecra-2021-05-28-as-14.51.12.png\" \/>\n\t<meta property=\"og:image:width\" content=\"800\" \/>\n\t<meta property=\"og:image:height\" content=\"600\" \/>\n\t<meta property=\"og:image:type\" content=\"image\/png\" \/>\n<meta name=\"author\" content=\"Antonio Assuncao\" \/>\n<meta name=\"twitter:card\" content=\"summary_large_image\" \/>\n<meta name=\"twitter:label1\" content=\"Escrito por\" \/>\n\t<meta name=\"twitter:data1\" content=\"Antonio Assuncao\" \/>\n\t<meta name=\"twitter:label2\" content=\"Tempo estimado de leitura\" \/>\n\t<meta name=\"twitter:data2\" content=\"1 minuto\" \/>\n<script type=\"application\/ld+json\" class=\"yoast-schema-graph\">{\"@context\":\"https:\\\/\\\/schema.org\",\"@graph\":[{\"@type\":\"Article\",\"@id\":\"https:\\\/\\\/www.tvportugal.tv\\\/portal\\\/no-walls-oeiras-intervencao-artistica-no-espaco-publico-de-oeiras\\\/#article\",\"isPartOf\":{\"@id\":\"https:\\\/\\\/www.tvportugal.tv\\\/portal\\\/no-walls-oeiras-intervencao-artistica-no-espaco-publico-de-oeiras\\\/\"},\"author\":{\"name\":\"Antonio Assuncao\",\"@id\":\"https:\\\/\\\/www.tvportugal.tv\\\/portal\\\/#\\\/schema\\\/person\\\/3dd386a0a960b868c3daed310f5d8d6b\"},\"headline\":\"No Walls Oeiras | Interven\u00e7\u00e3o Art\u00edstica no Espa\u00e7o P\u00fablico de Oeiras\",\"datePublished\":\"2021-05-28T14:17:08+00:00\",\"dateModified\":\"2021-05-28T14:17:10+00:00\",\"mainEntityOfPage\":{\"@id\":\"https:\\\/\\\/www.tvportugal.tv\\\/portal\\\/no-walls-oeiras-intervencao-artistica-no-espaco-publico-de-oeiras\\\/\"},\"wordCount\":142,\"image\":{\"@id\":\"https:\\\/\\\/www.tvportugal.tv\\\/portal\\\/no-walls-oeiras-intervencao-artistica-no-espaco-publico-de-oeiras\\\/#primaryimage\"},\"thumbnailUrl\":\"https:\\\/\\\/www.tvportugal.tv\\\/portal\\\/wp-content\\\/uploads\\\/2021\\\/05\\\/Captura-de-ecra-2021-05-28-as-14.51.12.png\",\"keywords\":[\"Francisco Rocha Gon\u00e7alves\",\"Inigo Pereira\",\"Isaltino Morais\"],\"articleSection\":[\"Comunidade\",\"Cultura\",\"Educa\u00e7\u00e3o\",\"Eventos\",\"Inaugura\u00e7\u00f5es\",\"Oeiras\",\"Social\",\"V\u00e1rios\"],\"inLanguage\":\"pt-PT\"},{\"@type\":\"WebPage\",\"@id\":\"https:\\\/\\\/www.tvportugal.tv\\\/portal\\\/no-walls-oeiras-intervencao-artistica-no-espaco-publico-de-oeiras\\\/\",\"url\":\"https:\\\/\\\/www.tvportugal.tv\\\/portal\\\/no-walls-oeiras-intervencao-artistica-no-espaco-publico-de-oeiras\\\/\",\"name\":\"No Walls Oeiras | Interven\u00e7\u00e3o Art\u00edstica no Espa\u00e7o P\u00fablico de Oeiras\",\"isPartOf\":{\"@id\":\"https:\\\/\\\/www.tvportugal.tv\\\/portal\\\/#website\"},\"primaryImageOfPage\":{\"@id\":\"https:\\\/\\\/www.tvportugal.tv\\\/portal\\\/no-walls-oeiras-intervencao-artistica-no-espaco-publico-de-oeiras\\\/#primaryimage\"},\"image\":{\"@id\":\"https:\\\/\\\/www.tvportugal.tv\\\/portal\\\/no-walls-oeiras-intervencao-artistica-no-espaco-publico-de-oeiras\\\/#primaryimage\"},\"thumbnailUrl\":\"https:\\\/\\\/www.tvportugal.tv\\\/portal\\\/wp-content\\\/uploads\\\/2021\\\/05\\\/Captura-de-ecra-2021-05-28-as-14.51.12.png\",\"datePublished\":\"2021-05-28T14:17:08+00:00\",\"dateModified\":\"2021-05-28T14:17:10+00:00\",\"author\":{\"@id\":\"https:\\\/\\\/www.tvportugal.tv\\\/portal\\\/#\\\/schema\\\/person\\\/3dd386a0a960b868c3daed310f5d8d6b\"},\"description\":\"No Walls Oeiras | Interven\u00e7\u00e3o Art\u00edstica no Espa\u00e7o P\u00fablico de Oeiras, Oeiras, Televis\u00e3o, Portugal, Isaltino Morais, Francisco Rocha Gon\u00e7alves\",\"breadcrumb\":{\"@id\":\"https:\\\/\\\/www.tvportugal.tv\\\/portal\\\/no-walls-oeiras-intervencao-artistica-no-espaco-publico-de-oeiras\\\/#breadcrumb\"},\"inLanguage\":\"pt-PT\",\"potentialAction\":[{\"@type\":\"ReadAction\",\"target\":[\"https:\\\/\\\/www.tvportugal.tv\\\/portal\\\/no-walls-oeiras-intervencao-artistica-no-espaco-publico-de-oeiras\\\/\"]}]},{\"@type\":\"ImageObject\",\"inLanguage\":\"pt-PT\",\"@id\":\"https:\\\/\\\/www.tvportugal.tv\\\/portal\\\/no-walls-oeiras-intervencao-artistica-no-espaco-publico-de-oeiras\\\/#primaryimage\",\"url\":\"https:\\\/\\\/www.tvportugal.tv\\\/portal\\\/wp-content\\\/uploads\\\/2021\\\/05\\\/Captura-de-ecra-2021-05-28-as-14.51.12.png\",\"contentUrl\":\"https:\\\/\\\/www.tvportugal.tv\\\/portal\\\/wp-content\\\/uploads\\\/2021\\\/05\\\/Captura-de-ecra-2021-05-28-as-14.51.12.png\",\"width\":800,\"height\":600,\"caption\":\"No Walls Oeiras | Interven\u00e7\u00e3o Art\u00edstica no Espa\u00e7o P\u00fablico de Oeiras, Oeiras, Televis\u00e3o, Portugal, Isaltino Morais, Francisco Rocha Gon\u00e7alves\"},{\"@type\":\"BreadcrumbList\",\"@id\":\"https:\\\/\\\/www.tvportugal.tv\\\/portal\\\/no-walls-oeiras-intervencao-artistica-no-espaco-publico-de-oeiras\\\/#breadcrumb\",\"itemListElement\":[{\"@type\":\"ListItem\",\"position\":1,\"name\":\"In\u00edcio\",\"item\":\"https:\\\/\\\/www.tvportugal.tv\\\/portal\\\/\"},{\"@type\":\"ListItem\",\"position\":2,\"name\":\"No Walls Oeiras | Interven\u00e7\u00e3o Art\u00edstica no Espa\u00e7o P\u00fablico de Oeiras\"}]},{\"@type\":\"WebSite\",\"@id\":\"https:\\\/\\\/www.tvportugal.tv\\\/portal\\\/#website\",\"url\":\"https:\\\/\\\/www.tvportugal.tv\\\/portal\\\/\",\"name\":\"TV Portugal - Televis\u00e3o - Cascais - Sintra - Oeiras - Lisboa - Noticias\",\"description\":\"Televis\u00e3o Cascais, Televis\u00e3o Estoril, Tv Web com produ\u00e7\u00e3o pr\u00f3pria da Regi\u00e3o de Lisboa, Televis\u00e3o On-line, Noticias de Cascais, Noticias de Sintra, Noticias de Lisboa, Videos, Reportagen\",\"potentialAction\":[{\"@type\":\"SearchAction\",\"target\":{\"@type\":\"EntryPoint\",\"urlTemplate\":\"https:\\\/\\\/www.tvportugal.tv\\\/portal\\\/?s={search_term_string}\"},\"query-input\":{\"@type\":\"PropertyValueSpecification\",\"valueRequired\":true,\"valueName\":\"search_term_string\"}}],\"inLanguage\":\"pt-PT\"},{\"@type\":\"Person\",\"@id\":\"https:\\\/\\\/www.tvportugal.tv\\\/portal\\\/#\\\/schema\\\/person\\\/3dd386a0a960b868c3daed310f5d8d6b\",\"name\":\"Antonio Assuncao\",\"image\":{\"@type\":\"ImageObject\",\"inLanguage\":\"pt-PT\",\"@id\":\"https:\\\/\\\/secure.gravatar.com\\\/avatar\\\/d8f395a7f86675d6142e7d6ee91f1232e911b4f5ad4a72e064ca4dde2d42881b?s=96&d=mm&r=g\",\"url\":\"https:\\\/\\\/secure.gravatar.com\\\/avatar\\\/d8f395a7f86675d6142e7d6ee91f1232e911b4f5ad4a72e064ca4dde2d42881b?s=96&d=mm&r=g\",\"contentUrl\":\"https:\\\/\\\/secure.gravatar.com\\\/avatar\\\/d8f395a7f86675d6142e7d6ee91f1232e911b4f5ad4a72e064ca4dde2d42881b?s=96&d=mm&r=g\",\"caption\":\"Antonio Assuncao\"},\"sameAs\":[\"http:\\\/\\\/www.tvportugal.tv\\\/\"],\"url\":\"https:\\\/\\\/www.tvportugal.tv\\\/portal\\\/author\\\/antonio-assuncao\\\/\"}]}<\/script>\n<!-- \/ Yoast SEO plugin. -->","yoast_head_json":{"title":"No Walls Oeiras | Interven\u00e7\u00e3o Art\u00edstica no Espa\u00e7o P\u00fablico de Oeiras","description":"No Walls Oeiras | Interven\u00e7\u00e3o Art\u00edstica no Espa\u00e7o P\u00fablico de Oeiras, Oeiras, Televis\u00e3o, Portugal, Isaltino Morais, Francisco Rocha Gon\u00e7alves","robots":{"index":"index","follow":"follow","max-snippet":"max-snippet:-1","max-image-preview":"max-image-preview:large","max-video-preview":"max-video-preview:-1"},"canonical":"https:\/\/www.tvportugal.tv\/portal\/no-walls-oeiras-intervencao-artistica-no-espaco-publico-de-oeiras\/","og_locale":"pt_PT","og_type":"article","og_title":"No Walls Oeiras | Interven\u00e7\u00e3o Art\u00edstica no Espa\u00e7o P\u00fablico de Oeiras","og_description":"No Walls Oeiras | Interven\u00e7\u00e3o Art\u00edstica no Espa\u00e7o P\u00fablico de Oeiras, Oeiras, Televis\u00e3o, Portugal, Isaltino Morais, Francisco Rocha Gon\u00e7alves","og_url":"https:\/\/www.tvportugal.tv\/portal\/no-walls-oeiras-intervencao-artistica-no-espaco-publico-de-oeiras\/","og_site_name":"TV Portugal - Televis\u00e3o - Cascais - Sintra - Oeiras - Lisboa - Noticias","article_published_time":"2021-05-28T14:17:08+00:00","article_modified_time":"2021-05-28T14:17:10+00:00","og_image":[{"width":800,"height":600,"url":"https:\/\/www.tvportugal.tv\/portal\/wp-content\/uploads\/2021\/05\/Captura-de-ecra-2021-05-28-as-14.51.12.png","type":"image\/png"}],"author":"Antonio Assuncao","twitter_card":"summary_large_image","twitter_misc":{"Escrito por":"Antonio Assuncao","Tempo estimado de leitura":"1 minuto"},"schema":{"@context":"https:\/\/schema.org","@graph":[{"@type":"Article","@id":"https:\/\/www.tvportugal.tv\/portal\/no-walls-oeiras-intervencao-artistica-no-espaco-publico-de-oeiras\/#article","isPartOf":{"@id":"https:\/\/www.tvportugal.tv\/portal\/no-walls-oeiras-intervencao-artistica-no-espaco-publico-de-oeiras\/"},"author":{"name":"Antonio Assuncao","@id":"https:\/\/www.tvportugal.tv\/portal\/#\/schema\/person\/3dd386a0a960b868c3daed310f5d8d6b"},"headline":"No Walls Oeiras | Interven\u00e7\u00e3o Art\u00edstica no Espa\u00e7o P\u00fablico de Oeiras","datePublished":"2021-05-28T14:17:08+00:00","dateModified":"2021-05-28T14:17:10+00:00","mainEntityOfPage":{"@id":"https:\/\/www.tvportugal.tv\/portal\/no-walls-oeiras-intervencao-artistica-no-espaco-publico-de-oeiras\/"},"wordCount":142,"image":{"@id":"https:\/\/www.tvportugal.tv\/portal\/no-walls-oeiras-intervencao-artistica-no-espaco-publico-de-oeiras\/#primaryimage"},"thumbnailUrl":"https:\/\/www.tvportugal.tv\/portal\/wp-content\/uploads\/2021\/05\/Captura-de-ecra-2021-05-28-as-14.51.12.png","keywords":["Francisco Rocha Gon\u00e7alves","Inigo Pereira","Isaltino Morais"],"articleSection":["Comunidade","Cultura","Educa\u00e7\u00e3o","Eventos","Inaugura\u00e7\u00f5es","Oeiras","Social","V\u00e1rios"],"inLanguage":"pt-PT"},{"@type":"WebPage","@id":"https:\/\/www.tvportugal.tv\/portal\/no-walls-oeiras-intervencao-artistica-no-espaco-publico-de-oeiras\/","url":"https:\/\/www.tvportugal.tv\/portal\/no-walls-oeiras-intervencao-artistica-no-espaco-publico-de-oeiras\/","name":"No Walls Oeiras | Interven\u00e7\u00e3o Art\u00edstica no Espa\u00e7o P\u00fablico de Oeiras","isPartOf":{"@id":"https:\/\/www.tvportugal.tv\/portal\/#website"},"primaryImageOfPage":{"@id":"https:\/\/www.tvportugal.tv\/portal\/no-walls-oeiras-intervencao-artistica-no-espaco-publico-de-oeiras\/#primaryimage"},"image":{"@id":"https:\/\/www.tvportugal.tv\/portal\/no-walls-oeiras-intervencao-artistica-no-espaco-publico-de-oeiras\/#primaryimage"},"thumbnailUrl":"https:\/\/www.tvportugal.tv\/portal\/wp-content\/uploads\/2021\/05\/Captura-de-ecra-2021-05-28-as-14.51.12.png","datePublished":"2021-05-28T14:17:08+00:00","dateModified":"2021-05-28T14:17:10+00:00","author":{"@id":"https:\/\/www.tvportugal.tv\/portal\/#\/schema\/person\/3dd386a0a960b868c3daed310f5d8d6b"},"description":"No Walls Oeiras | Interven\u00e7\u00e3o Art\u00edstica no Espa\u00e7o P\u00fablico de Oeiras, Oeiras, Televis\u00e3o, Portugal, Isaltino Morais, Francisco Rocha Gon\u00e7alves","breadcrumb":{"@id":"https:\/\/www.tvportugal.tv\/portal\/no-walls-oeiras-intervencao-artistica-no-espaco-publico-de-oeiras\/#breadcrumb"},"inLanguage":"pt-PT","potentialAction":[{"@type":"ReadAction","target":["https:\/\/www.tvportugal.tv\/portal\/no-walls-oeiras-intervencao-artistica-no-espaco-publico-de-oeiras\/"]}]},{"@type":"ImageObject","inLanguage":"pt-PT","@id":"https:\/\/www.tvportugal.tv\/portal\/no-walls-oeiras-intervencao-artistica-no-espaco-publico-de-oeiras\/#primaryimage","url":"https:\/\/www.tvportugal.tv\/portal\/wp-content\/uploads\/2021\/05\/Captura-de-ecra-2021-05-28-as-14.51.12.png","contentUrl":"https:\/\/www.tvportugal.tv\/portal\/wp-content\/uploads\/2021\/05\/Captura-de-ecra-2021-05-28-as-14.51.12.png","width":800,"height":600,"caption":"No Walls Oeiras | Interven\u00e7\u00e3o Art\u00edstica no Espa\u00e7o P\u00fablico de Oeiras, Oeiras, Televis\u00e3o, Portugal, Isaltino Morais, Francisco Rocha Gon\u00e7alves"},{"@type":"BreadcrumbList","@id":"https:\/\/www.tvportugal.tv\/portal\/no-walls-oeiras-intervencao-artistica-no-espaco-publico-de-oeiras\/#breadcrumb","itemListElement":[{"@type":"ListItem","position":1,"name":"In\u00edcio","item":"https:\/\/www.tvportugal.tv\/portal\/"},{"@type":"ListItem","position":2,"name":"No Walls Oeiras | Interven\u00e7\u00e3o Art\u00edstica no Espa\u00e7o P\u00fablico de Oeiras"}]},{"@type":"WebSite","@id":"https:\/\/www.tvportugal.tv\/portal\/#website","url":"https:\/\/www.tvportugal.tv\/portal\/","name":"TV Portugal - Televis\u00e3o - Cascais - Sintra - Oeiras - Lisboa - Noticias","description":"Televis\u00e3o Cascais, Televis\u00e3o Estoril, Tv Web com produ\u00e7\u00e3o pr\u00f3pria da Regi\u00e3o de Lisboa, Televis\u00e3o On-line, Noticias de Cascais, Noticias de Sintra, Noticias de Lisboa, Videos, Reportagen","potentialAction":[{"@type":"SearchAction","target":{"@type":"EntryPoint","urlTemplate":"https:\/\/www.tvportugal.tv\/portal\/?s={search_term_string}"},"query-input":{"@type":"PropertyValueSpecification","valueRequired":true,"valueName":"search_term_string"}}],"inLanguage":"pt-PT"},{"@type":"Person","@id":"https:\/\/www.tvportugal.tv\/portal\/#\/schema\/person\/3dd386a0a960b868c3daed310f5d8d6b","name":"Antonio Assuncao","image":{"@type":"ImageObject","inLanguage":"pt-PT","@id":"https:\/\/secure.gravatar.com\/avatar\/d8f395a7f86675d6142e7d6ee91f1232e911b4f5ad4a72e064ca4dde2d42881b?s=96&d=mm&r=g","url":"https:\/\/secure.gravatar.com\/avatar\/d8f395a7f86675d6142e7d6ee91f1232e911b4f5ad4a72e064ca4dde2d42881b?s=96&d=mm&r=g","contentUrl":"https:\/\/secure.gravatar.com\/avatar\/d8f395a7f86675d6142e7d6ee91f1232e911b4f5ad4a72e064ca4dde2d42881b?s=96&d=mm&r=g","caption":"Antonio Assuncao"},"sameAs":["http:\/\/www.tvportugal.tv\/"],"url":"https:\/\/www.tvportugal.tv\/portal\/author\/antonio-assuncao\/"}]}},"_links":{"self":[{"href":"https:\/\/www.tvportugal.tv\/portal\/wp-json\/wp\/v2\/posts\/7193","targetHints":{"allow":["GET"]}}],"collection":[{"href":"https:\/\/www.tvportugal.tv\/portal\/wp-json\/wp\/v2\/posts"}],"about":[{"href":"https:\/\/www.tvportugal.tv\/portal\/wp-json\/wp\/v2\/types\/post"}],"author":[{"embeddable":true,"href":"https:\/\/www.tvportugal.tv\/portal\/wp-json\/wp\/v2\/users\/2"}],"replies":[{"embeddable":true,"href":"https:\/\/www.tvportugal.tv\/portal\/wp-json\/wp\/v2\/comments?post=7193"}],"version-history":[{"count":1,"href":"https:\/\/www.tvportugal.tv\/portal\/wp-json\/wp\/v2\/posts\/7193\/revisions"}],"predecessor-version":[{"id":7195,"href":"https:\/\/www.tvportugal.tv\/portal\/wp-json\/wp\/v2\/posts\/7193\/revisions\/7195"}],"wp:featuredmedia":[{"embeddable":true,"href":"https:\/\/www.tvportugal.tv\/portal\/wp-json\/wp\/v2\/media\/7194"}],"wp:attachment":[{"href":"https:\/\/www.tvportugal.tv\/portal\/wp-json\/wp\/v2\/media?parent=7193"}],"wp:term":[{"taxonomy":"category","embeddable":true,"href":"https:\/\/www.tvportugal.tv\/portal\/wp-json\/wp\/v2\/categories?post=7193"},{"taxonomy":"post_tag","embeddable":true,"href":"https:\/\/www.tvportugal.tv\/portal\/wp-json\/wp\/v2\/tags?post=7193"}],"curies":[{"name":"wp","href":"https:\/\/api.w.org\/{rel}","templated":true}]}}