{"id":7182,"date":"2021-05-09T19:52:36","date_gmt":"2021-05-09T19:52:36","guid":{"rendered":"https:\/\/www.tvportugal.tv\/portal\/?p=7182"},"modified":"2021-05-09T19:52:37","modified_gmt":"2021-05-09T19:52:37","slug":"oeira-entrega-casas-a-19-familias","status":"publish","type":"post","link":"https:\/\/www.tvportugal.tv\/portal\/oeira-entrega-casas-a-19-familias\/","title":{"rendered":"Oeiras Entrega Casas a 19 Fam\u00edlias"},"content":{"rendered":"<p>[vc_row][vc_column][vc_column_text]<\/p>\n<h1 class=\"title style-scope ytd-video-primary-info-renderer\">Oeiras Entrega Casas a 19 Fam\u00edlias<\/h1>\n<p>[\/vc_column_text][\/vc_column][\/vc_row][vc_row][vc_column][vc_column_text]&#8221;S\u00e3o mais 19 fam\u00edlias felizes porque n\u00f3s nesta entrega das fam\u00edlias n\u00e3o se faz a descri\u00e7\u00e3o da situa\u00e7\u00e3o familiar, mas estamos a falar de fam\u00edlias, muitas delas monoparentais, m\u00e3es com dois tr\u00eas filhos, um casal com 80 anos que vivem num anexo com muita dificuldade.&#8221; Isaltino Morais, Presidente CM Oeiras. Reportagem, Imagem e Edi\u00e7\u00e3o &#8211; Ant\u00f3nio Assun\u00e7\u00e3o 2021 05 09<span style=\"font-size: inherit;\">[\/vc_column_text][\/vc_column][\/vc_row][vc_row][vc_column][vc_video link=&#8221;https:\/\/www.youtube.com\/watch?v=cmIzprzdtIA&#8221;][\/vc_column][\/vc_row]<\/span><\/p>\n","protected":false},"excerpt":{"rendered":"<p>[vc_row][vc_column][vc_column_text] Oeiras Entrega Casas a 19 Fam\u00edlias [\/vc_column_text][\/vc_column][\/vc_row][vc_row][vc_column][vc_column_text]&#8221;S\u00e3o mais 19 fam\u00edlias felizes porque n\u00f3s nesta entrega das fam\u00edlias n\u00e3o se faz a descri\u00e7\u00e3o da situa\u00e7\u00e3o familiar, mas estamos a falar de fam\u00edlias, muitas delas monoparentais, m\u00e3es com dois tr\u00eas filhos, um casal com 80 anos que vivem num anexo com<span class=\"excerpt-hellip\"> [\u2026]<\/span><\/p>\n","protected":false},"author":2,"featured_media":7183,"comment_status":"closed","ping_status":"closed","sticky":false,"template":"","format":"standard","meta":{"footnotes":""},"categories":[137,65,77,188,49,214,41,178],"tags":[205,215,192,100],"class_list":["post-7182","post","type-post","status-publish","format-standard","has-post-thumbnail","hentry","category-comunidade","category-eventos","category-oeiras","category-politica","category-saude","category-senior","category-social","category-varios","tag-francisco-rocha-goncalves","tag-inigo-pereira","tag-isaltino-morais","tag-oeiras"],"yoast_head":"<!-- This site is optimized with the Yoast SEO plugin v27.5 - https:\/\/yoast.com\/product\/yoast-seo-wordpress\/ -->\n<title>Oeiras Entrega Casas a 19 Fam\u00edlias<\/title>\n<meta name=\"description\" content=\"Oeiras Entrega Casas a 19 Fam\u00edlias, Oeiras, Portugal, Televis\u00e3o, Isaltino Morais, Francisco Rocha Gon\u00e7alves, Inigo Pereira\" \/>\n<meta name=\"robots\" content=\"index, follow, max-snippet:-1, max-image-preview:large, max-video-preview:-1\" \/>\n<link rel=\"canonical\" href=\"https:\/\/www.tvportugal.tv\/portal\/oeira-entrega-casas-a-19-familias\/\" \/>\n<meta property=\"og:locale\" content=\"pt_PT\" \/>\n<meta property=\"og:type\" content=\"article\" \/>\n<meta property=\"og:title\" content=\"Oeiras Entrega Casas a 19 Fam\u00edlias\" \/>\n<meta property=\"og:description\" content=\"Oeiras Entrega Casas a 19 Fam\u00edlias, Oeiras, Portugal, Televis\u00e3o, Isaltino Morais, Francisco Rocha Gon\u00e7alves, Inigo Pereira\" \/>\n<meta property=\"og:url\" content=\"https:\/\/www.tvportugal.tv\/portal\/oeira-entrega-casas-a-19-familias\/\" \/>\n<meta property=\"og:site_name\" content=\"TV Portugal - Televis\u00e3o - Cascais - Sintra - Oeiras - Lisboa - Noticias\" \/>\n<meta property=\"article:published_time\" content=\"2021-05-09T19:52:36+00:00\" \/>\n<meta property=\"article:modified_time\" content=\"2021-05-09T19:52:37+00:00\" \/>\n<meta property=\"og:image\" content=\"https:\/\/www.tvportugal.tv\/portal\/wp-content\/uploads\/2021\/05\/Captura-de-ecra-2021-05-09-as-20.44.52.png\" \/>\n\t<meta property=\"og:image:width\" content=\"800\" \/>\n\t<meta property=\"og:image:height\" content=\"600\" \/>\n\t<meta property=\"og:image:type\" content=\"image\/png\" \/>\n<meta name=\"author\" content=\"Antonio Assuncao\" \/>\n<meta name=\"twitter:card\" content=\"summary_large_image\" \/>\n<meta name=\"twitter:label1\" content=\"Escrito por\" \/>\n\t<meta name=\"twitter:data1\" content=\"Antonio Assuncao\" \/>\n\t<meta name=\"twitter:label2\" content=\"Tempo estimado de leitura\" \/>\n\t<meta name=\"twitter:data2\" content=\"1 minuto\" \/>\n<script type=\"application\/ld+json\" class=\"yoast-schema-graph\">{\"@context\":\"https:\\\/\\\/schema.org\",\"@graph\":[{\"@type\":\"Article\",\"@id\":\"https:\\\/\\\/www.tvportugal.tv\\\/portal\\\/oeira-entrega-casas-a-19-familias\\\/#article\",\"isPartOf\":{\"@id\":\"https:\\\/\\\/www.tvportugal.tv\\\/portal\\\/oeira-entrega-casas-a-19-familias\\\/\"},\"author\":{\"name\":\"Antonio Assuncao\",\"@id\":\"https:\\\/\\\/www.tvportugal.tv\\\/portal\\\/#\\\/schema\\\/person\\\/3dd386a0a960b868c3daed310f5d8d6b\"},\"headline\":\"Oeiras Entrega Casas a 19 Fam\u00edlias\",\"datePublished\":\"2021-05-09T19:52:36+00:00\",\"dateModified\":\"2021-05-09T19:52:37+00:00\",\"mainEntityOfPage\":{\"@id\":\"https:\\\/\\\/www.tvportugal.tv\\\/portal\\\/oeira-entrega-casas-a-19-familias\\\/\"},\"wordCount\":126,\"image\":{\"@id\":\"https:\\\/\\\/www.tvportugal.tv\\\/portal\\\/oeira-entrega-casas-a-19-familias\\\/#primaryimage\"},\"thumbnailUrl\":\"https:\\\/\\\/www.tvportugal.tv\\\/portal\\\/wp-content\\\/uploads\\\/2021\\\/05\\\/Captura-de-ecra-2021-05-09-as-20.44.52.png\",\"keywords\":[\"Francisco Rocha Gon\u00e7alves\",\"Inigo Pereira\",\"Isaltino Morais\",\"Oeiras\"],\"articleSection\":[\"Comunidade\",\"Eventos\",\"Oeiras\",\"Politica\",\"Sa\u00fade\",\"S\u00e9nior\",\"Social\",\"V\u00e1rios\"],\"inLanguage\":\"pt-PT\"},{\"@type\":\"WebPage\",\"@id\":\"https:\\\/\\\/www.tvportugal.tv\\\/portal\\\/oeira-entrega-casas-a-19-familias\\\/\",\"url\":\"https:\\\/\\\/www.tvportugal.tv\\\/portal\\\/oeira-entrega-casas-a-19-familias\\\/\",\"name\":\"Oeiras Entrega Casas a 19 Fam\u00edlias\",\"isPartOf\":{\"@id\":\"https:\\\/\\\/www.tvportugal.tv\\\/portal\\\/#website\"},\"primaryImageOfPage\":{\"@id\":\"https:\\\/\\\/www.tvportugal.tv\\\/portal\\\/oeira-entrega-casas-a-19-familias\\\/#primaryimage\"},\"image\":{\"@id\":\"https:\\\/\\\/www.tvportugal.tv\\\/portal\\\/oeira-entrega-casas-a-19-familias\\\/#primaryimage\"},\"thumbnailUrl\":\"https:\\\/\\\/www.tvportugal.tv\\\/portal\\\/wp-content\\\/uploads\\\/2021\\\/05\\\/Captura-de-ecra-2021-05-09-as-20.44.52.png\",\"datePublished\":\"2021-05-09T19:52:36+00:00\",\"dateModified\":\"2021-05-09T19:52:37+00:00\",\"author\":{\"@id\":\"https:\\\/\\\/www.tvportugal.tv\\\/portal\\\/#\\\/schema\\\/person\\\/3dd386a0a960b868c3daed310f5d8d6b\"},\"description\":\"Oeiras Entrega Casas a 19 Fam\u00edlias, Oeiras, Portugal, Televis\u00e3o, Isaltino Morais, Francisco Rocha Gon\u00e7alves, Inigo Pereira\",\"breadcrumb\":{\"@id\":\"https:\\\/\\\/www.tvportugal.tv\\\/portal\\\/oeira-entrega-casas-a-19-familias\\\/#breadcrumb\"},\"inLanguage\":\"pt-PT\",\"potentialAction\":[{\"@type\":\"ReadAction\",\"target\":[\"https:\\\/\\\/www.tvportugal.tv\\\/portal\\\/oeira-entrega-casas-a-19-familias\\\/\"]}]},{\"@type\":\"ImageObject\",\"inLanguage\":\"pt-PT\",\"@id\":\"https:\\\/\\\/www.tvportugal.tv\\\/portal\\\/oeira-entrega-casas-a-19-familias\\\/#primaryimage\",\"url\":\"https:\\\/\\\/www.tvportugal.tv\\\/portal\\\/wp-content\\\/uploads\\\/2021\\\/05\\\/Captura-de-ecra-2021-05-09-as-20.44.52.png\",\"contentUrl\":\"https:\\\/\\\/www.tvportugal.tv\\\/portal\\\/wp-content\\\/uploads\\\/2021\\\/05\\\/Captura-de-ecra-2021-05-09-as-20.44.52.png\",\"width\":800,\"height\":600,\"caption\":\"Oeiras Entrega Casas a 19 Fam\u00edlias, Oeiras, Portugal, Televis\u00e3o, Isaltino Morais, Francisco Rocha Gon\u00e7alves, Inigo Pereira\"},{\"@type\":\"BreadcrumbList\",\"@id\":\"https:\\\/\\\/www.tvportugal.tv\\\/portal\\\/oeira-entrega-casas-a-19-familias\\\/#breadcrumb\",\"itemListElement\":[{\"@type\":\"ListItem\",\"position\":1,\"name\":\"In\u00edcio\",\"item\":\"https:\\\/\\\/www.tvportugal.tv\\\/portal\\\/\"},{\"@type\":\"ListItem\",\"position\":2,\"name\":\"Oeiras Entrega Casas a 19 Fam\u00edlias\"}]},{\"@type\":\"WebSite\",\"@id\":\"https:\\\/\\\/www.tvportugal.tv\\\/portal\\\/#website\",\"url\":\"https:\\\/\\\/www.tvportugal.tv\\\/portal\\\/\",\"name\":\"TV Portugal - Televis\u00e3o - Cascais - Sintra - Oeiras - Lisboa - Noticias\",\"description\":\"Televis\u00e3o Cascais, Televis\u00e3o Estoril, Tv Web com produ\u00e7\u00e3o pr\u00f3pria da Regi\u00e3o de Lisboa, Televis\u00e3o On-line, Noticias de Cascais, Noticias de Sintra, Noticias de Lisboa, Videos, Reportagen\",\"potentialAction\":[{\"@type\":\"SearchAction\",\"target\":{\"@type\":\"EntryPoint\",\"urlTemplate\":\"https:\\\/\\\/www.tvportugal.tv\\\/portal\\\/?s={search_term_string}\"},\"query-input\":{\"@type\":\"PropertyValueSpecification\",\"valueRequired\":true,\"valueName\":\"search_term_string\"}}],\"inLanguage\":\"pt-PT\"},{\"@type\":\"Person\",\"@id\":\"https:\\\/\\\/www.tvportugal.tv\\\/portal\\\/#\\\/schema\\\/person\\\/3dd386a0a960b868c3daed310f5d8d6b\",\"name\":\"Antonio Assuncao\",\"image\":{\"@type\":\"ImageObject\",\"inLanguage\":\"pt-PT\",\"@id\":\"https:\\\/\\\/secure.gravatar.com\\\/avatar\\\/d8f395a7f86675d6142e7d6ee91f1232e911b4f5ad4a72e064ca4dde2d42881b?s=96&d=mm&r=g\",\"url\":\"https:\\\/\\\/secure.gravatar.com\\\/avatar\\\/d8f395a7f86675d6142e7d6ee91f1232e911b4f5ad4a72e064ca4dde2d42881b?s=96&d=mm&r=g\",\"contentUrl\":\"https:\\\/\\\/secure.gravatar.com\\\/avatar\\\/d8f395a7f86675d6142e7d6ee91f1232e911b4f5ad4a72e064ca4dde2d42881b?s=96&d=mm&r=g\",\"caption\":\"Antonio Assuncao\"},\"sameAs\":[\"http:\\\/\\\/www.tvportugal.tv\\\/\"],\"url\":\"https:\\\/\\\/www.tvportugal.tv\\\/portal\\\/author\\\/antonio-assuncao\\\/\"}]}<\/script>\n<!-- \/ Yoast SEO plugin. -->","yoast_head_json":{"title":"Oeiras Entrega Casas a 19 Fam\u00edlias","description":"Oeiras Entrega Casas a 19 Fam\u00edlias, Oeiras, Portugal, Televis\u00e3o, Isaltino Morais, Francisco Rocha Gon\u00e7alves, Inigo Pereira","robots":{"index":"index","follow":"follow","max-snippet":"max-snippet:-1","max-image-preview":"max-image-preview:large","max-video-preview":"max-video-preview:-1"},"canonical":"https:\/\/www.tvportugal.tv\/portal\/oeira-entrega-casas-a-19-familias\/","og_locale":"pt_PT","og_type":"article","og_title":"Oeiras Entrega Casas a 19 Fam\u00edlias","og_description":"Oeiras Entrega Casas a 19 Fam\u00edlias, Oeiras, Portugal, Televis\u00e3o, Isaltino Morais, Francisco Rocha Gon\u00e7alves, Inigo Pereira","og_url":"https:\/\/www.tvportugal.tv\/portal\/oeira-entrega-casas-a-19-familias\/","og_site_name":"TV Portugal - Televis\u00e3o - Cascais - Sintra - Oeiras - Lisboa - Noticias","article_published_time":"2021-05-09T19:52:36+00:00","article_modified_time":"2021-05-09T19:52:37+00:00","og_image":[{"width":800,"height":600,"url":"https:\/\/www.tvportugal.tv\/portal\/wp-content\/uploads\/2021\/05\/Captura-de-ecra-2021-05-09-as-20.44.52.png","type":"image\/png"}],"author":"Antonio Assuncao","twitter_card":"summary_large_image","twitter_misc":{"Escrito por":"Antonio Assuncao","Tempo estimado de leitura":"1 minuto"},"schema":{"@context":"https:\/\/schema.org","@graph":[{"@type":"Article","@id":"https:\/\/www.tvportugal.tv\/portal\/oeira-entrega-casas-a-19-familias\/#article","isPartOf":{"@id":"https:\/\/www.tvportugal.tv\/portal\/oeira-entrega-casas-a-19-familias\/"},"author":{"name":"Antonio Assuncao","@id":"https:\/\/www.tvportugal.tv\/portal\/#\/schema\/person\/3dd386a0a960b868c3daed310f5d8d6b"},"headline":"Oeiras Entrega Casas a 19 Fam\u00edlias","datePublished":"2021-05-09T19:52:36+00:00","dateModified":"2021-05-09T19:52:37+00:00","mainEntityOfPage":{"@id":"https:\/\/www.tvportugal.tv\/portal\/oeira-entrega-casas-a-19-familias\/"},"wordCount":126,"image":{"@id":"https:\/\/www.tvportugal.tv\/portal\/oeira-entrega-casas-a-19-familias\/#primaryimage"},"thumbnailUrl":"https:\/\/www.tvportugal.tv\/portal\/wp-content\/uploads\/2021\/05\/Captura-de-ecra-2021-05-09-as-20.44.52.png","keywords":["Francisco Rocha Gon\u00e7alves","Inigo Pereira","Isaltino Morais","Oeiras"],"articleSection":["Comunidade","Eventos","Oeiras","Politica","Sa\u00fade","S\u00e9nior","Social","V\u00e1rios"],"inLanguage":"pt-PT"},{"@type":"WebPage","@id":"https:\/\/www.tvportugal.tv\/portal\/oeira-entrega-casas-a-19-familias\/","url":"https:\/\/www.tvportugal.tv\/portal\/oeira-entrega-casas-a-19-familias\/","name":"Oeiras Entrega Casas a 19 Fam\u00edlias","isPartOf":{"@id":"https:\/\/www.tvportugal.tv\/portal\/#website"},"primaryImageOfPage":{"@id":"https:\/\/www.tvportugal.tv\/portal\/oeira-entrega-casas-a-19-familias\/#primaryimage"},"image":{"@id":"https:\/\/www.tvportugal.tv\/portal\/oeira-entrega-casas-a-19-familias\/#primaryimage"},"thumbnailUrl":"https:\/\/www.tvportugal.tv\/portal\/wp-content\/uploads\/2021\/05\/Captura-de-ecra-2021-05-09-as-20.44.52.png","datePublished":"2021-05-09T19:52:36+00:00","dateModified":"2021-05-09T19:52:37+00:00","author":{"@id":"https:\/\/www.tvportugal.tv\/portal\/#\/schema\/person\/3dd386a0a960b868c3daed310f5d8d6b"},"description":"Oeiras Entrega Casas a 19 Fam\u00edlias, Oeiras, Portugal, Televis\u00e3o, Isaltino Morais, Francisco Rocha Gon\u00e7alves, Inigo Pereira","breadcrumb":{"@id":"https:\/\/www.tvportugal.tv\/portal\/oeira-entrega-casas-a-19-familias\/#breadcrumb"},"inLanguage":"pt-PT","potentialAction":[{"@type":"ReadAction","target":["https:\/\/www.tvportugal.tv\/portal\/oeira-entrega-casas-a-19-familias\/"]}]},{"@type":"ImageObject","inLanguage":"pt-PT","@id":"https:\/\/www.tvportugal.tv\/portal\/oeira-entrega-casas-a-19-familias\/#primaryimage","url":"https:\/\/www.tvportugal.tv\/portal\/wp-content\/uploads\/2021\/05\/Captura-de-ecra-2021-05-09-as-20.44.52.png","contentUrl":"https:\/\/www.tvportugal.tv\/portal\/wp-content\/uploads\/2021\/05\/Captura-de-ecra-2021-05-09-as-20.44.52.png","width":800,"height":600,"caption":"Oeiras Entrega Casas a 19 Fam\u00edlias, Oeiras, Portugal, Televis\u00e3o, Isaltino Morais, Francisco Rocha Gon\u00e7alves, Inigo Pereira"},{"@type":"BreadcrumbList","@id":"https:\/\/www.tvportugal.tv\/portal\/oeira-entrega-casas-a-19-familias\/#breadcrumb","itemListElement":[{"@type":"ListItem","position":1,"name":"In\u00edcio","item":"https:\/\/www.tvportugal.tv\/portal\/"},{"@type":"ListItem","position":2,"name":"Oeiras Entrega Casas a 19 Fam\u00edlias"}]},{"@type":"WebSite","@id":"https:\/\/www.tvportugal.tv\/portal\/#website","url":"https:\/\/www.tvportugal.tv\/portal\/","name":"TV Portugal - Televis\u00e3o - Cascais - Sintra - Oeiras - Lisboa - Noticias","description":"Televis\u00e3o Cascais, Televis\u00e3o Estoril, Tv Web com produ\u00e7\u00e3o pr\u00f3pria da Regi\u00e3o de Lisboa, Televis\u00e3o On-line, Noticias de Cascais, Noticias de Sintra, Noticias de Lisboa, Videos, Reportagen","potentialAction":[{"@type":"SearchAction","target":{"@type":"EntryPoint","urlTemplate":"https:\/\/www.tvportugal.tv\/portal\/?s={search_term_string}"},"query-input":{"@type":"PropertyValueSpecification","valueRequired":true,"valueName":"search_term_string"}}],"inLanguage":"pt-PT"},{"@type":"Person","@id":"https:\/\/www.tvportugal.tv\/portal\/#\/schema\/person\/3dd386a0a960b868c3daed310f5d8d6b","name":"Antonio Assuncao","image":{"@type":"ImageObject","inLanguage":"pt-PT","@id":"https:\/\/secure.gravatar.com\/avatar\/d8f395a7f86675d6142e7d6ee91f1232e911b4f5ad4a72e064ca4dde2d42881b?s=96&d=mm&r=g","url":"https:\/\/secure.gravatar.com\/avatar\/d8f395a7f86675d6142e7d6ee91f1232e911b4f5ad4a72e064ca4dde2d42881b?s=96&d=mm&r=g","contentUrl":"https:\/\/secure.gravatar.com\/avatar\/d8f395a7f86675d6142e7d6ee91f1232e911b4f5ad4a72e064ca4dde2d42881b?s=96&d=mm&r=g","caption":"Antonio Assuncao"},"sameAs":["http:\/\/www.tvportugal.tv\/"],"url":"https:\/\/www.tvportugal.tv\/portal\/author\/antonio-assuncao\/"}]}},"_links":{"self":[{"href":"https:\/\/www.tvportugal.tv\/portal\/wp-json\/wp\/v2\/posts\/7182","targetHints":{"allow":["GET"]}}],"collection":[{"href":"https:\/\/www.tvportugal.tv\/portal\/wp-json\/wp\/v2\/posts"}],"about":[{"href":"https:\/\/www.tvportugal.tv\/portal\/wp-json\/wp\/v2\/types\/post"}],"author":[{"embeddable":true,"href":"https:\/\/www.tvportugal.tv\/portal\/wp-json\/wp\/v2\/users\/2"}],"replies":[{"embeddable":true,"href":"https:\/\/www.tvportugal.tv\/portal\/wp-json\/wp\/v2\/comments?post=7182"}],"version-history":[{"count":1,"href":"https:\/\/www.tvportugal.tv\/portal\/wp-json\/wp\/v2\/posts\/7182\/revisions"}],"predecessor-version":[{"id":7184,"href":"https:\/\/www.tvportugal.tv\/portal\/wp-json\/wp\/v2\/posts\/7182\/revisions\/7184"}],"wp:featuredmedia":[{"embeddable":true,"href":"https:\/\/www.tvportugal.tv\/portal\/wp-json\/wp\/v2\/media\/7183"}],"wp:attachment":[{"href":"https:\/\/www.tvportugal.tv\/portal\/wp-json\/wp\/v2\/media?parent=7182"}],"wp:term":[{"taxonomy":"category","embeddable":true,"href":"https:\/\/www.tvportugal.tv\/portal\/wp-json\/wp\/v2\/categories?post=7182"},{"taxonomy":"post_tag","embeddable":true,"href":"https:\/\/www.tvportugal.tv\/portal\/wp-json\/wp\/v2\/tags?post=7182"}],"curies":[{"name":"wp","href":"https:\/\/api.w.org\/{rel}","templated":true}]}}