{"id":7165,"date":"2021-04-27T01:41:28","date_gmt":"2021-04-27T01:41:28","guid":{"rendered":"https:\/\/www.tvportugal.tv\/portal\/?p=7165"},"modified":"2021-04-27T01:43:24","modified_gmt":"2021-04-27T01:43:24","slug":"oeiras-celebra-47-aniversario-25-de-abril-de-2021","status":"publish","type":"post","link":"https:\/\/www.tvportugal.tv\/portal\/oeiras-celebra-47-aniversario-25-de-abril-de-2021\/","title":{"rendered":"\ud835\udde2\ud835\uddf2\ud835\uddf6\ud835\uddff\ud835\uddee\ud835\ude00 \ud835\uddd6\ud835\uddf2\ud835\uddf9\ud835\uddf2\ud835\uddef\ud835\uddff\ud835\uddee \ud835\udff0\ud835\udff3.\u00ba \ud835\uddd4\ud835\uddfb\ud835\uddf6\ud835\ude03\ud835\uddf2\ud835\uddff\ud835\ude00\ud835\uddee\u0301\ud835\uddff\ud835\uddf6\ud835\uddfc \ud835\udfee\ud835\udff1 \ud835\uddf1\ud835\uddf2 \ud835\uddd4\ud835\uddef\ud835\uddff\ud835\uddf6\ud835\uddf9 \ud835\uddf1\ud835\uddf2 \ud835\udfee\ud835\udfec\ud835\udfee\ud835\udfed"},"content":{"rendered":"<p>[vc_row][vc_column][vc_column_text]<\/p>\n<h1 class=\"title style-scope ytd-video-primary-info-renderer\">\ud835\udde2\ud835\uddf2\ud835\uddf6\ud835\uddff\ud835\uddee\ud835\ude00 \ud835\uddd6\ud835\uddf2\ud835\uddf9\ud835\uddf2\ud835\uddef\ud835\uddff\ud835\uddee \ud835\udff0\ud835\udff3.\u00ba \ud835\uddd4\ud835\uddfb\ud835\uddf6\ud835\ude03\ud835\uddf2\ud835\uddff\ud835\ude00\ud835\uddee\u0301\ud835\uddff\ud835\uddf6\ud835\uddfc \ud835\udfee\ud835\udff1 \ud835\uddf1\ud835\uddf2 \ud835\uddd4\ud835\uddef\ud835\uddff\ud835\uddf6\ud835\uddf9 \ud835\uddf1\ud835\uddf2 \ud835\udfee\ud835\udfec\ud835\udfee\ud835\udfed<\/h1>\n<p>[\/vc_column_text][\/vc_column][\/vc_row][vc_row][vc_column][vc_column_text]&#8221;Eu acho que o 25 de Abril deve ser cada vez mais importante porque quanto mais nos afastamos no tempo da data do 25 de Abril de 1974, quando h\u00e1 j\u00e1 muita gente, muitos Portugueses que nasceram depois dessa data e que n\u00e3o t\u00eam bem a no\u00e7\u00e3o do que era a vida deste pa\u00eds antes do 25 de Abril com uma predomin\u00e2ncia de analfabetos, com censura, com muitas restri\u00e7\u00f5es aos direitos dos cidad\u00e3os.&#8221; Isaltino Morais, Presidente CM Oeiras. Reportagem, Imagem e Edi\u00e7\u00e3o &#8211; Ant\u00f3nio Assun\u00e7\u00e3o 2021 04 26<span style=\"font-size: inherit;\">[\/vc_column_text][\/vc_column][\/vc_row][vc_row][vc_column][vc_video link=&#8221;https:\/\/www.youtube.com\/watch?v=rISYwGYC12w&#8221;][\/vc_column][\/vc_row]<\/span><\/p>\n","protected":false},"excerpt":{"rendered":"<p>[vc_row][vc_column][vc_column_text] \ud835\udde2\ud835\uddf2\ud835\uddf6\ud835\uddff\ud835\uddee\ud835\ude00 \ud835\uddd6\ud835\uddf2\ud835\uddf9\ud835\uddf2\ud835\uddef\ud835\uddff\ud835\uddee \ud835\udff0\ud835\udff3.\u00ba \ud835\uddd4\ud835\uddfb\ud835\uddf6\ud835\ude03\ud835\uddf2\ud835\uddff\ud835\ude00\ud835\uddee\u0301\ud835\uddff\ud835\uddf6\ud835\uddfc \ud835\udfee\ud835\udff1 \ud835\uddf1\ud835\uddf2 \ud835\uddd4\ud835\uddef\ud835\uddff\ud835\uddf6\ud835\uddf9 \ud835\uddf1\ud835\uddf2 \ud835\udfee\ud835\udfec\ud835\udfee\ud835\udfed [\/vc_column_text][\/vc_column][\/vc_row][vc_row][vc_column][vc_column_text]&#8221;Eu acho que o 25 de Abril deve ser cada vez mais importante porque quanto mais nos afastamos no tempo da data do 25 de Abril de 1974, quando h\u00e1 j\u00e1 muita gente, muitos Portugueses que nasceram depois dessa data<span class=\"excerpt-hellip\"> [\u2026]<\/span><\/p>\n","protected":false},"author":2,"featured_media":7166,"comment_status":"closed","ping_status":"closed","sticky":false,"template":"","format":"standard","meta":{"footnotes":""},"categories":[140,137,64,120,190,65,53,47,77,188,41,178],"tags":[205,215,192],"class_list":["post-7165","post","type-post","status-publish","format-standard","has-post-thumbnail","hentry","category-aniversario","category-comunidade","category-cultura","category-educacao","category-espectaculo","category-eventos","category-festas","category-inauguracoes","category-oeiras","category-politica","category-social","category-varios","tag-francisco-rocha-goncalves","tag-inigo-pereira","tag-isaltino-morais"],"yoast_head":"<!-- This site is optimized with the Yoast SEO plugin v27.5 - https:\/\/yoast.com\/product\/yoast-seo-wordpress\/ -->\n<title>\ud835\udde2\ud835\uddf2\ud835\uddf6\ud835\uddff\ud835\uddee\ud835\ude00 \ud835\uddd6\ud835\uddf2\ud835\uddf9\ud835\uddf2\ud835\uddef\ud835\uddff\ud835\uddee \ud835\udff0\ud835\udff3.\u00ba \ud835\uddd4\ud835\uddfb\ud835\uddf6\ud835\ude03\ud835\uddf2\ud835\uddff\ud835\ude00\ud835\uddee\u0301\ud835\uddff\ud835\uddf6\ud835\uddfc \ud835\udfee\ud835\udff1 \ud835\uddf1\ud835\uddf2 \ud835\uddd4\ud835\uddef\ud835\uddff\ud835\uddf6\ud835\uddf9 \ud835\uddf1\ud835\uddf2 \ud835\udfee\ud835\udfec\ud835\udfee\ud835\udfed<\/title>\n<meta name=\"description\" content=\"\ud835\udde2\ud835\uddf2\ud835\uddf6\ud835\uddff\ud835\uddee\ud835\ude00 \ud835\uddd6\ud835\uddf2\ud835\uddf9\ud835\uddf2\ud835\uddef\ud835\uddff\ud835\uddee \ud835\udff0\ud835\udff3.\u00ba \ud835\uddd4\ud835\uddfb\ud835\uddf6\ud835\ude03\ud835\uddf2\ud835\uddff\ud835\ude00\ud835\uddee\u0301\ud835\uddff\ud835\uddf6\ud835\uddfc \ud835\udfee\ud835\udff1 \ud835\uddf1\ud835\uddf2 \ud835\uddd4\ud835\uddef\ud835\uddff\ud835\uddf6\ud835\uddf9 \ud835\uddf1\ud835\uddf2 \ud835\udfee\ud835\udfec\ud835\udfee\ud835\udfed, Portugal, Televis\u00e3o, Oeiras, Isaltino Morais\" \/>\n<meta name=\"robots\" content=\"index, follow, max-snippet:-1, max-image-preview:large, max-video-preview:-1\" \/>\n<link rel=\"canonical\" href=\"https:\/\/www.tvportugal.tv\/portal\/oeiras-celebra-47-aniversario-25-de-abril-de-2021\/\" \/>\n<meta property=\"og:locale\" content=\"pt_PT\" \/>\n<meta property=\"og:type\" content=\"article\" \/>\n<meta property=\"og:title\" content=\"\ud835\udde2\ud835\uddf2\ud835\uddf6\ud835\uddff\ud835\uddee\ud835\ude00 \ud835\uddd6\ud835\uddf2\ud835\uddf9\ud835\uddf2\ud835\uddef\ud835\uddff\ud835\uddee \ud835\udff0\ud835\udff3.\u00ba \ud835\uddd4\ud835\uddfb\ud835\uddf6\ud835\ude03\ud835\uddf2\ud835\uddff\ud835\ude00\ud835\uddee\u0301\ud835\uddff\ud835\uddf6\ud835\uddfc \ud835\udfee\ud835\udff1 \ud835\uddf1\ud835\uddf2 \ud835\uddd4\ud835\uddef\ud835\uddff\ud835\uddf6\ud835\uddf9 \ud835\uddf1\ud835\uddf2 \ud835\udfee\ud835\udfec\ud835\udfee\ud835\udfed\" \/>\n<meta property=\"og:description\" content=\"\ud835\udde2\ud835\uddf2\ud835\uddf6\ud835\uddff\ud835\uddee\ud835\ude00 \ud835\uddd6\ud835\uddf2\ud835\uddf9\ud835\uddf2\ud835\uddef\ud835\uddff\ud835\uddee \ud835\udff0\ud835\udff3.\u00ba \ud835\uddd4\ud835\uddfb\ud835\uddf6\ud835\ude03\ud835\uddf2\ud835\uddff\ud835\ude00\ud835\uddee\u0301\ud835\uddff\ud835\uddf6\ud835\uddfc \ud835\udfee\ud835\udff1 \ud835\uddf1\ud835\uddf2 \ud835\uddd4\ud835\uddef\ud835\uddff\ud835\uddf6\ud835\uddf9 \ud835\uddf1\ud835\uddf2 \ud835\udfee\ud835\udfec\ud835\udfee\ud835\udfed, Portugal, Televis\u00e3o, Oeiras, Isaltino Morais\" \/>\n<meta property=\"og:url\" content=\"https:\/\/www.tvportugal.tv\/portal\/oeiras-celebra-47-aniversario-25-de-abril-de-2021\/\" \/>\n<meta property=\"og:site_name\" content=\"TV Portugal - Televis\u00e3o - Cascais - Sintra - Oeiras - Lisboa - Noticias\" \/>\n<meta property=\"article:published_time\" content=\"2021-04-27T01:41:28+00:00\" \/>\n<meta property=\"article:modified_time\" content=\"2021-04-27T01:43:24+00:00\" \/>\n<meta property=\"og:image\" content=\"https:\/\/www.tvportugal.tv\/portal\/wp-content\/uploads\/2021\/04\/Captura-de-ecra-2021-04-27-as-02.31.48.png\" \/>\n\t<meta property=\"og:image:width\" content=\"800\" \/>\n\t<meta property=\"og:image:height\" content=\"600\" \/>\n\t<meta property=\"og:image:type\" content=\"image\/png\" \/>\n<meta name=\"author\" content=\"Antonio Assuncao\" \/>\n<meta name=\"twitter:card\" content=\"summary_large_image\" \/>\n<meta name=\"twitter:label1\" content=\"Escrito por\" \/>\n\t<meta name=\"twitter:data1\" content=\"Antonio Assuncao\" \/>\n\t<meta name=\"twitter:label2\" content=\"Tempo estimado de leitura\" \/>\n\t<meta name=\"twitter:data2\" content=\"1 minuto\" \/>\n<script type=\"application\/ld+json\" class=\"yoast-schema-graph\">{\"@context\":\"https:\\\/\\\/schema.org\",\"@graph\":[{\"@type\":\"Article\",\"@id\":\"https:\\\/\\\/www.tvportugal.tv\\\/portal\\\/oeiras-celebra-47-aniversario-25-de-abril-de-2021\\\/#article\",\"isPartOf\":{\"@id\":\"https:\\\/\\\/www.tvportugal.tv\\\/portal\\\/oeiras-celebra-47-aniversario-25-de-abril-de-2021\\\/\"},\"author\":{\"name\":\"Antonio Assuncao\",\"@id\":\"https:\\\/\\\/www.tvportugal.tv\\\/portal\\\/#\\\/schema\\\/person\\\/3dd386a0a960b868c3daed310f5d8d6b\"},\"headline\":\"\ud835\udde2\ud835\uddf2\ud835\uddf6\ud835\uddff\ud835\uddee\ud835\ude00 \ud835\uddd6\ud835\uddf2\ud835\uddf9\ud835\uddf2\ud835\uddef\ud835\uddff\ud835\uddee \ud835\udff0\ud835\udff3.\u00ba \ud835\uddd4\ud835\uddfb\ud835\uddf6\ud835\ude03\ud835\uddf2\ud835\uddff\ud835\ude00\ud835\uddee\u0301\ud835\uddff\ud835\uddf6\ud835\uddfc \ud835\udfee\ud835\udff1 \ud835\uddf1\ud835\uddf2 \ud835\uddd4\ud835\uddef\ud835\uddff\ud835\uddf6\ud835\uddf9 \ud835\uddf1\ud835\uddf2 \ud835\udfee\ud835\udfec\ud835\udfee\ud835\udfed\",\"datePublished\":\"2021-04-27T01:41:28+00:00\",\"dateModified\":\"2021-04-27T01:43:24+00:00\",\"mainEntityOfPage\":{\"@id\":\"https:\\\/\\\/www.tvportugal.tv\\\/portal\\\/oeiras-celebra-47-aniversario-25-de-abril-de-2021\\\/\"},\"wordCount\":138,\"image\":{\"@id\":\"https:\\\/\\\/www.tvportugal.tv\\\/portal\\\/oeiras-celebra-47-aniversario-25-de-abril-de-2021\\\/#primaryimage\"},\"thumbnailUrl\":\"https:\\\/\\\/www.tvportugal.tv\\\/portal\\\/wp-content\\\/uploads\\\/2021\\\/04\\\/Captura-de-ecra-2021-04-27-as-02.31.48.png\",\"keywords\":[\"Francisco Rocha Gon\u00e7alves\",\"Inigo Pereira\",\"Isaltino Morais\"],\"articleSection\":[\"Anivers\u00e1rio\",\"Comunidade\",\"Cultura\",\"Educa\u00e7\u00e3o\",\"Espect\u00e1culo\",\"Eventos\",\"Festas\",\"Inaugura\u00e7\u00f5es\",\"Oeiras\",\"Politica\",\"Social\",\"V\u00e1rios\"],\"inLanguage\":\"pt-PT\"},{\"@type\":\"WebPage\",\"@id\":\"https:\\\/\\\/www.tvportugal.tv\\\/portal\\\/oeiras-celebra-47-aniversario-25-de-abril-de-2021\\\/\",\"url\":\"https:\\\/\\\/www.tvportugal.tv\\\/portal\\\/oeiras-celebra-47-aniversario-25-de-abril-de-2021\\\/\",\"name\":\"\ud835\udde2\ud835\uddf2\ud835\uddf6\ud835\uddff\ud835\uddee\ud835\ude00 \ud835\uddd6\ud835\uddf2\ud835\uddf9\ud835\uddf2\ud835\uddef\ud835\uddff\ud835\uddee \ud835\udff0\ud835\udff3.\u00ba \ud835\uddd4\ud835\uddfb\ud835\uddf6\ud835\ude03\ud835\uddf2\ud835\uddff\ud835\ude00\ud835\uddee\u0301\ud835\uddff\ud835\uddf6\ud835\uddfc \ud835\udfee\ud835\udff1 \ud835\uddf1\ud835\uddf2 \ud835\uddd4\ud835\uddef\ud835\uddff\ud835\uddf6\ud835\uddf9 \ud835\uddf1\ud835\uddf2 \ud835\udfee\ud835\udfec\ud835\udfee\ud835\udfed\",\"isPartOf\":{\"@id\":\"https:\\\/\\\/www.tvportugal.tv\\\/portal\\\/#website\"},\"primaryImageOfPage\":{\"@id\":\"https:\\\/\\\/www.tvportugal.tv\\\/portal\\\/oeiras-celebra-47-aniversario-25-de-abril-de-2021\\\/#primaryimage\"},\"image\":{\"@id\":\"https:\\\/\\\/www.tvportugal.tv\\\/portal\\\/oeiras-celebra-47-aniversario-25-de-abril-de-2021\\\/#primaryimage\"},\"thumbnailUrl\":\"https:\\\/\\\/www.tvportugal.tv\\\/portal\\\/wp-content\\\/uploads\\\/2021\\\/04\\\/Captura-de-ecra-2021-04-27-as-02.31.48.png\",\"datePublished\":\"2021-04-27T01:41:28+00:00\",\"dateModified\":\"2021-04-27T01:43:24+00:00\",\"author\":{\"@id\":\"https:\\\/\\\/www.tvportugal.tv\\\/portal\\\/#\\\/schema\\\/person\\\/3dd386a0a960b868c3daed310f5d8d6b\"},\"description\":\"\ud835\udde2\ud835\uddf2\ud835\uddf6\ud835\uddff\ud835\uddee\ud835\ude00 \ud835\uddd6\ud835\uddf2\ud835\uddf9\ud835\uddf2\ud835\uddef\ud835\uddff\ud835\uddee \ud835\udff0\ud835\udff3.\u00ba \ud835\uddd4\ud835\uddfb\ud835\uddf6\ud835\ude03\ud835\uddf2\ud835\uddff\ud835\ude00\ud835\uddee\u0301\ud835\uddff\ud835\uddf6\ud835\uddfc \ud835\udfee\ud835\udff1 \ud835\uddf1\ud835\uddf2 \ud835\uddd4\ud835\uddef\ud835\uddff\ud835\uddf6\ud835\uddf9 \ud835\uddf1\ud835\uddf2 \ud835\udfee\ud835\udfec\ud835\udfee\ud835\udfed, Portugal, Televis\u00e3o, Oeiras, Isaltino Morais\",\"breadcrumb\":{\"@id\":\"https:\\\/\\\/www.tvportugal.tv\\\/portal\\\/oeiras-celebra-47-aniversario-25-de-abril-de-2021\\\/#breadcrumb\"},\"inLanguage\":\"pt-PT\",\"potentialAction\":[{\"@type\":\"ReadAction\",\"target\":[\"https:\\\/\\\/www.tvportugal.tv\\\/portal\\\/oeiras-celebra-47-aniversario-25-de-abril-de-2021\\\/\"]}]},{\"@type\":\"ImageObject\",\"inLanguage\":\"pt-PT\",\"@id\":\"https:\\\/\\\/www.tvportugal.tv\\\/portal\\\/oeiras-celebra-47-aniversario-25-de-abril-de-2021\\\/#primaryimage\",\"url\":\"https:\\\/\\\/www.tvportugal.tv\\\/portal\\\/wp-content\\\/uploads\\\/2021\\\/04\\\/Captura-de-ecra-2021-04-27-as-02.31.48.png\",\"contentUrl\":\"https:\\\/\\\/www.tvportugal.tv\\\/portal\\\/wp-content\\\/uploads\\\/2021\\\/04\\\/Captura-de-ecra-2021-04-27-as-02.31.48.png\",\"width\":800,\"height\":600,\"caption\":\"\ud835\udde2\ud835\uddf2\ud835\uddf6\ud835\uddff\ud835\uddee\ud835\ude00 \ud835\uddd6\ud835\uddf2\ud835\uddf9\ud835\uddf2\ud835\uddef\ud835\uddff\ud835\uddee \ud835\udff0\ud835\udff3.\u00ba \ud835\uddd4\ud835\uddfb\ud835\uddf6\ud835\ude03\ud835\uddf2\ud835\uddff\ud835\ude00\ud835\uddee\u0301\ud835\uddff\ud835\uddf6\ud835\uddfc \ud835\udfee\ud835\udff1 \ud835\uddf1\ud835\uddf2 \ud835\uddd4\ud835\uddef\ud835\uddff\ud835\uddf6\ud835\uddf9 \ud835\uddf1\ud835\uddf2 \ud835\udfee\ud835\udfec\ud835\udfee\ud835\udfed, Portugal, Televis\u00e3o, Oeiras, Isaltino Morais\"},{\"@type\":\"BreadcrumbList\",\"@id\":\"https:\\\/\\\/www.tvportugal.tv\\\/portal\\\/oeiras-celebra-47-aniversario-25-de-abril-de-2021\\\/#breadcrumb\",\"itemListElement\":[{\"@type\":\"ListItem\",\"position\":1,\"name\":\"In\u00edcio\",\"item\":\"https:\\\/\\\/www.tvportugal.tv\\\/portal\\\/\"},{\"@type\":\"ListItem\",\"position\":2,\"name\":\"\ud835\udde2\ud835\uddf2\ud835\uddf6\ud835\uddff\ud835\uddee\ud835\ude00 \ud835\uddd6\ud835\uddf2\ud835\uddf9\ud835\uddf2\ud835\uddef\ud835\uddff\ud835\uddee \ud835\udff0\ud835\udff3.\u00ba \ud835\uddd4\ud835\uddfb\ud835\uddf6\ud835\ude03\ud835\uddf2\ud835\uddff\ud835\ude00\ud835\uddee\u0301\ud835\uddff\ud835\uddf6\ud835\uddfc \ud835\udfee\ud835\udff1 \ud835\uddf1\ud835\uddf2 \ud835\uddd4\ud835\uddef\ud835\uddff\ud835\uddf6\ud835\uddf9 \ud835\uddf1\ud835\uddf2 \ud835\udfee\ud835\udfec\ud835\udfee\ud835\udfed\"}]},{\"@type\":\"WebSite\",\"@id\":\"https:\\\/\\\/www.tvportugal.tv\\\/portal\\\/#website\",\"url\":\"https:\\\/\\\/www.tvportugal.tv\\\/portal\\\/\",\"name\":\"TV Portugal - Televis\u00e3o - Cascais - Sintra - Oeiras - Lisboa - Noticias\",\"description\":\"Televis\u00e3o Cascais, Televis\u00e3o Estoril, Tv Web com produ\u00e7\u00e3o pr\u00f3pria da Regi\u00e3o de Lisboa, Televis\u00e3o On-line, Noticias de Cascais, Noticias de Sintra, Noticias de Lisboa, Videos, Reportagen\",\"potentialAction\":[{\"@type\":\"SearchAction\",\"target\":{\"@type\":\"EntryPoint\",\"urlTemplate\":\"https:\\\/\\\/www.tvportugal.tv\\\/portal\\\/?s={search_term_string}\"},\"query-input\":{\"@type\":\"PropertyValueSpecification\",\"valueRequired\":true,\"valueName\":\"search_term_string\"}}],\"inLanguage\":\"pt-PT\"},{\"@type\":\"Person\",\"@id\":\"https:\\\/\\\/www.tvportugal.tv\\\/portal\\\/#\\\/schema\\\/person\\\/3dd386a0a960b868c3daed310f5d8d6b\",\"name\":\"Antonio Assuncao\",\"image\":{\"@type\":\"ImageObject\",\"inLanguage\":\"pt-PT\",\"@id\":\"https:\\\/\\\/secure.gravatar.com\\\/avatar\\\/d8f395a7f86675d6142e7d6ee91f1232e911b4f5ad4a72e064ca4dde2d42881b?s=96&d=mm&r=g\",\"url\":\"https:\\\/\\\/secure.gravatar.com\\\/avatar\\\/d8f395a7f86675d6142e7d6ee91f1232e911b4f5ad4a72e064ca4dde2d42881b?s=96&d=mm&r=g\",\"contentUrl\":\"https:\\\/\\\/secure.gravatar.com\\\/avatar\\\/d8f395a7f86675d6142e7d6ee91f1232e911b4f5ad4a72e064ca4dde2d42881b?s=96&d=mm&r=g\",\"caption\":\"Antonio Assuncao\"},\"sameAs\":[\"http:\\\/\\\/www.tvportugal.tv\\\/\"],\"url\":\"https:\\\/\\\/www.tvportugal.tv\\\/portal\\\/author\\\/antonio-assuncao\\\/\"}]}<\/script>\n<!-- \/ Yoast SEO plugin. -->","yoast_head_json":{"title":"\ud835\udde2\ud835\uddf2\ud835\uddf6\ud835\uddff\ud835\uddee\ud835\ude00 \ud835\uddd6\ud835\uddf2\ud835\uddf9\ud835\uddf2\ud835\uddef\ud835\uddff\ud835\uddee \ud835\udff0\ud835\udff3.\u00ba \ud835\uddd4\ud835\uddfb\ud835\uddf6\ud835\ude03\ud835\uddf2\ud835\uddff\ud835\ude00\ud835\uddee\u0301\ud835\uddff\ud835\uddf6\ud835\uddfc \ud835\udfee\ud835\udff1 \ud835\uddf1\ud835\uddf2 \ud835\uddd4\ud835\uddef\ud835\uddff\ud835\uddf6\ud835\uddf9 \ud835\uddf1\ud835\uddf2 \ud835\udfee\ud835\udfec\ud835\udfee\ud835\udfed","description":"\ud835\udde2\ud835\uddf2\ud835\uddf6\ud835\uddff\ud835\uddee\ud835\ude00 \ud835\uddd6\ud835\uddf2\ud835\uddf9\ud835\uddf2\ud835\uddef\ud835\uddff\ud835\uddee \ud835\udff0\ud835\udff3.\u00ba \ud835\uddd4\ud835\uddfb\ud835\uddf6\ud835\ude03\ud835\uddf2\ud835\uddff\ud835\ude00\ud835\uddee\u0301\ud835\uddff\ud835\uddf6\ud835\uddfc \ud835\udfee\ud835\udff1 \ud835\uddf1\ud835\uddf2 \ud835\uddd4\ud835\uddef\ud835\uddff\ud835\uddf6\ud835\uddf9 \ud835\uddf1\ud835\uddf2 \ud835\udfee\ud835\udfec\ud835\udfee\ud835\udfed, Portugal, Televis\u00e3o, Oeiras, Isaltino Morais","robots":{"index":"index","follow":"follow","max-snippet":"max-snippet:-1","max-image-preview":"max-image-preview:large","max-video-preview":"max-video-preview:-1"},"canonical":"https:\/\/www.tvportugal.tv\/portal\/oeiras-celebra-47-aniversario-25-de-abril-de-2021\/","og_locale":"pt_PT","og_type":"article","og_title":"\ud835\udde2\ud835\uddf2\ud835\uddf6\ud835\uddff\ud835\uddee\ud835\ude00 \ud835\uddd6\ud835\uddf2\ud835\uddf9\ud835\uddf2\ud835\uddef\ud835\uddff\ud835\uddee \ud835\udff0\ud835\udff3.\u00ba \ud835\uddd4\ud835\uddfb\ud835\uddf6\ud835\ude03\ud835\uddf2\ud835\uddff\ud835\ude00\ud835\uddee\u0301\ud835\uddff\ud835\uddf6\ud835\uddfc \ud835\udfee\ud835\udff1 \ud835\uddf1\ud835\uddf2 \ud835\uddd4\ud835\uddef\ud835\uddff\ud835\uddf6\ud835\uddf9 \ud835\uddf1\ud835\uddf2 \ud835\udfee\ud835\udfec\ud835\udfee\ud835\udfed","og_description":"\ud835\udde2\ud835\uddf2\ud835\uddf6\ud835\uddff\ud835\uddee\ud835\ude00 \ud835\uddd6\ud835\uddf2\ud835\uddf9\ud835\uddf2\ud835\uddef\ud835\uddff\ud835\uddee \ud835\udff0\ud835\udff3.\u00ba \ud835\uddd4\ud835\uddfb\ud835\uddf6\ud835\ude03\ud835\uddf2\ud835\uddff\ud835\ude00\ud835\uddee\u0301\ud835\uddff\ud835\uddf6\ud835\uddfc \ud835\udfee\ud835\udff1 \ud835\uddf1\ud835\uddf2 \ud835\uddd4\ud835\uddef\ud835\uddff\ud835\uddf6\ud835\uddf9 \ud835\uddf1\ud835\uddf2 \ud835\udfee\ud835\udfec\ud835\udfee\ud835\udfed, Portugal, Televis\u00e3o, Oeiras, Isaltino Morais","og_url":"https:\/\/www.tvportugal.tv\/portal\/oeiras-celebra-47-aniversario-25-de-abril-de-2021\/","og_site_name":"TV Portugal - Televis\u00e3o - Cascais - Sintra - Oeiras - Lisboa - Noticias","article_published_time":"2021-04-27T01:41:28+00:00","article_modified_time":"2021-04-27T01:43:24+00:00","og_image":[{"width":800,"height":600,"url":"https:\/\/www.tvportugal.tv\/portal\/wp-content\/uploads\/2021\/04\/Captura-de-ecra-2021-04-27-as-02.31.48.png","type":"image\/png"}],"author":"Antonio Assuncao","twitter_card":"summary_large_image","twitter_misc":{"Escrito por":"Antonio Assuncao","Tempo estimado de leitura":"1 minuto"},"schema":{"@context":"https:\/\/schema.org","@graph":[{"@type":"Article","@id":"https:\/\/www.tvportugal.tv\/portal\/oeiras-celebra-47-aniversario-25-de-abril-de-2021\/#article","isPartOf":{"@id":"https:\/\/www.tvportugal.tv\/portal\/oeiras-celebra-47-aniversario-25-de-abril-de-2021\/"},"author":{"name":"Antonio Assuncao","@id":"https:\/\/www.tvportugal.tv\/portal\/#\/schema\/person\/3dd386a0a960b868c3daed310f5d8d6b"},"headline":"\ud835\udde2\ud835\uddf2\ud835\uddf6\ud835\uddff\ud835\uddee\ud835\ude00 \ud835\uddd6\ud835\uddf2\ud835\uddf9\ud835\uddf2\ud835\uddef\ud835\uddff\ud835\uddee \ud835\udff0\ud835\udff3.\u00ba \ud835\uddd4\ud835\uddfb\ud835\uddf6\ud835\ude03\ud835\uddf2\ud835\uddff\ud835\ude00\ud835\uddee\u0301\ud835\uddff\ud835\uddf6\ud835\uddfc \ud835\udfee\ud835\udff1 \ud835\uddf1\ud835\uddf2 \ud835\uddd4\ud835\uddef\ud835\uddff\ud835\uddf6\ud835\uddf9 \ud835\uddf1\ud835\uddf2 \ud835\udfee\ud835\udfec\ud835\udfee\ud835\udfed","datePublished":"2021-04-27T01:41:28+00:00","dateModified":"2021-04-27T01:43:24+00:00","mainEntityOfPage":{"@id":"https:\/\/www.tvportugal.tv\/portal\/oeiras-celebra-47-aniversario-25-de-abril-de-2021\/"},"wordCount":138,"image":{"@id":"https:\/\/www.tvportugal.tv\/portal\/oeiras-celebra-47-aniversario-25-de-abril-de-2021\/#primaryimage"},"thumbnailUrl":"https:\/\/www.tvportugal.tv\/portal\/wp-content\/uploads\/2021\/04\/Captura-de-ecra-2021-04-27-as-02.31.48.png","keywords":["Francisco Rocha Gon\u00e7alves","Inigo Pereira","Isaltino Morais"],"articleSection":["Anivers\u00e1rio","Comunidade","Cultura","Educa\u00e7\u00e3o","Espect\u00e1culo","Eventos","Festas","Inaugura\u00e7\u00f5es","Oeiras","Politica","Social","V\u00e1rios"],"inLanguage":"pt-PT"},{"@type":"WebPage","@id":"https:\/\/www.tvportugal.tv\/portal\/oeiras-celebra-47-aniversario-25-de-abril-de-2021\/","url":"https:\/\/www.tvportugal.tv\/portal\/oeiras-celebra-47-aniversario-25-de-abril-de-2021\/","name":"\ud835\udde2\ud835\uddf2\ud835\uddf6\ud835\uddff\ud835\uddee\ud835\ude00 \ud835\uddd6\ud835\uddf2\ud835\uddf9\ud835\uddf2\ud835\uddef\ud835\uddff\ud835\uddee \ud835\udff0\ud835\udff3.\u00ba \ud835\uddd4\ud835\uddfb\ud835\uddf6\ud835\ude03\ud835\uddf2\ud835\uddff\ud835\ude00\ud835\uddee\u0301\ud835\uddff\ud835\uddf6\ud835\uddfc \ud835\udfee\ud835\udff1 \ud835\uddf1\ud835\uddf2 \ud835\uddd4\ud835\uddef\ud835\uddff\ud835\uddf6\ud835\uddf9 \ud835\uddf1\ud835\uddf2 \ud835\udfee\ud835\udfec\ud835\udfee\ud835\udfed","isPartOf":{"@id":"https:\/\/www.tvportugal.tv\/portal\/#website"},"primaryImageOfPage":{"@id":"https:\/\/www.tvportugal.tv\/portal\/oeiras-celebra-47-aniversario-25-de-abril-de-2021\/#primaryimage"},"image":{"@id":"https:\/\/www.tvportugal.tv\/portal\/oeiras-celebra-47-aniversario-25-de-abril-de-2021\/#primaryimage"},"thumbnailUrl":"https:\/\/www.tvportugal.tv\/portal\/wp-content\/uploads\/2021\/04\/Captura-de-ecra-2021-04-27-as-02.31.48.png","datePublished":"2021-04-27T01:41:28+00:00","dateModified":"2021-04-27T01:43:24+00:00","author":{"@id":"https:\/\/www.tvportugal.tv\/portal\/#\/schema\/person\/3dd386a0a960b868c3daed310f5d8d6b"},"description":"\ud835\udde2\ud835\uddf2\ud835\uddf6\ud835\uddff\ud835\uddee\ud835\ude00 \ud835\uddd6\ud835\uddf2\ud835\uddf9\ud835\uddf2\ud835\uddef\ud835\uddff\ud835\uddee \ud835\udff0\ud835\udff3.\u00ba \ud835\uddd4\ud835\uddfb\ud835\uddf6\ud835\ude03\ud835\uddf2\ud835\uddff\ud835\ude00\ud835\uddee\u0301\ud835\uddff\ud835\uddf6\ud835\uddfc \ud835\udfee\ud835\udff1 \ud835\uddf1\ud835\uddf2 \ud835\uddd4\ud835\uddef\ud835\uddff\ud835\uddf6\ud835\uddf9 \ud835\uddf1\ud835\uddf2 \ud835\udfee\ud835\udfec\ud835\udfee\ud835\udfed, Portugal, Televis\u00e3o, Oeiras, Isaltino Morais","breadcrumb":{"@id":"https:\/\/www.tvportugal.tv\/portal\/oeiras-celebra-47-aniversario-25-de-abril-de-2021\/#breadcrumb"},"inLanguage":"pt-PT","potentialAction":[{"@type":"ReadAction","target":["https:\/\/www.tvportugal.tv\/portal\/oeiras-celebra-47-aniversario-25-de-abril-de-2021\/"]}]},{"@type":"ImageObject","inLanguage":"pt-PT","@id":"https:\/\/www.tvportugal.tv\/portal\/oeiras-celebra-47-aniversario-25-de-abril-de-2021\/#primaryimage","url":"https:\/\/www.tvportugal.tv\/portal\/wp-content\/uploads\/2021\/04\/Captura-de-ecra-2021-04-27-as-02.31.48.png","contentUrl":"https:\/\/www.tvportugal.tv\/portal\/wp-content\/uploads\/2021\/04\/Captura-de-ecra-2021-04-27-as-02.31.48.png","width":800,"height":600,"caption":"\ud835\udde2\ud835\uddf2\ud835\uddf6\ud835\uddff\ud835\uddee\ud835\ude00 \ud835\uddd6\ud835\uddf2\ud835\uddf9\ud835\uddf2\ud835\uddef\ud835\uddff\ud835\uddee \ud835\udff0\ud835\udff3.\u00ba \ud835\uddd4\ud835\uddfb\ud835\uddf6\ud835\ude03\ud835\uddf2\ud835\uddff\ud835\ude00\ud835\uddee\u0301\ud835\uddff\ud835\uddf6\ud835\uddfc \ud835\udfee\ud835\udff1 \ud835\uddf1\ud835\uddf2 \ud835\uddd4\ud835\uddef\ud835\uddff\ud835\uddf6\ud835\uddf9 \ud835\uddf1\ud835\uddf2 \ud835\udfee\ud835\udfec\ud835\udfee\ud835\udfed, Portugal, Televis\u00e3o, Oeiras, Isaltino Morais"},{"@type":"BreadcrumbList","@id":"https:\/\/www.tvportugal.tv\/portal\/oeiras-celebra-47-aniversario-25-de-abril-de-2021\/#breadcrumb","itemListElement":[{"@type":"ListItem","position":1,"name":"In\u00edcio","item":"https:\/\/www.tvportugal.tv\/portal\/"},{"@type":"ListItem","position":2,"name":"\ud835\udde2\ud835\uddf2\ud835\uddf6\ud835\uddff\ud835\uddee\ud835\ude00 \ud835\uddd6\ud835\uddf2\ud835\uddf9\ud835\uddf2\ud835\uddef\ud835\uddff\ud835\uddee \ud835\udff0\ud835\udff3.\u00ba \ud835\uddd4\ud835\uddfb\ud835\uddf6\ud835\ude03\ud835\uddf2\ud835\uddff\ud835\ude00\ud835\uddee\u0301\ud835\uddff\ud835\uddf6\ud835\uddfc \ud835\udfee\ud835\udff1 \ud835\uddf1\ud835\uddf2 \ud835\uddd4\ud835\uddef\ud835\uddff\ud835\uddf6\ud835\uddf9 \ud835\uddf1\ud835\uddf2 \ud835\udfee\ud835\udfec\ud835\udfee\ud835\udfed"}]},{"@type":"WebSite","@id":"https:\/\/www.tvportugal.tv\/portal\/#website","url":"https:\/\/www.tvportugal.tv\/portal\/","name":"TV Portugal - Televis\u00e3o - Cascais - Sintra - Oeiras - Lisboa - Noticias","description":"Televis\u00e3o Cascais, Televis\u00e3o Estoril, Tv Web com produ\u00e7\u00e3o pr\u00f3pria da Regi\u00e3o de Lisboa, Televis\u00e3o On-line, Noticias de Cascais, Noticias de Sintra, Noticias de Lisboa, Videos, Reportagen","potentialAction":[{"@type":"SearchAction","target":{"@type":"EntryPoint","urlTemplate":"https:\/\/www.tvportugal.tv\/portal\/?s={search_term_string}"},"query-input":{"@type":"PropertyValueSpecification","valueRequired":true,"valueName":"search_term_string"}}],"inLanguage":"pt-PT"},{"@type":"Person","@id":"https:\/\/www.tvportugal.tv\/portal\/#\/schema\/person\/3dd386a0a960b868c3daed310f5d8d6b","name":"Antonio Assuncao","image":{"@type":"ImageObject","inLanguage":"pt-PT","@id":"https:\/\/secure.gravatar.com\/avatar\/d8f395a7f86675d6142e7d6ee91f1232e911b4f5ad4a72e064ca4dde2d42881b?s=96&d=mm&r=g","url":"https:\/\/secure.gravatar.com\/avatar\/d8f395a7f86675d6142e7d6ee91f1232e911b4f5ad4a72e064ca4dde2d42881b?s=96&d=mm&r=g","contentUrl":"https:\/\/secure.gravatar.com\/avatar\/d8f395a7f86675d6142e7d6ee91f1232e911b4f5ad4a72e064ca4dde2d42881b?s=96&d=mm&r=g","caption":"Antonio Assuncao"},"sameAs":["http:\/\/www.tvportugal.tv\/"],"url":"https:\/\/www.tvportugal.tv\/portal\/author\/antonio-assuncao\/"}]}},"_links":{"self":[{"href":"https:\/\/www.tvportugal.tv\/portal\/wp-json\/wp\/v2\/posts\/7165","targetHints":{"allow":["GET"]}}],"collection":[{"href":"https:\/\/www.tvportugal.tv\/portal\/wp-json\/wp\/v2\/posts"}],"about":[{"href":"https:\/\/www.tvportugal.tv\/portal\/wp-json\/wp\/v2\/types\/post"}],"author":[{"embeddable":true,"href":"https:\/\/www.tvportugal.tv\/portal\/wp-json\/wp\/v2\/users\/2"}],"replies":[{"embeddable":true,"href":"https:\/\/www.tvportugal.tv\/portal\/wp-json\/wp\/v2\/comments?post=7165"}],"version-history":[{"count":2,"href":"https:\/\/www.tvportugal.tv\/portal\/wp-json\/wp\/v2\/posts\/7165\/revisions"}],"predecessor-version":[{"id":7168,"href":"https:\/\/www.tvportugal.tv\/portal\/wp-json\/wp\/v2\/posts\/7165\/revisions\/7168"}],"wp:featuredmedia":[{"embeddable":true,"href":"https:\/\/www.tvportugal.tv\/portal\/wp-json\/wp\/v2\/media\/7166"}],"wp:attachment":[{"href":"https:\/\/www.tvportugal.tv\/portal\/wp-json\/wp\/v2\/media?parent=7165"}],"wp:term":[{"taxonomy":"category","embeddable":true,"href":"https:\/\/www.tvportugal.tv\/portal\/wp-json\/wp\/v2\/categories?post=7165"},{"taxonomy":"post_tag","embeddable":true,"href":"https:\/\/www.tvportugal.tv\/portal\/wp-json\/wp\/v2\/tags?post=7165"}],"curies":[{"name":"wp","href":"https:\/\/api.w.org\/{rel}","templated":true}]}}