{"id":7136,"date":"2021-04-08T19:16:29","date_gmt":"2021-04-08T19:16:29","guid":{"rendered":"https:\/\/www.tvportugal.tv\/portal\/?p=7136"},"modified":"2021-04-08T19:16:30","modified_gmt":"2021-04-08T19:16:30","slug":"inicio-da-campanha-vamos-eliminar-a-covid","status":"publish","type":"post","link":"https:\/\/www.tvportugal.tv\/portal\/inicio-da-campanha-vamos-eliminar-a-covid\/","title":{"rendered":"In\u00edcio da Campanha &#8220;Vamos Eliminar a COVID&#8221;"},"content":{"rendered":"<p>[vc_row][vc_column][vc_column_text]<\/p>\n<h1 class=\"title style-scope ytd-video-primary-info-renderer\">In\u00edcio da Campanha &#8220;Vamos Eliminar a COVID&#8221;<\/h1>\n<p>[\/vc_column_text][\/vc_column][\/vc_row][vc_row][vc_column][vc_column_text]&#8221;<\/p>\n<div dir=\"auto\">&#8220;\ud835\uddd8\ud835\ude00\ud835\ude01\ud835\uddee \ud835\uddf3\ud835\uddfc\ud835\uddf6 \ud835\ude02\ud835\uddfa\ud835\uddee \ud835\uddf0\ud835\uddee\ud835\uddfa\ud835\uddfd\ud835\uddee\ud835\uddfb\ud835\uddf5\ud835\uddee \ud835\uddfe\ud835\ude02\ud835\uddf2 \ud835\ude01\ud835\uddf2\ud835\ude03\ud835\uddf2 \ud835\ude02\ud835\uddfa \ud835\uddfd\ud835\uddff\ud835\uddfc\ud835\uddfd\ud835\uddfc\u0301\ud835\ude00\ud835\uddf6\ud835\ude01\ud835\uddfc \ud835\uddf6\ud835\uddfb\ud835\uddf6\ud835\uddf0\ud835\uddf6\ud835\uddee\ud835\uddf9 \ud835\uddee\ud835\uddfb\ud835\ude01\ud835\uddf2\ud835\ude00 \ud835\uddee\ud835\uddf6\ud835\uddfb\ud835\uddf1\ud835\uddee \ud835\uddf1\ud835\uddf2\ud835\ude00\ud835\ude01\ud835\uddf2 \ud835\uddf0\ud835\uddfc\ud835\uddfb\ud835\uddf3\ud835\uddf6\ud835\uddfb\ud835\uddee\ud835\uddfa\ud835\uddf2\ud835\uddfb\ud835\ude01\ud835\uddfc \ud835\uddf2\ud835\uddfa \ud835\uddfe\ud835\ude02\ud835\uddf2 \ud835\ude00\ud835\uddf2 \ud835\uddf0\ud835\uddfc\ud835\uddfa\ud835\uddf2\ud835\uddf0\u0327\ud835\uddfc\ud835\ude02 \ud835\uddee \ud835\uddfd\ud835\uddf2\ud835\uddff\ud835\uddf0\ud835\uddf2\ud835\uddef\ud835\uddf2\ud835\uddff \ud835\uddfe\ud835\ude02\ud835\uddf2 \ud835\uddfc\ud835\ude00 \ud835\uddf7\ud835\uddfc\ud835\ude03\ud835\uddf2\ud835\uddfb\ud835\ude00 \ud835\uddf1\ud835\uddf2 \ud835\uddf0\ud835\uddf2\ud835\uddff\ud835\ude01\ud835\uddee \ud835\uddf3\ud835\uddfc\ud835\uddff\ud835\uddfa\ud835\uddee \ud835\uddfb\ud835\uddee\u0303\ud835\uddfc \ud835\uddf0\ud835\ude02\ud835\uddfa\ud835\uddfd\ud835\uddff\ud835\uddf6\ud835\uddee\ud835\uddfa \ud835\uddee\ud835\ude00 \ud835\uddfb\ud835\uddfc\ud835\uddff\ud835\uddfa\ud835\uddee\ud835\ude00 \ud835\uddf1\ud835\uddf2 \ud835\ude00\ud835\uddf2\ud835\uddf4\ud835\ude02\ud835\uddff\ud835\uddee\ud835\uddfb\ud835\uddf0\u0327\ud835\uddee \ud835\uddfa\ud835\uddee\ud835\uddf6\ud835\ude00 \ud835\uddf2\ud835\uddf3\ud835\uddf6\ud835\uddf0\ud835\uddee\ud835\ude07\ud835\uddf2\ud835\ude00&#8221; \ud835\uddd9\ud835\uddff\ud835\uddf2\ud835\uddf1\ud835\uddf2\ud835\uddff\ud835\uddf6\ud835\uddf0\ud835\uddfc \ud835\udde1\ud835\ude02\ud835\uddfb\ud835\uddf2\ud835\ude00, \ud835\udde9\ud835\uddf2\ud835\uddff\ud835\uddf2\ud835\uddee\ud835\uddf1\ud835\uddfc\ud835\uddff \ud835\uddd6\ud835\udde0 \ud835\uddd6\ud835\uddee\ud835\ude00\ud835\uddf0\ud835\uddee\ud835\uddf6\ud835\ude00.<\/div>\n<div dir=\"auto\">\ud835\udde5\ud835\uddf2\ud835\uddfd\ud835\uddfc\ud835\uddff\ud835\ude01\ud835\uddee\ud835\uddf4\ud835\uddf2\ud835\uddfa, \ud835\udddc\ud835\uddfa\ud835\uddee\ud835\uddf4\ud835\uddf2\ud835\uddfa \ud835\uddf2 \ud835\uddd8\ud835\uddf1\ud835\uddf6\ud835\uddf0\u0327\ud835\uddee\u0303\ud835\uddfc &#8211; \ud835\uddd4\ud835\uddfb\ud835\ude01\ud835\uddfc\u0301\ud835\uddfb\ud835\uddf6\ud835\uddfc \ud835\uddd4\ud835\ude00\ud835\ude00\ud835\ude02\ud835\uddfb\ud835\uddf0\u0327\ud835\uddee\u0303\ud835\uddfc<\/div>\n<div dir=\"auto\">\ud835\udfee\ud835\udfec\ud835\udfee\ud835\udfed \ud835\udfec\ud835\udff0 \ud835\udfec\ud835\udff4<\/div>\n<p><span style=\"font-size: inherit;\">[\/vc_column_text][\/vc_column][\/vc_row][vc_row][vc_column][vc_video link=&#8221;https:\/\/www.youtube.com\/watch?v=t2P8kBciIG4&#8243;][\/vc_column][\/vc_row]<\/span><\/p>\n","protected":false},"excerpt":{"rendered":"<p>[vc_row][vc_column][vc_column_text] In\u00edcio da Campanha &#8220;Vamos Eliminar a COVID&#8221; [\/vc_column_text][\/vc_column][\/vc_row][vc_row][vc_column][vc_column_text]&#8221; &#8220;\ud835\uddd8\ud835\ude00\ud835\ude01\ud835\uddee \ud835\uddf3\ud835\uddfc\ud835\uddf6 \ud835\ude02\ud835\uddfa\ud835\uddee \ud835\uddf0\ud835\uddee\ud835\uddfa\ud835\uddfd\ud835\uddee\ud835\uddfb\ud835\uddf5\ud835\uddee \ud835\uddfe\ud835\ude02\ud835\uddf2 \ud835\ude01\ud835\uddf2\ud835\ude03\ud835\uddf2 \ud835\ude02\ud835\uddfa \ud835\uddfd\ud835\uddff\ud835\uddfc\ud835\uddfd\ud835\uddfc\u0301\ud835\ude00\ud835\uddf6\ud835\ude01\ud835\uddfc \ud835\uddf6\ud835\uddfb\ud835\uddf6\ud835\uddf0\ud835\uddf6\ud835\uddee\ud835\uddf9 \ud835\uddee\ud835\uddfb\ud835\ude01\ud835\uddf2\ud835\ude00 \ud835\uddee\ud835\uddf6\ud835\uddfb\ud835\uddf1\ud835\uddee \ud835\uddf1\ud835\uddf2\ud835\ude00\ud835\ude01\ud835\uddf2 \ud835\uddf0\ud835\uddfc\ud835\uddfb\ud835\uddf3\ud835\uddf6\ud835\uddfb\ud835\uddee\ud835\uddfa\ud835\uddf2\ud835\uddfb\ud835\ude01\ud835\uddfc \ud835\uddf2\ud835\uddfa \ud835\uddfe\ud835\ude02\ud835\uddf2 \ud835\ude00\ud835\uddf2 \ud835\uddf0\ud835\uddfc\ud835\uddfa\ud835\uddf2\ud835\uddf0\u0327\ud835\uddfc\ud835\ude02 \ud835\uddee \ud835\uddfd\ud835\uddf2\ud835\uddff\ud835\uddf0\ud835\uddf2\ud835\uddef\ud835\uddf2\ud835\uddff \ud835\uddfe\ud835\ude02\ud835\uddf2 \ud835\uddfc\ud835\ude00 \ud835\uddf7\ud835\uddfc\ud835\ude03\ud835\uddf2\ud835\uddfb\ud835\ude00 \ud835\uddf1\ud835\uddf2 \ud835\uddf0\ud835\uddf2\ud835\uddff\ud835\ude01\ud835\uddee \ud835\uddf3\ud835\uddfc\ud835\uddff\ud835\uddfa\ud835\uddee \ud835\uddfb\ud835\uddee\u0303\ud835\uddfc \ud835\uddf0\ud835\ude02\ud835\uddfa\ud835\uddfd\ud835\uddff\ud835\uddf6\ud835\uddee\ud835\uddfa \ud835\uddee\ud835\ude00 \ud835\uddfb\ud835\uddfc\ud835\uddff\ud835\uddfa\ud835\uddee\ud835\ude00 \ud835\uddf1\ud835\uddf2 \ud835\ude00\ud835\uddf2\ud835\uddf4\ud835\ude02\ud835\uddff\ud835\uddee\ud835\uddfb\ud835\uddf0\u0327\ud835\uddee \ud835\uddfa\ud835\uddee\ud835\uddf6\ud835\ude00 \ud835\uddf2\ud835\uddf3\ud835\uddf6\ud835\uddf0\ud835\uddee\ud835\ude07\ud835\uddf2\ud835\ude00&#8221; \ud835\uddd9\ud835\uddff\ud835\uddf2\ud835\uddf1\ud835\uddf2\ud835\uddff\ud835\uddf6\ud835\uddf0\ud835\uddfc \ud835\udde1\ud835\ude02\ud835\uddfb\ud835\uddf2\ud835\ude00, \ud835\udde9\ud835\uddf2\ud835\uddff\ud835\uddf2\ud835\uddee\ud835\uddf1\ud835\uddfc\ud835\uddff \ud835\uddd6\ud835\udde0 \ud835\uddd6\ud835\uddee\ud835\ude00\ud835\uddf0\ud835\uddee\ud835\uddf6\ud835\ude00. \ud835\udde5\ud835\uddf2\ud835\uddfd\ud835\uddfc\ud835\uddff\ud835\ude01\ud835\uddee\ud835\uddf4\ud835\uddf2\ud835\uddfa, \ud835\udddc\ud835\uddfa\ud835\uddee\ud835\uddf4\ud835\uddf2\ud835\uddfa \ud835\uddf2<span class=\"excerpt-hellip\"> [\u2026]<\/span><\/p>\n","protected":false},"author":2,"featured_media":7137,"comment_status":"closed","ping_status":"closed","sticky":false,"template":"","format":"standard","meta":{"footnotes":""},"categories":[42,137,50,120,65,59,49,178],"tags":[46,75,213],"class_list":["post-7136","post","type-post","status-publish","format-standard","has-post-thumbnail","hentry","category-cascais","category-comunidade","category-desporto","category-educacao","category-eventos","category-junior","category-saude","category-varios","tag-carlos-carreiras","tag-cascais","tag-frederico-nunes"],"yoast_head":"<!-- This site is optimized with the Yoast SEO plugin v27.5 - https:\/\/yoast.com\/product\/yoast-seo-wordpress\/ -->\n<title>In\u00edcio da Campanha &quot;Vamos Eliminar a COVID&quot;<\/title>\n<meta name=\"description\" content=\"In\u00edcio da Campanha Vamos Eliminar a COVID, Portugal, Televis\u00e3o, Cascais, Carlos Carreiras, Frederico Nunes, Pereira Coutinho\" \/>\n<meta name=\"robots\" content=\"index, follow, max-snippet:-1, max-image-preview:large, max-video-preview:-1\" \/>\n<link rel=\"canonical\" href=\"https:\/\/www.tvportugal.tv\/portal\/inicio-da-campanha-vamos-eliminar-a-covid\/\" \/>\n<meta property=\"og:locale\" content=\"pt_PT\" \/>\n<meta property=\"og:type\" content=\"article\" \/>\n<meta property=\"og:title\" content=\"In\u00edcio da Campanha &quot;Vamos Eliminar a COVID&quot;\" \/>\n<meta property=\"og:description\" content=\"In\u00edcio da Campanha Vamos Eliminar a COVID, Portugal, Televis\u00e3o, Cascais, Carlos Carreiras, Frederico Nunes, Pereira Coutinho\" \/>\n<meta property=\"og:url\" content=\"https:\/\/www.tvportugal.tv\/portal\/inicio-da-campanha-vamos-eliminar-a-covid\/\" \/>\n<meta property=\"og:site_name\" content=\"TV Portugal - Televis\u00e3o - Cascais - Sintra - Oeiras - Lisboa - Noticias\" \/>\n<meta property=\"article:published_time\" content=\"2021-04-08T19:16:29+00:00\" \/>\n<meta property=\"article:modified_time\" content=\"2021-04-08T19:16:30+00:00\" \/>\n<meta property=\"og:image\" content=\"https:\/\/www.tvportugal.tv\/portal\/wp-content\/uploads\/2021\/04\/Captura-de-ecra-2021-04-08-as-19.43.09.png\" \/>\n\t<meta property=\"og:image:width\" content=\"800\" \/>\n\t<meta property=\"og:image:height\" content=\"600\" \/>\n\t<meta property=\"og:image:type\" content=\"image\/png\" \/>\n<meta name=\"author\" content=\"Antonio Assuncao\" \/>\n<meta name=\"twitter:card\" content=\"summary_large_image\" \/>\n<meta name=\"twitter:label1\" content=\"Escrito por\" \/>\n\t<meta name=\"twitter:data1\" content=\"Antonio Assuncao\" \/>\n<script type=\"application\/ld+json\" class=\"yoast-schema-graph\">{\"@context\":\"https:\\\/\\\/schema.org\",\"@graph\":[{\"@type\":\"Article\",\"@id\":\"https:\\\/\\\/www.tvportugal.tv\\\/portal\\\/inicio-da-campanha-vamos-eliminar-a-covid\\\/#article\",\"isPartOf\":{\"@id\":\"https:\\\/\\\/www.tvportugal.tv\\\/portal\\\/inicio-da-campanha-vamos-eliminar-a-covid\\\/\"},\"author\":{\"name\":\"Antonio Assuncao\",\"@id\":\"https:\\\/\\\/www.tvportugal.tv\\\/portal\\\/#\\\/schema\\\/person\\\/3dd386a0a960b868c3daed310f5d8d6b\"},\"headline\":\"In\u00edcio da Campanha &#8220;Vamos Eliminar a COVID&#8221;\",\"datePublished\":\"2021-04-08T19:16:29+00:00\",\"dateModified\":\"2021-04-08T19:16:30+00:00\",\"mainEntityOfPage\":{\"@id\":\"https:\\\/\\\/www.tvportugal.tv\\\/portal\\\/inicio-da-campanha-vamos-eliminar-a-covid\\\/\"},\"wordCount\":65,\"image\":{\"@id\":\"https:\\\/\\\/www.tvportugal.tv\\\/portal\\\/inicio-da-campanha-vamos-eliminar-a-covid\\\/#primaryimage\"},\"thumbnailUrl\":\"https:\\\/\\\/www.tvportugal.tv\\\/portal\\\/wp-content\\\/uploads\\\/2021\\\/04\\\/Captura-de-ecra-2021-04-08-as-19.43.09.png\",\"keywords\":[\"Carlos Carreiras\",\"Cascais\",\"Frederico Nunes\"],\"articleSection\":[\"Cascais\",\"Comunidade\",\"Desporto\",\"Educa\u00e7\u00e3o\",\"Eventos\",\"Junior\",\"Sa\u00fade\",\"V\u00e1rios\"],\"inLanguage\":\"pt-PT\"},{\"@type\":\"WebPage\",\"@id\":\"https:\\\/\\\/www.tvportugal.tv\\\/portal\\\/inicio-da-campanha-vamos-eliminar-a-covid\\\/\",\"url\":\"https:\\\/\\\/www.tvportugal.tv\\\/portal\\\/inicio-da-campanha-vamos-eliminar-a-covid\\\/\",\"name\":\"In\u00edcio da Campanha \\\"Vamos Eliminar a COVID\\\"\",\"isPartOf\":{\"@id\":\"https:\\\/\\\/www.tvportugal.tv\\\/portal\\\/#website\"},\"primaryImageOfPage\":{\"@id\":\"https:\\\/\\\/www.tvportugal.tv\\\/portal\\\/inicio-da-campanha-vamos-eliminar-a-covid\\\/#primaryimage\"},\"image\":{\"@id\":\"https:\\\/\\\/www.tvportugal.tv\\\/portal\\\/inicio-da-campanha-vamos-eliminar-a-covid\\\/#primaryimage\"},\"thumbnailUrl\":\"https:\\\/\\\/www.tvportugal.tv\\\/portal\\\/wp-content\\\/uploads\\\/2021\\\/04\\\/Captura-de-ecra-2021-04-08-as-19.43.09.png\",\"datePublished\":\"2021-04-08T19:16:29+00:00\",\"dateModified\":\"2021-04-08T19:16:30+00:00\",\"author\":{\"@id\":\"https:\\\/\\\/www.tvportugal.tv\\\/portal\\\/#\\\/schema\\\/person\\\/3dd386a0a960b868c3daed310f5d8d6b\"},\"description\":\"In\u00edcio da Campanha Vamos Eliminar a COVID, Portugal, Televis\u00e3o, Cascais, Carlos Carreiras, Frederico Nunes, Pereira Coutinho\",\"breadcrumb\":{\"@id\":\"https:\\\/\\\/www.tvportugal.tv\\\/portal\\\/inicio-da-campanha-vamos-eliminar-a-covid\\\/#breadcrumb\"},\"inLanguage\":\"pt-PT\",\"potentialAction\":[{\"@type\":\"ReadAction\",\"target\":[\"https:\\\/\\\/www.tvportugal.tv\\\/portal\\\/inicio-da-campanha-vamos-eliminar-a-covid\\\/\"]}]},{\"@type\":\"ImageObject\",\"inLanguage\":\"pt-PT\",\"@id\":\"https:\\\/\\\/www.tvportugal.tv\\\/portal\\\/inicio-da-campanha-vamos-eliminar-a-covid\\\/#primaryimage\",\"url\":\"https:\\\/\\\/www.tvportugal.tv\\\/portal\\\/wp-content\\\/uploads\\\/2021\\\/04\\\/Captura-de-ecra-2021-04-08-as-19.43.09.png\",\"contentUrl\":\"https:\\\/\\\/www.tvportugal.tv\\\/portal\\\/wp-content\\\/uploads\\\/2021\\\/04\\\/Captura-de-ecra-2021-04-08-as-19.43.09.png\",\"width\":800,\"height\":600,\"caption\":\"In\u00edcio da Campanha Vamos Eliminar a COVID, Portugal, Televis\u00e3o, Cascais, Carlos Carreiras, Frederico Nunes, Pereira Coutinho\"},{\"@type\":\"BreadcrumbList\",\"@id\":\"https:\\\/\\\/www.tvportugal.tv\\\/portal\\\/inicio-da-campanha-vamos-eliminar-a-covid\\\/#breadcrumb\",\"itemListElement\":[{\"@type\":\"ListItem\",\"position\":1,\"name\":\"In\u00edcio\",\"item\":\"https:\\\/\\\/www.tvportugal.tv\\\/portal\\\/\"},{\"@type\":\"ListItem\",\"position\":2,\"name\":\"In\u00edcio da Campanha &#8220;Vamos Eliminar a COVID&#8221;\"}]},{\"@type\":\"WebSite\",\"@id\":\"https:\\\/\\\/www.tvportugal.tv\\\/portal\\\/#website\",\"url\":\"https:\\\/\\\/www.tvportugal.tv\\\/portal\\\/\",\"name\":\"TV Portugal - Televis\u00e3o - Cascais - Sintra - Oeiras - Lisboa - Noticias\",\"description\":\"Televis\u00e3o Cascais, Televis\u00e3o Estoril, Tv Web com produ\u00e7\u00e3o pr\u00f3pria da Regi\u00e3o de Lisboa, Televis\u00e3o On-line, Noticias de Cascais, Noticias de Sintra, Noticias de Lisboa, Videos, Reportagen\",\"potentialAction\":[{\"@type\":\"SearchAction\",\"target\":{\"@type\":\"EntryPoint\",\"urlTemplate\":\"https:\\\/\\\/www.tvportugal.tv\\\/portal\\\/?s={search_term_string}\"},\"query-input\":{\"@type\":\"PropertyValueSpecification\",\"valueRequired\":true,\"valueName\":\"search_term_string\"}}],\"inLanguage\":\"pt-PT\"},{\"@type\":\"Person\",\"@id\":\"https:\\\/\\\/www.tvportugal.tv\\\/portal\\\/#\\\/schema\\\/person\\\/3dd386a0a960b868c3daed310f5d8d6b\",\"name\":\"Antonio Assuncao\",\"image\":{\"@type\":\"ImageObject\",\"inLanguage\":\"pt-PT\",\"@id\":\"https:\\\/\\\/secure.gravatar.com\\\/avatar\\\/d8f395a7f86675d6142e7d6ee91f1232e911b4f5ad4a72e064ca4dde2d42881b?s=96&d=mm&r=g\",\"url\":\"https:\\\/\\\/secure.gravatar.com\\\/avatar\\\/d8f395a7f86675d6142e7d6ee91f1232e911b4f5ad4a72e064ca4dde2d42881b?s=96&d=mm&r=g\",\"contentUrl\":\"https:\\\/\\\/secure.gravatar.com\\\/avatar\\\/d8f395a7f86675d6142e7d6ee91f1232e911b4f5ad4a72e064ca4dde2d42881b?s=96&d=mm&r=g\",\"caption\":\"Antonio Assuncao\"},\"sameAs\":[\"http:\\\/\\\/www.tvportugal.tv\\\/\"],\"url\":\"https:\\\/\\\/www.tvportugal.tv\\\/portal\\\/author\\\/antonio-assuncao\\\/\"}]}<\/script>\n<!-- \/ Yoast SEO plugin. -->","yoast_head_json":{"title":"In\u00edcio da Campanha \"Vamos Eliminar a COVID\"","description":"In\u00edcio da Campanha Vamos Eliminar a COVID, Portugal, Televis\u00e3o, Cascais, Carlos Carreiras, Frederico Nunes, Pereira Coutinho","robots":{"index":"index","follow":"follow","max-snippet":"max-snippet:-1","max-image-preview":"max-image-preview:large","max-video-preview":"max-video-preview:-1"},"canonical":"https:\/\/www.tvportugal.tv\/portal\/inicio-da-campanha-vamos-eliminar-a-covid\/","og_locale":"pt_PT","og_type":"article","og_title":"In\u00edcio da Campanha \"Vamos Eliminar a COVID\"","og_description":"In\u00edcio da Campanha Vamos Eliminar a COVID, Portugal, Televis\u00e3o, Cascais, Carlos Carreiras, Frederico Nunes, Pereira Coutinho","og_url":"https:\/\/www.tvportugal.tv\/portal\/inicio-da-campanha-vamos-eliminar-a-covid\/","og_site_name":"TV Portugal - Televis\u00e3o - Cascais - Sintra - Oeiras - Lisboa - Noticias","article_published_time":"2021-04-08T19:16:29+00:00","article_modified_time":"2021-04-08T19:16:30+00:00","og_image":[{"width":800,"height":600,"url":"https:\/\/www.tvportugal.tv\/portal\/wp-content\/uploads\/2021\/04\/Captura-de-ecra-2021-04-08-as-19.43.09.png","type":"image\/png"}],"author":"Antonio Assuncao","twitter_card":"summary_large_image","twitter_misc":{"Escrito por":"Antonio Assuncao"},"schema":{"@context":"https:\/\/schema.org","@graph":[{"@type":"Article","@id":"https:\/\/www.tvportugal.tv\/portal\/inicio-da-campanha-vamos-eliminar-a-covid\/#article","isPartOf":{"@id":"https:\/\/www.tvportugal.tv\/portal\/inicio-da-campanha-vamos-eliminar-a-covid\/"},"author":{"name":"Antonio Assuncao","@id":"https:\/\/www.tvportugal.tv\/portal\/#\/schema\/person\/3dd386a0a960b868c3daed310f5d8d6b"},"headline":"In\u00edcio da Campanha &#8220;Vamos Eliminar a COVID&#8221;","datePublished":"2021-04-08T19:16:29+00:00","dateModified":"2021-04-08T19:16:30+00:00","mainEntityOfPage":{"@id":"https:\/\/www.tvportugal.tv\/portal\/inicio-da-campanha-vamos-eliminar-a-covid\/"},"wordCount":65,"image":{"@id":"https:\/\/www.tvportugal.tv\/portal\/inicio-da-campanha-vamos-eliminar-a-covid\/#primaryimage"},"thumbnailUrl":"https:\/\/www.tvportugal.tv\/portal\/wp-content\/uploads\/2021\/04\/Captura-de-ecra-2021-04-08-as-19.43.09.png","keywords":["Carlos Carreiras","Cascais","Frederico Nunes"],"articleSection":["Cascais","Comunidade","Desporto","Educa\u00e7\u00e3o","Eventos","Junior","Sa\u00fade","V\u00e1rios"],"inLanguage":"pt-PT"},{"@type":"WebPage","@id":"https:\/\/www.tvportugal.tv\/portal\/inicio-da-campanha-vamos-eliminar-a-covid\/","url":"https:\/\/www.tvportugal.tv\/portal\/inicio-da-campanha-vamos-eliminar-a-covid\/","name":"In\u00edcio da Campanha \"Vamos Eliminar a COVID\"","isPartOf":{"@id":"https:\/\/www.tvportugal.tv\/portal\/#website"},"primaryImageOfPage":{"@id":"https:\/\/www.tvportugal.tv\/portal\/inicio-da-campanha-vamos-eliminar-a-covid\/#primaryimage"},"image":{"@id":"https:\/\/www.tvportugal.tv\/portal\/inicio-da-campanha-vamos-eliminar-a-covid\/#primaryimage"},"thumbnailUrl":"https:\/\/www.tvportugal.tv\/portal\/wp-content\/uploads\/2021\/04\/Captura-de-ecra-2021-04-08-as-19.43.09.png","datePublished":"2021-04-08T19:16:29+00:00","dateModified":"2021-04-08T19:16:30+00:00","author":{"@id":"https:\/\/www.tvportugal.tv\/portal\/#\/schema\/person\/3dd386a0a960b868c3daed310f5d8d6b"},"description":"In\u00edcio da Campanha Vamos Eliminar a COVID, Portugal, Televis\u00e3o, Cascais, Carlos Carreiras, Frederico Nunes, Pereira Coutinho","breadcrumb":{"@id":"https:\/\/www.tvportugal.tv\/portal\/inicio-da-campanha-vamos-eliminar-a-covid\/#breadcrumb"},"inLanguage":"pt-PT","potentialAction":[{"@type":"ReadAction","target":["https:\/\/www.tvportugal.tv\/portal\/inicio-da-campanha-vamos-eliminar-a-covid\/"]}]},{"@type":"ImageObject","inLanguage":"pt-PT","@id":"https:\/\/www.tvportugal.tv\/portal\/inicio-da-campanha-vamos-eliminar-a-covid\/#primaryimage","url":"https:\/\/www.tvportugal.tv\/portal\/wp-content\/uploads\/2021\/04\/Captura-de-ecra-2021-04-08-as-19.43.09.png","contentUrl":"https:\/\/www.tvportugal.tv\/portal\/wp-content\/uploads\/2021\/04\/Captura-de-ecra-2021-04-08-as-19.43.09.png","width":800,"height":600,"caption":"In\u00edcio da Campanha Vamos Eliminar a COVID, Portugal, Televis\u00e3o, Cascais, Carlos Carreiras, Frederico Nunes, Pereira Coutinho"},{"@type":"BreadcrumbList","@id":"https:\/\/www.tvportugal.tv\/portal\/inicio-da-campanha-vamos-eliminar-a-covid\/#breadcrumb","itemListElement":[{"@type":"ListItem","position":1,"name":"In\u00edcio","item":"https:\/\/www.tvportugal.tv\/portal\/"},{"@type":"ListItem","position":2,"name":"In\u00edcio da Campanha &#8220;Vamos Eliminar a COVID&#8221;"}]},{"@type":"WebSite","@id":"https:\/\/www.tvportugal.tv\/portal\/#website","url":"https:\/\/www.tvportugal.tv\/portal\/","name":"TV Portugal - Televis\u00e3o - Cascais - Sintra - Oeiras - Lisboa - Noticias","description":"Televis\u00e3o Cascais, Televis\u00e3o Estoril, Tv Web com produ\u00e7\u00e3o pr\u00f3pria da Regi\u00e3o de Lisboa, Televis\u00e3o On-line, Noticias de Cascais, Noticias de Sintra, Noticias de Lisboa, Videos, Reportagen","potentialAction":[{"@type":"SearchAction","target":{"@type":"EntryPoint","urlTemplate":"https:\/\/www.tvportugal.tv\/portal\/?s={search_term_string}"},"query-input":{"@type":"PropertyValueSpecification","valueRequired":true,"valueName":"search_term_string"}}],"inLanguage":"pt-PT"},{"@type":"Person","@id":"https:\/\/www.tvportugal.tv\/portal\/#\/schema\/person\/3dd386a0a960b868c3daed310f5d8d6b","name":"Antonio Assuncao","image":{"@type":"ImageObject","inLanguage":"pt-PT","@id":"https:\/\/secure.gravatar.com\/avatar\/d8f395a7f86675d6142e7d6ee91f1232e911b4f5ad4a72e064ca4dde2d42881b?s=96&d=mm&r=g","url":"https:\/\/secure.gravatar.com\/avatar\/d8f395a7f86675d6142e7d6ee91f1232e911b4f5ad4a72e064ca4dde2d42881b?s=96&d=mm&r=g","contentUrl":"https:\/\/secure.gravatar.com\/avatar\/d8f395a7f86675d6142e7d6ee91f1232e911b4f5ad4a72e064ca4dde2d42881b?s=96&d=mm&r=g","caption":"Antonio Assuncao"},"sameAs":["http:\/\/www.tvportugal.tv\/"],"url":"https:\/\/www.tvportugal.tv\/portal\/author\/antonio-assuncao\/"}]}},"_links":{"self":[{"href":"https:\/\/www.tvportugal.tv\/portal\/wp-json\/wp\/v2\/posts\/7136","targetHints":{"allow":["GET"]}}],"collection":[{"href":"https:\/\/www.tvportugal.tv\/portal\/wp-json\/wp\/v2\/posts"}],"about":[{"href":"https:\/\/www.tvportugal.tv\/portal\/wp-json\/wp\/v2\/types\/post"}],"author":[{"embeddable":true,"href":"https:\/\/www.tvportugal.tv\/portal\/wp-json\/wp\/v2\/users\/2"}],"replies":[{"embeddable":true,"href":"https:\/\/www.tvportugal.tv\/portal\/wp-json\/wp\/v2\/comments?post=7136"}],"version-history":[{"count":1,"href":"https:\/\/www.tvportugal.tv\/portal\/wp-json\/wp\/v2\/posts\/7136\/revisions"}],"predecessor-version":[{"id":7138,"href":"https:\/\/www.tvportugal.tv\/portal\/wp-json\/wp\/v2\/posts\/7136\/revisions\/7138"}],"wp:featuredmedia":[{"embeddable":true,"href":"https:\/\/www.tvportugal.tv\/portal\/wp-json\/wp\/v2\/media\/7137"}],"wp:attachment":[{"href":"https:\/\/www.tvportugal.tv\/portal\/wp-json\/wp\/v2\/media?parent=7136"}],"wp:term":[{"taxonomy":"category","embeddable":true,"href":"https:\/\/www.tvportugal.tv\/portal\/wp-json\/wp\/v2\/categories?post=7136"},{"taxonomy":"post_tag","embeddable":true,"href":"https:\/\/www.tvportugal.tv\/portal\/wp-json\/wp\/v2\/tags?post=7136"}],"curies":[{"name":"wp","href":"https:\/\/api.w.org\/{rel}","templated":true}]}}