{"id":7110,"date":"2021-03-17T21:14:51","date_gmt":"2021-03-17T21:14:51","guid":{"rendered":"https:\/\/www.tvportugal.tv\/portal\/?p=7110"},"modified":"2021-03-17T21:14:53","modified_gmt":"2021-03-17T21:14:53","slug":"municipio-de-oeiras-vai-recuperar-e-potenciar-campus-da-escola-superior-nautica","status":"publish","type":"post","link":"https:\/\/www.tvportugal.tv\/portal\/municipio-de-oeiras-vai-recuperar-e-potenciar-campus-da-escola-superior-nautica\/","title":{"rendered":"Munic\u00edpio de Oeiras Vai Recuperar e Potenciar Campus da Escola Superior N\u00e1utica"},"content":{"rendered":"<p>[vc_row][vc_column][vc_column_text]<\/p>\n<h2>Munic\u00edpio de Oeiras Vai Recuperar e Potenciar Campus da Escola Superior N\u00e1utica<\/h2>\n<p>[\/vc_column_text][\/vc_column][\/vc_row][vc_row][vc_column][vc_column_text]O Presidente da C\u00e2mara Municipal de Oeiras, Isaltino Morais, e o Presidente da Escola Superior N\u00e1utica Infante D. Henrique, Lu\u00eds Filipe Baptista, assinaram esta manh\u00e3 um memorando de entendimento que prev\u00ea dar nova vida \u00e0quele campus escolar, localizado em Pa\u00e7o de Arcos. Este acordo insere-se da Estrat\u00e9gia Ci\u00eancia e Tecnologia, desenvolvida pelo Munic\u00edpio de Oeiras, que marca \u201cum novo ciclo de desenvolvimento, centrado na afirma\u00e7\u00e3o da marca Oeiras Valley\u201d. Isaltino Morais, Presidente CM Oeiras. Reportagem, Imagem e Edi\u00e7\u00e3o &#8211; Ant\u00f3nio Assun\u00e7\u00e3o 2021 03 17<span style=\"font-size: inherit;\">[\/vc_column_text][\/vc_column][\/vc_row][vc_row][vc_column][vc_video link=&#8221;https:\/\/www.youtube.com\/watch?v=3tz0i29aQwQ&#8221;][\/vc_column][\/vc_row]<\/span><\/p>\n","protected":false},"excerpt":{"rendered":"<p>[vc_row][vc_column][vc_column_text] Munic\u00edpio de Oeiras Vai Recuperar e Potenciar Campus da Escola Superior N\u00e1utica [\/vc_column_text][\/vc_column][\/vc_row][vc_row][vc_column][vc_column_text]O Presidente da C\u00e2mara Municipal de Oeiras, Isaltino Morais, e o Presidente da Escola Superior N\u00e1utica Infante D. Henrique, Lu\u00eds Filipe Baptista, assinaram esta manh\u00e3 um memorando de entendimento que prev\u00ea dar nova vida \u00e0quele campus escolar,<span class=\"excerpt-hellip\"> [\u2026]<\/span><\/p>\n","protected":false},"author":2,"featured_media":7111,"comment_status":"closed","ping_status":"closed","sticky":false,"template":"","format":"standard","meta":{"footnotes":""},"categories":[176,137,120,77],"tags":[205,192,100],"class_list":["post-7110","post","type-post","status-publish","format-standard","has-post-thumbnail","hentry","category-assinatura-de-protocolo","category-comunidade","category-educacao","category-oeiras","tag-francisco-rocha-goncalves","tag-isaltino-morais","tag-oeiras"],"yoast_head":"<!-- This site is optimized with the Yoast SEO plugin v27.5 - https:\/\/yoast.com\/product\/yoast-seo-wordpress\/ -->\n<title>Munic\u00edpio de Oeiras Vai Recuperar e Potenciar Campus da Escola Superior N\u00e1utica<\/title>\n<meta name=\"description\" content=\"Munic\u00edpio de Oeiras Vai Recuperar e Potenciar Campus da Escola Superior N\u00e1utica, Isaltino Morais, Francisco Rocha Gon\u00e7alves, Portugal\" \/>\n<meta name=\"robots\" content=\"index, follow, max-snippet:-1, max-image-preview:large, max-video-preview:-1\" \/>\n<link rel=\"canonical\" href=\"https:\/\/www.tvportugal.tv\/portal\/municipio-de-oeiras-vai-recuperar-e-potenciar-campus-da-escola-superior-nautica\/\" \/>\n<meta property=\"og:locale\" content=\"pt_PT\" \/>\n<meta property=\"og:type\" content=\"article\" \/>\n<meta property=\"og:title\" content=\"Munic\u00edpio de Oeiras Vai Recuperar e Potenciar Campus da Escola Superior N\u00e1utica\" \/>\n<meta property=\"og:description\" content=\"Munic\u00edpio de Oeiras Vai Recuperar e Potenciar Campus da Escola Superior N\u00e1utica, Isaltino Morais, Francisco Rocha Gon\u00e7alves, Portugal\" \/>\n<meta property=\"og:url\" content=\"https:\/\/www.tvportugal.tv\/portal\/municipio-de-oeiras-vai-recuperar-e-potenciar-campus-da-escola-superior-nautica\/\" \/>\n<meta property=\"og:site_name\" content=\"TV Portugal - Televis\u00e3o - Cascais - Sintra - Oeiras - Lisboa - Noticias\" \/>\n<meta property=\"article:published_time\" content=\"2021-03-17T21:14:51+00:00\" \/>\n<meta property=\"article:modified_time\" content=\"2021-03-17T21:14:53+00:00\" \/>\n<meta property=\"og:image\" content=\"https:\/\/www.tvportugal.tv\/portal\/wp-content\/uploads\/2021\/03\/Captura-de-ecra-2021-03-17-as-21.10.26.png\" \/>\n\t<meta property=\"og:image:width\" content=\"800\" \/>\n\t<meta property=\"og:image:height\" content=\"600\" \/>\n\t<meta property=\"og:image:type\" content=\"image\/png\" \/>\n<meta name=\"author\" content=\"Antonio Assuncao\" \/>\n<meta name=\"twitter:card\" content=\"summary_large_image\" \/>\n<meta name=\"twitter:label1\" content=\"Escrito por\" \/>\n\t<meta name=\"twitter:data1\" content=\"Antonio Assuncao\" \/>\n\t<meta name=\"twitter:label2\" content=\"Tempo estimado de leitura\" \/>\n\t<meta name=\"twitter:data2\" content=\"1 minuto\" \/>\n<script type=\"application\/ld+json\" class=\"yoast-schema-graph\">{\"@context\":\"https:\\\/\\\/schema.org\",\"@graph\":[{\"@type\":\"Article\",\"@id\":\"https:\\\/\\\/www.tvportugal.tv\\\/portal\\\/municipio-de-oeiras-vai-recuperar-e-potenciar-campus-da-escola-superior-nautica\\\/#article\",\"isPartOf\":{\"@id\":\"https:\\\/\\\/www.tvportugal.tv\\\/portal\\\/municipio-de-oeiras-vai-recuperar-e-potenciar-campus-da-escola-superior-nautica\\\/\"},\"author\":{\"name\":\"Antonio Assuncao\",\"@id\":\"https:\\\/\\\/www.tvportugal.tv\\\/portal\\\/#\\\/schema\\\/person\\\/3dd386a0a960b868c3daed310f5d8d6b\"},\"headline\":\"Munic\u00edpio de Oeiras Vai Recuperar e Potenciar Campus da Escola Superior N\u00e1utica\",\"datePublished\":\"2021-03-17T21:14:51+00:00\",\"dateModified\":\"2021-03-17T21:14:53+00:00\",\"mainEntityOfPage\":{\"@id\":\"https:\\\/\\\/www.tvportugal.tv\\\/portal\\\/municipio-de-oeiras-vai-recuperar-e-potenciar-campus-da-escola-superior-nautica\\\/\"},\"wordCount\":168,\"image\":{\"@id\":\"https:\\\/\\\/www.tvportugal.tv\\\/portal\\\/municipio-de-oeiras-vai-recuperar-e-potenciar-campus-da-escola-superior-nautica\\\/#primaryimage\"},\"thumbnailUrl\":\"https:\\\/\\\/www.tvportugal.tv\\\/portal\\\/wp-content\\\/uploads\\\/2021\\\/03\\\/Captura-de-ecra-2021-03-17-as-21.10.26.png\",\"keywords\":[\"Francisco Rocha Gon\u00e7alves\",\"Isaltino Morais\",\"Oeiras\"],\"articleSection\":[\"Assinatura de Protocolo\",\"Comunidade\",\"Educa\u00e7\u00e3o\",\"Oeiras\"],\"inLanguage\":\"pt-PT\"},{\"@type\":\"WebPage\",\"@id\":\"https:\\\/\\\/www.tvportugal.tv\\\/portal\\\/municipio-de-oeiras-vai-recuperar-e-potenciar-campus-da-escola-superior-nautica\\\/\",\"url\":\"https:\\\/\\\/www.tvportugal.tv\\\/portal\\\/municipio-de-oeiras-vai-recuperar-e-potenciar-campus-da-escola-superior-nautica\\\/\",\"name\":\"Munic\u00edpio de Oeiras Vai Recuperar e Potenciar Campus da Escola Superior N\u00e1utica\",\"isPartOf\":{\"@id\":\"https:\\\/\\\/www.tvportugal.tv\\\/portal\\\/#website\"},\"primaryImageOfPage\":{\"@id\":\"https:\\\/\\\/www.tvportugal.tv\\\/portal\\\/municipio-de-oeiras-vai-recuperar-e-potenciar-campus-da-escola-superior-nautica\\\/#primaryimage\"},\"image\":{\"@id\":\"https:\\\/\\\/www.tvportugal.tv\\\/portal\\\/municipio-de-oeiras-vai-recuperar-e-potenciar-campus-da-escola-superior-nautica\\\/#primaryimage\"},\"thumbnailUrl\":\"https:\\\/\\\/www.tvportugal.tv\\\/portal\\\/wp-content\\\/uploads\\\/2021\\\/03\\\/Captura-de-ecra-2021-03-17-as-21.10.26.png\",\"datePublished\":\"2021-03-17T21:14:51+00:00\",\"dateModified\":\"2021-03-17T21:14:53+00:00\",\"author\":{\"@id\":\"https:\\\/\\\/www.tvportugal.tv\\\/portal\\\/#\\\/schema\\\/person\\\/3dd386a0a960b868c3daed310f5d8d6b\"},\"description\":\"Munic\u00edpio de Oeiras Vai Recuperar e Potenciar Campus da Escola Superior N\u00e1utica, Isaltino Morais, Francisco Rocha Gon\u00e7alves, Portugal\",\"breadcrumb\":{\"@id\":\"https:\\\/\\\/www.tvportugal.tv\\\/portal\\\/municipio-de-oeiras-vai-recuperar-e-potenciar-campus-da-escola-superior-nautica\\\/#breadcrumb\"},\"inLanguage\":\"pt-PT\",\"potentialAction\":[{\"@type\":\"ReadAction\",\"target\":[\"https:\\\/\\\/www.tvportugal.tv\\\/portal\\\/municipio-de-oeiras-vai-recuperar-e-potenciar-campus-da-escola-superior-nautica\\\/\"]}]},{\"@type\":\"ImageObject\",\"inLanguage\":\"pt-PT\",\"@id\":\"https:\\\/\\\/www.tvportugal.tv\\\/portal\\\/municipio-de-oeiras-vai-recuperar-e-potenciar-campus-da-escola-superior-nautica\\\/#primaryimage\",\"url\":\"https:\\\/\\\/www.tvportugal.tv\\\/portal\\\/wp-content\\\/uploads\\\/2021\\\/03\\\/Captura-de-ecra-2021-03-17-as-21.10.26.png\",\"contentUrl\":\"https:\\\/\\\/www.tvportugal.tv\\\/portal\\\/wp-content\\\/uploads\\\/2021\\\/03\\\/Captura-de-ecra-2021-03-17-as-21.10.26.png\",\"width\":800,\"height\":600,\"caption\":\"Munic\u00edpio de Oeiras Vai Recuperar e Potenciar Campus da Escola Superior N\u00e1utica, Isaltino Morais, Francisco Rocha Gon\u00e7alves, Portugal\"},{\"@type\":\"BreadcrumbList\",\"@id\":\"https:\\\/\\\/www.tvportugal.tv\\\/portal\\\/municipio-de-oeiras-vai-recuperar-e-potenciar-campus-da-escola-superior-nautica\\\/#breadcrumb\",\"itemListElement\":[{\"@type\":\"ListItem\",\"position\":1,\"name\":\"In\u00edcio\",\"item\":\"https:\\\/\\\/www.tvportugal.tv\\\/portal\\\/\"},{\"@type\":\"ListItem\",\"position\":2,\"name\":\"Munic\u00edpio de Oeiras Vai Recuperar e Potenciar Campus da Escola Superior N\u00e1utica\"}]},{\"@type\":\"WebSite\",\"@id\":\"https:\\\/\\\/www.tvportugal.tv\\\/portal\\\/#website\",\"url\":\"https:\\\/\\\/www.tvportugal.tv\\\/portal\\\/\",\"name\":\"TV Portugal - Televis\u00e3o - Cascais - Sintra - Oeiras - Lisboa - Noticias\",\"description\":\"Televis\u00e3o Cascais, Televis\u00e3o Estoril, Tv Web com produ\u00e7\u00e3o pr\u00f3pria da Regi\u00e3o de Lisboa, Televis\u00e3o On-line, Noticias de Cascais, Noticias de Sintra, Noticias de Lisboa, Videos, Reportagen\",\"potentialAction\":[{\"@type\":\"SearchAction\",\"target\":{\"@type\":\"EntryPoint\",\"urlTemplate\":\"https:\\\/\\\/www.tvportugal.tv\\\/portal\\\/?s={search_term_string}\"},\"query-input\":{\"@type\":\"PropertyValueSpecification\",\"valueRequired\":true,\"valueName\":\"search_term_string\"}}],\"inLanguage\":\"pt-PT\"},{\"@type\":\"Person\",\"@id\":\"https:\\\/\\\/www.tvportugal.tv\\\/portal\\\/#\\\/schema\\\/person\\\/3dd386a0a960b868c3daed310f5d8d6b\",\"name\":\"Antonio Assuncao\",\"image\":{\"@type\":\"ImageObject\",\"inLanguage\":\"pt-PT\",\"@id\":\"https:\\\/\\\/secure.gravatar.com\\\/avatar\\\/d8f395a7f86675d6142e7d6ee91f1232e911b4f5ad4a72e064ca4dde2d42881b?s=96&d=mm&r=g\",\"url\":\"https:\\\/\\\/secure.gravatar.com\\\/avatar\\\/d8f395a7f86675d6142e7d6ee91f1232e911b4f5ad4a72e064ca4dde2d42881b?s=96&d=mm&r=g\",\"contentUrl\":\"https:\\\/\\\/secure.gravatar.com\\\/avatar\\\/d8f395a7f86675d6142e7d6ee91f1232e911b4f5ad4a72e064ca4dde2d42881b?s=96&d=mm&r=g\",\"caption\":\"Antonio Assuncao\"},\"sameAs\":[\"http:\\\/\\\/www.tvportugal.tv\\\/\"],\"url\":\"https:\\\/\\\/www.tvportugal.tv\\\/portal\\\/author\\\/antonio-assuncao\\\/\"}]}<\/script>\n<!-- \/ Yoast SEO plugin. -->","yoast_head_json":{"title":"Munic\u00edpio de Oeiras Vai Recuperar e Potenciar Campus da Escola Superior N\u00e1utica","description":"Munic\u00edpio de Oeiras Vai Recuperar e Potenciar Campus da Escola Superior N\u00e1utica, Isaltino Morais, Francisco Rocha Gon\u00e7alves, Portugal","robots":{"index":"index","follow":"follow","max-snippet":"max-snippet:-1","max-image-preview":"max-image-preview:large","max-video-preview":"max-video-preview:-1"},"canonical":"https:\/\/www.tvportugal.tv\/portal\/municipio-de-oeiras-vai-recuperar-e-potenciar-campus-da-escola-superior-nautica\/","og_locale":"pt_PT","og_type":"article","og_title":"Munic\u00edpio de Oeiras Vai Recuperar e Potenciar Campus da Escola Superior N\u00e1utica","og_description":"Munic\u00edpio de Oeiras Vai Recuperar e Potenciar Campus da Escola Superior N\u00e1utica, Isaltino Morais, Francisco Rocha Gon\u00e7alves, Portugal","og_url":"https:\/\/www.tvportugal.tv\/portal\/municipio-de-oeiras-vai-recuperar-e-potenciar-campus-da-escola-superior-nautica\/","og_site_name":"TV Portugal - Televis\u00e3o - Cascais - Sintra - Oeiras - Lisboa - Noticias","article_published_time":"2021-03-17T21:14:51+00:00","article_modified_time":"2021-03-17T21:14:53+00:00","og_image":[{"width":800,"height":600,"url":"https:\/\/www.tvportugal.tv\/portal\/wp-content\/uploads\/2021\/03\/Captura-de-ecra-2021-03-17-as-21.10.26.png","type":"image\/png"}],"author":"Antonio Assuncao","twitter_card":"summary_large_image","twitter_misc":{"Escrito por":"Antonio Assuncao","Tempo estimado de leitura":"1 minuto"},"schema":{"@context":"https:\/\/schema.org","@graph":[{"@type":"Article","@id":"https:\/\/www.tvportugal.tv\/portal\/municipio-de-oeiras-vai-recuperar-e-potenciar-campus-da-escola-superior-nautica\/#article","isPartOf":{"@id":"https:\/\/www.tvportugal.tv\/portal\/municipio-de-oeiras-vai-recuperar-e-potenciar-campus-da-escola-superior-nautica\/"},"author":{"name":"Antonio Assuncao","@id":"https:\/\/www.tvportugal.tv\/portal\/#\/schema\/person\/3dd386a0a960b868c3daed310f5d8d6b"},"headline":"Munic\u00edpio de Oeiras Vai Recuperar e Potenciar Campus da Escola Superior N\u00e1utica","datePublished":"2021-03-17T21:14:51+00:00","dateModified":"2021-03-17T21:14:53+00:00","mainEntityOfPage":{"@id":"https:\/\/www.tvportugal.tv\/portal\/municipio-de-oeiras-vai-recuperar-e-potenciar-campus-da-escola-superior-nautica\/"},"wordCount":168,"image":{"@id":"https:\/\/www.tvportugal.tv\/portal\/municipio-de-oeiras-vai-recuperar-e-potenciar-campus-da-escola-superior-nautica\/#primaryimage"},"thumbnailUrl":"https:\/\/www.tvportugal.tv\/portal\/wp-content\/uploads\/2021\/03\/Captura-de-ecra-2021-03-17-as-21.10.26.png","keywords":["Francisco Rocha Gon\u00e7alves","Isaltino Morais","Oeiras"],"articleSection":["Assinatura de Protocolo","Comunidade","Educa\u00e7\u00e3o","Oeiras"],"inLanguage":"pt-PT"},{"@type":"WebPage","@id":"https:\/\/www.tvportugal.tv\/portal\/municipio-de-oeiras-vai-recuperar-e-potenciar-campus-da-escola-superior-nautica\/","url":"https:\/\/www.tvportugal.tv\/portal\/municipio-de-oeiras-vai-recuperar-e-potenciar-campus-da-escola-superior-nautica\/","name":"Munic\u00edpio de Oeiras Vai Recuperar e Potenciar Campus da Escola Superior N\u00e1utica","isPartOf":{"@id":"https:\/\/www.tvportugal.tv\/portal\/#website"},"primaryImageOfPage":{"@id":"https:\/\/www.tvportugal.tv\/portal\/municipio-de-oeiras-vai-recuperar-e-potenciar-campus-da-escola-superior-nautica\/#primaryimage"},"image":{"@id":"https:\/\/www.tvportugal.tv\/portal\/municipio-de-oeiras-vai-recuperar-e-potenciar-campus-da-escola-superior-nautica\/#primaryimage"},"thumbnailUrl":"https:\/\/www.tvportugal.tv\/portal\/wp-content\/uploads\/2021\/03\/Captura-de-ecra-2021-03-17-as-21.10.26.png","datePublished":"2021-03-17T21:14:51+00:00","dateModified":"2021-03-17T21:14:53+00:00","author":{"@id":"https:\/\/www.tvportugal.tv\/portal\/#\/schema\/person\/3dd386a0a960b868c3daed310f5d8d6b"},"description":"Munic\u00edpio de Oeiras Vai Recuperar e Potenciar Campus da Escola Superior N\u00e1utica, Isaltino Morais, Francisco Rocha Gon\u00e7alves, Portugal","breadcrumb":{"@id":"https:\/\/www.tvportugal.tv\/portal\/municipio-de-oeiras-vai-recuperar-e-potenciar-campus-da-escola-superior-nautica\/#breadcrumb"},"inLanguage":"pt-PT","potentialAction":[{"@type":"ReadAction","target":["https:\/\/www.tvportugal.tv\/portal\/municipio-de-oeiras-vai-recuperar-e-potenciar-campus-da-escola-superior-nautica\/"]}]},{"@type":"ImageObject","inLanguage":"pt-PT","@id":"https:\/\/www.tvportugal.tv\/portal\/municipio-de-oeiras-vai-recuperar-e-potenciar-campus-da-escola-superior-nautica\/#primaryimage","url":"https:\/\/www.tvportugal.tv\/portal\/wp-content\/uploads\/2021\/03\/Captura-de-ecra-2021-03-17-as-21.10.26.png","contentUrl":"https:\/\/www.tvportugal.tv\/portal\/wp-content\/uploads\/2021\/03\/Captura-de-ecra-2021-03-17-as-21.10.26.png","width":800,"height":600,"caption":"Munic\u00edpio de Oeiras Vai Recuperar e Potenciar Campus da Escola Superior N\u00e1utica, Isaltino Morais, Francisco Rocha Gon\u00e7alves, Portugal"},{"@type":"BreadcrumbList","@id":"https:\/\/www.tvportugal.tv\/portal\/municipio-de-oeiras-vai-recuperar-e-potenciar-campus-da-escola-superior-nautica\/#breadcrumb","itemListElement":[{"@type":"ListItem","position":1,"name":"In\u00edcio","item":"https:\/\/www.tvportugal.tv\/portal\/"},{"@type":"ListItem","position":2,"name":"Munic\u00edpio de Oeiras Vai Recuperar e Potenciar Campus da Escola Superior N\u00e1utica"}]},{"@type":"WebSite","@id":"https:\/\/www.tvportugal.tv\/portal\/#website","url":"https:\/\/www.tvportugal.tv\/portal\/","name":"TV Portugal - Televis\u00e3o - Cascais - Sintra - Oeiras - Lisboa - Noticias","description":"Televis\u00e3o Cascais, Televis\u00e3o Estoril, Tv Web com produ\u00e7\u00e3o pr\u00f3pria da Regi\u00e3o de Lisboa, Televis\u00e3o On-line, Noticias de Cascais, Noticias de Sintra, Noticias de Lisboa, Videos, Reportagen","potentialAction":[{"@type":"SearchAction","target":{"@type":"EntryPoint","urlTemplate":"https:\/\/www.tvportugal.tv\/portal\/?s={search_term_string}"},"query-input":{"@type":"PropertyValueSpecification","valueRequired":true,"valueName":"search_term_string"}}],"inLanguage":"pt-PT"},{"@type":"Person","@id":"https:\/\/www.tvportugal.tv\/portal\/#\/schema\/person\/3dd386a0a960b868c3daed310f5d8d6b","name":"Antonio Assuncao","image":{"@type":"ImageObject","inLanguage":"pt-PT","@id":"https:\/\/secure.gravatar.com\/avatar\/d8f395a7f86675d6142e7d6ee91f1232e911b4f5ad4a72e064ca4dde2d42881b?s=96&d=mm&r=g","url":"https:\/\/secure.gravatar.com\/avatar\/d8f395a7f86675d6142e7d6ee91f1232e911b4f5ad4a72e064ca4dde2d42881b?s=96&d=mm&r=g","contentUrl":"https:\/\/secure.gravatar.com\/avatar\/d8f395a7f86675d6142e7d6ee91f1232e911b4f5ad4a72e064ca4dde2d42881b?s=96&d=mm&r=g","caption":"Antonio Assuncao"},"sameAs":["http:\/\/www.tvportugal.tv\/"],"url":"https:\/\/www.tvportugal.tv\/portal\/author\/antonio-assuncao\/"}]}},"_links":{"self":[{"href":"https:\/\/www.tvportugal.tv\/portal\/wp-json\/wp\/v2\/posts\/7110","targetHints":{"allow":["GET"]}}],"collection":[{"href":"https:\/\/www.tvportugal.tv\/portal\/wp-json\/wp\/v2\/posts"}],"about":[{"href":"https:\/\/www.tvportugal.tv\/portal\/wp-json\/wp\/v2\/types\/post"}],"author":[{"embeddable":true,"href":"https:\/\/www.tvportugal.tv\/portal\/wp-json\/wp\/v2\/users\/2"}],"replies":[{"embeddable":true,"href":"https:\/\/www.tvportugal.tv\/portal\/wp-json\/wp\/v2\/comments?post=7110"}],"version-history":[{"count":1,"href":"https:\/\/www.tvportugal.tv\/portal\/wp-json\/wp\/v2\/posts\/7110\/revisions"}],"predecessor-version":[{"id":7112,"href":"https:\/\/www.tvportugal.tv\/portal\/wp-json\/wp\/v2\/posts\/7110\/revisions\/7112"}],"wp:featuredmedia":[{"embeddable":true,"href":"https:\/\/www.tvportugal.tv\/portal\/wp-json\/wp\/v2\/media\/7111"}],"wp:attachment":[{"href":"https:\/\/www.tvportugal.tv\/portal\/wp-json\/wp\/v2\/media?parent=7110"}],"wp:term":[{"taxonomy":"category","embeddable":true,"href":"https:\/\/www.tvportugal.tv\/portal\/wp-json\/wp\/v2\/categories?post=7110"},{"taxonomy":"post_tag","embeddable":true,"href":"https:\/\/www.tvportugal.tv\/portal\/wp-json\/wp\/v2\/tags?post=7110"}],"curies":[{"name":"wp","href":"https:\/\/api.w.org\/{rel}","templated":true}]}}