{"id":7042,"date":"2020-11-02T19:27:01","date_gmt":"2020-11-02T19:27:01","guid":{"rendered":"https:\/\/www.tvportugal.tv\/portal\/?p=7042"},"modified":"2020-11-02T19:27:03","modified_gmt":"2020-11-02T19:27:03","slug":"0-combus-ja-chegou-a-carnaxide-e-queijas","status":"publish","type":"post","link":"https:\/\/www.tvportugal.tv\/portal\/0-combus-ja-chegou-a-carnaxide-e-queijas\/","title":{"rendered":"O COMBUS J\u00e1 Chegou a Carnaxide e Queijas"},"content":{"rendered":"<p>[vc_row][vc_column][vc_column_text]<\/p>\n<h2>O COMBUS J\u00e1 Chegou a Carnaxide e Queijas<\/h2>\n<p>[\/vc_column_text][\/vc_column][\/vc_row][vc_row][vc_column][vc_column_text]&#8221;O COMBUS \u00e9 um modo de transporte complementar que visa ir onde o transporte p\u00fablico normal n\u00e3o vai. (&#8230;), foi suspenso no mandato anterior, conclu\u00edmos que fazia sentido reactiva-lo e \u00e9 isso que estamos a fazer com 16 autocarros, 2 em cada freguesia, algumas com 3.&#8221;Isaltino Morais, Presidente CM Oeiras. Reportagem, Imagem e Edi\u00e7\u00e3o &#8211; Ant\u00f3nio Assun\u00e7\u00e3o 2020 11 02<span style=\"font-size: inherit;\">[\/vc_column_text][\/vc_column][\/vc_row][vc_row][vc_column][vc_video link=&#8221;https:\/\/www.youtube.com\/watch?v=_9l9kiLuYms&#8221;][\/vc_column][\/vc_row]<\/span><\/p>\n","protected":false},"excerpt":{"rendered":"<p>[vc_row][vc_column][vc_column_text] O COMBUS J\u00e1 Chegou a Carnaxide e Queijas [\/vc_column_text][\/vc_column][\/vc_row][vc_row][vc_column][vc_column_text]&#8221;O COMBUS \u00e9 um modo de transporte complementar que visa ir onde o transporte p\u00fablico normal n\u00e3o vai. (&#8230;), foi suspenso no mandato anterior, conclu\u00edmos que fazia sentido reactiva-lo e \u00e9 isso que estamos a fazer com 16 autocarros, 2 em<span class=\"excerpt-hellip\"> [\u2026]<\/span><\/p>\n","protected":false},"author":2,"featured_media":7043,"comment_status":"closed","ping_status":"closed","sticky":false,"template":"","format":"standard","meta":{"footnotes":""},"categories":[137,47,77,214,178],"tags":[205,215,192,100],"class_list":["post-7042","post","type-post","status-publish","format-standard","has-post-thumbnail","hentry","category-comunidade","category-inauguracoes","category-oeiras","category-senior","category-varios","tag-francisco-rocha-goncalves","tag-inigo-pereira","tag-isaltino-morais","tag-oeiras"],"yoast_head":"<!-- This site is optimized with the Yoast SEO plugin v27.5 - https:\/\/yoast.com\/product\/yoast-seo-wordpress\/ -->\n<title>O COMBUS J\u00e1 Chegou a Carnaxide e Queijas<\/title>\n<meta name=\"description\" content=\"O COMBUS J\u00e1 Chegou a Carnaxide e Queijas, Inigo Pereira, Isaltino Morais, Francisco Rocha Gon\u00e7alves, Oeiras, Televis\u00e3o, Portugal\" \/>\n<meta name=\"robots\" content=\"index, follow, max-snippet:-1, max-image-preview:large, max-video-preview:-1\" \/>\n<link rel=\"canonical\" href=\"https:\/\/www.tvportugal.tv\/portal\/0-combus-ja-chegou-a-carnaxide-e-queijas\/\" \/>\n<meta property=\"og:locale\" content=\"pt_PT\" \/>\n<meta property=\"og:type\" content=\"article\" \/>\n<meta property=\"og:title\" content=\"O COMBUS J\u00e1 Chegou a Carnaxide e Queijas\" \/>\n<meta property=\"og:description\" content=\"O COMBUS J\u00e1 Chegou a Carnaxide e Queijas, Inigo Pereira, Isaltino Morais, Francisco Rocha Gon\u00e7alves, Oeiras, Televis\u00e3o, Portugal\" \/>\n<meta property=\"og:url\" content=\"https:\/\/www.tvportugal.tv\/portal\/0-combus-ja-chegou-a-carnaxide-e-queijas\/\" \/>\n<meta property=\"og:site_name\" content=\"TV Portugal - Televis\u00e3o - Cascais - Sintra - Oeiras - Lisboa - Noticias\" \/>\n<meta property=\"article:published_time\" content=\"2020-11-02T19:27:01+00:00\" \/>\n<meta property=\"article:modified_time\" content=\"2020-11-02T19:27:03+00:00\" \/>\n<meta property=\"og:image\" content=\"https:\/\/www.tvportugal.tv\/portal\/wp-content\/uploads\/2020\/11\/Captura-de-ecra-2020-11-02-as-18.56.45.png\" \/>\n\t<meta property=\"og:image:width\" content=\"800\" \/>\n\t<meta property=\"og:image:height\" content=\"600\" \/>\n\t<meta property=\"og:image:type\" content=\"image\/png\" \/>\n<meta name=\"author\" content=\"Antonio Assuncao\" \/>\n<meta name=\"twitter:card\" content=\"summary_large_image\" \/>\n<meta name=\"twitter:label1\" content=\"Escrito por\" \/>\n\t<meta name=\"twitter:data1\" content=\"Antonio Assuncao\" \/>\n\t<meta name=\"twitter:label2\" content=\"Tempo estimado de leitura\" \/>\n\t<meta name=\"twitter:data2\" content=\"1 minuto\" \/>\n<script type=\"application\/ld+json\" class=\"yoast-schema-graph\">{\"@context\":\"https:\\\/\\\/schema.org\",\"@graph\":[{\"@type\":\"Article\",\"@id\":\"https:\\\/\\\/www.tvportugal.tv\\\/portal\\\/0-combus-ja-chegou-a-carnaxide-e-queijas\\\/#article\",\"isPartOf\":{\"@id\":\"https:\\\/\\\/www.tvportugal.tv\\\/portal\\\/0-combus-ja-chegou-a-carnaxide-e-queijas\\\/\"},\"author\":{\"name\":\"Antonio Assuncao\",\"@id\":\"https:\\\/\\\/www.tvportugal.tv\\\/portal\\\/#\\\/schema\\\/person\\\/3dd386a0a960b868c3daed310f5d8d6b\"},\"headline\":\"O COMBUS J\u00e1 Chegou a Carnaxide e Queijas\",\"datePublished\":\"2020-11-02T19:27:01+00:00\",\"dateModified\":\"2020-11-02T19:27:03+00:00\",\"mainEntityOfPage\":{\"@id\":\"https:\\\/\\\/www.tvportugal.tv\\\/portal\\\/0-combus-ja-chegou-a-carnaxide-e-queijas\\\/\"},\"wordCount\":121,\"image\":{\"@id\":\"https:\\\/\\\/www.tvportugal.tv\\\/portal\\\/0-combus-ja-chegou-a-carnaxide-e-queijas\\\/#primaryimage\"},\"thumbnailUrl\":\"https:\\\/\\\/www.tvportugal.tv\\\/portal\\\/wp-content\\\/uploads\\\/2020\\\/11\\\/Captura-de-ecra-2020-11-02-as-18.56.45.png\",\"keywords\":[\"Francisco Rocha Gon\u00e7alves\",\"Inigo Pereira\",\"Isaltino Morais\",\"Oeiras\"],\"articleSection\":[\"Comunidade\",\"Inaugura\u00e7\u00f5es\",\"Oeiras\",\"S\u00e9nior\",\"V\u00e1rios\"],\"inLanguage\":\"pt-PT\"},{\"@type\":\"WebPage\",\"@id\":\"https:\\\/\\\/www.tvportugal.tv\\\/portal\\\/0-combus-ja-chegou-a-carnaxide-e-queijas\\\/\",\"url\":\"https:\\\/\\\/www.tvportugal.tv\\\/portal\\\/0-combus-ja-chegou-a-carnaxide-e-queijas\\\/\",\"name\":\"O COMBUS J\u00e1 Chegou a Carnaxide e Queijas\",\"isPartOf\":{\"@id\":\"https:\\\/\\\/www.tvportugal.tv\\\/portal\\\/#website\"},\"primaryImageOfPage\":{\"@id\":\"https:\\\/\\\/www.tvportugal.tv\\\/portal\\\/0-combus-ja-chegou-a-carnaxide-e-queijas\\\/#primaryimage\"},\"image\":{\"@id\":\"https:\\\/\\\/www.tvportugal.tv\\\/portal\\\/0-combus-ja-chegou-a-carnaxide-e-queijas\\\/#primaryimage\"},\"thumbnailUrl\":\"https:\\\/\\\/www.tvportugal.tv\\\/portal\\\/wp-content\\\/uploads\\\/2020\\\/11\\\/Captura-de-ecra-2020-11-02-as-18.56.45.png\",\"datePublished\":\"2020-11-02T19:27:01+00:00\",\"dateModified\":\"2020-11-02T19:27:03+00:00\",\"author\":{\"@id\":\"https:\\\/\\\/www.tvportugal.tv\\\/portal\\\/#\\\/schema\\\/person\\\/3dd386a0a960b868c3daed310f5d8d6b\"},\"description\":\"O COMBUS J\u00e1 Chegou a Carnaxide e Queijas, Inigo Pereira, Isaltino Morais, Francisco Rocha Gon\u00e7alves, Oeiras, Televis\u00e3o, Portugal\",\"breadcrumb\":{\"@id\":\"https:\\\/\\\/www.tvportugal.tv\\\/portal\\\/0-combus-ja-chegou-a-carnaxide-e-queijas\\\/#breadcrumb\"},\"inLanguage\":\"pt-PT\",\"potentialAction\":[{\"@type\":\"ReadAction\",\"target\":[\"https:\\\/\\\/www.tvportugal.tv\\\/portal\\\/0-combus-ja-chegou-a-carnaxide-e-queijas\\\/\"]}]},{\"@type\":\"ImageObject\",\"inLanguage\":\"pt-PT\",\"@id\":\"https:\\\/\\\/www.tvportugal.tv\\\/portal\\\/0-combus-ja-chegou-a-carnaxide-e-queijas\\\/#primaryimage\",\"url\":\"https:\\\/\\\/www.tvportugal.tv\\\/portal\\\/wp-content\\\/uploads\\\/2020\\\/11\\\/Captura-de-ecra-2020-11-02-as-18.56.45.png\",\"contentUrl\":\"https:\\\/\\\/www.tvportugal.tv\\\/portal\\\/wp-content\\\/uploads\\\/2020\\\/11\\\/Captura-de-ecra-2020-11-02-as-18.56.45.png\",\"width\":800,\"height\":600,\"caption\":\"O COMBUS J\u00e1 Chegou a Carnaxide e Queijas, Inigo Pereira, Isaltino Morais, Francisco Rocha Gon\u00e7alves, Oeiras, Televis\u00e3o, Portugal\"},{\"@type\":\"BreadcrumbList\",\"@id\":\"https:\\\/\\\/www.tvportugal.tv\\\/portal\\\/0-combus-ja-chegou-a-carnaxide-e-queijas\\\/#breadcrumb\",\"itemListElement\":[{\"@type\":\"ListItem\",\"position\":1,\"name\":\"In\u00edcio\",\"item\":\"https:\\\/\\\/www.tvportugal.tv\\\/portal\\\/\"},{\"@type\":\"ListItem\",\"position\":2,\"name\":\"O COMBUS J\u00e1 Chegou a Carnaxide e Queijas\"}]},{\"@type\":\"WebSite\",\"@id\":\"https:\\\/\\\/www.tvportugal.tv\\\/portal\\\/#website\",\"url\":\"https:\\\/\\\/www.tvportugal.tv\\\/portal\\\/\",\"name\":\"TV Portugal - Televis\u00e3o - Cascais - Sintra - Oeiras - Lisboa - Noticias\",\"description\":\"Televis\u00e3o Cascais, Televis\u00e3o Estoril, Tv Web com produ\u00e7\u00e3o pr\u00f3pria da Regi\u00e3o de Lisboa, Televis\u00e3o On-line, Noticias de Cascais, Noticias de Sintra, Noticias de Lisboa, Videos, Reportagen\",\"potentialAction\":[{\"@type\":\"SearchAction\",\"target\":{\"@type\":\"EntryPoint\",\"urlTemplate\":\"https:\\\/\\\/www.tvportugal.tv\\\/portal\\\/?s={search_term_string}\"},\"query-input\":{\"@type\":\"PropertyValueSpecification\",\"valueRequired\":true,\"valueName\":\"search_term_string\"}}],\"inLanguage\":\"pt-PT\"},{\"@type\":\"Person\",\"@id\":\"https:\\\/\\\/www.tvportugal.tv\\\/portal\\\/#\\\/schema\\\/person\\\/3dd386a0a960b868c3daed310f5d8d6b\",\"name\":\"Antonio Assuncao\",\"image\":{\"@type\":\"ImageObject\",\"inLanguage\":\"pt-PT\",\"@id\":\"https:\\\/\\\/secure.gravatar.com\\\/avatar\\\/d8f395a7f86675d6142e7d6ee91f1232e911b4f5ad4a72e064ca4dde2d42881b?s=96&d=mm&r=g\",\"url\":\"https:\\\/\\\/secure.gravatar.com\\\/avatar\\\/d8f395a7f86675d6142e7d6ee91f1232e911b4f5ad4a72e064ca4dde2d42881b?s=96&d=mm&r=g\",\"contentUrl\":\"https:\\\/\\\/secure.gravatar.com\\\/avatar\\\/d8f395a7f86675d6142e7d6ee91f1232e911b4f5ad4a72e064ca4dde2d42881b?s=96&d=mm&r=g\",\"caption\":\"Antonio Assuncao\"},\"sameAs\":[\"http:\\\/\\\/www.tvportugal.tv\\\/\"],\"url\":\"https:\\\/\\\/www.tvportugal.tv\\\/portal\\\/author\\\/antonio-assuncao\\\/\"}]}<\/script>\n<!-- \/ Yoast SEO plugin. -->","yoast_head_json":{"title":"O COMBUS J\u00e1 Chegou a Carnaxide e Queijas","description":"O COMBUS J\u00e1 Chegou a Carnaxide e Queijas, Inigo Pereira, Isaltino Morais, Francisco Rocha Gon\u00e7alves, Oeiras, Televis\u00e3o, Portugal","robots":{"index":"index","follow":"follow","max-snippet":"max-snippet:-1","max-image-preview":"max-image-preview:large","max-video-preview":"max-video-preview:-1"},"canonical":"https:\/\/www.tvportugal.tv\/portal\/0-combus-ja-chegou-a-carnaxide-e-queijas\/","og_locale":"pt_PT","og_type":"article","og_title":"O COMBUS J\u00e1 Chegou a Carnaxide e Queijas","og_description":"O COMBUS J\u00e1 Chegou a Carnaxide e Queijas, Inigo Pereira, Isaltino Morais, Francisco Rocha Gon\u00e7alves, Oeiras, Televis\u00e3o, Portugal","og_url":"https:\/\/www.tvportugal.tv\/portal\/0-combus-ja-chegou-a-carnaxide-e-queijas\/","og_site_name":"TV Portugal - Televis\u00e3o - Cascais - Sintra - Oeiras - Lisboa - Noticias","article_published_time":"2020-11-02T19:27:01+00:00","article_modified_time":"2020-11-02T19:27:03+00:00","og_image":[{"width":800,"height":600,"url":"https:\/\/www.tvportugal.tv\/portal\/wp-content\/uploads\/2020\/11\/Captura-de-ecra-2020-11-02-as-18.56.45.png","type":"image\/png"}],"author":"Antonio Assuncao","twitter_card":"summary_large_image","twitter_misc":{"Escrito por":"Antonio Assuncao","Tempo estimado de leitura":"1 minuto"},"schema":{"@context":"https:\/\/schema.org","@graph":[{"@type":"Article","@id":"https:\/\/www.tvportugal.tv\/portal\/0-combus-ja-chegou-a-carnaxide-e-queijas\/#article","isPartOf":{"@id":"https:\/\/www.tvportugal.tv\/portal\/0-combus-ja-chegou-a-carnaxide-e-queijas\/"},"author":{"name":"Antonio Assuncao","@id":"https:\/\/www.tvportugal.tv\/portal\/#\/schema\/person\/3dd386a0a960b868c3daed310f5d8d6b"},"headline":"O COMBUS J\u00e1 Chegou a Carnaxide e Queijas","datePublished":"2020-11-02T19:27:01+00:00","dateModified":"2020-11-02T19:27:03+00:00","mainEntityOfPage":{"@id":"https:\/\/www.tvportugal.tv\/portal\/0-combus-ja-chegou-a-carnaxide-e-queijas\/"},"wordCount":121,"image":{"@id":"https:\/\/www.tvportugal.tv\/portal\/0-combus-ja-chegou-a-carnaxide-e-queijas\/#primaryimage"},"thumbnailUrl":"https:\/\/www.tvportugal.tv\/portal\/wp-content\/uploads\/2020\/11\/Captura-de-ecra-2020-11-02-as-18.56.45.png","keywords":["Francisco Rocha Gon\u00e7alves","Inigo Pereira","Isaltino Morais","Oeiras"],"articleSection":["Comunidade","Inaugura\u00e7\u00f5es","Oeiras","S\u00e9nior","V\u00e1rios"],"inLanguage":"pt-PT"},{"@type":"WebPage","@id":"https:\/\/www.tvportugal.tv\/portal\/0-combus-ja-chegou-a-carnaxide-e-queijas\/","url":"https:\/\/www.tvportugal.tv\/portal\/0-combus-ja-chegou-a-carnaxide-e-queijas\/","name":"O COMBUS J\u00e1 Chegou a Carnaxide e Queijas","isPartOf":{"@id":"https:\/\/www.tvportugal.tv\/portal\/#website"},"primaryImageOfPage":{"@id":"https:\/\/www.tvportugal.tv\/portal\/0-combus-ja-chegou-a-carnaxide-e-queijas\/#primaryimage"},"image":{"@id":"https:\/\/www.tvportugal.tv\/portal\/0-combus-ja-chegou-a-carnaxide-e-queijas\/#primaryimage"},"thumbnailUrl":"https:\/\/www.tvportugal.tv\/portal\/wp-content\/uploads\/2020\/11\/Captura-de-ecra-2020-11-02-as-18.56.45.png","datePublished":"2020-11-02T19:27:01+00:00","dateModified":"2020-11-02T19:27:03+00:00","author":{"@id":"https:\/\/www.tvportugal.tv\/portal\/#\/schema\/person\/3dd386a0a960b868c3daed310f5d8d6b"},"description":"O COMBUS J\u00e1 Chegou a Carnaxide e Queijas, Inigo Pereira, Isaltino Morais, Francisco Rocha Gon\u00e7alves, Oeiras, Televis\u00e3o, Portugal","breadcrumb":{"@id":"https:\/\/www.tvportugal.tv\/portal\/0-combus-ja-chegou-a-carnaxide-e-queijas\/#breadcrumb"},"inLanguage":"pt-PT","potentialAction":[{"@type":"ReadAction","target":["https:\/\/www.tvportugal.tv\/portal\/0-combus-ja-chegou-a-carnaxide-e-queijas\/"]}]},{"@type":"ImageObject","inLanguage":"pt-PT","@id":"https:\/\/www.tvportugal.tv\/portal\/0-combus-ja-chegou-a-carnaxide-e-queijas\/#primaryimage","url":"https:\/\/www.tvportugal.tv\/portal\/wp-content\/uploads\/2020\/11\/Captura-de-ecra-2020-11-02-as-18.56.45.png","contentUrl":"https:\/\/www.tvportugal.tv\/portal\/wp-content\/uploads\/2020\/11\/Captura-de-ecra-2020-11-02-as-18.56.45.png","width":800,"height":600,"caption":"O COMBUS J\u00e1 Chegou a Carnaxide e Queijas, Inigo Pereira, Isaltino Morais, Francisco Rocha Gon\u00e7alves, Oeiras, Televis\u00e3o, Portugal"},{"@type":"BreadcrumbList","@id":"https:\/\/www.tvportugal.tv\/portal\/0-combus-ja-chegou-a-carnaxide-e-queijas\/#breadcrumb","itemListElement":[{"@type":"ListItem","position":1,"name":"In\u00edcio","item":"https:\/\/www.tvportugal.tv\/portal\/"},{"@type":"ListItem","position":2,"name":"O COMBUS J\u00e1 Chegou a Carnaxide e Queijas"}]},{"@type":"WebSite","@id":"https:\/\/www.tvportugal.tv\/portal\/#website","url":"https:\/\/www.tvportugal.tv\/portal\/","name":"TV Portugal - Televis\u00e3o - Cascais - Sintra - Oeiras - Lisboa - Noticias","description":"Televis\u00e3o Cascais, Televis\u00e3o Estoril, Tv Web com produ\u00e7\u00e3o pr\u00f3pria da Regi\u00e3o de Lisboa, Televis\u00e3o On-line, Noticias de Cascais, Noticias de Sintra, Noticias de Lisboa, Videos, Reportagen","potentialAction":[{"@type":"SearchAction","target":{"@type":"EntryPoint","urlTemplate":"https:\/\/www.tvportugal.tv\/portal\/?s={search_term_string}"},"query-input":{"@type":"PropertyValueSpecification","valueRequired":true,"valueName":"search_term_string"}}],"inLanguage":"pt-PT"},{"@type":"Person","@id":"https:\/\/www.tvportugal.tv\/portal\/#\/schema\/person\/3dd386a0a960b868c3daed310f5d8d6b","name":"Antonio Assuncao","image":{"@type":"ImageObject","inLanguage":"pt-PT","@id":"https:\/\/secure.gravatar.com\/avatar\/d8f395a7f86675d6142e7d6ee91f1232e911b4f5ad4a72e064ca4dde2d42881b?s=96&d=mm&r=g","url":"https:\/\/secure.gravatar.com\/avatar\/d8f395a7f86675d6142e7d6ee91f1232e911b4f5ad4a72e064ca4dde2d42881b?s=96&d=mm&r=g","contentUrl":"https:\/\/secure.gravatar.com\/avatar\/d8f395a7f86675d6142e7d6ee91f1232e911b4f5ad4a72e064ca4dde2d42881b?s=96&d=mm&r=g","caption":"Antonio Assuncao"},"sameAs":["http:\/\/www.tvportugal.tv\/"],"url":"https:\/\/www.tvportugal.tv\/portal\/author\/antonio-assuncao\/"}]}},"_links":{"self":[{"href":"https:\/\/www.tvportugal.tv\/portal\/wp-json\/wp\/v2\/posts\/7042","targetHints":{"allow":["GET"]}}],"collection":[{"href":"https:\/\/www.tvportugal.tv\/portal\/wp-json\/wp\/v2\/posts"}],"about":[{"href":"https:\/\/www.tvportugal.tv\/portal\/wp-json\/wp\/v2\/types\/post"}],"author":[{"embeddable":true,"href":"https:\/\/www.tvportugal.tv\/portal\/wp-json\/wp\/v2\/users\/2"}],"replies":[{"embeddable":true,"href":"https:\/\/www.tvportugal.tv\/portal\/wp-json\/wp\/v2\/comments?post=7042"}],"version-history":[{"count":1,"href":"https:\/\/www.tvportugal.tv\/portal\/wp-json\/wp\/v2\/posts\/7042\/revisions"}],"predecessor-version":[{"id":7044,"href":"https:\/\/www.tvportugal.tv\/portal\/wp-json\/wp\/v2\/posts\/7042\/revisions\/7044"}],"wp:featuredmedia":[{"embeddable":true,"href":"https:\/\/www.tvportugal.tv\/portal\/wp-json\/wp\/v2\/media\/7043"}],"wp:attachment":[{"href":"https:\/\/www.tvportugal.tv\/portal\/wp-json\/wp\/v2\/media?parent=7042"}],"wp:term":[{"taxonomy":"category","embeddable":true,"href":"https:\/\/www.tvportugal.tv\/portal\/wp-json\/wp\/v2\/categories?post=7042"},{"taxonomy":"post_tag","embeddable":true,"href":"https:\/\/www.tvportugal.tv\/portal\/wp-json\/wp\/v2\/tags?post=7042"}],"curies":[{"name":"wp","href":"https:\/\/api.w.org\/{rel}","templated":true}]}}