{"id":6874,"date":"2020-03-18T14:40:44","date_gmt":"2020-03-18T14:40:44","guid":{"rendered":"https:\/\/www.tvportugal.tv\/portal\/?p=6874"},"modified":"2020-03-18T14:40:45","modified_gmt":"2020-03-18T14:40:45","slug":"inicio-da-reuniao-do-conselho-de-estado-videoconferencia","status":"publish","type":"post","link":"https:\/\/www.tvportugal.tv\/portal\/inicio-da-reuniao-do-conselho-de-estado-videoconferencia\/","title":{"rendered":"In\u00edcio da Reuni\u00e3o do Conselho de Estado | Videoconfer\u00eancia"},"content":{"rendered":"<p>[vc_row][vc_column][vc_column_text]<\/p>\n<h2>In\u00edcio da Reuni\u00e3o do Conselho de Estado | Videoconfer\u00eancia<\/h2>\n<p>[\/vc_column_text][\/vc_column][\/vc_row][vc_row][vc_column][vc_column_text]&#8221;O Presidente da Rep\u00fablica encontra-se a presidir, a partir do Pal\u00e1cio de Bel\u00e9m, \u00e0 reuni\u00e3o do Conselho de Estado, que decorre por videoconfer\u00eancia. Imagens &#8211; PR 2020 03 18<span style=\"font-size: inherit;\">[\/vc_column_text][\/vc_column][\/vc_row][vc_row][vc_column][vc_video link=&#8221;https:\/\/www.youtube.com\/watch?v=lJcu6ZzncDA&#8221;][\/vc_column][\/vc_row]<\/span><\/p>\n","protected":false},"excerpt":{"rendered":"<p>[vc_row][vc_column][vc_column_text] In\u00edcio da Reuni\u00e3o do Conselho de Estado | Videoconfer\u00eancia [\/vc_column_text][\/vc_column][\/vc_row][vc_row][vc_column][vc_column_text]&#8221;O Presidente da Rep\u00fablica encontra-se a presidir, a partir do Pal\u00e1cio de Bel\u00e9m, \u00e0 reuni\u00e3o do Conselho de Estado, que decorre por videoconfer\u00eancia. Imagens &#8211; PR 2020 03 18[\/vc_column_text][\/vc_column][\/vc_row][vc_row][vc_column][vc_video link=&#8221;https:\/\/www.youtube.com\/watch?v=lJcu6ZzncDA&#8221;][\/vc_column][\/vc_row]<\/p>\n","protected":false},"author":2,"featured_media":6875,"comment_status":"closed","ping_status":"closed","sticky":false,"template":"","format":"standard","meta":{"footnotes":""},"categories":[42,137,103,77,188,41,178],"tags":[46,75,189],"class_list":["post-6874","post","type-post","status-publish","format-standard","has-post-thumbnail","hentry","category-cascais","category-comunidade","category-mafra","category-oeiras","category-politica","category-social","category-varios","tag-carlos-carreiras","tag-cascais","tag-politica"],"yoast_head":"<!-- This site is optimized with the Yoast SEO plugin v27.5 - https:\/\/yoast.com\/product\/yoast-seo-wordpress\/ -->\n<title>In\u00edcio da Reuni\u00e3o do Conselho de Estado | Videoconfer\u00eancia<\/title>\n<meta name=\"description\" content=\"In\u00edcio da Reuni\u00e3o do Conselho de Estado, Videoconfer\u00eancia, Marcelo Rebelo de Sousa, Presidente da Rep\u00fablica, Portugal, Televis\u00e3o, Cascais\" \/>\n<meta name=\"robots\" content=\"index, follow, max-snippet:-1, max-image-preview:large, max-video-preview:-1\" \/>\n<link rel=\"canonical\" href=\"https:\/\/www.tvportugal.tv\/portal\/inicio-da-reuniao-do-conselho-de-estado-videoconferencia\/\" \/>\n<meta property=\"og:locale\" content=\"pt_PT\" \/>\n<meta property=\"og:type\" content=\"article\" \/>\n<meta property=\"og:title\" content=\"In\u00edcio da Reuni\u00e3o do Conselho de Estado | Videoconfer\u00eancia\" \/>\n<meta property=\"og:description\" content=\"In\u00edcio da Reuni\u00e3o do Conselho de Estado, Videoconfer\u00eancia, Marcelo Rebelo de Sousa, Presidente da Rep\u00fablica, Portugal, Televis\u00e3o, Cascais\" \/>\n<meta property=\"og:url\" content=\"https:\/\/www.tvportugal.tv\/portal\/inicio-da-reuniao-do-conselho-de-estado-videoconferencia\/\" \/>\n<meta property=\"og:site_name\" content=\"TV Portugal - Televis\u00e3o - Cascais - Sintra - Oeiras - Lisboa - Noticias\" \/>\n<meta property=\"article:published_time\" content=\"2020-03-18T14:40:44+00:00\" \/>\n<meta property=\"article:modified_time\" content=\"2020-03-18T14:40:45+00:00\" \/>\n<meta property=\"og:image\" content=\"https:\/\/www.tvportugal.tv\/portal\/wp-content\/uploads\/2020\/03\/200318-PRMRS-MFL-0174-4479-c\u00f3pia.jpg\" \/>\n\t<meta property=\"og:image:width\" content=\"800\" \/>\n\t<meta property=\"og:image:height\" content=\"600\" \/>\n\t<meta property=\"og:image:type\" content=\"image\/jpeg\" \/>\n<meta name=\"author\" content=\"Antonio Assuncao\" \/>\n<meta name=\"twitter:card\" content=\"summary_large_image\" \/>\n<meta name=\"twitter:label1\" content=\"Escrito por\" \/>\n\t<meta name=\"twitter:data1\" content=\"Antonio Assuncao\" \/>\n<script type=\"application\/ld+json\" class=\"yoast-schema-graph\">{\"@context\":\"https:\\\/\\\/schema.org\",\"@graph\":[{\"@type\":\"Article\",\"@id\":\"https:\\\/\\\/www.tvportugal.tv\\\/portal\\\/inicio-da-reuniao-do-conselho-de-estado-videoconferencia\\\/#article\",\"isPartOf\":{\"@id\":\"https:\\\/\\\/www.tvportugal.tv\\\/portal\\\/inicio-da-reuniao-do-conselho-de-estado-videoconferencia\\\/\"},\"author\":{\"name\":\"Antonio Assuncao\",\"@id\":\"https:\\\/\\\/www.tvportugal.tv\\\/portal\\\/#\\\/schema\\\/person\\\/3dd386a0a960b868c3daed310f5d8d6b\"},\"headline\":\"In\u00edcio da Reuni\u00e3o do Conselho de Estado | Videoconfer\u00eancia\",\"datePublished\":\"2020-03-18T14:40:44+00:00\",\"dateModified\":\"2020-03-18T14:40:45+00:00\",\"mainEntityOfPage\":{\"@id\":\"https:\\\/\\\/www.tvportugal.tv\\\/portal\\\/inicio-da-reuniao-do-conselho-de-estado-videoconferencia\\\/\"},\"wordCount\":99,\"image\":{\"@id\":\"https:\\\/\\\/www.tvportugal.tv\\\/portal\\\/inicio-da-reuniao-do-conselho-de-estado-videoconferencia\\\/#primaryimage\"},\"thumbnailUrl\":\"https:\\\/\\\/www.tvportugal.tv\\\/portal\\\/wp-content\\\/uploads\\\/2020\\\/03\\\/200318-PRMRS-MFL-0174-4479-c\u00f3pia.jpg\",\"keywords\":[\"Carlos Carreiras\",\"Cascais\",\"Pol\u00edtica\"],\"articleSection\":[\"Cascais\",\"Comunidade\",\"Mafra\",\"Oeiras\",\"Politica\",\"Social\",\"V\u00e1rios\"],\"inLanguage\":\"pt-PT\"},{\"@type\":\"WebPage\",\"@id\":\"https:\\\/\\\/www.tvportugal.tv\\\/portal\\\/inicio-da-reuniao-do-conselho-de-estado-videoconferencia\\\/\",\"url\":\"https:\\\/\\\/www.tvportugal.tv\\\/portal\\\/inicio-da-reuniao-do-conselho-de-estado-videoconferencia\\\/\",\"name\":\"In\u00edcio da Reuni\u00e3o do Conselho de Estado | Videoconfer\u00eancia\",\"isPartOf\":{\"@id\":\"https:\\\/\\\/www.tvportugal.tv\\\/portal\\\/#website\"},\"primaryImageOfPage\":{\"@id\":\"https:\\\/\\\/www.tvportugal.tv\\\/portal\\\/inicio-da-reuniao-do-conselho-de-estado-videoconferencia\\\/#primaryimage\"},\"image\":{\"@id\":\"https:\\\/\\\/www.tvportugal.tv\\\/portal\\\/inicio-da-reuniao-do-conselho-de-estado-videoconferencia\\\/#primaryimage\"},\"thumbnailUrl\":\"https:\\\/\\\/www.tvportugal.tv\\\/portal\\\/wp-content\\\/uploads\\\/2020\\\/03\\\/200318-PRMRS-MFL-0174-4479-c\u00f3pia.jpg\",\"datePublished\":\"2020-03-18T14:40:44+00:00\",\"dateModified\":\"2020-03-18T14:40:45+00:00\",\"author\":{\"@id\":\"https:\\\/\\\/www.tvportugal.tv\\\/portal\\\/#\\\/schema\\\/person\\\/3dd386a0a960b868c3daed310f5d8d6b\"},\"description\":\"In\u00edcio da Reuni\u00e3o do Conselho de Estado, Videoconfer\u00eancia, Marcelo Rebelo de Sousa, Presidente da Rep\u00fablica, Portugal, Televis\u00e3o, Cascais\",\"breadcrumb\":{\"@id\":\"https:\\\/\\\/www.tvportugal.tv\\\/portal\\\/inicio-da-reuniao-do-conselho-de-estado-videoconferencia\\\/#breadcrumb\"},\"inLanguage\":\"pt-PT\",\"potentialAction\":[{\"@type\":\"ReadAction\",\"target\":[\"https:\\\/\\\/www.tvportugal.tv\\\/portal\\\/inicio-da-reuniao-do-conselho-de-estado-videoconferencia\\\/\"]}]},{\"@type\":\"ImageObject\",\"inLanguage\":\"pt-PT\",\"@id\":\"https:\\\/\\\/www.tvportugal.tv\\\/portal\\\/inicio-da-reuniao-do-conselho-de-estado-videoconferencia\\\/#primaryimage\",\"url\":\"https:\\\/\\\/www.tvportugal.tv\\\/portal\\\/wp-content\\\/uploads\\\/2020\\\/03\\\/200318-PRMRS-MFL-0174-4479-c\u00f3pia.jpg\",\"contentUrl\":\"https:\\\/\\\/www.tvportugal.tv\\\/portal\\\/wp-content\\\/uploads\\\/2020\\\/03\\\/200318-PRMRS-MFL-0174-4479-c\u00f3pia.jpg\",\"width\":800,\"height\":600,\"caption\":\"In\u00edcio da Reuni\u00e3o do Conselho de Estado, Videoconfer\u00eancia, Marcelo Rebelo de Sousa, Presidente da Rep\u00fablica, Portugal, Televis\u00e3o, Cascais\"},{\"@type\":\"BreadcrumbList\",\"@id\":\"https:\\\/\\\/www.tvportugal.tv\\\/portal\\\/inicio-da-reuniao-do-conselho-de-estado-videoconferencia\\\/#breadcrumb\",\"itemListElement\":[{\"@type\":\"ListItem\",\"position\":1,\"name\":\"In\u00edcio\",\"item\":\"https:\\\/\\\/www.tvportugal.tv\\\/portal\\\/\"},{\"@type\":\"ListItem\",\"position\":2,\"name\":\"In\u00edcio da Reuni\u00e3o do Conselho de Estado | Videoconfer\u00eancia\"}]},{\"@type\":\"WebSite\",\"@id\":\"https:\\\/\\\/www.tvportugal.tv\\\/portal\\\/#website\",\"url\":\"https:\\\/\\\/www.tvportugal.tv\\\/portal\\\/\",\"name\":\"TV Portugal - Televis\u00e3o - Cascais - Sintra - Oeiras - Lisboa - Noticias\",\"description\":\"Televis\u00e3o Cascais, Televis\u00e3o Estoril, Tv Web com produ\u00e7\u00e3o pr\u00f3pria da Regi\u00e3o de Lisboa, Televis\u00e3o On-line, Noticias de Cascais, Noticias de Sintra, Noticias de Lisboa, Videos, Reportagen\",\"potentialAction\":[{\"@type\":\"SearchAction\",\"target\":{\"@type\":\"EntryPoint\",\"urlTemplate\":\"https:\\\/\\\/www.tvportugal.tv\\\/portal\\\/?s={search_term_string}\"},\"query-input\":{\"@type\":\"PropertyValueSpecification\",\"valueRequired\":true,\"valueName\":\"search_term_string\"}}],\"inLanguage\":\"pt-PT\"},{\"@type\":\"Person\",\"@id\":\"https:\\\/\\\/www.tvportugal.tv\\\/portal\\\/#\\\/schema\\\/person\\\/3dd386a0a960b868c3daed310f5d8d6b\",\"name\":\"Antonio Assuncao\",\"image\":{\"@type\":\"ImageObject\",\"inLanguage\":\"pt-PT\",\"@id\":\"https:\\\/\\\/secure.gravatar.com\\\/avatar\\\/d8f395a7f86675d6142e7d6ee91f1232e911b4f5ad4a72e064ca4dde2d42881b?s=96&d=mm&r=g\",\"url\":\"https:\\\/\\\/secure.gravatar.com\\\/avatar\\\/d8f395a7f86675d6142e7d6ee91f1232e911b4f5ad4a72e064ca4dde2d42881b?s=96&d=mm&r=g\",\"contentUrl\":\"https:\\\/\\\/secure.gravatar.com\\\/avatar\\\/d8f395a7f86675d6142e7d6ee91f1232e911b4f5ad4a72e064ca4dde2d42881b?s=96&d=mm&r=g\",\"caption\":\"Antonio Assuncao\"},\"sameAs\":[\"http:\\\/\\\/www.tvportugal.tv\\\/\"],\"url\":\"https:\\\/\\\/www.tvportugal.tv\\\/portal\\\/author\\\/antonio-assuncao\\\/\"}]}<\/script>\n<!-- \/ Yoast SEO plugin. -->","yoast_head_json":{"title":"In\u00edcio da Reuni\u00e3o do Conselho de Estado | Videoconfer\u00eancia","description":"In\u00edcio da Reuni\u00e3o do Conselho de Estado, Videoconfer\u00eancia, Marcelo Rebelo de Sousa, Presidente da Rep\u00fablica, Portugal, Televis\u00e3o, Cascais","robots":{"index":"index","follow":"follow","max-snippet":"max-snippet:-1","max-image-preview":"max-image-preview:large","max-video-preview":"max-video-preview:-1"},"canonical":"https:\/\/www.tvportugal.tv\/portal\/inicio-da-reuniao-do-conselho-de-estado-videoconferencia\/","og_locale":"pt_PT","og_type":"article","og_title":"In\u00edcio da Reuni\u00e3o do Conselho de Estado | Videoconfer\u00eancia","og_description":"In\u00edcio da Reuni\u00e3o do Conselho de Estado, Videoconfer\u00eancia, Marcelo Rebelo de Sousa, Presidente da Rep\u00fablica, Portugal, Televis\u00e3o, Cascais","og_url":"https:\/\/www.tvportugal.tv\/portal\/inicio-da-reuniao-do-conselho-de-estado-videoconferencia\/","og_site_name":"TV Portugal - Televis\u00e3o - Cascais - Sintra - Oeiras - Lisboa - Noticias","article_published_time":"2020-03-18T14:40:44+00:00","article_modified_time":"2020-03-18T14:40:45+00:00","og_image":[{"width":800,"height":600,"url":"https:\/\/www.tvportugal.tv\/portal\/wp-content\/uploads\/2020\/03\/200318-PRMRS-MFL-0174-4479-c\u00f3pia.jpg","type":"image\/jpeg"}],"author":"Antonio Assuncao","twitter_card":"summary_large_image","twitter_misc":{"Escrito por":"Antonio Assuncao"},"schema":{"@context":"https:\/\/schema.org","@graph":[{"@type":"Article","@id":"https:\/\/www.tvportugal.tv\/portal\/inicio-da-reuniao-do-conselho-de-estado-videoconferencia\/#article","isPartOf":{"@id":"https:\/\/www.tvportugal.tv\/portal\/inicio-da-reuniao-do-conselho-de-estado-videoconferencia\/"},"author":{"name":"Antonio Assuncao","@id":"https:\/\/www.tvportugal.tv\/portal\/#\/schema\/person\/3dd386a0a960b868c3daed310f5d8d6b"},"headline":"In\u00edcio da Reuni\u00e3o do Conselho de Estado | Videoconfer\u00eancia","datePublished":"2020-03-18T14:40:44+00:00","dateModified":"2020-03-18T14:40:45+00:00","mainEntityOfPage":{"@id":"https:\/\/www.tvportugal.tv\/portal\/inicio-da-reuniao-do-conselho-de-estado-videoconferencia\/"},"wordCount":99,"image":{"@id":"https:\/\/www.tvportugal.tv\/portal\/inicio-da-reuniao-do-conselho-de-estado-videoconferencia\/#primaryimage"},"thumbnailUrl":"https:\/\/www.tvportugal.tv\/portal\/wp-content\/uploads\/2020\/03\/200318-PRMRS-MFL-0174-4479-c\u00f3pia.jpg","keywords":["Carlos Carreiras","Cascais","Pol\u00edtica"],"articleSection":["Cascais","Comunidade","Mafra","Oeiras","Politica","Social","V\u00e1rios"],"inLanguage":"pt-PT"},{"@type":"WebPage","@id":"https:\/\/www.tvportugal.tv\/portal\/inicio-da-reuniao-do-conselho-de-estado-videoconferencia\/","url":"https:\/\/www.tvportugal.tv\/portal\/inicio-da-reuniao-do-conselho-de-estado-videoconferencia\/","name":"In\u00edcio da Reuni\u00e3o do Conselho de Estado | Videoconfer\u00eancia","isPartOf":{"@id":"https:\/\/www.tvportugal.tv\/portal\/#website"},"primaryImageOfPage":{"@id":"https:\/\/www.tvportugal.tv\/portal\/inicio-da-reuniao-do-conselho-de-estado-videoconferencia\/#primaryimage"},"image":{"@id":"https:\/\/www.tvportugal.tv\/portal\/inicio-da-reuniao-do-conselho-de-estado-videoconferencia\/#primaryimage"},"thumbnailUrl":"https:\/\/www.tvportugal.tv\/portal\/wp-content\/uploads\/2020\/03\/200318-PRMRS-MFL-0174-4479-c\u00f3pia.jpg","datePublished":"2020-03-18T14:40:44+00:00","dateModified":"2020-03-18T14:40:45+00:00","author":{"@id":"https:\/\/www.tvportugal.tv\/portal\/#\/schema\/person\/3dd386a0a960b868c3daed310f5d8d6b"},"description":"In\u00edcio da Reuni\u00e3o do Conselho de Estado, Videoconfer\u00eancia, Marcelo Rebelo de Sousa, Presidente da Rep\u00fablica, Portugal, Televis\u00e3o, Cascais","breadcrumb":{"@id":"https:\/\/www.tvportugal.tv\/portal\/inicio-da-reuniao-do-conselho-de-estado-videoconferencia\/#breadcrumb"},"inLanguage":"pt-PT","potentialAction":[{"@type":"ReadAction","target":["https:\/\/www.tvportugal.tv\/portal\/inicio-da-reuniao-do-conselho-de-estado-videoconferencia\/"]}]},{"@type":"ImageObject","inLanguage":"pt-PT","@id":"https:\/\/www.tvportugal.tv\/portal\/inicio-da-reuniao-do-conselho-de-estado-videoconferencia\/#primaryimage","url":"https:\/\/www.tvportugal.tv\/portal\/wp-content\/uploads\/2020\/03\/200318-PRMRS-MFL-0174-4479-c\u00f3pia.jpg","contentUrl":"https:\/\/www.tvportugal.tv\/portal\/wp-content\/uploads\/2020\/03\/200318-PRMRS-MFL-0174-4479-c\u00f3pia.jpg","width":800,"height":600,"caption":"In\u00edcio da Reuni\u00e3o do Conselho de Estado, Videoconfer\u00eancia, Marcelo Rebelo de Sousa, Presidente da Rep\u00fablica, Portugal, Televis\u00e3o, Cascais"},{"@type":"BreadcrumbList","@id":"https:\/\/www.tvportugal.tv\/portal\/inicio-da-reuniao-do-conselho-de-estado-videoconferencia\/#breadcrumb","itemListElement":[{"@type":"ListItem","position":1,"name":"In\u00edcio","item":"https:\/\/www.tvportugal.tv\/portal\/"},{"@type":"ListItem","position":2,"name":"In\u00edcio da Reuni\u00e3o do Conselho de Estado | Videoconfer\u00eancia"}]},{"@type":"WebSite","@id":"https:\/\/www.tvportugal.tv\/portal\/#website","url":"https:\/\/www.tvportugal.tv\/portal\/","name":"TV Portugal - Televis\u00e3o - Cascais - Sintra - Oeiras - Lisboa - Noticias","description":"Televis\u00e3o Cascais, Televis\u00e3o Estoril, Tv Web com produ\u00e7\u00e3o pr\u00f3pria da Regi\u00e3o de Lisboa, Televis\u00e3o On-line, Noticias de Cascais, Noticias de Sintra, Noticias de Lisboa, Videos, Reportagen","potentialAction":[{"@type":"SearchAction","target":{"@type":"EntryPoint","urlTemplate":"https:\/\/www.tvportugal.tv\/portal\/?s={search_term_string}"},"query-input":{"@type":"PropertyValueSpecification","valueRequired":true,"valueName":"search_term_string"}}],"inLanguage":"pt-PT"},{"@type":"Person","@id":"https:\/\/www.tvportugal.tv\/portal\/#\/schema\/person\/3dd386a0a960b868c3daed310f5d8d6b","name":"Antonio Assuncao","image":{"@type":"ImageObject","inLanguage":"pt-PT","@id":"https:\/\/secure.gravatar.com\/avatar\/d8f395a7f86675d6142e7d6ee91f1232e911b4f5ad4a72e064ca4dde2d42881b?s=96&d=mm&r=g","url":"https:\/\/secure.gravatar.com\/avatar\/d8f395a7f86675d6142e7d6ee91f1232e911b4f5ad4a72e064ca4dde2d42881b?s=96&d=mm&r=g","contentUrl":"https:\/\/secure.gravatar.com\/avatar\/d8f395a7f86675d6142e7d6ee91f1232e911b4f5ad4a72e064ca4dde2d42881b?s=96&d=mm&r=g","caption":"Antonio Assuncao"},"sameAs":["http:\/\/www.tvportugal.tv\/"],"url":"https:\/\/www.tvportugal.tv\/portal\/author\/antonio-assuncao\/"}]}},"_links":{"self":[{"href":"https:\/\/www.tvportugal.tv\/portal\/wp-json\/wp\/v2\/posts\/6874","targetHints":{"allow":["GET"]}}],"collection":[{"href":"https:\/\/www.tvportugal.tv\/portal\/wp-json\/wp\/v2\/posts"}],"about":[{"href":"https:\/\/www.tvportugal.tv\/portal\/wp-json\/wp\/v2\/types\/post"}],"author":[{"embeddable":true,"href":"https:\/\/www.tvportugal.tv\/portal\/wp-json\/wp\/v2\/users\/2"}],"replies":[{"embeddable":true,"href":"https:\/\/www.tvportugal.tv\/portal\/wp-json\/wp\/v2\/comments?post=6874"}],"version-history":[{"count":1,"href":"https:\/\/www.tvportugal.tv\/portal\/wp-json\/wp\/v2\/posts\/6874\/revisions"}],"predecessor-version":[{"id":6876,"href":"https:\/\/www.tvportugal.tv\/portal\/wp-json\/wp\/v2\/posts\/6874\/revisions\/6876"}],"wp:featuredmedia":[{"embeddable":true,"href":"https:\/\/www.tvportugal.tv\/portal\/wp-json\/wp\/v2\/media\/6875"}],"wp:attachment":[{"href":"https:\/\/www.tvportugal.tv\/portal\/wp-json\/wp\/v2\/media?parent=6874"}],"wp:term":[{"taxonomy":"category","embeddable":true,"href":"https:\/\/www.tvportugal.tv\/portal\/wp-json\/wp\/v2\/categories?post=6874"},{"taxonomy":"post_tag","embeddable":true,"href":"https:\/\/www.tvportugal.tv\/portal\/wp-json\/wp\/v2\/tags?post=6874"}],"curies":[{"name":"wp","href":"https:\/\/api.w.org\/{rel}","templated":true}]}}