{"id":6756,"date":"2020-01-20T21:11:10","date_gmt":"2020-01-20T21:11:10","guid":{"rendered":"https:\/\/www.tvportugal.tv\/portal\/?p=6756"},"modified":"2020-01-20T21:11:12","modified_gmt":"2020-01-20T21:11:12","slug":"20-gala-do-desporto-cascais-2019-camara-municipal-de-cascais","status":"publish","type":"post","link":"https:\/\/www.tvportugal.tv\/portal\/20-gala-do-desporto-cascais-2019-camara-municipal-de-cascais\/","title":{"rendered":"20.\u00aa Gala do Desporto Cascais 2019 | C\u00e2mara Municipal de Cascais"},"content":{"rendered":"<p>[vc_row][vc_column][vc_column_text]<\/p>\n<h1 class=\"title style-scope ytd-video-primary-info-renderer\">20.\u00aa Gala do Desporto Cascais 2019 | C\u00e2mara Municipal de Cascais<\/h1>\n<p>[\/vc_column_text][\/vc_column][\/vc_row][vc_row][vc_column][vc_column_text]&#8221;Um simp\u00e1tico convite do Sr. Presidente da C\u00e2mara na minha qualidade de administrador da S\u00e3o Francisco de Assis, uma entidade do sector empresarial local. Tamb\u00e9m acabo por me sentir aqui muito mais na minha qualidade de dirigente do Parede.&#8221; Jo\u00e3o Salgado, Presidente da Assembleia Geral do Parede Foot-Ball Clube. Reportagem, Imagem e Edi\u00e7\u00e3o &#8211; Ant\u00f3nio Assun\u00e7\u00e3o 2020 01 20<span style=\"font-size: inherit;\">[\/vc_column_text][\/vc_column][\/vc_row][vc_row][vc_column][vc_video link=&#8221;https:\/\/www.youtube.com\/watch?v=4oF3fHtQdhg&#8221;][\/vc_column][\/vc_row]<\/span><\/p>\n","protected":false},"excerpt":{"rendered":"<p>[vc_row][vc_column][vc_column_text] 20.\u00aa Gala do Desporto Cascais 2019 | C\u00e2mara Municipal de Cascais [\/vc_column_text][\/vc_column][\/vc_row][vc_row][vc_column][vc_column_text]&#8221;Um simp\u00e1tico convite do Sr. Presidente da C\u00e2mara na minha qualidade de administrador da S\u00e3o Francisco de Assis, uma entidade do sector empresarial local. Tamb\u00e9m acabo por me sentir aqui muito mais na minha qualidade de dirigente do<span class=\"excerpt-hellip\"> [\u2026]<\/span><\/p>\n","protected":false},"author":2,"featured_media":6757,"comment_status":"closed","ping_status":"closed","sticky":false,"template":"","format":"standard","meta":{"footnotes":""},"categories":[42,206,137,50,190,65,41,178],"tags":[46,75,126,193,196,76],"class_list":["post-6756","post","type-post","status-publish","format-standard","has-post-thumbnail","hentry","category-cascais","category-casino-estoril","category-comunidade","category-desporto","category-espectaculo","category-eventos","category-social","category-varios","tag-carlos-carreiras","tag-cascais","tag-joao-salgado","tag-jose-filipe-ribeiro","tag-nuno-alves","tag-pedro-morais-soares"],"yoast_head":"<!-- This site is optimized with the Yoast SEO plugin v27.5 - https:\/\/yoast.com\/product\/yoast-seo-wordpress\/ -->\n<title>20.\u00aa Gala do Desporto Cascais 2019 | C\u00e2mara Municipal de Cascais<\/title>\n<meta name=\"description\" content=\"20.\u00aa Gala do Desporto Cascais 2019, C\u00e2mara Municipal de Cascais, Carlos Carreiras, Jo\u00e3o Salgado, Cascais, Portugal, Televis\u00e3o\" \/>\n<meta name=\"robots\" content=\"index, follow, max-snippet:-1, max-image-preview:large, max-video-preview:-1\" \/>\n<link rel=\"canonical\" href=\"https:\/\/www.tvportugal.tv\/portal\/20-gala-do-desporto-cascais-2019-camara-municipal-de-cascais\/\" \/>\n<meta property=\"og:locale\" content=\"pt_PT\" \/>\n<meta property=\"og:type\" content=\"article\" \/>\n<meta property=\"og:title\" content=\"20.\u00aa Gala do Desporto Cascais 2019 | C\u00e2mara Municipal de Cascais\" \/>\n<meta property=\"og:description\" content=\"20.\u00aa Gala do Desporto Cascais 2019, C\u00e2mara Municipal de Cascais, Carlos Carreiras, Jo\u00e3o Salgado, Cascais, Portugal, Televis\u00e3o\" \/>\n<meta property=\"og:url\" content=\"https:\/\/www.tvportugal.tv\/portal\/20-gala-do-desporto-cascais-2019-camara-municipal-de-cascais\/\" \/>\n<meta property=\"og:site_name\" content=\"TV Portugal - Televis\u00e3o - Cascais - Sintra - Oeiras - Lisboa - Noticias\" \/>\n<meta property=\"article:published_time\" content=\"2020-01-20T21:11:10+00:00\" \/>\n<meta property=\"article:modified_time\" content=\"2020-01-20T21:11:12+00:00\" \/>\n<meta property=\"og:image\" content=\"https:\/\/www.tvportugal.tv\/portal\/wp-content\/uploads\/2020\/01\/Captura-de-ecr\u00e3-2020-01-20-\u00e0s-19.49.06.png\" \/>\n\t<meta property=\"og:image:width\" content=\"800\" \/>\n\t<meta property=\"og:image:height\" content=\"600\" \/>\n\t<meta property=\"og:image:type\" content=\"image\/png\" \/>\n<meta name=\"author\" content=\"Antonio Assuncao\" \/>\n<meta name=\"twitter:card\" content=\"summary_large_image\" \/>\n<meta name=\"twitter:label1\" content=\"Escrito por\" \/>\n\t<meta name=\"twitter:data1\" content=\"Antonio Assuncao\" \/>\n\t<meta name=\"twitter:label2\" content=\"Tempo estimado de leitura\" \/>\n\t<meta name=\"twitter:data2\" content=\"1 minuto\" \/>\n<script type=\"application\/ld+json\" class=\"yoast-schema-graph\">{\"@context\":\"https:\\\/\\\/schema.org\",\"@graph\":[{\"@type\":\"Article\",\"@id\":\"https:\\\/\\\/www.tvportugal.tv\\\/portal\\\/20-gala-do-desporto-cascais-2019-camara-municipal-de-cascais\\\/#article\",\"isPartOf\":{\"@id\":\"https:\\\/\\\/www.tvportugal.tv\\\/portal\\\/20-gala-do-desporto-cascais-2019-camara-municipal-de-cascais\\\/\"},\"author\":{\"name\":\"Antonio Assuncao\",\"@id\":\"https:\\\/\\\/www.tvportugal.tv\\\/portal\\\/#\\\/schema\\\/person\\\/3dd386a0a960b868c3daed310f5d8d6b\"},\"headline\":\"20.\u00aa Gala do Desporto Cascais 2019 | C\u00e2mara Municipal de Cascais\",\"datePublished\":\"2020-01-20T21:11:10+00:00\",\"dateModified\":\"2020-01-20T21:11:12+00:00\",\"mainEntityOfPage\":{\"@id\":\"https:\\\/\\\/www.tvportugal.tv\\\/portal\\\/20-gala-do-desporto-cascais-2019-camara-municipal-de-cascais\\\/\"},\"wordCount\":129,\"image\":{\"@id\":\"https:\\\/\\\/www.tvportugal.tv\\\/portal\\\/20-gala-do-desporto-cascais-2019-camara-municipal-de-cascais\\\/#primaryimage\"},\"thumbnailUrl\":\"https:\\\/\\\/www.tvportugal.tv\\\/portal\\\/wp-content\\\/uploads\\\/2020\\\/01\\\/Captura-de-ecr\u00e3-2020-01-20-\u00e0s-19.49.06.png\",\"keywords\":[\"Carlos Carreiras\",\"Cascais\",\"Jo\u00e3o Salgado\",\"Jos\u00e9 Filipe Ribeiro\",\"Nuno Alves\",\"Pedro Morais Soares\"],\"articleSection\":[\"Cascais\",\"Casino Estoril\",\"Comunidade\",\"Desporto\",\"Espect\u00e1culo\",\"Eventos\",\"Social\",\"V\u00e1rios\"],\"inLanguage\":\"pt-PT\"},{\"@type\":\"WebPage\",\"@id\":\"https:\\\/\\\/www.tvportugal.tv\\\/portal\\\/20-gala-do-desporto-cascais-2019-camara-municipal-de-cascais\\\/\",\"url\":\"https:\\\/\\\/www.tvportugal.tv\\\/portal\\\/20-gala-do-desporto-cascais-2019-camara-municipal-de-cascais\\\/\",\"name\":\"20.\u00aa Gala do Desporto Cascais 2019 | C\u00e2mara Municipal de Cascais\",\"isPartOf\":{\"@id\":\"https:\\\/\\\/www.tvportugal.tv\\\/portal\\\/#website\"},\"primaryImageOfPage\":{\"@id\":\"https:\\\/\\\/www.tvportugal.tv\\\/portal\\\/20-gala-do-desporto-cascais-2019-camara-municipal-de-cascais\\\/#primaryimage\"},\"image\":{\"@id\":\"https:\\\/\\\/www.tvportugal.tv\\\/portal\\\/20-gala-do-desporto-cascais-2019-camara-municipal-de-cascais\\\/#primaryimage\"},\"thumbnailUrl\":\"https:\\\/\\\/www.tvportugal.tv\\\/portal\\\/wp-content\\\/uploads\\\/2020\\\/01\\\/Captura-de-ecr\u00e3-2020-01-20-\u00e0s-19.49.06.png\",\"datePublished\":\"2020-01-20T21:11:10+00:00\",\"dateModified\":\"2020-01-20T21:11:12+00:00\",\"author\":{\"@id\":\"https:\\\/\\\/www.tvportugal.tv\\\/portal\\\/#\\\/schema\\\/person\\\/3dd386a0a960b868c3daed310f5d8d6b\"},\"description\":\"20.\u00aa Gala do Desporto Cascais 2019, C\u00e2mara Municipal de Cascais, Carlos Carreiras, Jo\u00e3o Salgado, Cascais, Portugal, Televis\u00e3o\",\"breadcrumb\":{\"@id\":\"https:\\\/\\\/www.tvportugal.tv\\\/portal\\\/20-gala-do-desporto-cascais-2019-camara-municipal-de-cascais\\\/#breadcrumb\"},\"inLanguage\":\"pt-PT\",\"potentialAction\":[{\"@type\":\"ReadAction\",\"target\":[\"https:\\\/\\\/www.tvportugal.tv\\\/portal\\\/20-gala-do-desporto-cascais-2019-camara-municipal-de-cascais\\\/\"]}]},{\"@type\":\"ImageObject\",\"inLanguage\":\"pt-PT\",\"@id\":\"https:\\\/\\\/www.tvportugal.tv\\\/portal\\\/20-gala-do-desporto-cascais-2019-camara-municipal-de-cascais\\\/#primaryimage\",\"url\":\"https:\\\/\\\/www.tvportugal.tv\\\/portal\\\/wp-content\\\/uploads\\\/2020\\\/01\\\/Captura-de-ecr\u00e3-2020-01-20-\u00e0s-19.49.06.png\",\"contentUrl\":\"https:\\\/\\\/www.tvportugal.tv\\\/portal\\\/wp-content\\\/uploads\\\/2020\\\/01\\\/Captura-de-ecr\u00e3-2020-01-20-\u00e0s-19.49.06.png\",\"width\":800,\"height\":600,\"caption\":\"20.\u00aa Gala do Desporto Cascais 2019, C\u00e2mara Municipal de Cascais, Carlos Carreiras, Jo\u00e3o Salgado, Cascais, Portugal, Televis\u00e3o\"},{\"@type\":\"BreadcrumbList\",\"@id\":\"https:\\\/\\\/www.tvportugal.tv\\\/portal\\\/20-gala-do-desporto-cascais-2019-camara-municipal-de-cascais\\\/#breadcrumb\",\"itemListElement\":[{\"@type\":\"ListItem\",\"position\":1,\"name\":\"In\u00edcio\",\"item\":\"https:\\\/\\\/www.tvportugal.tv\\\/portal\\\/\"},{\"@type\":\"ListItem\",\"position\":2,\"name\":\"20.\u00aa Gala do Desporto Cascais 2019 | C\u00e2mara Municipal de Cascais\"}]},{\"@type\":\"WebSite\",\"@id\":\"https:\\\/\\\/www.tvportugal.tv\\\/portal\\\/#website\",\"url\":\"https:\\\/\\\/www.tvportugal.tv\\\/portal\\\/\",\"name\":\"TV Portugal - Televis\u00e3o - Cascais - Sintra - Oeiras - Lisboa - Noticias\",\"description\":\"Televis\u00e3o Cascais, Televis\u00e3o Estoril, Tv Web com produ\u00e7\u00e3o pr\u00f3pria da Regi\u00e3o de Lisboa, Televis\u00e3o On-line, Noticias de Cascais, Noticias de Sintra, Noticias de Lisboa, Videos, Reportagen\",\"potentialAction\":[{\"@type\":\"SearchAction\",\"target\":{\"@type\":\"EntryPoint\",\"urlTemplate\":\"https:\\\/\\\/www.tvportugal.tv\\\/portal\\\/?s={search_term_string}\"},\"query-input\":{\"@type\":\"PropertyValueSpecification\",\"valueRequired\":true,\"valueName\":\"search_term_string\"}}],\"inLanguage\":\"pt-PT\"},{\"@type\":\"Person\",\"@id\":\"https:\\\/\\\/www.tvportugal.tv\\\/portal\\\/#\\\/schema\\\/person\\\/3dd386a0a960b868c3daed310f5d8d6b\",\"name\":\"Antonio Assuncao\",\"image\":{\"@type\":\"ImageObject\",\"inLanguage\":\"pt-PT\",\"@id\":\"https:\\\/\\\/secure.gravatar.com\\\/avatar\\\/d8f395a7f86675d6142e7d6ee91f1232e911b4f5ad4a72e064ca4dde2d42881b?s=96&d=mm&r=g\",\"url\":\"https:\\\/\\\/secure.gravatar.com\\\/avatar\\\/d8f395a7f86675d6142e7d6ee91f1232e911b4f5ad4a72e064ca4dde2d42881b?s=96&d=mm&r=g\",\"contentUrl\":\"https:\\\/\\\/secure.gravatar.com\\\/avatar\\\/d8f395a7f86675d6142e7d6ee91f1232e911b4f5ad4a72e064ca4dde2d42881b?s=96&d=mm&r=g\",\"caption\":\"Antonio Assuncao\"},\"sameAs\":[\"http:\\\/\\\/www.tvportugal.tv\\\/\"],\"url\":\"https:\\\/\\\/www.tvportugal.tv\\\/portal\\\/author\\\/antonio-assuncao\\\/\"}]}<\/script>\n<!-- \/ Yoast SEO plugin. -->","yoast_head_json":{"title":"20.\u00aa Gala do Desporto Cascais 2019 | C\u00e2mara Municipal de Cascais","description":"20.\u00aa Gala do Desporto Cascais 2019, C\u00e2mara Municipal de Cascais, Carlos Carreiras, Jo\u00e3o Salgado, Cascais, Portugal, Televis\u00e3o","robots":{"index":"index","follow":"follow","max-snippet":"max-snippet:-1","max-image-preview":"max-image-preview:large","max-video-preview":"max-video-preview:-1"},"canonical":"https:\/\/www.tvportugal.tv\/portal\/20-gala-do-desporto-cascais-2019-camara-municipal-de-cascais\/","og_locale":"pt_PT","og_type":"article","og_title":"20.\u00aa Gala do Desporto Cascais 2019 | C\u00e2mara Municipal de Cascais","og_description":"20.\u00aa Gala do Desporto Cascais 2019, C\u00e2mara Municipal de Cascais, Carlos Carreiras, Jo\u00e3o Salgado, Cascais, Portugal, Televis\u00e3o","og_url":"https:\/\/www.tvportugal.tv\/portal\/20-gala-do-desporto-cascais-2019-camara-municipal-de-cascais\/","og_site_name":"TV Portugal - Televis\u00e3o - Cascais - Sintra - Oeiras - Lisboa - Noticias","article_published_time":"2020-01-20T21:11:10+00:00","article_modified_time":"2020-01-20T21:11:12+00:00","og_image":[{"width":800,"height":600,"url":"https:\/\/www.tvportugal.tv\/portal\/wp-content\/uploads\/2020\/01\/Captura-de-ecr\u00e3-2020-01-20-\u00e0s-19.49.06.png","type":"image\/png"}],"author":"Antonio Assuncao","twitter_card":"summary_large_image","twitter_misc":{"Escrito por":"Antonio Assuncao","Tempo estimado de leitura":"1 minuto"},"schema":{"@context":"https:\/\/schema.org","@graph":[{"@type":"Article","@id":"https:\/\/www.tvportugal.tv\/portal\/20-gala-do-desporto-cascais-2019-camara-municipal-de-cascais\/#article","isPartOf":{"@id":"https:\/\/www.tvportugal.tv\/portal\/20-gala-do-desporto-cascais-2019-camara-municipal-de-cascais\/"},"author":{"name":"Antonio Assuncao","@id":"https:\/\/www.tvportugal.tv\/portal\/#\/schema\/person\/3dd386a0a960b868c3daed310f5d8d6b"},"headline":"20.\u00aa Gala do Desporto Cascais 2019 | C\u00e2mara Municipal de Cascais","datePublished":"2020-01-20T21:11:10+00:00","dateModified":"2020-01-20T21:11:12+00:00","mainEntityOfPage":{"@id":"https:\/\/www.tvportugal.tv\/portal\/20-gala-do-desporto-cascais-2019-camara-municipal-de-cascais\/"},"wordCount":129,"image":{"@id":"https:\/\/www.tvportugal.tv\/portal\/20-gala-do-desporto-cascais-2019-camara-municipal-de-cascais\/#primaryimage"},"thumbnailUrl":"https:\/\/www.tvportugal.tv\/portal\/wp-content\/uploads\/2020\/01\/Captura-de-ecr\u00e3-2020-01-20-\u00e0s-19.49.06.png","keywords":["Carlos Carreiras","Cascais","Jo\u00e3o Salgado","Jos\u00e9 Filipe Ribeiro","Nuno Alves","Pedro Morais Soares"],"articleSection":["Cascais","Casino Estoril","Comunidade","Desporto","Espect\u00e1culo","Eventos","Social","V\u00e1rios"],"inLanguage":"pt-PT"},{"@type":"WebPage","@id":"https:\/\/www.tvportugal.tv\/portal\/20-gala-do-desporto-cascais-2019-camara-municipal-de-cascais\/","url":"https:\/\/www.tvportugal.tv\/portal\/20-gala-do-desporto-cascais-2019-camara-municipal-de-cascais\/","name":"20.\u00aa Gala do Desporto Cascais 2019 | C\u00e2mara Municipal de Cascais","isPartOf":{"@id":"https:\/\/www.tvportugal.tv\/portal\/#website"},"primaryImageOfPage":{"@id":"https:\/\/www.tvportugal.tv\/portal\/20-gala-do-desporto-cascais-2019-camara-municipal-de-cascais\/#primaryimage"},"image":{"@id":"https:\/\/www.tvportugal.tv\/portal\/20-gala-do-desporto-cascais-2019-camara-municipal-de-cascais\/#primaryimage"},"thumbnailUrl":"https:\/\/www.tvportugal.tv\/portal\/wp-content\/uploads\/2020\/01\/Captura-de-ecr\u00e3-2020-01-20-\u00e0s-19.49.06.png","datePublished":"2020-01-20T21:11:10+00:00","dateModified":"2020-01-20T21:11:12+00:00","author":{"@id":"https:\/\/www.tvportugal.tv\/portal\/#\/schema\/person\/3dd386a0a960b868c3daed310f5d8d6b"},"description":"20.\u00aa Gala do Desporto Cascais 2019, C\u00e2mara Municipal de Cascais, Carlos Carreiras, Jo\u00e3o Salgado, Cascais, Portugal, Televis\u00e3o","breadcrumb":{"@id":"https:\/\/www.tvportugal.tv\/portal\/20-gala-do-desporto-cascais-2019-camara-municipal-de-cascais\/#breadcrumb"},"inLanguage":"pt-PT","potentialAction":[{"@type":"ReadAction","target":["https:\/\/www.tvportugal.tv\/portal\/20-gala-do-desporto-cascais-2019-camara-municipal-de-cascais\/"]}]},{"@type":"ImageObject","inLanguage":"pt-PT","@id":"https:\/\/www.tvportugal.tv\/portal\/20-gala-do-desporto-cascais-2019-camara-municipal-de-cascais\/#primaryimage","url":"https:\/\/www.tvportugal.tv\/portal\/wp-content\/uploads\/2020\/01\/Captura-de-ecr\u00e3-2020-01-20-\u00e0s-19.49.06.png","contentUrl":"https:\/\/www.tvportugal.tv\/portal\/wp-content\/uploads\/2020\/01\/Captura-de-ecr\u00e3-2020-01-20-\u00e0s-19.49.06.png","width":800,"height":600,"caption":"20.\u00aa Gala do Desporto Cascais 2019, C\u00e2mara Municipal de Cascais, Carlos Carreiras, Jo\u00e3o Salgado, Cascais, Portugal, Televis\u00e3o"},{"@type":"BreadcrumbList","@id":"https:\/\/www.tvportugal.tv\/portal\/20-gala-do-desporto-cascais-2019-camara-municipal-de-cascais\/#breadcrumb","itemListElement":[{"@type":"ListItem","position":1,"name":"In\u00edcio","item":"https:\/\/www.tvportugal.tv\/portal\/"},{"@type":"ListItem","position":2,"name":"20.\u00aa Gala do Desporto Cascais 2019 | C\u00e2mara Municipal de Cascais"}]},{"@type":"WebSite","@id":"https:\/\/www.tvportugal.tv\/portal\/#website","url":"https:\/\/www.tvportugal.tv\/portal\/","name":"TV Portugal - Televis\u00e3o - Cascais - Sintra - Oeiras - Lisboa - Noticias","description":"Televis\u00e3o Cascais, Televis\u00e3o Estoril, Tv Web com produ\u00e7\u00e3o pr\u00f3pria da Regi\u00e3o de Lisboa, Televis\u00e3o On-line, Noticias de Cascais, Noticias de Sintra, Noticias de Lisboa, Videos, Reportagen","potentialAction":[{"@type":"SearchAction","target":{"@type":"EntryPoint","urlTemplate":"https:\/\/www.tvportugal.tv\/portal\/?s={search_term_string}"},"query-input":{"@type":"PropertyValueSpecification","valueRequired":true,"valueName":"search_term_string"}}],"inLanguage":"pt-PT"},{"@type":"Person","@id":"https:\/\/www.tvportugal.tv\/portal\/#\/schema\/person\/3dd386a0a960b868c3daed310f5d8d6b","name":"Antonio Assuncao","image":{"@type":"ImageObject","inLanguage":"pt-PT","@id":"https:\/\/secure.gravatar.com\/avatar\/d8f395a7f86675d6142e7d6ee91f1232e911b4f5ad4a72e064ca4dde2d42881b?s=96&d=mm&r=g","url":"https:\/\/secure.gravatar.com\/avatar\/d8f395a7f86675d6142e7d6ee91f1232e911b4f5ad4a72e064ca4dde2d42881b?s=96&d=mm&r=g","contentUrl":"https:\/\/secure.gravatar.com\/avatar\/d8f395a7f86675d6142e7d6ee91f1232e911b4f5ad4a72e064ca4dde2d42881b?s=96&d=mm&r=g","caption":"Antonio Assuncao"},"sameAs":["http:\/\/www.tvportugal.tv\/"],"url":"https:\/\/www.tvportugal.tv\/portal\/author\/antonio-assuncao\/"}]}},"_links":{"self":[{"href":"https:\/\/www.tvportugal.tv\/portal\/wp-json\/wp\/v2\/posts\/6756","targetHints":{"allow":["GET"]}}],"collection":[{"href":"https:\/\/www.tvportugal.tv\/portal\/wp-json\/wp\/v2\/posts"}],"about":[{"href":"https:\/\/www.tvportugal.tv\/portal\/wp-json\/wp\/v2\/types\/post"}],"author":[{"embeddable":true,"href":"https:\/\/www.tvportugal.tv\/portal\/wp-json\/wp\/v2\/users\/2"}],"replies":[{"embeddable":true,"href":"https:\/\/www.tvportugal.tv\/portal\/wp-json\/wp\/v2\/comments?post=6756"}],"version-history":[{"count":1,"href":"https:\/\/www.tvportugal.tv\/portal\/wp-json\/wp\/v2\/posts\/6756\/revisions"}],"predecessor-version":[{"id":6758,"href":"https:\/\/www.tvportugal.tv\/portal\/wp-json\/wp\/v2\/posts\/6756\/revisions\/6758"}],"wp:featuredmedia":[{"embeddable":true,"href":"https:\/\/www.tvportugal.tv\/portal\/wp-json\/wp\/v2\/media\/6757"}],"wp:attachment":[{"href":"https:\/\/www.tvportugal.tv\/portal\/wp-json\/wp\/v2\/media?parent=6756"}],"wp:term":[{"taxonomy":"category","embeddable":true,"href":"https:\/\/www.tvportugal.tv\/portal\/wp-json\/wp\/v2\/categories?post=6756"},{"taxonomy":"post_tag","embeddable":true,"href":"https:\/\/www.tvportugal.tv\/portal\/wp-json\/wp\/v2\/tags?post=6756"}],"curies":[{"name":"wp","href":"https:\/\/api.w.org\/{rel}","templated":true}]}}