{"id":6717,"date":"2019-12-15T14:53:08","date_gmt":"2019-12-15T14:53:08","guid":{"rendered":"https:\/\/www.tvportugal.tv\/portal\/?p=6717"},"modified":"2019-12-15T14:53:09","modified_gmt":"2019-12-15T14:53:09","slug":"festa-de-natal-e-balanco-2019-da-associacao-sao-francisco-de-assis-cascais","status":"publish","type":"post","link":"https:\/\/www.tvportugal.tv\/portal\/festa-de-natal-e-balanco-2019-da-associacao-sao-francisco-de-assis-cascais\/","title":{"rendered":"Festa de Natal e Balan\u00e7o 2019 da Associa\u00e7\u00e3o S\u00e3o Francisco de Assis &#8211; Cascais"},"content":{"rendered":"<p>[vc_row][vc_column][vc_column_text]<\/p>\n<h2>Festa de Natal e Balan\u00e7o 2019 da Associa\u00e7\u00e3o S\u00e3o Francisco de Assis &#8211; Cascais<\/h2>\n<p>[\/vc_column_text][\/vc_column][\/vc_row][vc_row][vc_column][vc_column_text]&#8221;&#8221;\u00c9 francamente mais que uma festa de Natal, \u00e9 sobretudo celebrarmos esta capacidade de funcionarmos como uma equipa unida, coesa, claramente sustentada, estabilizada j\u00e1, gra\u00e7as ao apoio que temos recebido da C\u00e2mara.&#8221; Jo\u00e3o Salgado, Vice-Presidente da Associa\u00e7\u00e3o S\u00e3o Francisco de Assis &#8211; Cascais.<br \/>\nReportagem, Imagem e Edi\u00e7\u00e3o &#8211; Ant\u00f3nio Assun\u00e7\u00e3o<br \/>\n2019 12 15<span style=\"font-size: inherit;\">[\/vc_column_text][\/vc_column][\/vc_row][vc_row][vc_column][vc_video link=&#8221;https:\/\/www.youtube.com\/watch?v=s0WPVfR25UU&#8221;][\/vc_column][\/vc_row]<\/span><\/p>\n","protected":false},"excerpt":{"rendered":"<p>[vc_row][vc_column][vc_column_text] Festa de Natal e Balan\u00e7o 2019 da Associa\u00e7\u00e3o S\u00e3o Francisco de Assis &#8211; Cascais [\/vc_column_text][\/vc_column][\/vc_row][vc_row][vc_column][vc_column_text]&#8221;&#8221;\u00c9 francamente mais que uma festa de Natal, \u00e9 sobretudo celebrarmos esta capacidade de funcionarmos como uma equipa unida, coesa, claramente sustentada, estabilizada j\u00e1, gra\u00e7as ao apoio que temos recebido da C\u00e2mara.&#8221; Jo\u00e3o Salgado, Vice-Presidente<span class=\"excerpt-hellip\"> [\u2026]<\/span><\/p>\n","protected":false},"author":2,"featured_media":6718,"comment_status":"closed","ping_status":"closed","sticky":false,"template":"","format":"standard","meta":{"footnotes":""},"categories":[42,120,65,53,178],"tags":[46,75,193,196],"class_list":["post-6717","post","type-post","status-publish","format-standard","has-post-thumbnail","hentry","category-cascais","category-educacao","category-eventos","category-festas","category-varios","tag-carlos-carreiras","tag-cascais","tag-jose-filipe-ribeiro","tag-nuno-alves"],"yoast_head":"<!-- This site is optimized with the Yoast SEO plugin v27.5 - https:\/\/yoast.com\/product\/yoast-seo-wordpress\/ -->\n<title>festa-de-natal-e-balan\u00e7o-2019-da-associa\u00e7\u00e3o-sao-francisco-assis-cascais<\/title>\n<meta name=\"description\" content=\"Festa de Natal e Balan\u00e7o 2019 da Associa\u00e7\u00e3o S\u00e3o Francisco de Assis - Cascais, Carlos Carreiras, Pedro Campilho, Televis\u00e3o, Portugal, Cascais tv\" \/>\n<meta name=\"robots\" content=\"index, follow, max-snippet:-1, max-image-preview:large, max-video-preview:-1\" \/>\n<link rel=\"canonical\" href=\"https:\/\/www.tvportugal.tv\/portal\/festa-de-natal-e-balanco-2019-da-associacao-sao-francisco-de-assis-cascais\/\" \/>\n<meta property=\"og:locale\" content=\"pt_PT\" \/>\n<meta property=\"og:type\" content=\"article\" \/>\n<meta property=\"og:title\" content=\"festa-de-natal-e-balan\u00e7o-2019-da-associa\u00e7\u00e3o-sao-francisco-assis-cascais\" \/>\n<meta property=\"og:description\" content=\"Festa de Natal e Balan\u00e7o 2019 da Associa\u00e7\u00e3o S\u00e3o Francisco de Assis - Cascais, Carlos Carreiras, Pedro Campilho, Televis\u00e3o, Portugal, Cascais tv\" \/>\n<meta property=\"og:url\" content=\"https:\/\/www.tvportugal.tv\/portal\/festa-de-natal-e-balanco-2019-da-associacao-sao-francisco-de-assis-cascais\/\" \/>\n<meta property=\"og:site_name\" content=\"TV Portugal - Televis\u00e3o - Cascais - Sintra - Oeiras - Lisboa - Noticias\" \/>\n<meta property=\"article:published_time\" content=\"2019-12-15T14:53:08+00:00\" \/>\n<meta property=\"article:modified_time\" content=\"2019-12-15T14:53:09+00:00\" \/>\n<meta property=\"og:image\" content=\"https:\/\/www.tvportugal.tv\/portal\/wp-content\/uploads\/2019\/12\/Captura-de-ecr\u00e3-2019-12-15-\u00e0s-14.27.10.png\" \/>\n\t<meta property=\"og:image:width\" content=\"800\" \/>\n\t<meta property=\"og:image:height\" content=\"600\" \/>\n\t<meta property=\"og:image:type\" content=\"image\/png\" \/>\n<meta name=\"author\" content=\"Antonio Assuncao\" \/>\n<meta name=\"twitter:card\" content=\"summary_large_image\" \/>\n<meta name=\"twitter:label1\" content=\"Escrito por\" \/>\n\t<meta name=\"twitter:data1\" content=\"Antonio Assuncao\" \/>\n\t<meta name=\"twitter:label2\" content=\"Tempo estimado de leitura\" \/>\n\t<meta name=\"twitter:data2\" content=\"1 minuto\" \/>\n<script type=\"application\/ld+json\" class=\"yoast-schema-graph\">{\"@context\":\"https:\\\/\\\/schema.org\",\"@graph\":[{\"@type\":\"Article\",\"@id\":\"https:\\\/\\\/www.tvportugal.tv\\\/portal\\\/festa-de-natal-e-balanco-2019-da-associacao-sao-francisco-de-assis-cascais\\\/#article\",\"isPartOf\":{\"@id\":\"https:\\\/\\\/www.tvportugal.tv\\\/portal\\\/festa-de-natal-e-balanco-2019-da-associacao-sao-francisco-de-assis-cascais\\\/\"},\"author\":{\"name\":\"Antonio Assuncao\",\"@id\":\"https:\\\/\\\/www.tvportugal.tv\\\/portal\\\/#\\\/schema\\\/person\\\/3dd386a0a960b868c3daed310f5d8d6b\"},\"headline\":\"Festa de Natal e Balan\u00e7o 2019 da Associa\u00e7\u00e3o S\u00e3o Francisco de Assis &#8211; Cascais\",\"datePublished\":\"2019-12-15T14:53:08+00:00\",\"dateModified\":\"2019-12-15T14:53:09+00:00\",\"mainEntityOfPage\":{\"@id\":\"https:\\\/\\\/www.tvportugal.tv\\\/portal\\\/festa-de-natal-e-balanco-2019-da-associacao-sao-francisco-de-assis-cascais\\\/\"},\"wordCount\":136,\"image\":{\"@id\":\"https:\\\/\\\/www.tvportugal.tv\\\/portal\\\/festa-de-natal-e-balanco-2019-da-associacao-sao-francisco-de-assis-cascais\\\/#primaryimage\"},\"thumbnailUrl\":\"https:\\\/\\\/www.tvportugal.tv\\\/portal\\\/wp-content\\\/uploads\\\/2019\\\/12\\\/Captura-de-ecr\u00e3-2019-12-15-\u00e0s-14.27.10.png\",\"keywords\":[\"Carlos Carreiras\",\"Cascais\",\"Jos\u00e9 Filipe Ribeiro\",\"Nuno Alves\"],\"articleSection\":[\"Cascais\",\"Educa\u00e7\u00e3o\",\"Eventos\",\"Festas\",\"V\u00e1rios\"],\"inLanguage\":\"pt-PT\"},{\"@type\":\"WebPage\",\"@id\":\"https:\\\/\\\/www.tvportugal.tv\\\/portal\\\/festa-de-natal-e-balanco-2019-da-associacao-sao-francisco-de-assis-cascais\\\/\",\"url\":\"https:\\\/\\\/www.tvportugal.tv\\\/portal\\\/festa-de-natal-e-balanco-2019-da-associacao-sao-francisco-de-assis-cascais\\\/\",\"name\":\"festa-de-natal-e-balan\u00e7o-2019-da-associa\u00e7\u00e3o-sao-francisco-assis-cascais\",\"isPartOf\":{\"@id\":\"https:\\\/\\\/www.tvportugal.tv\\\/portal\\\/#website\"},\"primaryImageOfPage\":{\"@id\":\"https:\\\/\\\/www.tvportugal.tv\\\/portal\\\/festa-de-natal-e-balanco-2019-da-associacao-sao-francisco-de-assis-cascais\\\/#primaryimage\"},\"image\":{\"@id\":\"https:\\\/\\\/www.tvportugal.tv\\\/portal\\\/festa-de-natal-e-balanco-2019-da-associacao-sao-francisco-de-assis-cascais\\\/#primaryimage\"},\"thumbnailUrl\":\"https:\\\/\\\/www.tvportugal.tv\\\/portal\\\/wp-content\\\/uploads\\\/2019\\\/12\\\/Captura-de-ecr\u00e3-2019-12-15-\u00e0s-14.27.10.png\",\"datePublished\":\"2019-12-15T14:53:08+00:00\",\"dateModified\":\"2019-12-15T14:53:09+00:00\",\"author\":{\"@id\":\"https:\\\/\\\/www.tvportugal.tv\\\/portal\\\/#\\\/schema\\\/person\\\/3dd386a0a960b868c3daed310f5d8d6b\"},\"description\":\"Festa de Natal e Balan\u00e7o 2019 da Associa\u00e7\u00e3o S\u00e3o Francisco de Assis - Cascais, Carlos Carreiras, Pedro Campilho, Televis\u00e3o, Portugal, Cascais tv\",\"breadcrumb\":{\"@id\":\"https:\\\/\\\/www.tvportugal.tv\\\/portal\\\/festa-de-natal-e-balanco-2019-da-associacao-sao-francisco-de-assis-cascais\\\/#breadcrumb\"},\"inLanguage\":\"pt-PT\",\"potentialAction\":[{\"@type\":\"ReadAction\",\"target\":[\"https:\\\/\\\/www.tvportugal.tv\\\/portal\\\/festa-de-natal-e-balanco-2019-da-associacao-sao-francisco-de-assis-cascais\\\/\"]}]},{\"@type\":\"ImageObject\",\"inLanguage\":\"pt-PT\",\"@id\":\"https:\\\/\\\/www.tvportugal.tv\\\/portal\\\/festa-de-natal-e-balanco-2019-da-associacao-sao-francisco-de-assis-cascais\\\/#primaryimage\",\"url\":\"https:\\\/\\\/www.tvportugal.tv\\\/portal\\\/wp-content\\\/uploads\\\/2019\\\/12\\\/Captura-de-ecr\u00e3-2019-12-15-\u00e0s-14.27.10.png\",\"contentUrl\":\"https:\\\/\\\/www.tvportugal.tv\\\/portal\\\/wp-content\\\/uploads\\\/2019\\\/12\\\/Captura-de-ecr\u00e3-2019-12-15-\u00e0s-14.27.10.png\",\"width\":800,\"height\":600,\"caption\":\"Festa de Natal e Balan\u00e7o 2019 da Associa\u00e7\u00e3o S\u00e3o Francisco de Assis - Cascais, Carlos Carreiras, Pedro Campilho, Televis\u00e3o, Portugal, Cascais tv\"},{\"@type\":\"BreadcrumbList\",\"@id\":\"https:\\\/\\\/www.tvportugal.tv\\\/portal\\\/festa-de-natal-e-balanco-2019-da-associacao-sao-francisco-de-assis-cascais\\\/#breadcrumb\",\"itemListElement\":[{\"@type\":\"ListItem\",\"position\":1,\"name\":\"In\u00edcio\",\"item\":\"https:\\\/\\\/www.tvportugal.tv\\\/portal\\\/\"},{\"@type\":\"ListItem\",\"position\":2,\"name\":\"Festa de Natal e Balan\u00e7o 2019 da Associa\u00e7\u00e3o S\u00e3o Francisco de Assis &#8211; Cascais\"}]},{\"@type\":\"WebSite\",\"@id\":\"https:\\\/\\\/www.tvportugal.tv\\\/portal\\\/#website\",\"url\":\"https:\\\/\\\/www.tvportugal.tv\\\/portal\\\/\",\"name\":\"TV Portugal - Televis\u00e3o - Cascais - Sintra - Oeiras - Lisboa - Noticias\",\"description\":\"Televis\u00e3o Cascais, Televis\u00e3o Estoril, Tv Web com produ\u00e7\u00e3o pr\u00f3pria da Regi\u00e3o de Lisboa, Televis\u00e3o On-line, Noticias de Cascais, Noticias de Sintra, Noticias de Lisboa, Videos, Reportagen\",\"potentialAction\":[{\"@type\":\"SearchAction\",\"target\":{\"@type\":\"EntryPoint\",\"urlTemplate\":\"https:\\\/\\\/www.tvportugal.tv\\\/portal\\\/?s={search_term_string}\"},\"query-input\":{\"@type\":\"PropertyValueSpecification\",\"valueRequired\":true,\"valueName\":\"search_term_string\"}}],\"inLanguage\":\"pt-PT\"},{\"@type\":\"Person\",\"@id\":\"https:\\\/\\\/www.tvportugal.tv\\\/portal\\\/#\\\/schema\\\/person\\\/3dd386a0a960b868c3daed310f5d8d6b\",\"name\":\"Antonio Assuncao\",\"image\":{\"@type\":\"ImageObject\",\"inLanguage\":\"pt-PT\",\"@id\":\"https:\\\/\\\/secure.gravatar.com\\\/avatar\\\/d8f395a7f86675d6142e7d6ee91f1232e911b4f5ad4a72e064ca4dde2d42881b?s=96&d=mm&r=g\",\"url\":\"https:\\\/\\\/secure.gravatar.com\\\/avatar\\\/d8f395a7f86675d6142e7d6ee91f1232e911b4f5ad4a72e064ca4dde2d42881b?s=96&d=mm&r=g\",\"contentUrl\":\"https:\\\/\\\/secure.gravatar.com\\\/avatar\\\/d8f395a7f86675d6142e7d6ee91f1232e911b4f5ad4a72e064ca4dde2d42881b?s=96&d=mm&r=g\",\"caption\":\"Antonio Assuncao\"},\"sameAs\":[\"http:\\\/\\\/www.tvportugal.tv\\\/\"],\"url\":\"https:\\\/\\\/www.tvportugal.tv\\\/portal\\\/author\\\/antonio-assuncao\\\/\"}]}<\/script>\n<!-- \/ Yoast SEO plugin. -->","yoast_head_json":{"title":"festa-de-natal-e-balan\u00e7o-2019-da-associa\u00e7\u00e3o-sao-francisco-assis-cascais","description":"Festa de Natal e Balan\u00e7o 2019 da Associa\u00e7\u00e3o S\u00e3o Francisco de Assis - Cascais, Carlos Carreiras, Pedro Campilho, Televis\u00e3o, Portugal, Cascais tv","robots":{"index":"index","follow":"follow","max-snippet":"max-snippet:-1","max-image-preview":"max-image-preview:large","max-video-preview":"max-video-preview:-1"},"canonical":"https:\/\/www.tvportugal.tv\/portal\/festa-de-natal-e-balanco-2019-da-associacao-sao-francisco-de-assis-cascais\/","og_locale":"pt_PT","og_type":"article","og_title":"festa-de-natal-e-balan\u00e7o-2019-da-associa\u00e7\u00e3o-sao-francisco-assis-cascais","og_description":"Festa de Natal e Balan\u00e7o 2019 da Associa\u00e7\u00e3o S\u00e3o Francisco de Assis - Cascais, Carlos Carreiras, Pedro Campilho, Televis\u00e3o, Portugal, Cascais tv","og_url":"https:\/\/www.tvportugal.tv\/portal\/festa-de-natal-e-balanco-2019-da-associacao-sao-francisco-de-assis-cascais\/","og_site_name":"TV Portugal - Televis\u00e3o - Cascais - Sintra - Oeiras - Lisboa - Noticias","article_published_time":"2019-12-15T14:53:08+00:00","article_modified_time":"2019-12-15T14:53:09+00:00","og_image":[{"width":800,"height":600,"url":"https:\/\/www.tvportugal.tv\/portal\/wp-content\/uploads\/2019\/12\/Captura-de-ecr\u00e3-2019-12-15-\u00e0s-14.27.10.png","type":"image\/png"}],"author":"Antonio Assuncao","twitter_card":"summary_large_image","twitter_misc":{"Escrito por":"Antonio Assuncao","Tempo estimado de leitura":"1 minuto"},"schema":{"@context":"https:\/\/schema.org","@graph":[{"@type":"Article","@id":"https:\/\/www.tvportugal.tv\/portal\/festa-de-natal-e-balanco-2019-da-associacao-sao-francisco-de-assis-cascais\/#article","isPartOf":{"@id":"https:\/\/www.tvportugal.tv\/portal\/festa-de-natal-e-balanco-2019-da-associacao-sao-francisco-de-assis-cascais\/"},"author":{"name":"Antonio Assuncao","@id":"https:\/\/www.tvportugal.tv\/portal\/#\/schema\/person\/3dd386a0a960b868c3daed310f5d8d6b"},"headline":"Festa de Natal e Balan\u00e7o 2019 da Associa\u00e7\u00e3o S\u00e3o Francisco de Assis &#8211; Cascais","datePublished":"2019-12-15T14:53:08+00:00","dateModified":"2019-12-15T14:53:09+00:00","mainEntityOfPage":{"@id":"https:\/\/www.tvportugal.tv\/portal\/festa-de-natal-e-balanco-2019-da-associacao-sao-francisco-de-assis-cascais\/"},"wordCount":136,"image":{"@id":"https:\/\/www.tvportugal.tv\/portal\/festa-de-natal-e-balanco-2019-da-associacao-sao-francisco-de-assis-cascais\/#primaryimage"},"thumbnailUrl":"https:\/\/www.tvportugal.tv\/portal\/wp-content\/uploads\/2019\/12\/Captura-de-ecr\u00e3-2019-12-15-\u00e0s-14.27.10.png","keywords":["Carlos Carreiras","Cascais","Jos\u00e9 Filipe Ribeiro","Nuno Alves"],"articleSection":["Cascais","Educa\u00e7\u00e3o","Eventos","Festas","V\u00e1rios"],"inLanguage":"pt-PT"},{"@type":"WebPage","@id":"https:\/\/www.tvportugal.tv\/portal\/festa-de-natal-e-balanco-2019-da-associacao-sao-francisco-de-assis-cascais\/","url":"https:\/\/www.tvportugal.tv\/portal\/festa-de-natal-e-balanco-2019-da-associacao-sao-francisco-de-assis-cascais\/","name":"festa-de-natal-e-balan\u00e7o-2019-da-associa\u00e7\u00e3o-sao-francisco-assis-cascais","isPartOf":{"@id":"https:\/\/www.tvportugal.tv\/portal\/#website"},"primaryImageOfPage":{"@id":"https:\/\/www.tvportugal.tv\/portal\/festa-de-natal-e-balanco-2019-da-associacao-sao-francisco-de-assis-cascais\/#primaryimage"},"image":{"@id":"https:\/\/www.tvportugal.tv\/portal\/festa-de-natal-e-balanco-2019-da-associacao-sao-francisco-de-assis-cascais\/#primaryimage"},"thumbnailUrl":"https:\/\/www.tvportugal.tv\/portal\/wp-content\/uploads\/2019\/12\/Captura-de-ecr\u00e3-2019-12-15-\u00e0s-14.27.10.png","datePublished":"2019-12-15T14:53:08+00:00","dateModified":"2019-12-15T14:53:09+00:00","author":{"@id":"https:\/\/www.tvportugal.tv\/portal\/#\/schema\/person\/3dd386a0a960b868c3daed310f5d8d6b"},"description":"Festa de Natal e Balan\u00e7o 2019 da Associa\u00e7\u00e3o S\u00e3o Francisco de Assis - Cascais, Carlos Carreiras, Pedro Campilho, Televis\u00e3o, Portugal, Cascais tv","breadcrumb":{"@id":"https:\/\/www.tvportugal.tv\/portal\/festa-de-natal-e-balanco-2019-da-associacao-sao-francisco-de-assis-cascais\/#breadcrumb"},"inLanguage":"pt-PT","potentialAction":[{"@type":"ReadAction","target":["https:\/\/www.tvportugal.tv\/portal\/festa-de-natal-e-balanco-2019-da-associacao-sao-francisco-de-assis-cascais\/"]}]},{"@type":"ImageObject","inLanguage":"pt-PT","@id":"https:\/\/www.tvportugal.tv\/portal\/festa-de-natal-e-balanco-2019-da-associacao-sao-francisco-de-assis-cascais\/#primaryimage","url":"https:\/\/www.tvportugal.tv\/portal\/wp-content\/uploads\/2019\/12\/Captura-de-ecr\u00e3-2019-12-15-\u00e0s-14.27.10.png","contentUrl":"https:\/\/www.tvportugal.tv\/portal\/wp-content\/uploads\/2019\/12\/Captura-de-ecr\u00e3-2019-12-15-\u00e0s-14.27.10.png","width":800,"height":600,"caption":"Festa de Natal e Balan\u00e7o 2019 da Associa\u00e7\u00e3o S\u00e3o Francisco de Assis - Cascais, Carlos Carreiras, Pedro Campilho, Televis\u00e3o, Portugal, Cascais tv"},{"@type":"BreadcrumbList","@id":"https:\/\/www.tvportugal.tv\/portal\/festa-de-natal-e-balanco-2019-da-associacao-sao-francisco-de-assis-cascais\/#breadcrumb","itemListElement":[{"@type":"ListItem","position":1,"name":"In\u00edcio","item":"https:\/\/www.tvportugal.tv\/portal\/"},{"@type":"ListItem","position":2,"name":"Festa de Natal e Balan\u00e7o 2019 da Associa\u00e7\u00e3o S\u00e3o Francisco de Assis &#8211; Cascais"}]},{"@type":"WebSite","@id":"https:\/\/www.tvportugal.tv\/portal\/#website","url":"https:\/\/www.tvportugal.tv\/portal\/","name":"TV Portugal - Televis\u00e3o - Cascais - Sintra - Oeiras - Lisboa - Noticias","description":"Televis\u00e3o Cascais, Televis\u00e3o Estoril, Tv Web com produ\u00e7\u00e3o pr\u00f3pria da Regi\u00e3o de Lisboa, Televis\u00e3o On-line, Noticias de Cascais, Noticias de Sintra, Noticias de Lisboa, Videos, Reportagen","potentialAction":[{"@type":"SearchAction","target":{"@type":"EntryPoint","urlTemplate":"https:\/\/www.tvportugal.tv\/portal\/?s={search_term_string}"},"query-input":{"@type":"PropertyValueSpecification","valueRequired":true,"valueName":"search_term_string"}}],"inLanguage":"pt-PT"},{"@type":"Person","@id":"https:\/\/www.tvportugal.tv\/portal\/#\/schema\/person\/3dd386a0a960b868c3daed310f5d8d6b","name":"Antonio Assuncao","image":{"@type":"ImageObject","inLanguage":"pt-PT","@id":"https:\/\/secure.gravatar.com\/avatar\/d8f395a7f86675d6142e7d6ee91f1232e911b4f5ad4a72e064ca4dde2d42881b?s=96&d=mm&r=g","url":"https:\/\/secure.gravatar.com\/avatar\/d8f395a7f86675d6142e7d6ee91f1232e911b4f5ad4a72e064ca4dde2d42881b?s=96&d=mm&r=g","contentUrl":"https:\/\/secure.gravatar.com\/avatar\/d8f395a7f86675d6142e7d6ee91f1232e911b4f5ad4a72e064ca4dde2d42881b?s=96&d=mm&r=g","caption":"Antonio Assuncao"},"sameAs":["http:\/\/www.tvportugal.tv\/"],"url":"https:\/\/www.tvportugal.tv\/portal\/author\/antonio-assuncao\/"}]}},"_links":{"self":[{"href":"https:\/\/www.tvportugal.tv\/portal\/wp-json\/wp\/v2\/posts\/6717","targetHints":{"allow":["GET"]}}],"collection":[{"href":"https:\/\/www.tvportugal.tv\/portal\/wp-json\/wp\/v2\/posts"}],"about":[{"href":"https:\/\/www.tvportugal.tv\/portal\/wp-json\/wp\/v2\/types\/post"}],"author":[{"embeddable":true,"href":"https:\/\/www.tvportugal.tv\/portal\/wp-json\/wp\/v2\/users\/2"}],"replies":[{"embeddable":true,"href":"https:\/\/www.tvportugal.tv\/portal\/wp-json\/wp\/v2\/comments?post=6717"}],"version-history":[{"count":1,"href":"https:\/\/www.tvportugal.tv\/portal\/wp-json\/wp\/v2\/posts\/6717\/revisions"}],"predecessor-version":[{"id":6719,"href":"https:\/\/www.tvportugal.tv\/portal\/wp-json\/wp\/v2\/posts\/6717\/revisions\/6719"}],"wp:featuredmedia":[{"embeddable":true,"href":"https:\/\/www.tvportugal.tv\/portal\/wp-json\/wp\/v2\/media\/6718"}],"wp:attachment":[{"href":"https:\/\/www.tvportugal.tv\/portal\/wp-json\/wp\/v2\/media?parent=6717"}],"wp:term":[{"taxonomy":"category","embeddable":true,"href":"https:\/\/www.tvportugal.tv\/portal\/wp-json\/wp\/v2\/categories?post=6717"},{"taxonomy":"post_tag","embeddable":true,"href":"https:\/\/www.tvportugal.tv\/portal\/wp-json\/wp\/v2\/tags?post=6717"}],"curies":[{"name":"wp","href":"https:\/\/api.w.org\/{rel}","templated":true}]}}