{"id":6695,"date":"2019-11-28T18:31:12","date_gmt":"2019-11-28T18:31:12","guid":{"rendered":"https:\/\/www.tvportugal.tv\/portal\/?p=6695"},"modified":"2019-11-28T18:31:13","modified_gmt":"2019-11-28T18:31:13","slug":"oeiras-capital-do-natal-29-de-novembro-a-12-janeiro","status":"publish","type":"post","link":"https:\/\/www.tvportugal.tv\/portal\/oeiras-capital-do-natal-29-de-novembro-a-12-janeiro\/","title":{"rendered":"Oeiras Capital do Natal | 29 de Novembro a 12 Janeiro"},"content":{"rendered":"<p>[vc_row][vc_column][vc_column_text]<\/p>\n<h1 class=\"title style-scope ytd-video-primary-info-renderer\">Oeiras Capital do Natal | 29 de Novembro a 12 Janeiro<\/h1>\n<p>[\/vc_column_text][\/vc_column][\/vc_row][vc_row][vc_column][vc_column_text]&#8221;Amanh\u00e3 \u00e9 a abertura a partir das 4 da tarde e realmente estamos a falar de um evento \u00fanico, m\u00e1gico, de excel\u00eancia, nunca aconteceu algo parecido em Portugal. N\u00e3o falamos de um mercado, n\u00e3o \u00e9 um mercado de Natal como \u00e0s vezes as pessoas dizem, realmente \u00e9 um evento extraordin\u00e1rio.&#8221; Isaltino Morais, Presidente CM Oeiras. Reportagem, Imagem e Edi\u00e7\u00e3o &#8211; Ant\u00f3nio Assun\u00e7\u00e3o 2019 11 28<span style=\"font-size: inherit;\">[\/vc_column_text][\/vc_column][\/vc_row][vc_row][vc_column][vc_video link=&#8221;https:\/\/www.youtube.com\/watch?v=auLBlMW_lKE&#8221;][\/vc_column][\/vc_row]<\/span><\/p>\n","protected":false},"excerpt":{"rendered":"<p>[vc_row][vc_column][vc_column_text] Oeiras Capital do Natal | 29 de Novembro a 12 Janeiro [\/vc_column_text][\/vc_column][\/vc_row][vc_row][vc_column][vc_column_text]&#8221;Amanh\u00e3 \u00e9 a abertura a partir das 4 da tarde e realmente estamos a falar de um evento \u00fanico, m\u00e1gico, de excel\u00eancia, nunca aconteceu algo parecido em Portugal. N\u00e3o falamos de um mercado, n\u00e3o \u00e9 um mercado de<span class=\"excerpt-hellip\"> [\u2026]<\/span><\/p>\n","protected":false},"author":2,"featured_media":6696,"comment_status":"closed","ping_status":"closed","sticky":false,"template":"","format":"standard","meta":{"footnotes":""},"categories":[190,65,53,47,77,41,178],"tags":[205,192,100],"class_list":["post-6695","post","type-post","status-publish","format-standard","has-post-thumbnail","hentry","category-espectaculo","category-eventos","category-festas","category-inauguracoes","category-oeiras","category-social","category-varios","tag-francisco-rocha-goncalves","tag-isaltino-morais","tag-oeiras"],"yoast_head":"<!-- This site is optimized with the Yoast SEO plugin v27.5 - https:\/\/yoast.com\/product\/yoast-seo-wordpress\/ -->\n<title>Oeiras Capital do Natal | 29 de Novembro a 12 Janeiro<\/title>\n<meta name=\"description\" content=\"Oeiras Capital do Natal, 29 de Novembro a 12 Janeiro, Isaltino Morais, Passeio Mar\u00edtimo Alg\u00e9s, Portugal, Televis\u00e3o, Natal 2019\" \/>\n<meta name=\"robots\" content=\"index, follow, max-snippet:-1, max-image-preview:large, max-video-preview:-1\" \/>\n<link rel=\"canonical\" href=\"https:\/\/www.tvportugal.tv\/portal\/oeiras-capital-do-natal-29-de-novembro-a-12-janeiro\/\" \/>\n<meta property=\"og:locale\" content=\"pt_PT\" \/>\n<meta property=\"og:type\" content=\"article\" \/>\n<meta property=\"og:title\" content=\"Oeiras Capital do Natal | 29 de Novembro a 12 Janeiro\" \/>\n<meta property=\"og:description\" content=\"Oeiras Capital do Natal, 29 de Novembro a 12 Janeiro, Isaltino Morais, Passeio Mar\u00edtimo Alg\u00e9s, Portugal, Televis\u00e3o, Natal 2019\" \/>\n<meta property=\"og:url\" content=\"https:\/\/www.tvportugal.tv\/portal\/oeiras-capital-do-natal-29-de-novembro-a-12-janeiro\/\" \/>\n<meta property=\"og:site_name\" content=\"TV Portugal - Televis\u00e3o - Cascais - Sintra - Oeiras - Lisboa - Noticias\" \/>\n<meta property=\"article:published_time\" content=\"2019-11-28T18:31:12+00:00\" \/>\n<meta property=\"article:modified_time\" content=\"2019-11-28T18:31:13+00:00\" \/>\n<meta property=\"og:image\" content=\"https:\/\/www.tvportugal.tv\/portal\/wp-content\/uploads\/2019\/11\/Captura-de-ecr\u00e3-2019-11-28-\u00e0s-18.19.46.png\" \/>\n\t<meta property=\"og:image:width\" content=\"800\" \/>\n\t<meta property=\"og:image:height\" content=\"600\" \/>\n\t<meta property=\"og:image:type\" content=\"image\/png\" \/>\n<meta name=\"author\" content=\"Antonio Assuncao\" \/>\n<meta name=\"twitter:card\" content=\"summary_large_image\" \/>\n<meta name=\"twitter:label1\" content=\"Escrito por\" \/>\n\t<meta name=\"twitter:data1\" content=\"Antonio Assuncao\" \/>\n\t<meta name=\"twitter:label2\" content=\"Tempo estimado de leitura\" \/>\n\t<meta name=\"twitter:data2\" content=\"1 minuto\" \/>\n<script type=\"application\/ld+json\" class=\"yoast-schema-graph\">{\"@context\":\"https:\\\/\\\/schema.org\",\"@graph\":[{\"@type\":\"Article\",\"@id\":\"https:\\\/\\\/www.tvportugal.tv\\\/portal\\\/oeiras-capital-do-natal-29-de-novembro-a-12-janeiro\\\/#article\",\"isPartOf\":{\"@id\":\"https:\\\/\\\/www.tvportugal.tv\\\/portal\\\/oeiras-capital-do-natal-29-de-novembro-a-12-janeiro\\\/\"},\"author\":{\"name\":\"Antonio Assuncao\",\"@id\":\"https:\\\/\\\/www.tvportugal.tv\\\/portal\\\/#\\\/schema\\\/person\\\/3dd386a0a960b868c3daed310f5d8d6b\"},\"headline\":\"Oeiras Capital do Natal | 29 de Novembro a 12 Janeiro\",\"datePublished\":\"2019-11-28T18:31:12+00:00\",\"dateModified\":\"2019-11-28T18:31:13+00:00\",\"mainEntityOfPage\":{\"@id\":\"https:\\\/\\\/www.tvportugal.tv\\\/portal\\\/oeiras-capital-do-natal-29-de-novembro-a-12-janeiro\\\/\"},\"wordCount\":129,\"image\":{\"@id\":\"https:\\\/\\\/www.tvportugal.tv\\\/portal\\\/oeiras-capital-do-natal-29-de-novembro-a-12-janeiro\\\/#primaryimage\"},\"thumbnailUrl\":\"https:\\\/\\\/www.tvportugal.tv\\\/portal\\\/wp-content\\\/uploads\\\/2019\\\/11\\\/Captura-de-ecr\u00e3-2019-11-28-\u00e0s-18.19.46.png\",\"keywords\":[\"Francisco Rocha Gon\u00e7alves\",\"Isaltino Morais\",\"Oeiras\"],\"articleSection\":[\"Espect\u00e1culo\",\"Eventos\",\"Festas\",\"Inaugura\u00e7\u00f5es\",\"Oeiras\",\"Social\",\"V\u00e1rios\"],\"inLanguage\":\"pt-PT\"},{\"@type\":\"WebPage\",\"@id\":\"https:\\\/\\\/www.tvportugal.tv\\\/portal\\\/oeiras-capital-do-natal-29-de-novembro-a-12-janeiro\\\/\",\"url\":\"https:\\\/\\\/www.tvportugal.tv\\\/portal\\\/oeiras-capital-do-natal-29-de-novembro-a-12-janeiro\\\/\",\"name\":\"Oeiras Capital do Natal | 29 de Novembro a 12 Janeiro\",\"isPartOf\":{\"@id\":\"https:\\\/\\\/www.tvportugal.tv\\\/portal\\\/#website\"},\"primaryImageOfPage\":{\"@id\":\"https:\\\/\\\/www.tvportugal.tv\\\/portal\\\/oeiras-capital-do-natal-29-de-novembro-a-12-janeiro\\\/#primaryimage\"},\"image\":{\"@id\":\"https:\\\/\\\/www.tvportugal.tv\\\/portal\\\/oeiras-capital-do-natal-29-de-novembro-a-12-janeiro\\\/#primaryimage\"},\"thumbnailUrl\":\"https:\\\/\\\/www.tvportugal.tv\\\/portal\\\/wp-content\\\/uploads\\\/2019\\\/11\\\/Captura-de-ecr\u00e3-2019-11-28-\u00e0s-18.19.46.png\",\"datePublished\":\"2019-11-28T18:31:12+00:00\",\"dateModified\":\"2019-11-28T18:31:13+00:00\",\"author\":{\"@id\":\"https:\\\/\\\/www.tvportugal.tv\\\/portal\\\/#\\\/schema\\\/person\\\/3dd386a0a960b868c3daed310f5d8d6b\"},\"description\":\"Oeiras Capital do Natal, 29 de Novembro a 12 Janeiro, Isaltino Morais, Passeio Mar\u00edtimo Alg\u00e9s, Portugal, Televis\u00e3o, Natal 2019\",\"breadcrumb\":{\"@id\":\"https:\\\/\\\/www.tvportugal.tv\\\/portal\\\/oeiras-capital-do-natal-29-de-novembro-a-12-janeiro\\\/#breadcrumb\"},\"inLanguage\":\"pt-PT\",\"potentialAction\":[{\"@type\":\"ReadAction\",\"target\":[\"https:\\\/\\\/www.tvportugal.tv\\\/portal\\\/oeiras-capital-do-natal-29-de-novembro-a-12-janeiro\\\/\"]}]},{\"@type\":\"ImageObject\",\"inLanguage\":\"pt-PT\",\"@id\":\"https:\\\/\\\/www.tvportugal.tv\\\/portal\\\/oeiras-capital-do-natal-29-de-novembro-a-12-janeiro\\\/#primaryimage\",\"url\":\"https:\\\/\\\/www.tvportugal.tv\\\/portal\\\/wp-content\\\/uploads\\\/2019\\\/11\\\/Captura-de-ecr\u00e3-2019-11-28-\u00e0s-18.19.46.png\",\"contentUrl\":\"https:\\\/\\\/www.tvportugal.tv\\\/portal\\\/wp-content\\\/uploads\\\/2019\\\/11\\\/Captura-de-ecr\u00e3-2019-11-28-\u00e0s-18.19.46.png\",\"width\":800,\"height\":600,\"caption\":\"Oeiras Capital do Natal, 29 de Novembro a 12 Janeiro, Isaltino Morais, Passeio Mar\u00edtimo Alg\u00e9s, Portugal, Televis\u00e3o, Natal 2019\"},{\"@type\":\"BreadcrumbList\",\"@id\":\"https:\\\/\\\/www.tvportugal.tv\\\/portal\\\/oeiras-capital-do-natal-29-de-novembro-a-12-janeiro\\\/#breadcrumb\",\"itemListElement\":[{\"@type\":\"ListItem\",\"position\":1,\"name\":\"In\u00edcio\",\"item\":\"https:\\\/\\\/www.tvportugal.tv\\\/portal\\\/\"},{\"@type\":\"ListItem\",\"position\":2,\"name\":\"Oeiras Capital do Natal | 29 de Novembro a 12 Janeiro\"}]},{\"@type\":\"WebSite\",\"@id\":\"https:\\\/\\\/www.tvportugal.tv\\\/portal\\\/#website\",\"url\":\"https:\\\/\\\/www.tvportugal.tv\\\/portal\\\/\",\"name\":\"TV Portugal - Televis\u00e3o - Cascais - Sintra - Oeiras - Lisboa - Noticias\",\"description\":\"Televis\u00e3o Cascais, Televis\u00e3o Estoril, Tv Web com produ\u00e7\u00e3o pr\u00f3pria da Regi\u00e3o de Lisboa, Televis\u00e3o On-line, Noticias de Cascais, Noticias de Sintra, Noticias de Lisboa, Videos, Reportagen\",\"potentialAction\":[{\"@type\":\"SearchAction\",\"target\":{\"@type\":\"EntryPoint\",\"urlTemplate\":\"https:\\\/\\\/www.tvportugal.tv\\\/portal\\\/?s={search_term_string}\"},\"query-input\":{\"@type\":\"PropertyValueSpecification\",\"valueRequired\":true,\"valueName\":\"search_term_string\"}}],\"inLanguage\":\"pt-PT\"},{\"@type\":\"Person\",\"@id\":\"https:\\\/\\\/www.tvportugal.tv\\\/portal\\\/#\\\/schema\\\/person\\\/3dd386a0a960b868c3daed310f5d8d6b\",\"name\":\"Antonio Assuncao\",\"image\":{\"@type\":\"ImageObject\",\"inLanguage\":\"pt-PT\",\"@id\":\"https:\\\/\\\/secure.gravatar.com\\\/avatar\\\/d8f395a7f86675d6142e7d6ee91f1232e911b4f5ad4a72e064ca4dde2d42881b?s=96&d=mm&r=g\",\"url\":\"https:\\\/\\\/secure.gravatar.com\\\/avatar\\\/d8f395a7f86675d6142e7d6ee91f1232e911b4f5ad4a72e064ca4dde2d42881b?s=96&d=mm&r=g\",\"contentUrl\":\"https:\\\/\\\/secure.gravatar.com\\\/avatar\\\/d8f395a7f86675d6142e7d6ee91f1232e911b4f5ad4a72e064ca4dde2d42881b?s=96&d=mm&r=g\",\"caption\":\"Antonio Assuncao\"},\"sameAs\":[\"http:\\\/\\\/www.tvportugal.tv\\\/\"],\"url\":\"https:\\\/\\\/www.tvportugal.tv\\\/portal\\\/author\\\/antonio-assuncao\\\/\"}]}<\/script>\n<!-- \/ Yoast SEO plugin. -->","yoast_head_json":{"title":"Oeiras Capital do Natal | 29 de Novembro a 12 Janeiro","description":"Oeiras Capital do Natal, 29 de Novembro a 12 Janeiro, Isaltino Morais, Passeio Mar\u00edtimo Alg\u00e9s, Portugal, Televis\u00e3o, Natal 2019","robots":{"index":"index","follow":"follow","max-snippet":"max-snippet:-1","max-image-preview":"max-image-preview:large","max-video-preview":"max-video-preview:-1"},"canonical":"https:\/\/www.tvportugal.tv\/portal\/oeiras-capital-do-natal-29-de-novembro-a-12-janeiro\/","og_locale":"pt_PT","og_type":"article","og_title":"Oeiras Capital do Natal | 29 de Novembro a 12 Janeiro","og_description":"Oeiras Capital do Natal, 29 de Novembro a 12 Janeiro, Isaltino Morais, Passeio Mar\u00edtimo Alg\u00e9s, Portugal, Televis\u00e3o, Natal 2019","og_url":"https:\/\/www.tvportugal.tv\/portal\/oeiras-capital-do-natal-29-de-novembro-a-12-janeiro\/","og_site_name":"TV Portugal - Televis\u00e3o - Cascais - Sintra - Oeiras - Lisboa - Noticias","article_published_time":"2019-11-28T18:31:12+00:00","article_modified_time":"2019-11-28T18:31:13+00:00","og_image":[{"width":800,"height":600,"url":"https:\/\/www.tvportugal.tv\/portal\/wp-content\/uploads\/2019\/11\/Captura-de-ecr\u00e3-2019-11-28-\u00e0s-18.19.46.png","type":"image\/png"}],"author":"Antonio Assuncao","twitter_card":"summary_large_image","twitter_misc":{"Escrito por":"Antonio Assuncao","Tempo estimado de leitura":"1 minuto"},"schema":{"@context":"https:\/\/schema.org","@graph":[{"@type":"Article","@id":"https:\/\/www.tvportugal.tv\/portal\/oeiras-capital-do-natal-29-de-novembro-a-12-janeiro\/#article","isPartOf":{"@id":"https:\/\/www.tvportugal.tv\/portal\/oeiras-capital-do-natal-29-de-novembro-a-12-janeiro\/"},"author":{"name":"Antonio Assuncao","@id":"https:\/\/www.tvportugal.tv\/portal\/#\/schema\/person\/3dd386a0a960b868c3daed310f5d8d6b"},"headline":"Oeiras Capital do Natal | 29 de Novembro a 12 Janeiro","datePublished":"2019-11-28T18:31:12+00:00","dateModified":"2019-11-28T18:31:13+00:00","mainEntityOfPage":{"@id":"https:\/\/www.tvportugal.tv\/portal\/oeiras-capital-do-natal-29-de-novembro-a-12-janeiro\/"},"wordCount":129,"image":{"@id":"https:\/\/www.tvportugal.tv\/portal\/oeiras-capital-do-natal-29-de-novembro-a-12-janeiro\/#primaryimage"},"thumbnailUrl":"https:\/\/www.tvportugal.tv\/portal\/wp-content\/uploads\/2019\/11\/Captura-de-ecr\u00e3-2019-11-28-\u00e0s-18.19.46.png","keywords":["Francisco Rocha Gon\u00e7alves","Isaltino Morais","Oeiras"],"articleSection":["Espect\u00e1culo","Eventos","Festas","Inaugura\u00e7\u00f5es","Oeiras","Social","V\u00e1rios"],"inLanguage":"pt-PT"},{"@type":"WebPage","@id":"https:\/\/www.tvportugal.tv\/portal\/oeiras-capital-do-natal-29-de-novembro-a-12-janeiro\/","url":"https:\/\/www.tvportugal.tv\/portal\/oeiras-capital-do-natal-29-de-novembro-a-12-janeiro\/","name":"Oeiras Capital do Natal | 29 de Novembro a 12 Janeiro","isPartOf":{"@id":"https:\/\/www.tvportugal.tv\/portal\/#website"},"primaryImageOfPage":{"@id":"https:\/\/www.tvportugal.tv\/portal\/oeiras-capital-do-natal-29-de-novembro-a-12-janeiro\/#primaryimage"},"image":{"@id":"https:\/\/www.tvportugal.tv\/portal\/oeiras-capital-do-natal-29-de-novembro-a-12-janeiro\/#primaryimage"},"thumbnailUrl":"https:\/\/www.tvportugal.tv\/portal\/wp-content\/uploads\/2019\/11\/Captura-de-ecr\u00e3-2019-11-28-\u00e0s-18.19.46.png","datePublished":"2019-11-28T18:31:12+00:00","dateModified":"2019-11-28T18:31:13+00:00","author":{"@id":"https:\/\/www.tvportugal.tv\/portal\/#\/schema\/person\/3dd386a0a960b868c3daed310f5d8d6b"},"description":"Oeiras Capital do Natal, 29 de Novembro a 12 Janeiro, Isaltino Morais, Passeio Mar\u00edtimo Alg\u00e9s, Portugal, Televis\u00e3o, Natal 2019","breadcrumb":{"@id":"https:\/\/www.tvportugal.tv\/portal\/oeiras-capital-do-natal-29-de-novembro-a-12-janeiro\/#breadcrumb"},"inLanguage":"pt-PT","potentialAction":[{"@type":"ReadAction","target":["https:\/\/www.tvportugal.tv\/portal\/oeiras-capital-do-natal-29-de-novembro-a-12-janeiro\/"]}]},{"@type":"ImageObject","inLanguage":"pt-PT","@id":"https:\/\/www.tvportugal.tv\/portal\/oeiras-capital-do-natal-29-de-novembro-a-12-janeiro\/#primaryimage","url":"https:\/\/www.tvportugal.tv\/portal\/wp-content\/uploads\/2019\/11\/Captura-de-ecr\u00e3-2019-11-28-\u00e0s-18.19.46.png","contentUrl":"https:\/\/www.tvportugal.tv\/portal\/wp-content\/uploads\/2019\/11\/Captura-de-ecr\u00e3-2019-11-28-\u00e0s-18.19.46.png","width":800,"height":600,"caption":"Oeiras Capital do Natal, 29 de Novembro a 12 Janeiro, Isaltino Morais, Passeio Mar\u00edtimo Alg\u00e9s, Portugal, Televis\u00e3o, Natal 2019"},{"@type":"BreadcrumbList","@id":"https:\/\/www.tvportugal.tv\/portal\/oeiras-capital-do-natal-29-de-novembro-a-12-janeiro\/#breadcrumb","itemListElement":[{"@type":"ListItem","position":1,"name":"In\u00edcio","item":"https:\/\/www.tvportugal.tv\/portal\/"},{"@type":"ListItem","position":2,"name":"Oeiras Capital do Natal | 29 de Novembro a 12 Janeiro"}]},{"@type":"WebSite","@id":"https:\/\/www.tvportugal.tv\/portal\/#website","url":"https:\/\/www.tvportugal.tv\/portal\/","name":"TV Portugal - Televis\u00e3o - Cascais - Sintra - Oeiras - Lisboa - Noticias","description":"Televis\u00e3o Cascais, Televis\u00e3o Estoril, Tv Web com produ\u00e7\u00e3o pr\u00f3pria da Regi\u00e3o de Lisboa, Televis\u00e3o On-line, Noticias de Cascais, Noticias de Sintra, Noticias de Lisboa, Videos, Reportagen","potentialAction":[{"@type":"SearchAction","target":{"@type":"EntryPoint","urlTemplate":"https:\/\/www.tvportugal.tv\/portal\/?s={search_term_string}"},"query-input":{"@type":"PropertyValueSpecification","valueRequired":true,"valueName":"search_term_string"}}],"inLanguage":"pt-PT"},{"@type":"Person","@id":"https:\/\/www.tvportugal.tv\/portal\/#\/schema\/person\/3dd386a0a960b868c3daed310f5d8d6b","name":"Antonio Assuncao","image":{"@type":"ImageObject","inLanguage":"pt-PT","@id":"https:\/\/secure.gravatar.com\/avatar\/d8f395a7f86675d6142e7d6ee91f1232e911b4f5ad4a72e064ca4dde2d42881b?s=96&d=mm&r=g","url":"https:\/\/secure.gravatar.com\/avatar\/d8f395a7f86675d6142e7d6ee91f1232e911b4f5ad4a72e064ca4dde2d42881b?s=96&d=mm&r=g","contentUrl":"https:\/\/secure.gravatar.com\/avatar\/d8f395a7f86675d6142e7d6ee91f1232e911b4f5ad4a72e064ca4dde2d42881b?s=96&d=mm&r=g","caption":"Antonio Assuncao"},"sameAs":["http:\/\/www.tvportugal.tv\/"],"url":"https:\/\/www.tvportugal.tv\/portal\/author\/antonio-assuncao\/"}]}},"_links":{"self":[{"href":"https:\/\/www.tvportugal.tv\/portal\/wp-json\/wp\/v2\/posts\/6695","targetHints":{"allow":["GET"]}}],"collection":[{"href":"https:\/\/www.tvportugal.tv\/portal\/wp-json\/wp\/v2\/posts"}],"about":[{"href":"https:\/\/www.tvportugal.tv\/portal\/wp-json\/wp\/v2\/types\/post"}],"author":[{"embeddable":true,"href":"https:\/\/www.tvportugal.tv\/portal\/wp-json\/wp\/v2\/users\/2"}],"replies":[{"embeddable":true,"href":"https:\/\/www.tvportugal.tv\/portal\/wp-json\/wp\/v2\/comments?post=6695"}],"version-history":[{"count":1,"href":"https:\/\/www.tvportugal.tv\/portal\/wp-json\/wp\/v2\/posts\/6695\/revisions"}],"predecessor-version":[{"id":6697,"href":"https:\/\/www.tvportugal.tv\/portal\/wp-json\/wp\/v2\/posts\/6695\/revisions\/6697"}],"wp:featuredmedia":[{"embeddable":true,"href":"https:\/\/www.tvportugal.tv\/portal\/wp-json\/wp\/v2\/media\/6696"}],"wp:attachment":[{"href":"https:\/\/www.tvportugal.tv\/portal\/wp-json\/wp\/v2\/media?parent=6695"}],"wp:term":[{"taxonomy":"category","embeddable":true,"href":"https:\/\/www.tvportugal.tv\/portal\/wp-json\/wp\/v2\/categories?post=6695"},{"taxonomy":"post_tag","embeddable":true,"href":"https:\/\/www.tvportugal.tv\/portal\/wp-json\/wp\/v2\/tags?post=6695"}],"curies":[{"name":"wp","href":"https:\/\/api.w.org\/{rel}","templated":true}]}}