{"id":6516,"date":"2019-09-21T16:02:04","date_gmt":"2019-09-21T16:02:04","guid":{"rendered":"https:\/\/www.tvportugal.tv\/portal\/?p=6516"},"modified":"2019-09-21T16:02:11","modified_gmt":"2019-09-21T16:02:11","slug":"lounge-d-casino-estoril-jose-luis-monton-festival-flamenco-2019","status":"publish","type":"post","link":"https:\/\/www.tvportugal.tv\/portal\/lounge-d-casino-estoril-jose-luis-monton-festival-flamenco-2019\/","title":{"rendered":"Lounge D Casino Estoril | Jos\u00e9 Lu\u00eds Mont\u00f3n | Festival Flamenco 2019"},"content":{"rendered":"<p>[vc_row][vc_column][vc_column_text]<\/p>\n<h2>Lounge D Casino Estoril | Jos\u00e9 Lu\u00eds Mont\u00f3n | Festival Flamenco 2019<\/h2>\n<p>[\/vc_column_text][\/vc_column][\/vc_row][vc_row][vc_column][vc_column_text]Jos\u00e9 Luis Mont\u00f3n nasce em Barcelona e especializa os seus estudos em guitarra flamenca e composi\u00e7\u00e3o. A sua m\u00fasica transmite cora\u00e7\u00e3o, beleza e conhecimento dos ritmos. Destaca entre os artistas que, com maior intensidade, tem partilhado de uma forma pessoal experi\u00eancias com diversas culturas musicais. \u201cN\u00e3o posso imaginar um artista mais completo que Jos\u00e9 Luis Mont\u00f3n\u201d \u2013 afirma o artista Ara Malikian. Reportagem e Edi\u00e7\u00e3o &#8211; Ant\u00f3nio Assun\u00e7\u00e3o Imagem &#8211; Francisco Lu\u00eds Lopes 2019 09 21[\/vc_column_text][\/vc_column][\/vc_row][vc_row][vc_column][vc_video link=&#8221;https:\/\/www.youtube.com\/watch?v=c__MDZZJzz4&#8243;][\/vc_column][\/vc_row]<\/p>\n","protected":false},"excerpt":{"rendered":"<p>[vc_row][vc_column][vc_column_text] Lounge D Casino Estoril | Jos\u00e9 Lu\u00eds Mont\u00f3n | Festival Flamenco 2019 [\/vc_column_text][\/vc_column][\/vc_row][vc_row][vc_column][vc_column_text]Jos\u00e9 Luis Mont\u00f3n nasce em Barcelona e especializa os seus estudos em guitarra flamenca e composi\u00e7\u00e3o. A sua m\u00fasica transmite cora\u00e7\u00e3o, beleza e conhecimento dos ritmos. Destaca entre os artistas que, com maior intensidade, tem partilhado de<span class=\"excerpt-hellip\"> [\u2026]<\/span><\/p>\n","protected":false},"author":2,"featured_media":6517,"comment_status":"closed","ping_status":"closed","sticky":false,"template":"","format":"standard","meta":{"footnotes":""},"categories":[42,206,64,190,65,86,178],"tags":[46,75,166,74,76],"class_list":["post-6516","post","type-post","status-publish","format-standard","has-post-thumbnail","hentry","category-cascais","category-casino-estoril","category-cultura","category-espectaculo","category-eventos","category-turismo","category-varios","tag-carlos-carreiras","tag-cascais","tag-casino-estoril","tag-estoril","tag-pedro-morais-soares"],"yoast_head":"<!-- This site is optimized with the Yoast SEO plugin v27.5 - https:\/\/yoast.com\/product\/yoast-seo-wordpress\/ -->\n<title>Lounge D Casino Estoril | Jos\u00e9 Lu\u00eds Mont\u00f3n | Festival Flamenco 2019<\/title>\n<meta name=\"description\" content=\"Lounge D Casino Estoril, Jos\u00e9 Lu\u00eds Mont\u00f3n, Festival Flamenco 2019, Portugal, Cascais tv, Televis\u00e3o, Flamenco, Guitarra Flamenca\" \/>\n<meta name=\"robots\" content=\"index, follow, max-snippet:-1, max-image-preview:large, max-video-preview:-1\" \/>\n<link rel=\"canonical\" href=\"https:\/\/www.tvportugal.tv\/portal\/lounge-d-casino-estoril-jose-luis-monton-festival-flamenco-2019\/\" \/>\n<meta property=\"og:locale\" content=\"pt_PT\" \/>\n<meta property=\"og:type\" content=\"article\" \/>\n<meta property=\"og:title\" content=\"Lounge D Casino Estoril | Jos\u00e9 Lu\u00eds Mont\u00f3n | Festival Flamenco 2019\" \/>\n<meta property=\"og:description\" content=\"Lounge D Casino Estoril, Jos\u00e9 Lu\u00eds Mont\u00f3n, Festival Flamenco 2019, Portugal, Cascais tv, Televis\u00e3o, Flamenco, Guitarra Flamenca\" \/>\n<meta property=\"og:url\" content=\"https:\/\/www.tvportugal.tv\/portal\/lounge-d-casino-estoril-jose-luis-monton-festival-flamenco-2019\/\" \/>\n<meta property=\"og:site_name\" content=\"TV Portugal - Televis\u00e3o - Cascais - Sintra - Oeiras - Lisboa - Noticias\" \/>\n<meta property=\"article:published_time\" content=\"2019-09-21T16:02:04+00:00\" \/>\n<meta property=\"article:modified_time\" content=\"2019-09-21T16:02:11+00:00\" \/>\n<meta property=\"og:image\" content=\"https:\/\/www.tvportugal.tv\/portal\/wp-content\/uploads\/2019\/09\/Captura-de-ecr\u00e3-2019-09-21-\u00e0s-16.26.19.png\" \/>\n\t<meta property=\"og:image:width\" content=\"800\" \/>\n\t<meta property=\"og:image:height\" content=\"600\" \/>\n\t<meta property=\"og:image:type\" content=\"image\/png\" \/>\n<meta name=\"author\" content=\"Antonio Assuncao\" \/>\n<meta name=\"twitter:card\" content=\"summary_large_image\" \/>\n<meta name=\"twitter:label1\" content=\"Escrito por\" \/>\n\t<meta name=\"twitter:data1\" content=\"Antonio Assuncao\" \/>\n\t<meta name=\"twitter:label2\" content=\"Tempo estimado de leitura\" \/>\n\t<meta name=\"twitter:data2\" content=\"1 minuto\" \/>\n<script type=\"application\/ld+json\" class=\"yoast-schema-graph\">{\"@context\":\"https:\\\/\\\/schema.org\",\"@graph\":[{\"@type\":\"Article\",\"@id\":\"https:\\\/\\\/www.tvportugal.tv\\\/portal\\\/lounge-d-casino-estoril-jose-luis-monton-festival-flamenco-2019\\\/#article\",\"isPartOf\":{\"@id\":\"https:\\\/\\\/www.tvportugal.tv\\\/portal\\\/lounge-d-casino-estoril-jose-luis-monton-festival-flamenco-2019\\\/\"},\"author\":{\"name\":\"Antonio Assuncao\",\"@id\":\"https:\\\/\\\/www.tvportugal.tv\\\/portal\\\/#\\\/schema\\\/person\\\/3dd386a0a960b868c3daed310f5d8d6b\"},\"headline\":\"Lounge D Casino Estoril | Jos\u00e9 Lu\u00eds Mont\u00f3n | Festival Flamenco 2019\",\"datePublished\":\"2019-09-21T16:02:04+00:00\",\"dateModified\":\"2019-09-21T16:02:11+00:00\",\"mainEntityOfPage\":{\"@id\":\"https:\\\/\\\/www.tvportugal.tv\\\/portal\\\/lounge-d-casino-estoril-jose-luis-monton-festival-flamenco-2019\\\/\"},\"wordCount\":152,\"image\":{\"@id\":\"https:\\\/\\\/www.tvportugal.tv\\\/portal\\\/lounge-d-casino-estoril-jose-luis-monton-festival-flamenco-2019\\\/#primaryimage\"},\"thumbnailUrl\":\"https:\\\/\\\/www.tvportugal.tv\\\/portal\\\/wp-content\\\/uploads\\\/2019\\\/09\\\/Captura-de-ecr\u00e3-2019-09-21-\u00e0s-16.26.19.png\",\"keywords\":[\"Carlos Carreiras\",\"Cascais\",\"Casino Estoril\",\"Estoril\",\"Pedro Morais Soares\"],\"articleSection\":[\"Cascais\",\"Casino Estoril\",\"Cultura\",\"Espect\u00e1culo\",\"Eventos\",\"Turismo\",\"V\u00e1rios\"],\"inLanguage\":\"pt-PT\"},{\"@type\":\"WebPage\",\"@id\":\"https:\\\/\\\/www.tvportugal.tv\\\/portal\\\/lounge-d-casino-estoril-jose-luis-monton-festival-flamenco-2019\\\/\",\"url\":\"https:\\\/\\\/www.tvportugal.tv\\\/portal\\\/lounge-d-casino-estoril-jose-luis-monton-festival-flamenco-2019\\\/\",\"name\":\"Lounge D Casino Estoril | Jos\u00e9 Lu\u00eds Mont\u00f3n | Festival Flamenco 2019\",\"isPartOf\":{\"@id\":\"https:\\\/\\\/www.tvportugal.tv\\\/portal\\\/#website\"},\"primaryImageOfPage\":{\"@id\":\"https:\\\/\\\/www.tvportugal.tv\\\/portal\\\/lounge-d-casino-estoril-jose-luis-monton-festival-flamenco-2019\\\/#primaryimage\"},\"image\":{\"@id\":\"https:\\\/\\\/www.tvportugal.tv\\\/portal\\\/lounge-d-casino-estoril-jose-luis-monton-festival-flamenco-2019\\\/#primaryimage\"},\"thumbnailUrl\":\"https:\\\/\\\/www.tvportugal.tv\\\/portal\\\/wp-content\\\/uploads\\\/2019\\\/09\\\/Captura-de-ecr\u00e3-2019-09-21-\u00e0s-16.26.19.png\",\"datePublished\":\"2019-09-21T16:02:04+00:00\",\"dateModified\":\"2019-09-21T16:02:11+00:00\",\"author\":{\"@id\":\"https:\\\/\\\/www.tvportugal.tv\\\/portal\\\/#\\\/schema\\\/person\\\/3dd386a0a960b868c3daed310f5d8d6b\"},\"description\":\"Lounge D Casino Estoril, Jos\u00e9 Lu\u00eds Mont\u00f3n, Festival Flamenco 2019, Portugal, Cascais tv, Televis\u00e3o, Flamenco, Guitarra Flamenca\",\"breadcrumb\":{\"@id\":\"https:\\\/\\\/www.tvportugal.tv\\\/portal\\\/lounge-d-casino-estoril-jose-luis-monton-festival-flamenco-2019\\\/#breadcrumb\"},\"inLanguage\":\"pt-PT\",\"potentialAction\":[{\"@type\":\"ReadAction\",\"target\":[\"https:\\\/\\\/www.tvportugal.tv\\\/portal\\\/lounge-d-casino-estoril-jose-luis-monton-festival-flamenco-2019\\\/\"]}]},{\"@type\":\"ImageObject\",\"inLanguage\":\"pt-PT\",\"@id\":\"https:\\\/\\\/www.tvportugal.tv\\\/portal\\\/lounge-d-casino-estoril-jose-luis-monton-festival-flamenco-2019\\\/#primaryimage\",\"url\":\"https:\\\/\\\/www.tvportugal.tv\\\/portal\\\/wp-content\\\/uploads\\\/2019\\\/09\\\/Captura-de-ecr\u00e3-2019-09-21-\u00e0s-16.26.19.png\",\"contentUrl\":\"https:\\\/\\\/www.tvportugal.tv\\\/portal\\\/wp-content\\\/uploads\\\/2019\\\/09\\\/Captura-de-ecr\u00e3-2019-09-21-\u00e0s-16.26.19.png\",\"width\":800,\"height\":600,\"caption\":\"Lounge D Casino Estoril, Jos\u00e9 Lu\u00eds Mont\u00f3n, Festival Flamenco 2019, Portugal, Cascais tv, Televis\u00e3o, Flamenco, Guitarra Flamenca\"},{\"@type\":\"BreadcrumbList\",\"@id\":\"https:\\\/\\\/www.tvportugal.tv\\\/portal\\\/lounge-d-casino-estoril-jose-luis-monton-festival-flamenco-2019\\\/#breadcrumb\",\"itemListElement\":[{\"@type\":\"ListItem\",\"position\":1,\"name\":\"In\u00edcio\",\"item\":\"https:\\\/\\\/www.tvportugal.tv\\\/portal\\\/\"},{\"@type\":\"ListItem\",\"position\":2,\"name\":\"Lounge D Casino Estoril | Jos\u00e9 Lu\u00eds Mont\u00f3n | Festival Flamenco 2019\"}]},{\"@type\":\"WebSite\",\"@id\":\"https:\\\/\\\/www.tvportugal.tv\\\/portal\\\/#website\",\"url\":\"https:\\\/\\\/www.tvportugal.tv\\\/portal\\\/\",\"name\":\"TV Portugal - Televis\u00e3o - Cascais - Sintra - Oeiras - Lisboa - Noticias\",\"description\":\"Televis\u00e3o Cascais, Televis\u00e3o Estoril, Tv Web com produ\u00e7\u00e3o pr\u00f3pria da Regi\u00e3o de Lisboa, Televis\u00e3o On-line, Noticias de Cascais, Noticias de Sintra, Noticias de Lisboa, Videos, Reportagen\",\"potentialAction\":[{\"@type\":\"SearchAction\",\"target\":{\"@type\":\"EntryPoint\",\"urlTemplate\":\"https:\\\/\\\/www.tvportugal.tv\\\/portal\\\/?s={search_term_string}\"},\"query-input\":{\"@type\":\"PropertyValueSpecification\",\"valueRequired\":true,\"valueName\":\"search_term_string\"}}],\"inLanguage\":\"pt-PT\"},{\"@type\":\"Person\",\"@id\":\"https:\\\/\\\/www.tvportugal.tv\\\/portal\\\/#\\\/schema\\\/person\\\/3dd386a0a960b868c3daed310f5d8d6b\",\"name\":\"Antonio Assuncao\",\"image\":{\"@type\":\"ImageObject\",\"inLanguage\":\"pt-PT\",\"@id\":\"https:\\\/\\\/secure.gravatar.com\\\/avatar\\\/d8f395a7f86675d6142e7d6ee91f1232e911b4f5ad4a72e064ca4dde2d42881b?s=96&d=mm&r=g\",\"url\":\"https:\\\/\\\/secure.gravatar.com\\\/avatar\\\/d8f395a7f86675d6142e7d6ee91f1232e911b4f5ad4a72e064ca4dde2d42881b?s=96&d=mm&r=g\",\"contentUrl\":\"https:\\\/\\\/secure.gravatar.com\\\/avatar\\\/d8f395a7f86675d6142e7d6ee91f1232e911b4f5ad4a72e064ca4dde2d42881b?s=96&d=mm&r=g\",\"caption\":\"Antonio Assuncao\"},\"sameAs\":[\"http:\\\/\\\/www.tvportugal.tv\\\/\"],\"url\":\"https:\\\/\\\/www.tvportugal.tv\\\/portal\\\/author\\\/antonio-assuncao\\\/\"}]}<\/script>\n<!-- \/ Yoast SEO plugin. -->","yoast_head_json":{"title":"Lounge D Casino Estoril | Jos\u00e9 Lu\u00eds Mont\u00f3n | Festival Flamenco 2019","description":"Lounge D Casino Estoril, Jos\u00e9 Lu\u00eds Mont\u00f3n, Festival Flamenco 2019, Portugal, Cascais tv, Televis\u00e3o, Flamenco, Guitarra Flamenca","robots":{"index":"index","follow":"follow","max-snippet":"max-snippet:-1","max-image-preview":"max-image-preview:large","max-video-preview":"max-video-preview:-1"},"canonical":"https:\/\/www.tvportugal.tv\/portal\/lounge-d-casino-estoril-jose-luis-monton-festival-flamenco-2019\/","og_locale":"pt_PT","og_type":"article","og_title":"Lounge D Casino Estoril | Jos\u00e9 Lu\u00eds Mont\u00f3n | Festival Flamenco 2019","og_description":"Lounge D Casino Estoril, Jos\u00e9 Lu\u00eds Mont\u00f3n, Festival Flamenco 2019, Portugal, Cascais tv, Televis\u00e3o, Flamenco, Guitarra Flamenca","og_url":"https:\/\/www.tvportugal.tv\/portal\/lounge-d-casino-estoril-jose-luis-monton-festival-flamenco-2019\/","og_site_name":"TV Portugal - Televis\u00e3o - Cascais - Sintra - Oeiras - Lisboa - Noticias","article_published_time":"2019-09-21T16:02:04+00:00","article_modified_time":"2019-09-21T16:02:11+00:00","og_image":[{"width":800,"height":600,"url":"https:\/\/www.tvportugal.tv\/portal\/wp-content\/uploads\/2019\/09\/Captura-de-ecr\u00e3-2019-09-21-\u00e0s-16.26.19.png","type":"image\/png"}],"author":"Antonio Assuncao","twitter_card":"summary_large_image","twitter_misc":{"Escrito por":"Antonio Assuncao","Tempo estimado de leitura":"1 minuto"},"schema":{"@context":"https:\/\/schema.org","@graph":[{"@type":"Article","@id":"https:\/\/www.tvportugal.tv\/portal\/lounge-d-casino-estoril-jose-luis-monton-festival-flamenco-2019\/#article","isPartOf":{"@id":"https:\/\/www.tvportugal.tv\/portal\/lounge-d-casino-estoril-jose-luis-monton-festival-flamenco-2019\/"},"author":{"name":"Antonio Assuncao","@id":"https:\/\/www.tvportugal.tv\/portal\/#\/schema\/person\/3dd386a0a960b868c3daed310f5d8d6b"},"headline":"Lounge D Casino Estoril | Jos\u00e9 Lu\u00eds Mont\u00f3n | Festival Flamenco 2019","datePublished":"2019-09-21T16:02:04+00:00","dateModified":"2019-09-21T16:02:11+00:00","mainEntityOfPage":{"@id":"https:\/\/www.tvportugal.tv\/portal\/lounge-d-casino-estoril-jose-luis-monton-festival-flamenco-2019\/"},"wordCount":152,"image":{"@id":"https:\/\/www.tvportugal.tv\/portal\/lounge-d-casino-estoril-jose-luis-monton-festival-flamenco-2019\/#primaryimage"},"thumbnailUrl":"https:\/\/www.tvportugal.tv\/portal\/wp-content\/uploads\/2019\/09\/Captura-de-ecr\u00e3-2019-09-21-\u00e0s-16.26.19.png","keywords":["Carlos Carreiras","Cascais","Casino Estoril","Estoril","Pedro Morais Soares"],"articleSection":["Cascais","Casino Estoril","Cultura","Espect\u00e1culo","Eventos","Turismo","V\u00e1rios"],"inLanguage":"pt-PT"},{"@type":"WebPage","@id":"https:\/\/www.tvportugal.tv\/portal\/lounge-d-casino-estoril-jose-luis-monton-festival-flamenco-2019\/","url":"https:\/\/www.tvportugal.tv\/portal\/lounge-d-casino-estoril-jose-luis-monton-festival-flamenco-2019\/","name":"Lounge D Casino Estoril | Jos\u00e9 Lu\u00eds Mont\u00f3n | Festival Flamenco 2019","isPartOf":{"@id":"https:\/\/www.tvportugal.tv\/portal\/#website"},"primaryImageOfPage":{"@id":"https:\/\/www.tvportugal.tv\/portal\/lounge-d-casino-estoril-jose-luis-monton-festival-flamenco-2019\/#primaryimage"},"image":{"@id":"https:\/\/www.tvportugal.tv\/portal\/lounge-d-casino-estoril-jose-luis-monton-festival-flamenco-2019\/#primaryimage"},"thumbnailUrl":"https:\/\/www.tvportugal.tv\/portal\/wp-content\/uploads\/2019\/09\/Captura-de-ecr\u00e3-2019-09-21-\u00e0s-16.26.19.png","datePublished":"2019-09-21T16:02:04+00:00","dateModified":"2019-09-21T16:02:11+00:00","author":{"@id":"https:\/\/www.tvportugal.tv\/portal\/#\/schema\/person\/3dd386a0a960b868c3daed310f5d8d6b"},"description":"Lounge D Casino Estoril, Jos\u00e9 Lu\u00eds Mont\u00f3n, Festival Flamenco 2019, Portugal, Cascais tv, Televis\u00e3o, Flamenco, Guitarra Flamenca","breadcrumb":{"@id":"https:\/\/www.tvportugal.tv\/portal\/lounge-d-casino-estoril-jose-luis-monton-festival-flamenco-2019\/#breadcrumb"},"inLanguage":"pt-PT","potentialAction":[{"@type":"ReadAction","target":["https:\/\/www.tvportugal.tv\/portal\/lounge-d-casino-estoril-jose-luis-monton-festival-flamenco-2019\/"]}]},{"@type":"ImageObject","inLanguage":"pt-PT","@id":"https:\/\/www.tvportugal.tv\/portal\/lounge-d-casino-estoril-jose-luis-monton-festival-flamenco-2019\/#primaryimage","url":"https:\/\/www.tvportugal.tv\/portal\/wp-content\/uploads\/2019\/09\/Captura-de-ecr\u00e3-2019-09-21-\u00e0s-16.26.19.png","contentUrl":"https:\/\/www.tvportugal.tv\/portal\/wp-content\/uploads\/2019\/09\/Captura-de-ecr\u00e3-2019-09-21-\u00e0s-16.26.19.png","width":800,"height":600,"caption":"Lounge D Casino Estoril, Jos\u00e9 Lu\u00eds Mont\u00f3n, Festival Flamenco 2019, Portugal, Cascais tv, Televis\u00e3o, Flamenco, Guitarra Flamenca"},{"@type":"BreadcrumbList","@id":"https:\/\/www.tvportugal.tv\/portal\/lounge-d-casino-estoril-jose-luis-monton-festival-flamenco-2019\/#breadcrumb","itemListElement":[{"@type":"ListItem","position":1,"name":"In\u00edcio","item":"https:\/\/www.tvportugal.tv\/portal\/"},{"@type":"ListItem","position":2,"name":"Lounge D Casino Estoril | Jos\u00e9 Lu\u00eds Mont\u00f3n | Festival Flamenco 2019"}]},{"@type":"WebSite","@id":"https:\/\/www.tvportugal.tv\/portal\/#website","url":"https:\/\/www.tvportugal.tv\/portal\/","name":"TV Portugal - Televis\u00e3o - Cascais - Sintra - Oeiras - Lisboa - Noticias","description":"Televis\u00e3o Cascais, Televis\u00e3o Estoril, Tv Web com produ\u00e7\u00e3o pr\u00f3pria da Regi\u00e3o de Lisboa, Televis\u00e3o On-line, Noticias de Cascais, Noticias de Sintra, Noticias de Lisboa, Videos, Reportagen","potentialAction":[{"@type":"SearchAction","target":{"@type":"EntryPoint","urlTemplate":"https:\/\/www.tvportugal.tv\/portal\/?s={search_term_string}"},"query-input":{"@type":"PropertyValueSpecification","valueRequired":true,"valueName":"search_term_string"}}],"inLanguage":"pt-PT"},{"@type":"Person","@id":"https:\/\/www.tvportugal.tv\/portal\/#\/schema\/person\/3dd386a0a960b868c3daed310f5d8d6b","name":"Antonio Assuncao","image":{"@type":"ImageObject","inLanguage":"pt-PT","@id":"https:\/\/secure.gravatar.com\/avatar\/d8f395a7f86675d6142e7d6ee91f1232e911b4f5ad4a72e064ca4dde2d42881b?s=96&d=mm&r=g","url":"https:\/\/secure.gravatar.com\/avatar\/d8f395a7f86675d6142e7d6ee91f1232e911b4f5ad4a72e064ca4dde2d42881b?s=96&d=mm&r=g","contentUrl":"https:\/\/secure.gravatar.com\/avatar\/d8f395a7f86675d6142e7d6ee91f1232e911b4f5ad4a72e064ca4dde2d42881b?s=96&d=mm&r=g","caption":"Antonio Assuncao"},"sameAs":["http:\/\/www.tvportugal.tv\/"],"url":"https:\/\/www.tvportugal.tv\/portal\/author\/antonio-assuncao\/"}]}},"_links":{"self":[{"href":"https:\/\/www.tvportugal.tv\/portal\/wp-json\/wp\/v2\/posts\/6516","targetHints":{"allow":["GET"]}}],"collection":[{"href":"https:\/\/www.tvportugal.tv\/portal\/wp-json\/wp\/v2\/posts"}],"about":[{"href":"https:\/\/www.tvportugal.tv\/portal\/wp-json\/wp\/v2\/types\/post"}],"author":[{"embeddable":true,"href":"https:\/\/www.tvportugal.tv\/portal\/wp-json\/wp\/v2\/users\/2"}],"replies":[{"embeddable":true,"href":"https:\/\/www.tvportugal.tv\/portal\/wp-json\/wp\/v2\/comments?post=6516"}],"version-history":[{"count":1,"href":"https:\/\/www.tvportugal.tv\/portal\/wp-json\/wp\/v2\/posts\/6516\/revisions"}],"predecessor-version":[{"id":6518,"href":"https:\/\/www.tvportugal.tv\/portal\/wp-json\/wp\/v2\/posts\/6516\/revisions\/6518"}],"wp:featuredmedia":[{"embeddable":true,"href":"https:\/\/www.tvportugal.tv\/portal\/wp-json\/wp\/v2\/media\/6517"}],"wp:attachment":[{"href":"https:\/\/www.tvportugal.tv\/portal\/wp-json\/wp\/v2\/media?parent=6516"}],"wp:term":[{"taxonomy":"category","embeddable":true,"href":"https:\/\/www.tvportugal.tv\/portal\/wp-json\/wp\/v2\/categories?post=6516"},{"taxonomy":"post_tag","embeddable":true,"href":"https:\/\/www.tvportugal.tv\/portal\/wp-json\/wp\/v2\/tags?post=6516"}],"curies":[{"name":"wp","href":"https:\/\/api.w.org\/{rel}","templated":true}]}}