{"id":5899,"date":"2018-12-05T22:26:05","date_gmt":"2018-12-05T22:26:05","guid":{"rendered":"https:\/\/www.tvportugal.tv\/portal\/?p=5899"},"modified":"2018-12-05T22:27:09","modified_gmt":"2018-12-05T22:27:09","slug":"boas-festas-luis-aleluia","status":"publish","type":"post","link":"https:\/\/www.tvportugal.tv\/portal\/boas-festas-luis-aleluia\/","title":{"rendered":"Boas Festas | Lu\u00eds Aleluia"},"content":{"rendered":"<p>[vc_row][vc_column][vc_column_text]<\/p>\n<h2>Boas Festas | Lu\u00eds Aleluia<\/h2>\n<p>[\/vc_column_text][\/vc_column][\/vc_row][vc_row][vc_column][vc_column_text]&#8221;(&#8230;) n\u00f3s podemos fazer todos os dias Natal mas a \u00e9poca de Natal \u00e9 muito mais forte, mais emotiva, onde devemos estar mais pr\u00f3ximos dos outros. (&#8230;), muitas vezes uma prenda pode ser s\u00f3 um abra\u00e7o.&#8221; Lu\u00eds Aleluia, Actor.<br \/>\nImagem &#8211; Ant\u00f3nio Assun\u00e7\u00e3o<br \/>\n2018 12 05[\/vc_column_text][\/vc_column][\/vc_row][vc_row][vc_column][vc_video link=&#8221;https:\/\/www.youtube.com\/watch?v=52mecFzsWWM&#8221;][\/vc_column][\/vc_row]<\/p>\n","protected":false},"excerpt":{"rendered":"<p>[vc_row][vc_column][vc_column_text] Boas Festas | Lu\u00eds Aleluia [\/vc_column_text][\/vc_column][\/vc_row][vc_row][vc_column][vc_column_text]&#8221;(&#8230;) n\u00f3s podemos fazer todos os dias Natal mas a \u00e9poca de Natal \u00e9 muito mais forte, mais emotiva, onde devemos estar mais pr\u00f3ximos dos outros. (&#8230;), muitas vezes uma prenda pode ser s\u00f3 um abra\u00e7o.&#8221; Lu\u00eds Aleluia, Actor. Imagem &#8211; Ant\u00f3nio Assun\u00e7\u00e3o 2018<span class=\"excerpt-hellip\"> [\u2026]<\/span><\/p>\n","protected":false},"author":2,"featured_media":5900,"comment_status":"closed","ping_status":"closed","sticky":false,"template":"","format":"standard","meta":{"footnotes":""},"categories":[42,137,64,190,178],"tags":[44,75,196,45],"class_list":["post-5899","post","type-post","status-publish","format-standard","has-post-thumbnail","hentry","category-cascais","category-comunidade","category-cultura","category-espectaculo","category-varios","tag-carcavelos","tag-cascais","tag-nuno-alves","tag-parede"],"yoast_head":"<!-- This site is optimized with the Yoast SEO plugin v27.5 - https:\/\/yoast.com\/product\/yoast-seo-wordpress\/ -->\n<title>Boas Festas | Lu\u00eds Aleluia<\/title>\n<meta name=\"description\" content=\"Boas Festas, Lu\u00eds Aleluia, Sa\u00eddos da Casca, Actor, Autor, Empres\u00e1rio, Carcavelos, Criarte, Cascais, Televis\u00e3o, Portugal, Z\u00e9 bate o p\u00e9\" \/>\n<meta name=\"robots\" content=\"index, follow, max-snippet:-1, max-image-preview:large, max-video-preview:-1\" \/>\n<link rel=\"canonical\" href=\"https:\/\/www.tvportugal.tv\/portal\/boas-festas-luis-aleluia\/\" \/>\n<meta property=\"og:locale\" content=\"pt_PT\" \/>\n<meta property=\"og:type\" content=\"article\" \/>\n<meta property=\"og:title\" content=\"Boas Festas | Lu\u00eds Aleluia\" \/>\n<meta property=\"og:description\" content=\"Boas Festas, Lu\u00eds Aleluia, Sa\u00eddos da Casca, Actor, Autor, Empres\u00e1rio, Carcavelos, Criarte, Cascais, Televis\u00e3o, Portugal, Z\u00e9 bate o p\u00e9\" \/>\n<meta property=\"og:url\" content=\"https:\/\/www.tvportugal.tv\/portal\/boas-festas-luis-aleluia\/\" \/>\n<meta property=\"og:site_name\" content=\"TV Portugal - Televis\u00e3o - Cascais - Sintra - Oeiras - Lisboa - Noticias\" \/>\n<meta property=\"article:published_time\" content=\"2018-12-05T22:26:05+00:00\" \/>\n<meta property=\"article:modified_time\" content=\"2018-12-05T22:27:09+00:00\" \/>\n<meta property=\"og:image\" content=\"https:\/\/www.tvportugal.tv\/portal\/wp-content\/uploads\/2018\/12\/Captura-de-ecr\u00e3-2018-12-05-\u00e0s-22.01.56.png\" \/>\n\t<meta property=\"og:image:width\" content=\"800\" \/>\n\t<meta property=\"og:image:height\" content=\"600\" \/>\n\t<meta property=\"og:image:type\" content=\"image\/png\" \/>\n<meta name=\"author\" content=\"Antonio Assuncao\" \/>\n<meta name=\"twitter:card\" content=\"summary_large_image\" \/>\n<meta name=\"twitter:label1\" content=\"Escrito por\" \/>\n\t<meta name=\"twitter:data1\" content=\"Antonio Assuncao\" \/>\n<script type=\"application\/ld+json\" class=\"yoast-schema-graph\">{\"@context\":\"https:\\\/\\\/schema.org\",\"@graph\":[{\"@type\":\"Article\",\"@id\":\"https:\\\/\\\/www.tvportugal.tv\\\/portal\\\/boas-festas-luis-aleluia\\\/#article\",\"isPartOf\":{\"@id\":\"https:\\\/\\\/www.tvportugal.tv\\\/portal\\\/boas-festas-luis-aleluia\\\/\"},\"author\":{\"name\":\"Antonio Assuncao\",\"@id\":\"https:\\\/\\\/www.tvportugal.tv\\\/portal\\\/#\\\/schema\\\/person\\\/3dd386a0a960b868c3daed310f5d8d6b\"},\"headline\":\"Boas Festas | Lu\u00eds Aleluia\",\"datePublished\":\"2018-12-05T22:26:05+00:00\",\"dateModified\":\"2018-12-05T22:27:09+00:00\",\"mainEntityOfPage\":{\"@id\":\"https:\\\/\\\/www.tvportugal.tv\\\/portal\\\/boas-festas-luis-aleluia\\\/\"},\"wordCount\":102,\"image\":{\"@id\":\"https:\\\/\\\/www.tvportugal.tv\\\/portal\\\/boas-festas-luis-aleluia\\\/#primaryimage\"},\"thumbnailUrl\":\"https:\\\/\\\/www.tvportugal.tv\\\/portal\\\/wp-content\\\/uploads\\\/2018\\\/12\\\/Captura-de-ecr\u00e3-2018-12-05-\u00e0s-22.01.56.png\",\"keywords\":[\"Carcavelos\",\"Cascais\",\"Nuno Alves\",\"Parede\"],\"articleSection\":[\"Cascais\",\"Comunidade\",\"Cultura\",\"Espect\u00e1culo\",\"V\u00e1rios\"],\"inLanguage\":\"pt-PT\"},{\"@type\":\"WebPage\",\"@id\":\"https:\\\/\\\/www.tvportugal.tv\\\/portal\\\/boas-festas-luis-aleluia\\\/\",\"url\":\"https:\\\/\\\/www.tvportugal.tv\\\/portal\\\/boas-festas-luis-aleluia\\\/\",\"name\":\"Boas Festas | Lu\u00eds Aleluia\",\"isPartOf\":{\"@id\":\"https:\\\/\\\/www.tvportugal.tv\\\/portal\\\/#website\"},\"primaryImageOfPage\":{\"@id\":\"https:\\\/\\\/www.tvportugal.tv\\\/portal\\\/boas-festas-luis-aleluia\\\/#primaryimage\"},\"image\":{\"@id\":\"https:\\\/\\\/www.tvportugal.tv\\\/portal\\\/boas-festas-luis-aleluia\\\/#primaryimage\"},\"thumbnailUrl\":\"https:\\\/\\\/www.tvportugal.tv\\\/portal\\\/wp-content\\\/uploads\\\/2018\\\/12\\\/Captura-de-ecr\u00e3-2018-12-05-\u00e0s-22.01.56.png\",\"datePublished\":\"2018-12-05T22:26:05+00:00\",\"dateModified\":\"2018-12-05T22:27:09+00:00\",\"author\":{\"@id\":\"https:\\\/\\\/www.tvportugal.tv\\\/portal\\\/#\\\/schema\\\/person\\\/3dd386a0a960b868c3daed310f5d8d6b\"},\"description\":\"Boas Festas, Lu\u00eds Aleluia, Sa\u00eddos da Casca, Actor, Autor, Empres\u00e1rio, Carcavelos, Criarte, Cascais, Televis\u00e3o, Portugal, Z\u00e9 bate o p\u00e9\",\"breadcrumb\":{\"@id\":\"https:\\\/\\\/www.tvportugal.tv\\\/portal\\\/boas-festas-luis-aleluia\\\/#breadcrumb\"},\"inLanguage\":\"pt-PT\",\"potentialAction\":[{\"@type\":\"ReadAction\",\"target\":[\"https:\\\/\\\/www.tvportugal.tv\\\/portal\\\/boas-festas-luis-aleluia\\\/\"]}]},{\"@type\":\"ImageObject\",\"inLanguage\":\"pt-PT\",\"@id\":\"https:\\\/\\\/www.tvportugal.tv\\\/portal\\\/boas-festas-luis-aleluia\\\/#primaryimage\",\"url\":\"https:\\\/\\\/www.tvportugal.tv\\\/portal\\\/wp-content\\\/uploads\\\/2018\\\/12\\\/Captura-de-ecr\u00e3-2018-12-05-\u00e0s-22.01.56.png\",\"contentUrl\":\"https:\\\/\\\/www.tvportugal.tv\\\/portal\\\/wp-content\\\/uploads\\\/2018\\\/12\\\/Captura-de-ecr\u00e3-2018-12-05-\u00e0s-22.01.56.png\",\"width\":800,\"height\":600,\"caption\":\"Boas Festas, Lu\u00eds Aleluia, Sa\u00eddos da Casca, Actor, Autor, Empres\u00e1rio, Carcavelos, Criarte, Cascais, Televis\u00e3o, Portugal, Z\u00e9 bate o p\u00e9\"},{\"@type\":\"BreadcrumbList\",\"@id\":\"https:\\\/\\\/www.tvportugal.tv\\\/portal\\\/boas-festas-luis-aleluia\\\/#breadcrumb\",\"itemListElement\":[{\"@type\":\"ListItem\",\"position\":1,\"name\":\"In\u00edcio\",\"item\":\"https:\\\/\\\/www.tvportugal.tv\\\/portal\\\/\"},{\"@type\":\"ListItem\",\"position\":2,\"name\":\"Boas Festas | Lu\u00eds Aleluia\"}]},{\"@type\":\"WebSite\",\"@id\":\"https:\\\/\\\/www.tvportugal.tv\\\/portal\\\/#website\",\"url\":\"https:\\\/\\\/www.tvportugal.tv\\\/portal\\\/\",\"name\":\"TV Portugal - Televis\u00e3o - Cascais - Sintra - Oeiras - Lisboa - Noticias\",\"description\":\"Televis\u00e3o Cascais, Televis\u00e3o Estoril, Tv Web com produ\u00e7\u00e3o pr\u00f3pria da Regi\u00e3o de Lisboa, Televis\u00e3o On-line, Noticias de Cascais, Noticias de Sintra, Noticias de Lisboa, Videos, Reportagen\",\"potentialAction\":[{\"@type\":\"SearchAction\",\"target\":{\"@type\":\"EntryPoint\",\"urlTemplate\":\"https:\\\/\\\/www.tvportugal.tv\\\/portal\\\/?s={search_term_string}\"},\"query-input\":{\"@type\":\"PropertyValueSpecification\",\"valueRequired\":true,\"valueName\":\"search_term_string\"}}],\"inLanguage\":\"pt-PT\"},{\"@type\":\"Person\",\"@id\":\"https:\\\/\\\/www.tvportugal.tv\\\/portal\\\/#\\\/schema\\\/person\\\/3dd386a0a960b868c3daed310f5d8d6b\",\"name\":\"Antonio Assuncao\",\"image\":{\"@type\":\"ImageObject\",\"inLanguage\":\"pt-PT\",\"@id\":\"https:\\\/\\\/secure.gravatar.com\\\/avatar\\\/d8f395a7f86675d6142e7d6ee91f1232e911b4f5ad4a72e064ca4dde2d42881b?s=96&d=mm&r=g\",\"url\":\"https:\\\/\\\/secure.gravatar.com\\\/avatar\\\/d8f395a7f86675d6142e7d6ee91f1232e911b4f5ad4a72e064ca4dde2d42881b?s=96&d=mm&r=g\",\"contentUrl\":\"https:\\\/\\\/secure.gravatar.com\\\/avatar\\\/d8f395a7f86675d6142e7d6ee91f1232e911b4f5ad4a72e064ca4dde2d42881b?s=96&d=mm&r=g\",\"caption\":\"Antonio Assuncao\"},\"sameAs\":[\"http:\\\/\\\/www.tvportugal.tv\\\/\"],\"url\":\"https:\\\/\\\/www.tvportugal.tv\\\/portal\\\/author\\\/antonio-assuncao\\\/\"}]}<\/script>\n<!-- \/ Yoast SEO plugin. -->","yoast_head_json":{"title":"Boas Festas | Lu\u00eds Aleluia","description":"Boas Festas, Lu\u00eds Aleluia, Sa\u00eddos da Casca, Actor, Autor, Empres\u00e1rio, Carcavelos, Criarte, Cascais, Televis\u00e3o, Portugal, Z\u00e9 bate o p\u00e9","robots":{"index":"index","follow":"follow","max-snippet":"max-snippet:-1","max-image-preview":"max-image-preview:large","max-video-preview":"max-video-preview:-1"},"canonical":"https:\/\/www.tvportugal.tv\/portal\/boas-festas-luis-aleluia\/","og_locale":"pt_PT","og_type":"article","og_title":"Boas Festas | Lu\u00eds Aleluia","og_description":"Boas Festas, Lu\u00eds Aleluia, Sa\u00eddos da Casca, Actor, Autor, Empres\u00e1rio, Carcavelos, Criarte, Cascais, Televis\u00e3o, Portugal, Z\u00e9 bate o p\u00e9","og_url":"https:\/\/www.tvportugal.tv\/portal\/boas-festas-luis-aleluia\/","og_site_name":"TV Portugal - Televis\u00e3o - Cascais - Sintra - Oeiras - Lisboa - Noticias","article_published_time":"2018-12-05T22:26:05+00:00","article_modified_time":"2018-12-05T22:27:09+00:00","og_image":[{"width":800,"height":600,"url":"https:\/\/www.tvportugal.tv\/portal\/wp-content\/uploads\/2018\/12\/Captura-de-ecr\u00e3-2018-12-05-\u00e0s-22.01.56.png","type":"image\/png"}],"author":"Antonio Assuncao","twitter_card":"summary_large_image","twitter_misc":{"Escrito por":"Antonio Assuncao"},"schema":{"@context":"https:\/\/schema.org","@graph":[{"@type":"Article","@id":"https:\/\/www.tvportugal.tv\/portal\/boas-festas-luis-aleluia\/#article","isPartOf":{"@id":"https:\/\/www.tvportugal.tv\/portal\/boas-festas-luis-aleluia\/"},"author":{"name":"Antonio Assuncao","@id":"https:\/\/www.tvportugal.tv\/portal\/#\/schema\/person\/3dd386a0a960b868c3daed310f5d8d6b"},"headline":"Boas Festas | Lu\u00eds Aleluia","datePublished":"2018-12-05T22:26:05+00:00","dateModified":"2018-12-05T22:27:09+00:00","mainEntityOfPage":{"@id":"https:\/\/www.tvportugal.tv\/portal\/boas-festas-luis-aleluia\/"},"wordCount":102,"image":{"@id":"https:\/\/www.tvportugal.tv\/portal\/boas-festas-luis-aleluia\/#primaryimage"},"thumbnailUrl":"https:\/\/www.tvportugal.tv\/portal\/wp-content\/uploads\/2018\/12\/Captura-de-ecr\u00e3-2018-12-05-\u00e0s-22.01.56.png","keywords":["Carcavelos","Cascais","Nuno Alves","Parede"],"articleSection":["Cascais","Comunidade","Cultura","Espect\u00e1culo","V\u00e1rios"],"inLanguage":"pt-PT"},{"@type":"WebPage","@id":"https:\/\/www.tvportugal.tv\/portal\/boas-festas-luis-aleluia\/","url":"https:\/\/www.tvportugal.tv\/portal\/boas-festas-luis-aleluia\/","name":"Boas Festas | Lu\u00eds Aleluia","isPartOf":{"@id":"https:\/\/www.tvportugal.tv\/portal\/#website"},"primaryImageOfPage":{"@id":"https:\/\/www.tvportugal.tv\/portal\/boas-festas-luis-aleluia\/#primaryimage"},"image":{"@id":"https:\/\/www.tvportugal.tv\/portal\/boas-festas-luis-aleluia\/#primaryimage"},"thumbnailUrl":"https:\/\/www.tvportugal.tv\/portal\/wp-content\/uploads\/2018\/12\/Captura-de-ecr\u00e3-2018-12-05-\u00e0s-22.01.56.png","datePublished":"2018-12-05T22:26:05+00:00","dateModified":"2018-12-05T22:27:09+00:00","author":{"@id":"https:\/\/www.tvportugal.tv\/portal\/#\/schema\/person\/3dd386a0a960b868c3daed310f5d8d6b"},"description":"Boas Festas, Lu\u00eds Aleluia, Sa\u00eddos da Casca, Actor, Autor, Empres\u00e1rio, Carcavelos, Criarte, Cascais, Televis\u00e3o, Portugal, Z\u00e9 bate o p\u00e9","breadcrumb":{"@id":"https:\/\/www.tvportugal.tv\/portal\/boas-festas-luis-aleluia\/#breadcrumb"},"inLanguage":"pt-PT","potentialAction":[{"@type":"ReadAction","target":["https:\/\/www.tvportugal.tv\/portal\/boas-festas-luis-aleluia\/"]}]},{"@type":"ImageObject","inLanguage":"pt-PT","@id":"https:\/\/www.tvportugal.tv\/portal\/boas-festas-luis-aleluia\/#primaryimage","url":"https:\/\/www.tvportugal.tv\/portal\/wp-content\/uploads\/2018\/12\/Captura-de-ecr\u00e3-2018-12-05-\u00e0s-22.01.56.png","contentUrl":"https:\/\/www.tvportugal.tv\/portal\/wp-content\/uploads\/2018\/12\/Captura-de-ecr\u00e3-2018-12-05-\u00e0s-22.01.56.png","width":800,"height":600,"caption":"Boas Festas, Lu\u00eds Aleluia, Sa\u00eddos da Casca, Actor, Autor, Empres\u00e1rio, Carcavelos, Criarte, Cascais, Televis\u00e3o, Portugal, Z\u00e9 bate o p\u00e9"},{"@type":"BreadcrumbList","@id":"https:\/\/www.tvportugal.tv\/portal\/boas-festas-luis-aleluia\/#breadcrumb","itemListElement":[{"@type":"ListItem","position":1,"name":"In\u00edcio","item":"https:\/\/www.tvportugal.tv\/portal\/"},{"@type":"ListItem","position":2,"name":"Boas Festas | Lu\u00eds Aleluia"}]},{"@type":"WebSite","@id":"https:\/\/www.tvportugal.tv\/portal\/#website","url":"https:\/\/www.tvportugal.tv\/portal\/","name":"TV Portugal - Televis\u00e3o - Cascais - Sintra - Oeiras - Lisboa - Noticias","description":"Televis\u00e3o Cascais, Televis\u00e3o Estoril, Tv Web com produ\u00e7\u00e3o pr\u00f3pria da Regi\u00e3o de Lisboa, Televis\u00e3o On-line, Noticias de Cascais, Noticias de Sintra, Noticias de Lisboa, Videos, Reportagen","potentialAction":[{"@type":"SearchAction","target":{"@type":"EntryPoint","urlTemplate":"https:\/\/www.tvportugal.tv\/portal\/?s={search_term_string}"},"query-input":{"@type":"PropertyValueSpecification","valueRequired":true,"valueName":"search_term_string"}}],"inLanguage":"pt-PT"},{"@type":"Person","@id":"https:\/\/www.tvportugal.tv\/portal\/#\/schema\/person\/3dd386a0a960b868c3daed310f5d8d6b","name":"Antonio Assuncao","image":{"@type":"ImageObject","inLanguage":"pt-PT","@id":"https:\/\/secure.gravatar.com\/avatar\/d8f395a7f86675d6142e7d6ee91f1232e911b4f5ad4a72e064ca4dde2d42881b?s=96&d=mm&r=g","url":"https:\/\/secure.gravatar.com\/avatar\/d8f395a7f86675d6142e7d6ee91f1232e911b4f5ad4a72e064ca4dde2d42881b?s=96&d=mm&r=g","contentUrl":"https:\/\/secure.gravatar.com\/avatar\/d8f395a7f86675d6142e7d6ee91f1232e911b4f5ad4a72e064ca4dde2d42881b?s=96&d=mm&r=g","caption":"Antonio Assuncao"},"sameAs":["http:\/\/www.tvportugal.tv\/"],"url":"https:\/\/www.tvportugal.tv\/portal\/author\/antonio-assuncao\/"}]}},"_links":{"self":[{"href":"https:\/\/www.tvportugal.tv\/portal\/wp-json\/wp\/v2\/posts\/5899","targetHints":{"allow":["GET"]}}],"collection":[{"href":"https:\/\/www.tvportugal.tv\/portal\/wp-json\/wp\/v2\/posts"}],"about":[{"href":"https:\/\/www.tvportugal.tv\/portal\/wp-json\/wp\/v2\/types\/post"}],"author":[{"embeddable":true,"href":"https:\/\/www.tvportugal.tv\/portal\/wp-json\/wp\/v2\/users\/2"}],"replies":[{"embeddable":true,"href":"https:\/\/www.tvportugal.tv\/portal\/wp-json\/wp\/v2\/comments?post=5899"}],"version-history":[{"count":1,"href":"https:\/\/www.tvportugal.tv\/portal\/wp-json\/wp\/v2\/posts\/5899\/revisions"}],"predecessor-version":[{"id":5901,"href":"https:\/\/www.tvportugal.tv\/portal\/wp-json\/wp\/v2\/posts\/5899\/revisions\/5901"}],"wp:featuredmedia":[{"embeddable":true,"href":"https:\/\/www.tvportugal.tv\/portal\/wp-json\/wp\/v2\/media\/5900"}],"wp:attachment":[{"href":"https:\/\/www.tvportugal.tv\/portal\/wp-json\/wp\/v2\/media?parent=5899"}],"wp:term":[{"taxonomy":"category","embeddable":true,"href":"https:\/\/www.tvportugal.tv\/portal\/wp-json\/wp\/v2\/categories?post=5899"},{"taxonomy":"post_tag","embeddable":true,"href":"https:\/\/www.tvportugal.tv\/portal\/wp-json\/wp\/v2\/tags?post=5899"}],"curies":[{"name":"wp","href":"https:\/\/api.w.org\/{rel}","templated":true}]}}