{"id":5845,"date":"2018-11-01T19:48:56","date_gmt":"2018-11-01T19:48:56","guid":{"rendered":"https:\/\/www.tvportugal.tv\/portal\/?p=5845"},"modified":"2018-11-01T19:49:30","modified_gmt":"2018-11-01T19:49:30","slug":"encontro-de-amigos-carlos-carreiras-nuno-nascimento","status":"publish","type":"post","link":"https:\/\/www.tvportugal.tv\/portal\/encontro-de-amigos-carlos-carreiras-nuno-nascimento\/","title":{"rendered":"Encontro de Amigos | Carlos Carreiras | Nuno Nascimento"},"content":{"rendered":"<p>[vc_row][vc_column][vc_column_text]<\/p>\n<h2>Encontro de Amigos | Carlos Carreiras | Nuno Nascimento<\/h2>\n<p>[\/vc_column_text][\/vc_column][\/vc_row][vc_row][vc_column][vc_column_text]Carlos Carreiras, Presidente C.M. Cascais e Nuno Nascimento encontraram-se e n\u00f3s registamos o momento. Vale a pena escutar a conversa porque o assunto interessa a todos.<\/p>\n<p>Reportagem, Imagem e Edi\u00e7\u00e3o &#8211; Ant\u00f3nio Assun\u00e7\u00e3o<\/p>\n<p>2018 11 01[\/vc_column_text][\/vc_column][\/vc_row][vc_row][vc_column][vc_video link=&#8221;https:\/\/www.youtube.com\/watch?v=5_psVtzTA5g&#8221;][\/vc_column][\/vc_row]<\/p>\n","protected":false},"excerpt":{"rendered":"<p>[vc_row][vc_column][vc_column_text] Encontro de Amigos | Carlos Carreiras | Nuno Nascimento [\/vc_column_text][\/vc_column][\/vc_row][vc_row][vc_column][vc_column_text]Carlos Carreiras, Presidente C.M. Cascais e Nuno Nascimento encontraram-se e n\u00f3s registamos o momento. Vale a pena escutar a conversa porque o assunto interessa a todos. Reportagem, Imagem e Edi\u00e7\u00e3o &#8211; Ant\u00f3nio Assun\u00e7\u00e3o 2018 11 01[\/vc_column_text][\/vc_column][\/vc_row][vc_row][vc_column][vc_video link=&#8221;https:\/\/www.youtube.com\/watch?v=5_psVtzTA5g&#8221;][\/vc_column][\/vc_row]<\/p>\n","protected":false},"author":2,"featured_media":5846,"comment_status":"closed","ping_status":"closed","sticky":false,"template":"","format":"standard","meta":{"footnotes":""},"categories":[42,137,49,41,178],"tags":[63,46,75,193],"class_list":["post-5845","post","type-post","status-publish","format-standard","has-post-thumbnail","hentry","category-cascais","category-comunidade","category-saude","category-social","category-varios","tag-alcabideche","tag-carlos-carreiras","tag-cascais","tag-jose-filipe-ribeiro"],"yoast_head":"<!-- This site is optimized with the Yoast SEO plugin v27.5 - https:\/\/yoast.com\/product\/yoast-seo-wordpress\/ -->\n<title>Encontro de Amigos | Carlos Carreiras | Nuno Nascimento<\/title>\n<meta name=\"description\" content=\"Encontro de Amigos, Carlos Carreiras, Nuno Nascimento, Cascais, Televis\u00e3o, Portugal, Alcoit\u00e3o, Comunidade de Alcoit\u00e3o, Nuno Piteira Lopes\" \/>\n<meta name=\"robots\" content=\"index, follow, max-snippet:-1, max-image-preview:large, max-video-preview:-1\" \/>\n<link rel=\"canonical\" href=\"https:\/\/www.tvportugal.tv\/portal\/encontro-de-amigos-carlos-carreiras-nuno-nascimento\/\" \/>\n<meta property=\"og:locale\" content=\"pt_PT\" \/>\n<meta property=\"og:type\" content=\"article\" \/>\n<meta property=\"og:title\" content=\"Encontro de Amigos | Carlos Carreiras | Nuno Nascimento\" \/>\n<meta property=\"og:description\" content=\"Encontro de Amigos, Carlos Carreiras, Nuno Nascimento, Cascais, Televis\u00e3o, Portugal, Alcoit\u00e3o, Comunidade de Alcoit\u00e3o, Nuno Piteira Lopes\" \/>\n<meta property=\"og:url\" content=\"https:\/\/www.tvportugal.tv\/portal\/encontro-de-amigos-carlos-carreiras-nuno-nascimento\/\" \/>\n<meta property=\"og:site_name\" content=\"TV Portugal - Televis\u00e3o - Cascais - Sintra - Oeiras - Lisboa - Noticias\" \/>\n<meta property=\"article:published_time\" content=\"2018-11-01T19:48:56+00:00\" \/>\n<meta property=\"article:modified_time\" content=\"2018-11-01T19:49:30+00:00\" \/>\n<meta property=\"og:image\" content=\"https:\/\/www.tvportugal.tv\/portal\/wp-content\/uploads\/2018\/11\/NUNO.png\" \/>\n\t<meta property=\"og:image:width\" content=\"800\" \/>\n\t<meta property=\"og:image:height\" content=\"600\" \/>\n\t<meta property=\"og:image:type\" content=\"image\/png\" \/>\n<meta name=\"author\" content=\"Antonio Assuncao\" \/>\n<meta name=\"twitter:card\" content=\"summary_large_image\" \/>\n<meta name=\"twitter:label1\" content=\"Escrito por\" \/>\n\t<meta name=\"twitter:data1\" content=\"Antonio Assuncao\" \/>\n<script type=\"application\/ld+json\" class=\"yoast-schema-graph\">{\"@context\":\"https:\\\/\\\/schema.org\",\"@graph\":[{\"@type\":\"Article\",\"@id\":\"https:\\\/\\\/www.tvportugal.tv\\\/portal\\\/encontro-de-amigos-carlos-carreiras-nuno-nascimento\\\/#article\",\"isPartOf\":{\"@id\":\"https:\\\/\\\/www.tvportugal.tv\\\/portal\\\/encontro-de-amigos-carlos-carreiras-nuno-nascimento\\\/\"},\"author\":{\"name\":\"Antonio Assuncao\",\"@id\":\"https:\\\/\\\/www.tvportugal.tv\\\/portal\\\/#\\\/schema\\\/person\\\/3dd386a0a960b868c3daed310f5d8d6b\"},\"headline\":\"Encontro de Amigos | Carlos Carreiras | Nuno Nascimento\",\"datePublished\":\"2018-11-01T19:48:56+00:00\",\"dateModified\":\"2018-11-01T19:49:30+00:00\",\"mainEntityOfPage\":{\"@id\":\"https:\\\/\\\/www.tvportugal.tv\\\/portal\\\/encontro-de-amigos-carlos-carreiras-nuno-nascimento\\\/\"},\"wordCount\":99,\"image\":{\"@id\":\"https:\\\/\\\/www.tvportugal.tv\\\/portal\\\/encontro-de-amigos-carlos-carreiras-nuno-nascimento\\\/#primaryimage\"},\"thumbnailUrl\":\"https:\\\/\\\/www.tvportugal.tv\\\/portal\\\/wp-content\\\/uploads\\\/2018\\\/11\\\/NUNO.png\",\"keywords\":[\"Alcabideche\",\"Carlos Carreiras\",\"Cascais\",\"Jos\u00e9 Filipe Ribeiro\"],\"articleSection\":[\"Cascais\",\"Comunidade\",\"Sa\u00fade\",\"Social\",\"V\u00e1rios\"],\"inLanguage\":\"pt-PT\"},{\"@type\":\"WebPage\",\"@id\":\"https:\\\/\\\/www.tvportugal.tv\\\/portal\\\/encontro-de-amigos-carlos-carreiras-nuno-nascimento\\\/\",\"url\":\"https:\\\/\\\/www.tvportugal.tv\\\/portal\\\/encontro-de-amigos-carlos-carreiras-nuno-nascimento\\\/\",\"name\":\"Encontro de Amigos | Carlos Carreiras | Nuno Nascimento\",\"isPartOf\":{\"@id\":\"https:\\\/\\\/www.tvportugal.tv\\\/portal\\\/#website\"},\"primaryImageOfPage\":{\"@id\":\"https:\\\/\\\/www.tvportugal.tv\\\/portal\\\/encontro-de-amigos-carlos-carreiras-nuno-nascimento\\\/#primaryimage\"},\"image\":{\"@id\":\"https:\\\/\\\/www.tvportugal.tv\\\/portal\\\/encontro-de-amigos-carlos-carreiras-nuno-nascimento\\\/#primaryimage\"},\"thumbnailUrl\":\"https:\\\/\\\/www.tvportugal.tv\\\/portal\\\/wp-content\\\/uploads\\\/2018\\\/11\\\/NUNO.png\",\"datePublished\":\"2018-11-01T19:48:56+00:00\",\"dateModified\":\"2018-11-01T19:49:30+00:00\",\"author\":{\"@id\":\"https:\\\/\\\/www.tvportugal.tv\\\/portal\\\/#\\\/schema\\\/person\\\/3dd386a0a960b868c3daed310f5d8d6b\"},\"description\":\"Encontro de Amigos, Carlos Carreiras, Nuno Nascimento, Cascais, Televis\u00e3o, Portugal, Alcoit\u00e3o, Comunidade de Alcoit\u00e3o, Nuno Piteira Lopes\",\"breadcrumb\":{\"@id\":\"https:\\\/\\\/www.tvportugal.tv\\\/portal\\\/encontro-de-amigos-carlos-carreiras-nuno-nascimento\\\/#breadcrumb\"},\"inLanguage\":\"pt-PT\",\"potentialAction\":[{\"@type\":\"ReadAction\",\"target\":[\"https:\\\/\\\/www.tvportugal.tv\\\/portal\\\/encontro-de-amigos-carlos-carreiras-nuno-nascimento\\\/\"]}]},{\"@type\":\"ImageObject\",\"inLanguage\":\"pt-PT\",\"@id\":\"https:\\\/\\\/www.tvportugal.tv\\\/portal\\\/encontro-de-amigos-carlos-carreiras-nuno-nascimento\\\/#primaryimage\",\"url\":\"https:\\\/\\\/www.tvportugal.tv\\\/portal\\\/wp-content\\\/uploads\\\/2018\\\/11\\\/NUNO.png\",\"contentUrl\":\"https:\\\/\\\/www.tvportugal.tv\\\/portal\\\/wp-content\\\/uploads\\\/2018\\\/11\\\/NUNO.png\",\"width\":800,\"height\":600,\"caption\":\"Encontro de Amigos, Carlos Carreiras, Nuno Nascimento, Cascais, Televis\u00e3o, Portugal, Alcoit\u00e3o, Comunidade de Alcoit\u00e3o, Nuno Piteira Lopes\"},{\"@type\":\"BreadcrumbList\",\"@id\":\"https:\\\/\\\/www.tvportugal.tv\\\/portal\\\/encontro-de-amigos-carlos-carreiras-nuno-nascimento\\\/#breadcrumb\",\"itemListElement\":[{\"@type\":\"ListItem\",\"position\":1,\"name\":\"In\u00edcio\",\"item\":\"https:\\\/\\\/www.tvportugal.tv\\\/portal\\\/\"},{\"@type\":\"ListItem\",\"position\":2,\"name\":\"Encontro de Amigos | Carlos Carreiras | Nuno Nascimento\"}]},{\"@type\":\"WebSite\",\"@id\":\"https:\\\/\\\/www.tvportugal.tv\\\/portal\\\/#website\",\"url\":\"https:\\\/\\\/www.tvportugal.tv\\\/portal\\\/\",\"name\":\"TV Portugal - Televis\u00e3o - Cascais - Sintra - Oeiras - Lisboa - Noticias\",\"description\":\"Televis\u00e3o Cascais, Televis\u00e3o Estoril, Tv Web com produ\u00e7\u00e3o pr\u00f3pria da Regi\u00e3o de Lisboa, Televis\u00e3o On-line, Noticias de Cascais, Noticias de Sintra, Noticias de Lisboa, Videos, Reportagen\",\"potentialAction\":[{\"@type\":\"SearchAction\",\"target\":{\"@type\":\"EntryPoint\",\"urlTemplate\":\"https:\\\/\\\/www.tvportugal.tv\\\/portal\\\/?s={search_term_string}\"},\"query-input\":{\"@type\":\"PropertyValueSpecification\",\"valueRequired\":true,\"valueName\":\"search_term_string\"}}],\"inLanguage\":\"pt-PT\"},{\"@type\":\"Person\",\"@id\":\"https:\\\/\\\/www.tvportugal.tv\\\/portal\\\/#\\\/schema\\\/person\\\/3dd386a0a960b868c3daed310f5d8d6b\",\"name\":\"Antonio Assuncao\",\"image\":{\"@type\":\"ImageObject\",\"inLanguage\":\"pt-PT\",\"@id\":\"https:\\\/\\\/secure.gravatar.com\\\/avatar\\\/d8f395a7f86675d6142e7d6ee91f1232e911b4f5ad4a72e064ca4dde2d42881b?s=96&d=mm&r=g\",\"url\":\"https:\\\/\\\/secure.gravatar.com\\\/avatar\\\/d8f395a7f86675d6142e7d6ee91f1232e911b4f5ad4a72e064ca4dde2d42881b?s=96&d=mm&r=g\",\"contentUrl\":\"https:\\\/\\\/secure.gravatar.com\\\/avatar\\\/d8f395a7f86675d6142e7d6ee91f1232e911b4f5ad4a72e064ca4dde2d42881b?s=96&d=mm&r=g\",\"caption\":\"Antonio Assuncao\"},\"sameAs\":[\"http:\\\/\\\/www.tvportugal.tv\\\/\"],\"url\":\"https:\\\/\\\/www.tvportugal.tv\\\/portal\\\/author\\\/antonio-assuncao\\\/\"}]}<\/script>\n<!-- \/ Yoast SEO plugin. -->","yoast_head_json":{"title":"Encontro de Amigos | Carlos Carreiras | Nuno Nascimento","description":"Encontro de Amigos, Carlos Carreiras, Nuno Nascimento, Cascais, Televis\u00e3o, Portugal, Alcoit\u00e3o, Comunidade de Alcoit\u00e3o, Nuno Piteira Lopes","robots":{"index":"index","follow":"follow","max-snippet":"max-snippet:-1","max-image-preview":"max-image-preview:large","max-video-preview":"max-video-preview:-1"},"canonical":"https:\/\/www.tvportugal.tv\/portal\/encontro-de-amigos-carlos-carreiras-nuno-nascimento\/","og_locale":"pt_PT","og_type":"article","og_title":"Encontro de Amigos | Carlos Carreiras | Nuno Nascimento","og_description":"Encontro de Amigos, Carlos Carreiras, Nuno Nascimento, Cascais, Televis\u00e3o, Portugal, Alcoit\u00e3o, Comunidade de Alcoit\u00e3o, Nuno Piteira Lopes","og_url":"https:\/\/www.tvportugal.tv\/portal\/encontro-de-amigos-carlos-carreiras-nuno-nascimento\/","og_site_name":"TV Portugal - Televis\u00e3o - Cascais - Sintra - Oeiras - Lisboa - Noticias","article_published_time":"2018-11-01T19:48:56+00:00","article_modified_time":"2018-11-01T19:49:30+00:00","og_image":[{"width":800,"height":600,"url":"https:\/\/www.tvportugal.tv\/portal\/wp-content\/uploads\/2018\/11\/NUNO.png","type":"image\/png"}],"author":"Antonio Assuncao","twitter_card":"summary_large_image","twitter_misc":{"Escrito por":"Antonio Assuncao"},"schema":{"@context":"https:\/\/schema.org","@graph":[{"@type":"Article","@id":"https:\/\/www.tvportugal.tv\/portal\/encontro-de-amigos-carlos-carreiras-nuno-nascimento\/#article","isPartOf":{"@id":"https:\/\/www.tvportugal.tv\/portal\/encontro-de-amigos-carlos-carreiras-nuno-nascimento\/"},"author":{"name":"Antonio Assuncao","@id":"https:\/\/www.tvportugal.tv\/portal\/#\/schema\/person\/3dd386a0a960b868c3daed310f5d8d6b"},"headline":"Encontro de Amigos | Carlos Carreiras | Nuno Nascimento","datePublished":"2018-11-01T19:48:56+00:00","dateModified":"2018-11-01T19:49:30+00:00","mainEntityOfPage":{"@id":"https:\/\/www.tvportugal.tv\/portal\/encontro-de-amigos-carlos-carreiras-nuno-nascimento\/"},"wordCount":99,"image":{"@id":"https:\/\/www.tvportugal.tv\/portal\/encontro-de-amigos-carlos-carreiras-nuno-nascimento\/#primaryimage"},"thumbnailUrl":"https:\/\/www.tvportugal.tv\/portal\/wp-content\/uploads\/2018\/11\/NUNO.png","keywords":["Alcabideche","Carlos Carreiras","Cascais","Jos\u00e9 Filipe Ribeiro"],"articleSection":["Cascais","Comunidade","Sa\u00fade","Social","V\u00e1rios"],"inLanguage":"pt-PT"},{"@type":"WebPage","@id":"https:\/\/www.tvportugal.tv\/portal\/encontro-de-amigos-carlos-carreiras-nuno-nascimento\/","url":"https:\/\/www.tvportugal.tv\/portal\/encontro-de-amigos-carlos-carreiras-nuno-nascimento\/","name":"Encontro de Amigos | Carlos Carreiras | Nuno Nascimento","isPartOf":{"@id":"https:\/\/www.tvportugal.tv\/portal\/#website"},"primaryImageOfPage":{"@id":"https:\/\/www.tvportugal.tv\/portal\/encontro-de-amigos-carlos-carreiras-nuno-nascimento\/#primaryimage"},"image":{"@id":"https:\/\/www.tvportugal.tv\/portal\/encontro-de-amigos-carlos-carreiras-nuno-nascimento\/#primaryimage"},"thumbnailUrl":"https:\/\/www.tvportugal.tv\/portal\/wp-content\/uploads\/2018\/11\/NUNO.png","datePublished":"2018-11-01T19:48:56+00:00","dateModified":"2018-11-01T19:49:30+00:00","author":{"@id":"https:\/\/www.tvportugal.tv\/portal\/#\/schema\/person\/3dd386a0a960b868c3daed310f5d8d6b"},"description":"Encontro de Amigos, Carlos Carreiras, Nuno Nascimento, Cascais, Televis\u00e3o, Portugal, Alcoit\u00e3o, Comunidade de Alcoit\u00e3o, Nuno Piteira Lopes","breadcrumb":{"@id":"https:\/\/www.tvportugal.tv\/portal\/encontro-de-amigos-carlos-carreiras-nuno-nascimento\/#breadcrumb"},"inLanguage":"pt-PT","potentialAction":[{"@type":"ReadAction","target":["https:\/\/www.tvportugal.tv\/portal\/encontro-de-amigos-carlos-carreiras-nuno-nascimento\/"]}]},{"@type":"ImageObject","inLanguage":"pt-PT","@id":"https:\/\/www.tvportugal.tv\/portal\/encontro-de-amigos-carlos-carreiras-nuno-nascimento\/#primaryimage","url":"https:\/\/www.tvportugal.tv\/portal\/wp-content\/uploads\/2018\/11\/NUNO.png","contentUrl":"https:\/\/www.tvportugal.tv\/portal\/wp-content\/uploads\/2018\/11\/NUNO.png","width":800,"height":600,"caption":"Encontro de Amigos, Carlos Carreiras, Nuno Nascimento, Cascais, Televis\u00e3o, Portugal, Alcoit\u00e3o, Comunidade de Alcoit\u00e3o, Nuno Piteira Lopes"},{"@type":"BreadcrumbList","@id":"https:\/\/www.tvportugal.tv\/portal\/encontro-de-amigos-carlos-carreiras-nuno-nascimento\/#breadcrumb","itemListElement":[{"@type":"ListItem","position":1,"name":"In\u00edcio","item":"https:\/\/www.tvportugal.tv\/portal\/"},{"@type":"ListItem","position":2,"name":"Encontro de Amigos | Carlos Carreiras | Nuno Nascimento"}]},{"@type":"WebSite","@id":"https:\/\/www.tvportugal.tv\/portal\/#website","url":"https:\/\/www.tvportugal.tv\/portal\/","name":"TV Portugal - Televis\u00e3o - Cascais - Sintra - Oeiras - Lisboa - Noticias","description":"Televis\u00e3o Cascais, Televis\u00e3o Estoril, Tv Web com produ\u00e7\u00e3o pr\u00f3pria da Regi\u00e3o de Lisboa, Televis\u00e3o On-line, Noticias de Cascais, Noticias de Sintra, Noticias de Lisboa, Videos, Reportagen","potentialAction":[{"@type":"SearchAction","target":{"@type":"EntryPoint","urlTemplate":"https:\/\/www.tvportugal.tv\/portal\/?s={search_term_string}"},"query-input":{"@type":"PropertyValueSpecification","valueRequired":true,"valueName":"search_term_string"}}],"inLanguage":"pt-PT"},{"@type":"Person","@id":"https:\/\/www.tvportugal.tv\/portal\/#\/schema\/person\/3dd386a0a960b868c3daed310f5d8d6b","name":"Antonio Assuncao","image":{"@type":"ImageObject","inLanguage":"pt-PT","@id":"https:\/\/secure.gravatar.com\/avatar\/d8f395a7f86675d6142e7d6ee91f1232e911b4f5ad4a72e064ca4dde2d42881b?s=96&d=mm&r=g","url":"https:\/\/secure.gravatar.com\/avatar\/d8f395a7f86675d6142e7d6ee91f1232e911b4f5ad4a72e064ca4dde2d42881b?s=96&d=mm&r=g","contentUrl":"https:\/\/secure.gravatar.com\/avatar\/d8f395a7f86675d6142e7d6ee91f1232e911b4f5ad4a72e064ca4dde2d42881b?s=96&d=mm&r=g","caption":"Antonio Assuncao"},"sameAs":["http:\/\/www.tvportugal.tv\/"],"url":"https:\/\/www.tvportugal.tv\/portal\/author\/antonio-assuncao\/"}]}},"_links":{"self":[{"href":"https:\/\/www.tvportugal.tv\/portal\/wp-json\/wp\/v2\/posts\/5845","targetHints":{"allow":["GET"]}}],"collection":[{"href":"https:\/\/www.tvportugal.tv\/portal\/wp-json\/wp\/v2\/posts"}],"about":[{"href":"https:\/\/www.tvportugal.tv\/portal\/wp-json\/wp\/v2\/types\/post"}],"author":[{"embeddable":true,"href":"https:\/\/www.tvportugal.tv\/portal\/wp-json\/wp\/v2\/users\/2"}],"replies":[{"embeddable":true,"href":"https:\/\/www.tvportugal.tv\/portal\/wp-json\/wp\/v2\/comments?post=5845"}],"version-history":[{"count":1,"href":"https:\/\/www.tvportugal.tv\/portal\/wp-json\/wp\/v2\/posts\/5845\/revisions"}],"predecessor-version":[{"id":5847,"href":"https:\/\/www.tvportugal.tv\/portal\/wp-json\/wp\/v2\/posts\/5845\/revisions\/5847"}],"wp:featuredmedia":[{"embeddable":true,"href":"https:\/\/www.tvportugal.tv\/portal\/wp-json\/wp\/v2\/media\/5846"}],"wp:attachment":[{"href":"https:\/\/www.tvportugal.tv\/portal\/wp-json\/wp\/v2\/media?parent=5845"}],"wp:term":[{"taxonomy":"category","embeddable":true,"href":"https:\/\/www.tvportugal.tv\/portal\/wp-json\/wp\/v2\/categories?post=5845"},{"taxonomy":"post_tag","embeddable":true,"href":"https:\/\/www.tvportugal.tv\/portal\/wp-json\/wp\/v2\/tags?post=5845"}],"curies":[{"name":"wp","href":"https:\/\/api.w.org\/{rel}","templated":true}]}}