{"id":5369,"date":"2018-01-25T22:17:01","date_gmt":"2018-01-25T22:17:01","guid":{"rendered":"https:\/\/www.tvportugal.tv\/portal\/?p=5369"},"modified":"2018-01-25T22:17:28","modified_gmt":"2018-01-25T22:17:28","slug":"cerimonia-abertura-da-capital-europeia-da-juventude-cascais-2018","status":"publish","type":"post","link":"https:\/\/www.tvportugal.tv\/portal\/cerimonia-abertura-da-capital-europeia-da-juventude-cascais-2018\/","title":{"rendered":"Cerim\u00f3nia de Abertura da Capital Europeia da Juventude &#8211; Cascais 2018"},"content":{"rendered":"<p>[vc_row][vc_column][vc_column_text]<\/p>\n<h2>Cerim\u00f3nia de Abertura da Capital Europeia da Juventude &#8211; Cascais 2018<\/h2>\n<p>[\/vc_column_text][\/vc_column][\/vc_row][vc_row][vc_column][vc_column_text]&#8221;Cascais \u00e9 Capital Europeia da Juventude durante todo o ano de 2018 e n\u00e3o pod\u00edamos ter arrancado melhor com esta grande celebra\u00e7\u00e3o, esta celebra\u00e7\u00e3o de Juventude, esta celebra\u00e7\u00e3o de Cascais, enquanto Portugueses e Europeus.&#8221; Carlos Carreiras, Presidente C. M. de Cascais.<br \/>\nReportagem, Imagem e Edi\u00e7\u00e3o &#8211; Ant\u00f3nio Assun\u00e7\u00e3o<br \/>\n2018 01 25[\/vc_column_text][\/vc_column][\/vc_row][vc_row][vc_column][vc_video link=&#8221;https:\/\/www.youtube.com\/watch?v=IGUp5Ir38HA&#8221;][\/vc_column][\/vc_row]<\/p>\n","protected":false},"excerpt":{"rendered":"<p>[vc_row][vc_column][vc_column_text] Cerim\u00f3nia de Abertura da Capital Europeia da Juventude &#8211; Cascais 2018 [\/vc_column_text][\/vc_column][\/vc_row][vc_row][vc_column][vc_column_text]&#8221;Cascais \u00e9 Capital Europeia da Juventude durante todo o ano de 2018 e n\u00e3o pod\u00edamos ter arrancado melhor com esta grande celebra\u00e7\u00e3o, esta celebra\u00e7\u00e3o de Juventude, esta celebra\u00e7\u00e3o de Cascais, enquanto Portugueses e Europeus.&#8221; Carlos Carreiras, Presidente C.<span class=\"excerpt-hellip\"> [\u2026]<\/span><\/p>\n","protected":false},"author":2,"featured_media":5370,"comment_status":"closed","ping_status":"closed","sticky":false,"template":"","format":"standard","meta":{"footnotes":""},"categories":[42,137,120,65,41,86],"tags":[46,75,111,141,81],"class_list":["post-5369","post","type-post","status-publish","format-standard","has-post-thumbnail","hentry","category-cascais","category-comunidade","category-educacao","category-eventos","category-social","category-turismo","tag-carlos-carreiras","tag-cascais","tag-educacao","tag-frederico-pinho-de-almeida","tag-nuno-piteira-lopes"],"yoast_head":"<!-- This site is optimized with the Yoast SEO plugin v27.5 - https:\/\/yoast.com\/product\/yoast-seo-wordpress\/ -->\n<title>Cerim\u00f3nia de Abertura da Capital Europeia da Juventude - Cascais 2018<\/title>\n<meta name=\"description\" content=\"Cerim\u00f3nia de Abertura da Capital Europeia da Juventude Cascais 2018, Carlos Carreiras, Centro de Congressos, Cascais, Televis\u00e3o, Portugal\" \/>\n<meta name=\"robots\" content=\"index, follow, max-snippet:-1, max-image-preview:large, max-video-preview:-1\" \/>\n<link rel=\"canonical\" href=\"https:\/\/www.tvportugal.tv\/portal\/cerimonia-abertura-da-capital-europeia-da-juventude-cascais-2018\/\" \/>\n<meta property=\"og:locale\" content=\"pt_PT\" \/>\n<meta property=\"og:type\" content=\"article\" \/>\n<meta property=\"og:title\" content=\"Cerim\u00f3nia de Abertura da Capital Europeia da Juventude - Cascais 2018\" \/>\n<meta property=\"og:description\" content=\"Cerim\u00f3nia de Abertura da Capital Europeia da Juventude Cascais 2018, Carlos Carreiras, Centro de Congressos, Cascais, Televis\u00e3o, Portugal\" \/>\n<meta property=\"og:url\" content=\"https:\/\/www.tvportugal.tv\/portal\/cerimonia-abertura-da-capital-europeia-da-juventude-cascais-2018\/\" \/>\n<meta property=\"og:site_name\" content=\"TV Portugal - Televis\u00e3o - Cascais - Sintra - Oeiras - Lisboa - Noticias\" \/>\n<meta property=\"article:published_time\" content=\"2018-01-25T22:17:01+00:00\" \/>\n<meta property=\"article:modified_time\" content=\"2018-01-25T22:17:28+00:00\" \/>\n<meta property=\"og:image\" content=\"https:\/\/www.tvportugal.tv\/portal\/wp-content\/uploads\/2018\/01\/Captura-de-ecr\u00e3-2018-01-25-\u00e0s-18.11.29.png\" \/>\n\t<meta property=\"og:image:width\" content=\"800\" \/>\n\t<meta property=\"og:image:height\" content=\"600\" \/>\n\t<meta property=\"og:image:type\" content=\"image\/png\" \/>\n<meta name=\"author\" content=\"Antonio Assuncao\" \/>\n<meta name=\"twitter:card\" content=\"summary_large_image\" \/>\n<meta name=\"twitter:label1\" content=\"Escrito por\" \/>\n\t<meta name=\"twitter:data1\" content=\"Antonio Assuncao\" \/>\n\t<meta name=\"twitter:label2\" content=\"Tempo estimado de leitura\" \/>\n\t<meta name=\"twitter:data2\" content=\"1 minuto\" \/>\n<script type=\"application\/ld+json\" class=\"yoast-schema-graph\">{\"@context\":\"https:\\\/\\\/schema.org\",\"@graph\":[{\"@type\":\"Article\",\"@id\":\"https:\\\/\\\/www.tvportugal.tv\\\/portal\\\/cerimonia-abertura-da-capital-europeia-da-juventude-cascais-2018\\\/#article\",\"isPartOf\":{\"@id\":\"https:\\\/\\\/www.tvportugal.tv\\\/portal\\\/cerimonia-abertura-da-capital-europeia-da-juventude-cascais-2018\\\/\"},\"author\":{\"name\":\"Antonio Assuncao\",\"@id\":\"https:\\\/\\\/www.tvportugal.tv\\\/portal\\\/#\\\/schema\\\/person\\\/3dd386a0a960b868c3daed310f5d8d6b\"},\"headline\":\"Cerim\u00f3nia de Abertura da Capital Europeia da Juventude &#8211; Cascais 2018\",\"datePublished\":\"2018-01-25T22:17:01+00:00\",\"dateModified\":\"2018-01-25T22:17:28+00:00\",\"mainEntityOfPage\":{\"@id\":\"https:\\\/\\\/www.tvportugal.tv\\\/portal\\\/cerimonia-abertura-da-capital-europeia-da-juventude-cascais-2018\\\/\"},\"wordCount\":124,\"image\":{\"@id\":\"https:\\\/\\\/www.tvportugal.tv\\\/portal\\\/cerimonia-abertura-da-capital-europeia-da-juventude-cascais-2018\\\/#primaryimage\"},\"thumbnailUrl\":\"https:\\\/\\\/www.tvportugal.tv\\\/portal\\\/wp-content\\\/uploads\\\/2018\\\/01\\\/Captura-de-ecr\u00e3-2018-01-25-\u00e0s-18.11.29.png\",\"keywords\":[\"Carlos Carreiras\",\"Cascais\",\"Educa\u00e7\u00e3o\",\"Frederico Pinho de Almeida\",\"Nuno Piteira Lopes\"],\"articleSection\":[\"Cascais\",\"Comunidade\",\"Educa\u00e7\u00e3o\",\"Eventos\",\"Social\",\"Turismo\"],\"inLanguage\":\"pt-PT\"},{\"@type\":\"WebPage\",\"@id\":\"https:\\\/\\\/www.tvportugal.tv\\\/portal\\\/cerimonia-abertura-da-capital-europeia-da-juventude-cascais-2018\\\/\",\"url\":\"https:\\\/\\\/www.tvportugal.tv\\\/portal\\\/cerimonia-abertura-da-capital-europeia-da-juventude-cascais-2018\\\/\",\"name\":\"Cerim\u00f3nia de Abertura da Capital Europeia da Juventude - Cascais 2018\",\"isPartOf\":{\"@id\":\"https:\\\/\\\/www.tvportugal.tv\\\/portal\\\/#website\"},\"primaryImageOfPage\":{\"@id\":\"https:\\\/\\\/www.tvportugal.tv\\\/portal\\\/cerimonia-abertura-da-capital-europeia-da-juventude-cascais-2018\\\/#primaryimage\"},\"image\":{\"@id\":\"https:\\\/\\\/www.tvportugal.tv\\\/portal\\\/cerimonia-abertura-da-capital-europeia-da-juventude-cascais-2018\\\/#primaryimage\"},\"thumbnailUrl\":\"https:\\\/\\\/www.tvportugal.tv\\\/portal\\\/wp-content\\\/uploads\\\/2018\\\/01\\\/Captura-de-ecr\u00e3-2018-01-25-\u00e0s-18.11.29.png\",\"datePublished\":\"2018-01-25T22:17:01+00:00\",\"dateModified\":\"2018-01-25T22:17:28+00:00\",\"author\":{\"@id\":\"https:\\\/\\\/www.tvportugal.tv\\\/portal\\\/#\\\/schema\\\/person\\\/3dd386a0a960b868c3daed310f5d8d6b\"},\"description\":\"Cerim\u00f3nia de Abertura da Capital Europeia da Juventude Cascais 2018, Carlos Carreiras, Centro de Congressos, Cascais, Televis\u00e3o, Portugal\",\"breadcrumb\":{\"@id\":\"https:\\\/\\\/www.tvportugal.tv\\\/portal\\\/cerimonia-abertura-da-capital-europeia-da-juventude-cascais-2018\\\/#breadcrumb\"},\"inLanguage\":\"pt-PT\",\"potentialAction\":[{\"@type\":\"ReadAction\",\"target\":[\"https:\\\/\\\/www.tvportugal.tv\\\/portal\\\/cerimonia-abertura-da-capital-europeia-da-juventude-cascais-2018\\\/\"]}]},{\"@type\":\"ImageObject\",\"inLanguage\":\"pt-PT\",\"@id\":\"https:\\\/\\\/www.tvportugal.tv\\\/portal\\\/cerimonia-abertura-da-capital-europeia-da-juventude-cascais-2018\\\/#primaryimage\",\"url\":\"https:\\\/\\\/www.tvportugal.tv\\\/portal\\\/wp-content\\\/uploads\\\/2018\\\/01\\\/Captura-de-ecr\u00e3-2018-01-25-\u00e0s-18.11.29.png\",\"contentUrl\":\"https:\\\/\\\/www.tvportugal.tv\\\/portal\\\/wp-content\\\/uploads\\\/2018\\\/01\\\/Captura-de-ecr\u00e3-2018-01-25-\u00e0s-18.11.29.png\",\"width\":800,\"height\":600,\"caption\":\"Cerim\u00f3nia de Abertura da Capital Europeia da Juventude Cascais 2018, Carlos Carreiras, Centro de Congressos, Cascais, Televis\u00e3o, Portugal\"},{\"@type\":\"BreadcrumbList\",\"@id\":\"https:\\\/\\\/www.tvportugal.tv\\\/portal\\\/cerimonia-abertura-da-capital-europeia-da-juventude-cascais-2018\\\/#breadcrumb\",\"itemListElement\":[{\"@type\":\"ListItem\",\"position\":1,\"name\":\"In\u00edcio\",\"item\":\"https:\\\/\\\/www.tvportugal.tv\\\/portal\\\/\"},{\"@type\":\"ListItem\",\"position\":2,\"name\":\"Cerim\u00f3nia de Abertura da Capital Europeia da Juventude &#8211; Cascais 2018\"}]},{\"@type\":\"WebSite\",\"@id\":\"https:\\\/\\\/www.tvportugal.tv\\\/portal\\\/#website\",\"url\":\"https:\\\/\\\/www.tvportugal.tv\\\/portal\\\/\",\"name\":\"TV Portugal - Televis\u00e3o - Cascais - Sintra - Oeiras - Lisboa - Noticias\",\"description\":\"Televis\u00e3o Cascais, Televis\u00e3o Estoril, Tv Web com produ\u00e7\u00e3o pr\u00f3pria da Regi\u00e3o de Lisboa, Televis\u00e3o On-line, Noticias de Cascais, Noticias de Sintra, Noticias de Lisboa, Videos, Reportagen\",\"potentialAction\":[{\"@type\":\"SearchAction\",\"target\":{\"@type\":\"EntryPoint\",\"urlTemplate\":\"https:\\\/\\\/www.tvportugal.tv\\\/portal\\\/?s={search_term_string}\"},\"query-input\":{\"@type\":\"PropertyValueSpecification\",\"valueRequired\":true,\"valueName\":\"search_term_string\"}}],\"inLanguage\":\"pt-PT\"},{\"@type\":\"Person\",\"@id\":\"https:\\\/\\\/www.tvportugal.tv\\\/portal\\\/#\\\/schema\\\/person\\\/3dd386a0a960b868c3daed310f5d8d6b\",\"name\":\"Antonio Assuncao\",\"image\":{\"@type\":\"ImageObject\",\"inLanguage\":\"pt-PT\",\"@id\":\"https:\\\/\\\/secure.gravatar.com\\\/avatar\\\/d8f395a7f86675d6142e7d6ee91f1232e911b4f5ad4a72e064ca4dde2d42881b?s=96&d=mm&r=g\",\"url\":\"https:\\\/\\\/secure.gravatar.com\\\/avatar\\\/d8f395a7f86675d6142e7d6ee91f1232e911b4f5ad4a72e064ca4dde2d42881b?s=96&d=mm&r=g\",\"contentUrl\":\"https:\\\/\\\/secure.gravatar.com\\\/avatar\\\/d8f395a7f86675d6142e7d6ee91f1232e911b4f5ad4a72e064ca4dde2d42881b?s=96&d=mm&r=g\",\"caption\":\"Antonio Assuncao\"},\"sameAs\":[\"http:\\\/\\\/www.tvportugal.tv\\\/\"],\"url\":\"https:\\\/\\\/www.tvportugal.tv\\\/portal\\\/author\\\/antonio-assuncao\\\/\"}]}<\/script>\n<!-- \/ Yoast SEO plugin. -->","yoast_head_json":{"title":"Cerim\u00f3nia de Abertura da Capital Europeia da Juventude - Cascais 2018","description":"Cerim\u00f3nia de Abertura da Capital Europeia da Juventude Cascais 2018, Carlos Carreiras, Centro de Congressos, Cascais, Televis\u00e3o, Portugal","robots":{"index":"index","follow":"follow","max-snippet":"max-snippet:-1","max-image-preview":"max-image-preview:large","max-video-preview":"max-video-preview:-1"},"canonical":"https:\/\/www.tvportugal.tv\/portal\/cerimonia-abertura-da-capital-europeia-da-juventude-cascais-2018\/","og_locale":"pt_PT","og_type":"article","og_title":"Cerim\u00f3nia de Abertura da Capital Europeia da Juventude - Cascais 2018","og_description":"Cerim\u00f3nia de Abertura da Capital Europeia da Juventude Cascais 2018, Carlos Carreiras, Centro de Congressos, Cascais, Televis\u00e3o, Portugal","og_url":"https:\/\/www.tvportugal.tv\/portal\/cerimonia-abertura-da-capital-europeia-da-juventude-cascais-2018\/","og_site_name":"TV Portugal - Televis\u00e3o - Cascais - Sintra - Oeiras - Lisboa - Noticias","article_published_time":"2018-01-25T22:17:01+00:00","article_modified_time":"2018-01-25T22:17:28+00:00","og_image":[{"width":800,"height":600,"url":"https:\/\/www.tvportugal.tv\/portal\/wp-content\/uploads\/2018\/01\/Captura-de-ecr\u00e3-2018-01-25-\u00e0s-18.11.29.png","type":"image\/png"}],"author":"Antonio Assuncao","twitter_card":"summary_large_image","twitter_misc":{"Escrito por":"Antonio Assuncao","Tempo estimado de leitura":"1 minuto"},"schema":{"@context":"https:\/\/schema.org","@graph":[{"@type":"Article","@id":"https:\/\/www.tvportugal.tv\/portal\/cerimonia-abertura-da-capital-europeia-da-juventude-cascais-2018\/#article","isPartOf":{"@id":"https:\/\/www.tvportugal.tv\/portal\/cerimonia-abertura-da-capital-europeia-da-juventude-cascais-2018\/"},"author":{"name":"Antonio Assuncao","@id":"https:\/\/www.tvportugal.tv\/portal\/#\/schema\/person\/3dd386a0a960b868c3daed310f5d8d6b"},"headline":"Cerim\u00f3nia de Abertura da Capital Europeia da Juventude &#8211; Cascais 2018","datePublished":"2018-01-25T22:17:01+00:00","dateModified":"2018-01-25T22:17:28+00:00","mainEntityOfPage":{"@id":"https:\/\/www.tvportugal.tv\/portal\/cerimonia-abertura-da-capital-europeia-da-juventude-cascais-2018\/"},"wordCount":124,"image":{"@id":"https:\/\/www.tvportugal.tv\/portal\/cerimonia-abertura-da-capital-europeia-da-juventude-cascais-2018\/#primaryimage"},"thumbnailUrl":"https:\/\/www.tvportugal.tv\/portal\/wp-content\/uploads\/2018\/01\/Captura-de-ecr\u00e3-2018-01-25-\u00e0s-18.11.29.png","keywords":["Carlos Carreiras","Cascais","Educa\u00e7\u00e3o","Frederico Pinho de Almeida","Nuno Piteira Lopes"],"articleSection":["Cascais","Comunidade","Educa\u00e7\u00e3o","Eventos","Social","Turismo"],"inLanguage":"pt-PT"},{"@type":"WebPage","@id":"https:\/\/www.tvportugal.tv\/portal\/cerimonia-abertura-da-capital-europeia-da-juventude-cascais-2018\/","url":"https:\/\/www.tvportugal.tv\/portal\/cerimonia-abertura-da-capital-europeia-da-juventude-cascais-2018\/","name":"Cerim\u00f3nia de Abertura da Capital Europeia da Juventude - Cascais 2018","isPartOf":{"@id":"https:\/\/www.tvportugal.tv\/portal\/#website"},"primaryImageOfPage":{"@id":"https:\/\/www.tvportugal.tv\/portal\/cerimonia-abertura-da-capital-europeia-da-juventude-cascais-2018\/#primaryimage"},"image":{"@id":"https:\/\/www.tvportugal.tv\/portal\/cerimonia-abertura-da-capital-europeia-da-juventude-cascais-2018\/#primaryimage"},"thumbnailUrl":"https:\/\/www.tvportugal.tv\/portal\/wp-content\/uploads\/2018\/01\/Captura-de-ecr\u00e3-2018-01-25-\u00e0s-18.11.29.png","datePublished":"2018-01-25T22:17:01+00:00","dateModified":"2018-01-25T22:17:28+00:00","author":{"@id":"https:\/\/www.tvportugal.tv\/portal\/#\/schema\/person\/3dd386a0a960b868c3daed310f5d8d6b"},"description":"Cerim\u00f3nia de Abertura da Capital Europeia da Juventude Cascais 2018, Carlos Carreiras, Centro de Congressos, Cascais, Televis\u00e3o, Portugal","breadcrumb":{"@id":"https:\/\/www.tvportugal.tv\/portal\/cerimonia-abertura-da-capital-europeia-da-juventude-cascais-2018\/#breadcrumb"},"inLanguage":"pt-PT","potentialAction":[{"@type":"ReadAction","target":["https:\/\/www.tvportugal.tv\/portal\/cerimonia-abertura-da-capital-europeia-da-juventude-cascais-2018\/"]}]},{"@type":"ImageObject","inLanguage":"pt-PT","@id":"https:\/\/www.tvportugal.tv\/portal\/cerimonia-abertura-da-capital-europeia-da-juventude-cascais-2018\/#primaryimage","url":"https:\/\/www.tvportugal.tv\/portal\/wp-content\/uploads\/2018\/01\/Captura-de-ecr\u00e3-2018-01-25-\u00e0s-18.11.29.png","contentUrl":"https:\/\/www.tvportugal.tv\/portal\/wp-content\/uploads\/2018\/01\/Captura-de-ecr\u00e3-2018-01-25-\u00e0s-18.11.29.png","width":800,"height":600,"caption":"Cerim\u00f3nia de Abertura da Capital Europeia da Juventude Cascais 2018, Carlos Carreiras, Centro de Congressos, Cascais, Televis\u00e3o, Portugal"},{"@type":"BreadcrumbList","@id":"https:\/\/www.tvportugal.tv\/portal\/cerimonia-abertura-da-capital-europeia-da-juventude-cascais-2018\/#breadcrumb","itemListElement":[{"@type":"ListItem","position":1,"name":"In\u00edcio","item":"https:\/\/www.tvportugal.tv\/portal\/"},{"@type":"ListItem","position":2,"name":"Cerim\u00f3nia de Abertura da Capital Europeia da Juventude &#8211; Cascais 2018"}]},{"@type":"WebSite","@id":"https:\/\/www.tvportugal.tv\/portal\/#website","url":"https:\/\/www.tvportugal.tv\/portal\/","name":"TV Portugal - Televis\u00e3o - Cascais - Sintra - Oeiras - Lisboa - Noticias","description":"Televis\u00e3o Cascais, Televis\u00e3o Estoril, Tv Web com produ\u00e7\u00e3o pr\u00f3pria da Regi\u00e3o de Lisboa, Televis\u00e3o On-line, Noticias de Cascais, Noticias de Sintra, Noticias de Lisboa, Videos, Reportagen","potentialAction":[{"@type":"SearchAction","target":{"@type":"EntryPoint","urlTemplate":"https:\/\/www.tvportugal.tv\/portal\/?s={search_term_string}"},"query-input":{"@type":"PropertyValueSpecification","valueRequired":true,"valueName":"search_term_string"}}],"inLanguage":"pt-PT"},{"@type":"Person","@id":"https:\/\/www.tvportugal.tv\/portal\/#\/schema\/person\/3dd386a0a960b868c3daed310f5d8d6b","name":"Antonio Assuncao","image":{"@type":"ImageObject","inLanguage":"pt-PT","@id":"https:\/\/secure.gravatar.com\/avatar\/d8f395a7f86675d6142e7d6ee91f1232e911b4f5ad4a72e064ca4dde2d42881b?s=96&d=mm&r=g","url":"https:\/\/secure.gravatar.com\/avatar\/d8f395a7f86675d6142e7d6ee91f1232e911b4f5ad4a72e064ca4dde2d42881b?s=96&d=mm&r=g","contentUrl":"https:\/\/secure.gravatar.com\/avatar\/d8f395a7f86675d6142e7d6ee91f1232e911b4f5ad4a72e064ca4dde2d42881b?s=96&d=mm&r=g","caption":"Antonio Assuncao"},"sameAs":["http:\/\/www.tvportugal.tv\/"],"url":"https:\/\/www.tvportugal.tv\/portal\/author\/antonio-assuncao\/"}]}},"_links":{"self":[{"href":"https:\/\/www.tvportugal.tv\/portal\/wp-json\/wp\/v2\/posts\/5369","targetHints":{"allow":["GET"]}}],"collection":[{"href":"https:\/\/www.tvportugal.tv\/portal\/wp-json\/wp\/v2\/posts"}],"about":[{"href":"https:\/\/www.tvportugal.tv\/portal\/wp-json\/wp\/v2\/types\/post"}],"author":[{"embeddable":true,"href":"https:\/\/www.tvportugal.tv\/portal\/wp-json\/wp\/v2\/users\/2"}],"replies":[{"embeddable":true,"href":"https:\/\/www.tvportugal.tv\/portal\/wp-json\/wp\/v2\/comments?post=5369"}],"version-history":[{"count":1,"href":"https:\/\/www.tvportugal.tv\/portal\/wp-json\/wp\/v2\/posts\/5369\/revisions"}],"predecessor-version":[{"id":5371,"href":"https:\/\/www.tvportugal.tv\/portal\/wp-json\/wp\/v2\/posts\/5369\/revisions\/5371"}],"wp:featuredmedia":[{"embeddable":true,"href":"https:\/\/www.tvportugal.tv\/portal\/wp-json\/wp\/v2\/media\/5370"}],"wp:attachment":[{"href":"https:\/\/www.tvportugal.tv\/portal\/wp-json\/wp\/v2\/media?parent=5369"}],"wp:term":[{"taxonomy":"category","embeddable":true,"href":"https:\/\/www.tvportugal.tv\/portal\/wp-json\/wp\/v2\/categories?post=5369"},{"taxonomy":"post_tag","embeddable":true,"href":"https:\/\/www.tvportugal.tv\/portal\/wp-json\/wp\/v2\/tags?post=5369"}],"curies":[{"name":"wp","href":"https:\/\/api.w.org\/{rel}","templated":true}]}}