{"id":5106,"date":"2017-07-02T22:01:08","date_gmt":"2017-07-02T22:01:08","guid":{"rendered":"http:\/\/www.tvportugal.tv\/portal\/?p=5106"},"modified":"2017-07-02T22:01:26","modified_gmt":"2017-07-02T22:01:26","slug":"apresentacao-candidatura-viva-cascais-largo-tires","status":"publish","type":"post","link":"https:\/\/www.tvportugal.tv\/portal\/apresentacao-candidatura-viva-cascais-largo-tires\/","title":{"rendered":"Apresenta\u00e7\u00e3o de Candidatura VIVA CASCAIS, Largo de Tires"},"content":{"rendered":"<p>[vc_row][vc_column][vc_column_text]<\/p>\n<h2>Apresenta\u00e7\u00e3o de Candidatura VIVA CASCAIS, Largo de Tires<\/h2>\n<p>[\/vc_column_text][\/vc_column][\/vc_row][vc_row][vc_column][vc_column_text]&#8221;(&#8230;), estamos de consci\u00eancia muito tranquila. N\u00f3s tivemos um trabalho que podemos apresentar, as pessoas conhecem-nos, sabem do que somos capazes de fazer e do que temos feito e temos projectos e temos uma vis\u00e3o para o concelho&#8221; Carlos Carreiras, Presidente actual e Candidato \u00e0 C\u00e2mara Municipal de Cascais.<br \/>\nReportagem, Imagem e Edi\u00e7\u00e3o &#8211; Ant\u00f3nio Assun\u00e7\u00e3o<br \/>\nImagem &#8211; Francisco Lu\u00eds Lopes<br \/>\n2017 07 02[\/vc_column_text][\/vc_column][\/vc_row][vc_row][vc_column][vc_video link=&#8221;https:\/\/www.youtube.com\/watch?v=MhIHUf9_md8&#8243;][\/vc_column][\/vc_row]<\/p>\n","protected":false},"excerpt":{"rendered":"<p>[vc_row][vc_column][vc_column_text] Apresenta\u00e7\u00e3o de Candidatura VIVA CASCAIS, Largo de Tires [\/vc_column_text][\/vc_column][\/vc_row][vc_row][vc_column][vc_column_text]&#8221;(&#8230;), estamos de consci\u00eancia muito tranquila. N\u00f3s tivemos um trabalho que podemos apresentar, as pessoas conhecem-nos, sabem do que somos capazes de fazer e do que temos feito e temos projectos e temos uma vis\u00e3o para o concelho&#8221; Carlos Carreiras, Presidente<span class=\"excerpt-hellip\"> [\u2026]<\/span><\/p>\n","protected":false},"author":2,"featured_media":5107,"comment_status":"closed","ping_status":"closed","sticky":false,"template":"","format":"standard","meta":{"footnotes":""},"categories":[42,65,41,178],"tags":[46,75,170,141,81,76,43],"class_list":["post-5106","post","type-post","status-publish","format-standard","has-post-thumbnail","hentry","category-cascais","category-eventos","category-social","category-varios","tag-carlos-carreiras","tag-cascais","tag-fernando-ferreira-marques","tag-frederico-pinho-de-almeida","tag-nuno-piteira-lopes","tag-pedro-morais-soares","tag-sao-domingos-de-rana"],"yoast_head":"<!-- This site is optimized with the Yoast SEO plugin v27.5 - https:\/\/yoast.com\/product\/yoast-seo-wordpress\/ -->\n<title>Apresenta\u00e7\u00e3o de Candidatura VIVA CASCAIS, Largo de Tires<\/title>\n<meta name=\"description\" content=\"Apresenta\u00e7\u00e3o de Candidatura VIVA CASCAIS, Largo de Tires, Carlos Carreiras, Pedro Mota Soares, Televis\u00e3o, Portugal, Reportagem, Cascais, Pedro Morais Soares\" \/>\n<meta name=\"robots\" content=\"index, follow, max-snippet:-1, max-image-preview:large, max-video-preview:-1\" \/>\n<link rel=\"canonical\" href=\"https:\/\/www.tvportugal.tv\/portal\/apresentacao-candidatura-viva-cascais-largo-tires\/\" \/>\n<meta property=\"og:locale\" content=\"pt_PT\" \/>\n<meta property=\"og:type\" content=\"article\" \/>\n<meta property=\"og:title\" content=\"Apresenta\u00e7\u00e3o de Candidatura VIVA CASCAIS, Largo de Tires\" \/>\n<meta property=\"og:description\" content=\"Apresenta\u00e7\u00e3o de Candidatura VIVA CASCAIS, Largo de Tires, Carlos Carreiras, Pedro Mota Soares, Televis\u00e3o, Portugal, Reportagem, Cascais, Pedro Morais Soares\" \/>\n<meta property=\"og:url\" content=\"https:\/\/www.tvportugal.tv\/portal\/apresentacao-candidatura-viva-cascais-largo-tires\/\" \/>\n<meta property=\"og:site_name\" content=\"TV Portugal - Televis\u00e3o - Cascais - Sintra - Oeiras - Lisboa - Noticias\" \/>\n<meta property=\"article:published_time\" content=\"2017-07-02T22:01:08+00:00\" \/>\n<meta property=\"article:modified_time\" content=\"2017-07-02T22:01:26+00:00\" \/>\n<meta property=\"og:image\" content=\"https:\/\/www.tvportugal.tv\/portal\/wp-content\/uploads\/2017\/07\/CARREIRAS123.png\" \/>\n\t<meta property=\"og:image:width\" content=\"800\" \/>\n\t<meta property=\"og:image:height\" content=\"600\" \/>\n\t<meta property=\"og:image:type\" content=\"image\/png\" \/>\n<meta name=\"author\" content=\"Antonio Assuncao\" \/>\n<meta name=\"twitter:card\" content=\"summary_large_image\" \/>\n<meta name=\"twitter:label1\" content=\"Escrito por\" \/>\n\t<meta name=\"twitter:data1\" content=\"Antonio Assuncao\" \/>\n\t<meta name=\"twitter:label2\" content=\"Tempo estimado de leitura\" \/>\n\t<meta name=\"twitter:data2\" content=\"1 minuto\" \/>\n<script type=\"application\/ld+json\" class=\"yoast-schema-graph\">{\"@context\":\"https:\\\/\\\/schema.org\",\"@graph\":[{\"@type\":\"Article\",\"@id\":\"https:\\\/\\\/www.tvportugal.tv\\\/portal\\\/apresentacao-candidatura-viva-cascais-largo-tires\\\/#article\",\"isPartOf\":{\"@id\":\"https:\\\/\\\/www.tvportugal.tv\\\/portal\\\/apresentacao-candidatura-viva-cascais-largo-tires\\\/\"},\"author\":{\"name\":\"Antonio Assuncao\",\"@id\":\"https:\\\/\\\/www.tvportugal.tv\\\/portal\\\/#\\\/schema\\\/person\\\/3dd386a0a960b868c3daed310f5d8d6b\"},\"headline\":\"Apresenta\u00e7\u00e3o de Candidatura VIVA CASCAIS, Largo de Tires\",\"datePublished\":\"2017-07-02T22:01:08+00:00\",\"dateModified\":\"2017-07-02T22:01:26+00:00\",\"mainEntityOfPage\":{\"@id\":\"https:\\\/\\\/www.tvportugal.tv\\\/portal\\\/apresentacao-candidatura-viva-cascais-largo-tires\\\/\"},\"wordCount\":132,\"image\":{\"@id\":\"https:\\\/\\\/www.tvportugal.tv\\\/portal\\\/apresentacao-candidatura-viva-cascais-largo-tires\\\/#primaryimage\"},\"thumbnailUrl\":\"https:\\\/\\\/www.tvportugal.tv\\\/portal\\\/wp-content\\\/uploads\\\/2017\\\/07\\\/CARREIRAS123.png\",\"keywords\":[\"Carlos Carreiras\",\"Cascais\",\"Fernando Ferreira Marques\",\"Frederico Pinho de Almeida\",\"Nuno Piteira Lopes\",\"Pedro Morais Soares\",\"S. Domingos de Rana\"],\"articleSection\":[\"Cascais\",\"Eventos\",\"Social\",\"V\u00e1rios\"],\"inLanguage\":\"pt-PT\"},{\"@type\":\"WebPage\",\"@id\":\"https:\\\/\\\/www.tvportugal.tv\\\/portal\\\/apresentacao-candidatura-viva-cascais-largo-tires\\\/\",\"url\":\"https:\\\/\\\/www.tvportugal.tv\\\/portal\\\/apresentacao-candidatura-viva-cascais-largo-tires\\\/\",\"name\":\"Apresenta\u00e7\u00e3o de Candidatura VIVA CASCAIS, Largo de Tires\",\"isPartOf\":{\"@id\":\"https:\\\/\\\/www.tvportugal.tv\\\/portal\\\/#website\"},\"primaryImageOfPage\":{\"@id\":\"https:\\\/\\\/www.tvportugal.tv\\\/portal\\\/apresentacao-candidatura-viva-cascais-largo-tires\\\/#primaryimage\"},\"image\":{\"@id\":\"https:\\\/\\\/www.tvportugal.tv\\\/portal\\\/apresentacao-candidatura-viva-cascais-largo-tires\\\/#primaryimage\"},\"thumbnailUrl\":\"https:\\\/\\\/www.tvportugal.tv\\\/portal\\\/wp-content\\\/uploads\\\/2017\\\/07\\\/CARREIRAS123.png\",\"datePublished\":\"2017-07-02T22:01:08+00:00\",\"dateModified\":\"2017-07-02T22:01:26+00:00\",\"author\":{\"@id\":\"https:\\\/\\\/www.tvportugal.tv\\\/portal\\\/#\\\/schema\\\/person\\\/3dd386a0a960b868c3daed310f5d8d6b\"},\"description\":\"Apresenta\u00e7\u00e3o de Candidatura VIVA CASCAIS, Largo de Tires, Carlos Carreiras, Pedro Mota Soares, Televis\u00e3o, Portugal, Reportagem, Cascais, Pedro Morais Soares\",\"breadcrumb\":{\"@id\":\"https:\\\/\\\/www.tvportugal.tv\\\/portal\\\/apresentacao-candidatura-viva-cascais-largo-tires\\\/#breadcrumb\"},\"inLanguage\":\"pt-PT\",\"potentialAction\":[{\"@type\":\"ReadAction\",\"target\":[\"https:\\\/\\\/www.tvportugal.tv\\\/portal\\\/apresentacao-candidatura-viva-cascais-largo-tires\\\/\"]}]},{\"@type\":\"ImageObject\",\"inLanguage\":\"pt-PT\",\"@id\":\"https:\\\/\\\/www.tvportugal.tv\\\/portal\\\/apresentacao-candidatura-viva-cascais-largo-tires\\\/#primaryimage\",\"url\":\"https:\\\/\\\/www.tvportugal.tv\\\/portal\\\/wp-content\\\/uploads\\\/2017\\\/07\\\/CARREIRAS123.png\",\"contentUrl\":\"https:\\\/\\\/www.tvportugal.tv\\\/portal\\\/wp-content\\\/uploads\\\/2017\\\/07\\\/CARREIRAS123.png\",\"width\":800,\"height\":600,\"caption\":\"Apresenta\u00e7\u00e3o de Candidatura VIVA CASCAIS, Largo de Tires, Carlos Carreiras, Pedro Mota Soares, Televis\u00e3o, Portugal, Reportagem, Cascais, Pedro Morais Soares\"},{\"@type\":\"BreadcrumbList\",\"@id\":\"https:\\\/\\\/www.tvportugal.tv\\\/portal\\\/apresentacao-candidatura-viva-cascais-largo-tires\\\/#breadcrumb\",\"itemListElement\":[{\"@type\":\"ListItem\",\"position\":1,\"name\":\"In\u00edcio\",\"item\":\"https:\\\/\\\/www.tvportugal.tv\\\/portal\\\/\"},{\"@type\":\"ListItem\",\"position\":2,\"name\":\"Apresenta\u00e7\u00e3o de Candidatura VIVA CASCAIS, Largo de Tires\"}]},{\"@type\":\"WebSite\",\"@id\":\"https:\\\/\\\/www.tvportugal.tv\\\/portal\\\/#website\",\"url\":\"https:\\\/\\\/www.tvportugal.tv\\\/portal\\\/\",\"name\":\"TV Portugal - Televis\u00e3o - Cascais - Sintra - Oeiras - Lisboa - Noticias\",\"description\":\"Televis\u00e3o Cascais, Televis\u00e3o Estoril, Tv Web com produ\u00e7\u00e3o pr\u00f3pria da Regi\u00e3o de Lisboa, Televis\u00e3o On-line, Noticias de Cascais, Noticias de Sintra, Noticias de Lisboa, Videos, Reportagen\",\"potentialAction\":[{\"@type\":\"SearchAction\",\"target\":{\"@type\":\"EntryPoint\",\"urlTemplate\":\"https:\\\/\\\/www.tvportugal.tv\\\/portal\\\/?s={search_term_string}\"},\"query-input\":{\"@type\":\"PropertyValueSpecification\",\"valueRequired\":true,\"valueName\":\"search_term_string\"}}],\"inLanguage\":\"pt-PT\"},{\"@type\":\"Person\",\"@id\":\"https:\\\/\\\/www.tvportugal.tv\\\/portal\\\/#\\\/schema\\\/person\\\/3dd386a0a960b868c3daed310f5d8d6b\",\"name\":\"Antonio Assuncao\",\"image\":{\"@type\":\"ImageObject\",\"inLanguage\":\"pt-PT\",\"@id\":\"https:\\\/\\\/secure.gravatar.com\\\/avatar\\\/d8f395a7f86675d6142e7d6ee91f1232e911b4f5ad4a72e064ca4dde2d42881b?s=96&d=mm&r=g\",\"url\":\"https:\\\/\\\/secure.gravatar.com\\\/avatar\\\/d8f395a7f86675d6142e7d6ee91f1232e911b4f5ad4a72e064ca4dde2d42881b?s=96&d=mm&r=g\",\"contentUrl\":\"https:\\\/\\\/secure.gravatar.com\\\/avatar\\\/d8f395a7f86675d6142e7d6ee91f1232e911b4f5ad4a72e064ca4dde2d42881b?s=96&d=mm&r=g\",\"caption\":\"Antonio Assuncao\"},\"sameAs\":[\"http:\\\/\\\/www.tvportugal.tv\\\/\"],\"url\":\"https:\\\/\\\/www.tvportugal.tv\\\/portal\\\/author\\\/antonio-assuncao\\\/\"}]}<\/script>\n<!-- \/ Yoast SEO plugin. -->","yoast_head_json":{"title":"Apresenta\u00e7\u00e3o de Candidatura VIVA CASCAIS, Largo de Tires","description":"Apresenta\u00e7\u00e3o de Candidatura VIVA CASCAIS, Largo de Tires, Carlos Carreiras, Pedro Mota Soares, Televis\u00e3o, Portugal, Reportagem, Cascais, Pedro Morais Soares","robots":{"index":"index","follow":"follow","max-snippet":"max-snippet:-1","max-image-preview":"max-image-preview:large","max-video-preview":"max-video-preview:-1"},"canonical":"https:\/\/www.tvportugal.tv\/portal\/apresentacao-candidatura-viva-cascais-largo-tires\/","og_locale":"pt_PT","og_type":"article","og_title":"Apresenta\u00e7\u00e3o de Candidatura VIVA CASCAIS, Largo de Tires","og_description":"Apresenta\u00e7\u00e3o de Candidatura VIVA CASCAIS, Largo de Tires, Carlos Carreiras, Pedro Mota Soares, Televis\u00e3o, Portugal, Reportagem, Cascais, Pedro Morais Soares","og_url":"https:\/\/www.tvportugal.tv\/portal\/apresentacao-candidatura-viva-cascais-largo-tires\/","og_site_name":"TV Portugal - Televis\u00e3o - Cascais - Sintra - Oeiras - Lisboa - Noticias","article_published_time":"2017-07-02T22:01:08+00:00","article_modified_time":"2017-07-02T22:01:26+00:00","og_image":[{"width":800,"height":600,"url":"https:\/\/www.tvportugal.tv\/portal\/wp-content\/uploads\/2017\/07\/CARREIRAS123.png","type":"image\/png"}],"author":"Antonio Assuncao","twitter_card":"summary_large_image","twitter_misc":{"Escrito por":"Antonio Assuncao","Tempo estimado de leitura":"1 minuto"},"schema":{"@context":"https:\/\/schema.org","@graph":[{"@type":"Article","@id":"https:\/\/www.tvportugal.tv\/portal\/apresentacao-candidatura-viva-cascais-largo-tires\/#article","isPartOf":{"@id":"https:\/\/www.tvportugal.tv\/portal\/apresentacao-candidatura-viva-cascais-largo-tires\/"},"author":{"name":"Antonio Assuncao","@id":"https:\/\/www.tvportugal.tv\/portal\/#\/schema\/person\/3dd386a0a960b868c3daed310f5d8d6b"},"headline":"Apresenta\u00e7\u00e3o de Candidatura VIVA CASCAIS, Largo de Tires","datePublished":"2017-07-02T22:01:08+00:00","dateModified":"2017-07-02T22:01:26+00:00","mainEntityOfPage":{"@id":"https:\/\/www.tvportugal.tv\/portal\/apresentacao-candidatura-viva-cascais-largo-tires\/"},"wordCount":132,"image":{"@id":"https:\/\/www.tvportugal.tv\/portal\/apresentacao-candidatura-viva-cascais-largo-tires\/#primaryimage"},"thumbnailUrl":"https:\/\/www.tvportugal.tv\/portal\/wp-content\/uploads\/2017\/07\/CARREIRAS123.png","keywords":["Carlos Carreiras","Cascais","Fernando Ferreira Marques","Frederico Pinho de Almeida","Nuno Piteira Lopes","Pedro Morais Soares","S. Domingos de Rana"],"articleSection":["Cascais","Eventos","Social","V\u00e1rios"],"inLanguage":"pt-PT"},{"@type":"WebPage","@id":"https:\/\/www.tvportugal.tv\/portal\/apresentacao-candidatura-viva-cascais-largo-tires\/","url":"https:\/\/www.tvportugal.tv\/portal\/apresentacao-candidatura-viva-cascais-largo-tires\/","name":"Apresenta\u00e7\u00e3o de Candidatura VIVA CASCAIS, Largo de Tires","isPartOf":{"@id":"https:\/\/www.tvportugal.tv\/portal\/#website"},"primaryImageOfPage":{"@id":"https:\/\/www.tvportugal.tv\/portal\/apresentacao-candidatura-viva-cascais-largo-tires\/#primaryimage"},"image":{"@id":"https:\/\/www.tvportugal.tv\/portal\/apresentacao-candidatura-viva-cascais-largo-tires\/#primaryimage"},"thumbnailUrl":"https:\/\/www.tvportugal.tv\/portal\/wp-content\/uploads\/2017\/07\/CARREIRAS123.png","datePublished":"2017-07-02T22:01:08+00:00","dateModified":"2017-07-02T22:01:26+00:00","author":{"@id":"https:\/\/www.tvportugal.tv\/portal\/#\/schema\/person\/3dd386a0a960b868c3daed310f5d8d6b"},"description":"Apresenta\u00e7\u00e3o de Candidatura VIVA CASCAIS, Largo de Tires, Carlos Carreiras, Pedro Mota Soares, Televis\u00e3o, Portugal, Reportagem, Cascais, Pedro Morais Soares","breadcrumb":{"@id":"https:\/\/www.tvportugal.tv\/portal\/apresentacao-candidatura-viva-cascais-largo-tires\/#breadcrumb"},"inLanguage":"pt-PT","potentialAction":[{"@type":"ReadAction","target":["https:\/\/www.tvportugal.tv\/portal\/apresentacao-candidatura-viva-cascais-largo-tires\/"]}]},{"@type":"ImageObject","inLanguage":"pt-PT","@id":"https:\/\/www.tvportugal.tv\/portal\/apresentacao-candidatura-viva-cascais-largo-tires\/#primaryimage","url":"https:\/\/www.tvportugal.tv\/portal\/wp-content\/uploads\/2017\/07\/CARREIRAS123.png","contentUrl":"https:\/\/www.tvportugal.tv\/portal\/wp-content\/uploads\/2017\/07\/CARREIRAS123.png","width":800,"height":600,"caption":"Apresenta\u00e7\u00e3o de Candidatura VIVA CASCAIS, Largo de Tires, Carlos Carreiras, Pedro Mota Soares, Televis\u00e3o, Portugal, Reportagem, Cascais, Pedro Morais Soares"},{"@type":"BreadcrumbList","@id":"https:\/\/www.tvportugal.tv\/portal\/apresentacao-candidatura-viva-cascais-largo-tires\/#breadcrumb","itemListElement":[{"@type":"ListItem","position":1,"name":"In\u00edcio","item":"https:\/\/www.tvportugal.tv\/portal\/"},{"@type":"ListItem","position":2,"name":"Apresenta\u00e7\u00e3o de Candidatura VIVA CASCAIS, Largo de Tires"}]},{"@type":"WebSite","@id":"https:\/\/www.tvportugal.tv\/portal\/#website","url":"https:\/\/www.tvportugal.tv\/portal\/","name":"TV Portugal - Televis\u00e3o - Cascais - Sintra - Oeiras - Lisboa - Noticias","description":"Televis\u00e3o Cascais, Televis\u00e3o Estoril, Tv Web com produ\u00e7\u00e3o pr\u00f3pria da Regi\u00e3o de Lisboa, Televis\u00e3o On-line, Noticias de Cascais, Noticias de Sintra, Noticias de Lisboa, Videos, Reportagen","potentialAction":[{"@type":"SearchAction","target":{"@type":"EntryPoint","urlTemplate":"https:\/\/www.tvportugal.tv\/portal\/?s={search_term_string}"},"query-input":{"@type":"PropertyValueSpecification","valueRequired":true,"valueName":"search_term_string"}}],"inLanguage":"pt-PT"},{"@type":"Person","@id":"https:\/\/www.tvportugal.tv\/portal\/#\/schema\/person\/3dd386a0a960b868c3daed310f5d8d6b","name":"Antonio Assuncao","image":{"@type":"ImageObject","inLanguage":"pt-PT","@id":"https:\/\/secure.gravatar.com\/avatar\/d8f395a7f86675d6142e7d6ee91f1232e911b4f5ad4a72e064ca4dde2d42881b?s=96&d=mm&r=g","url":"https:\/\/secure.gravatar.com\/avatar\/d8f395a7f86675d6142e7d6ee91f1232e911b4f5ad4a72e064ca4dde2d42881b?s=96&d=mm&r=g","contentUrl":"https:\/\/secure.gravatar.com\/avatar\/d8f395a7f86675d6142e7d6ee91f1232e911b4f5ad4a72e064ca4dde2d42881b?s=96&d=mm&r=g","caption":"Antonio Assuncao"},"sameAs":["http:\/\/www.tvportugal.tv\/"],"url":"https:\/\/www.tvportugal.tv\/portal\/author\/antonio-assuncao\/"}]}},"_links":{"self":[{"href":"https:\/\/www.tvportugal.tv\/portal\/wp-json\/wp\/v2\/posts\/5106","targetHints":{"allow":["GET"]}}],"collection":[{"href":"https:\/\/www.tvportugal.tv\/portal\/wp-json\/wp\/v2\/posts"}],"about":[{"href":"https:\/\/www.tvportugal.tv\/portal\/wp-json\/wp\/v2\/types\/post"}],"author":[{"embeddable":true,"href":"https:\/\/www.tvportugal.tv\/portal\/wp-json\/wp\/v2\/users\/2"}],"replies":[{"embeddable":true,"href":"https:\/\/www.tvportugal.tv\/portal\/wp-json\/wp\/v2\/comments?post=5106"}],"version-history":[{"count":1,"href":"https:\/\/www.tvportugal.tv\/portal\/wp-json\/wp\/v2\/posts\/5106\/revisions"}],"predecessor-version":[{"id":5108,"href":"https:\/\/www.tvportugal.tv\/portal\/wp-json\/wp\/v2\/posts\/5106\/revisions\/5108"}],"wp:featuredmedia":[{"embeddable":true,"href":"https:\/\/www.tvportugal.tv\/portal\/wp-json\/wp\/v2\/media\/5107"}],"wp:attachment":[{"href":"https:\/\/www.tvportugal.tv\/portal\/wp-json\/wp\/v2\/media?parent=5106"}],"wp:term":[{"taxonomy":"category","embeddable":true,"href":"https:\/\/www.tvportugal.tv\/portal\/wp-json\/wp\/v2\/categories?post=5106"},{"taxonomy":"post_tag","embeddable":true,"href":"https:\/\/www.tvportugal.tv\/portal\/wp-json\/wp\/v2\/tags?post=5106"}],"curies":[{"name":"wp","href":"https:\/\/api.w.org\/{rel}","templated":true}]}}