{"id":4944,"date":"2017-02-23T00:02:50","date_gmt":"2017-02-23T00:02:50","guid":{"rendered":"http:\/\/www.tvportugal.tv\/portal\/?p=4944"},"modified":"2017-02-23T00:04:20","modified_gmt":"2017-02-23T00:04:20","slug":"inauguracao-campo-jogos-eb1-carcavelos-orcamento-participativo","status":"publish","type":"post","link":"https:\/\/www.tvportugal.tv\/portal\/inauguracao-campo-jogos-eb1-carcavelos-orcamento-participativo\/","title":{"rendered":"Inaugura\u00e7\u00e3o Campo de Jogos EB1 Carcavelos | Or\u00e7amento Participativo"},"content":{"rendered":"<p>[vc_row][vc_column][vc_column_text]<\/p>\n<h2>Inaugura\u00e7\u00e3o Campo de Jogos EB1 Carcavelos | Or\u00e7amento Participativo<\/h2>\n<p>[\/vc_column_text][\/vc_column][\/vc_row][vc_row][vc_column][vc_column_text]&#8221;Hoje \u00e9 mais um dia de grande felicidade, tivemos a oportunidade, acabamos de inaugurar esta cobertura, este espa\u00e7o que vem dotar aqui a Escola EB1 de Carcavelos, um campo de jogos que agora permite ser utilizado quando chove, quando est\u00e1 muito sol porque \u00e9 uma cobertura que protege da chuva mas tamb\u00e9m abriga do Sol e do Vento.&#8221; Frederico Pinho de Almeida, Vereador da C. M. de Cascais.<br \/>\nReportagem, Imagem e Edi\u00e7\u00e3o &#8211; Ant\u00f3nio Assun\u00e7\u00e3o<br \/>\n2017 02 22[\/vc_column_text][\/vc_column][\/vc_row][vc_row][vc_column][vc_video link=&#8221;https:\/\/www.youtube.com\/watch?v=3IK-xVRLZao&#8221;][\/vc_column][\/vc_row]<\/p>\n","protected":false},"excerpt":{"rendered":"<p>[vc_row][vc_column][vc_column_text] Inaugura\u00e7\u00e3o Campo de Jogos EB1 Carcavelos | Or\u00e7amento Participativo [\/vc_column_text][\/vc_column][\/vc_row][vc_row][vc_column][vc_column_text]&#8221;Hoje \u00e9 mais um dia de grande felicidade, tivemos a oportunidade, acabamos de inaugurar esta cobertura, este espa\u00e7o que vem dotar aqui a Escola EB1 de Carcavelos, um campo de jogos que agora permite ser utilizado quando chove, quando est\u00e1<span class=\"excerpt-hellip\"> [\u2026]<\/span><\/p>\n","protected":false},"author":2,"featured_media":4946,"comment_status":"closed","ping_status":"closed","sticky":false,"template":"","format":"standard","meta":{"footnotes":""},"categories":[42,137,120,47],"tags":[46,75,111,133,141,78,81],"class_list":["post-4944","post","type-post","status-publish","format-standard","has-post-thumbnail","hentry","category-cascais","category-comunidade","category-educacao","category-inauguracoes","tag-carlos-carreiras","tag-cascais","tag-educacao","tag-escolas","tag-frederico-pinho-de-almeida","tag-inauguracoes","tag-nuno-piteira-lopes"],"yoast_head":"<!-- This site is optimized with the Yoast SEO plugin v27.5 - https:\/\/yoast.com\/product\/yoast-seo-wordpress\/ -->\n<title>Inaugura\u00e7\u00e3o Campo de Jogos EB1 Carcavelos, Or\u00e7amento Participativo<\/title>\n<meta name=\"description\" content=\"Inaugura\u00e7\u00e3o Campo de Jogos EB1 Carcavelos, Or\u00e7amento Participativo, Carlos Carreiras, Frederico Pinho de Almeida, Cascais, Televis\u00e3o, Portugal\" \/>\n<meta name=\"robots\" content=\"index, follow, max-snippet:-1, max-image-preview:large, max-video-preview:-1\" \/>\n<link rel=\"canonical\" href=\"https:\/\/www.tvportugal.tv\/portal\/inauguracao-campo-jogos-eb1-carcavelos-orcamento-participativo\/\" \/>\n<meta property=\"og:locale\" content=\"pt_PT\" \/>\n<meta property=\"og:type\" content=\"article\" \/>\n<meta property=\"og:title\" content=\"Inaugura\u00e7\u00e3o Campo de Jogos EB1 Carcavelos, Or\u00e7amento Participativo\" \/>\n<meta property=\"og:description\" content=\"Inaugura\u00e7\u00e3o Campo de Jogos EB1 Carcavelos, Or\u00e7amento Participativo, Carlos Carreiras, Frederico Pinho de Almeida, Cascais, Televis\u00e3o, Portugal\" \/>\n<meta property=\"og:url\" content=\"https:\/\/www.tvportugal.tv\/portal\/inauguracao-campo-jogos-eb1-carcavelos-orcamento-participativo\/\" \/>\n<meta property=\"og:site_name\" content=\"TV Portugal - Televis\u00e3o - Cascais - Sintra - Oeiras - Lisboa - Noticias\" \/>\n<meta property=\"article:published_time\" content=\"2017-02-23T00:02:50+00:00\" \/>\n<meta property=\"article:modified_time\" content=\"2017-02-23T00:04:20+00:00\" \/>\n<meta property=\"og:image\" content=\"https:\/\/www.tvportugal.tv\/portal\/wp-content\/uploads\/2017\/02\/TEMPLa.png\" \/>\n\t<meta property=\"og:image:width\" content=\"800\" \/>\n\t<meta property=\"og:image:height\" content=\"600\" \/>\n\t<meta property=\"og:image:type\" content=\"image\/png\" \/>\n<meta name=\"author\" content=\"Antonio Assuncao\" \/>\n<meta name=\"twitter:card\" content=\"summary_large_image\" \/>\n<meta name=\"twitter:label1\" content=\"Escrito por\" \/>\n\t<meta name=\"twitter:data1\" content=\"Antonio Assuncao\" \/>\n\t<meta name=\"twitter:label2\" content=\"Tempo estimado de leitura\" \/>\n\t<meta name=\"twitter:data2\" content=\"1 minuto\" \/>\n<script type=\"application\/ld+json\" class=\"yoast-schema-graph\">{\"@context\":\"https:\\\/\\\/schema.org\",\"@graph\":[{\"@type\":\"Article\",\"@id\":\"https:\\\/\\\/www.tvportugal.tv\\\/portal\\\/inauguracao-campo-jogos-eb1-carcavelos-orcamento-participativo\\\/#article\",\"isPartOf\":{\"@id\":\"https:\\\/\\\/www.tvportugal.tv\\\/portal\\\/inauguracao-campo-jogos-eb1-carcavelos-orcamento-participativo\\\/\"},\"author\":{\"name\":\"Antonio Assuncao\",\"@id\":\"https:\\\/\\\/www.tvportugal.tv\\\/portal\\\/#\\\/schema\\\/person\\\/3dd386a0a960b868c3daed310f5d8d6b\"},\"headline\":\"Inaugura\u00e7\u00e3o Campo de Jogos EB1 Carcavelos | Or\u00e7amento Participativo\",\"datePublished\":\"2017-02-23T00:02:50+00:00\",\"dateModified\":\"2017-02-23T00:04:20+00:00\",\"mainEntityOfPage\":{\"@id\":\"https:\\\/\\\/www.tvportugal.tv\\\/portal\\\/inauguracao-campo-jogos-eb1-carcavelos-orcamento-participativo\\\/\"},\"wordCount\":144,\"image\":{\"@id\":\"https:\\\/\\\/www.tvportugal.tv\\\/portal\\\/inauguracao-campo-jogos-eb1-carcavelos-orcamento-participativo\\\/#primaryimage\"},\"thumbnailUrl\":\"https:\\\/\\\/www.tvportugal.tv\\\/portal\\\/wp-content\\\/uploads\\\/2017\\\/02\\\/TEMPLa.png\",\"keywords\":[\"Carlos Carreiras\",\"Cascais\",\"Educa\u00e7\u00e3o\",\"Escolas\",\"Frederico Pinho de Almeida\",\"Inaugura\u00e7\u00f5es\",\"Nuno Piteira Lopes\"],\"articleSection\":[\"Cascais\",\"Comunidade\",\"Educa\u00e7\u00e3o\",\"Inaugura\u00e7\u00f5es\"],\"inLanguage\":\"pt-PT\"},{\"@type\":\"WebPage\",\"@id\":\"https:\\\/\\\/www.tvportugal.tv\\\/portal\\\/inauguracao-campo-jogos-eb1-carcavelos-orcamento-participativo\\\/\",\"url\":\"https:\\\/\\\/www.tvportugal.tv\\\/portal\\\/inauguracao-campo-jogos-eb1-carcavelos-orcamento-participativo\\\/\",\"name\":\"Inaugura\u00e7\u00e3o Campo de Jogos EB1 Carcavelos, Or\u00e7amento Participativo\",\"isPartOf\":{\"@id\":\"https:\\\/\\\/www.tvportugal.tv\\\/portal\\\/#website\"},\"primaryImageOfPage\":{\"@id\":\"https:\\\/\\\/www.tvportugal.tv\\\/portal\\\/inauguracao-campo-jogos-eb1-carcavelos-orcamento-participativo\\\/#primaryimage\"},\"image\":{\"@id\":\"https:\\\/\\\/www.tvportugal.tv\\\/portal\\\/inauguracao-campo-jogos-eb1-carcavelos-orcamento-participativo\\\/#primaryimage\"},\"thumbnailUrl\":\"https:\\\/\\\/www.tvportugal.tv\\\/portal\\\/wp-content\\\/uploads\\\/2017\\\/02\\\/TEMPLa.png\",\"datePublished\":\"2017-02-23T00:02:50+00:00\",\"dateModified\":\"2017-02-23T00:04:20+00:00\",\"author\":{\"@id\":\"https:\\\/\\\/www.tvportugal.tv\\\/portal\\\/#\\\/schema\\\/person\\\/3dd386a0a960b868c3daed310f5d8d6b\"},\"description\":\"Inaugura\u00e7\u00e3o Campo de Jogos EB1 Carcavelos, Or\u00e7amento Participativo, Carlos Carreiras, Frederico Pinho de Almeida, Cascais, Televis\u00e3o, Portugal\",\"breadcrumb\":{\"@id\":\"https:\\\/\\\/www.tvportugal.tv\\\/portal\\\/inauguracao-campo-jogos-eb1-carcavelos-orcamento-participativo\\\/#breadcrumb\"},\"inLanguage\":\"pt-PT\",\"potentialAction\":[{\"@type\":\"ReadAction\",\"target\":[\"https:\\\/\\\/www.tvportugal.tv\\\/portal\\\/inauguracao-campo-jogos-eb1-carcavelos-orcamento-participativo\\\/\"]}]},{\"@type\":\"ImageObject\",\"inLanguage\":\"pt-PT\",\"@id\":\"https:\\\/\\\/www.tvportugal.tv\\\/portal\\\/inauguracao-campo-jogos-eb1-carcavelos-orcamento-participativo\\\/#primaryimage\",\"url\":\"https:\\\/\\\/www.tvportugal.tv\\\/portal\\\/wp-content\\\/uploads\\\/2017\\\/02\\\/TEMPLa.png\",\"contentUrl\":\"https:\\\/\\\/www.tvportugal.tv\\\/portal\\\/wp-content\\\/uploads\\\/2017\\\/02\\\/TEMPLa.png\",\"width\":800,\"height\":600,\"caption\":\"Inaugura\u00e7\u00e3o Campo de Jogos EB1 Carcavelos, Or\u00e7amento Participativo, Carlos Carreiras, Frederico Pinho de Almeida, Cascais, Televis\u00e3o, Portugal\"},{\"@type\":\"BreadcrumbList\",\"@id\":\"https:\\\/\\\/www.tvportugal.tv\\\/portal\\\/inauguracao-campo-jogos-eb1-carcavelos-orcamento-participativo\\\/#breadcrumb\",\"itemListElement\":[{\"@type\":\"ListItem\",\"position\":1,\"name\":\"In\u00edcio\",\"item\":\"https:\\\/\\\/www.tvportugal.tv\\\/portal\\\/\"},{\"@type\":\"ListItem\",\"position\":2,\"name\":\"Inaugura\u00e7\u00e3o Campo de Jogos EB1 Carcavelos | Or\u00e7amento Participativo\"}]},{\"@type\":\"WebSite\",\"@id\":\"https:\\\/\\\/www.tvportugal.tv\\\/portal\\\/#website\",\"url\":\"https:\\\/\\\/www.tvportugal.tv\\\/portal\\\/\",\"name\":\"TV Portugal - Televis\u00e3o - Cascais - Sintra - Oeiras - Lisboa - Noticias\",\"description\":\"Televis\u00e3o Cascais, Televis\u00e3o Estoril, Tv Web com produ\u00e7\u00e3o pr\u00f3pria da Regi\u00e3o de Lisboa, Televis\u00e3o On-line, Noticias de Cascais, Noticias de Sintra, Noticias de Lisboa, Videos, Reportagen\",\"potentialAction\":[{\"@type\":\"SearchAction\",\"target\":{\"@type\":\"EntryPoint\",\"urlTemplate\":\"https:\\\/\\\/www.tvportugal.tv\\\/portal\\\/?s={search_term_string}\"},\"query-input\":{\"@type\":\"PropertyValueSpecification\",\"valueRequired\":true,\"valueName\":\"search_term_string\"}}],\"inLanguage\":\"pt-PT\"},{\"@type\":\"Person\",\"@id\":\"https:\\\/\\\/www.tvportugal.tv\\\/portal\\\/#\\\/schema\\\/person\\\/3dd386a0a960b868c3daed310f5d8d6b\",\"name\":\"Antonio Assuncao\",\"image\":{\"@type\":\"ImageObject\",\"inLanguage\":\"pt-PT\",\"@id\":\"https:\\\/\\\/secure.gravatar.com\\\/avatar\\\/d8f395a7f86675d6142e7d6ee91f1232e911b4f5ad4a72e064ca4dde2d42881b?s=96&d=mm&r=g\",\"url\":\"https:\\\/\\\/secure.gravatar.com\\\/avatar\\\/d8f395a7f86675d6142e7d6ee91f1232e911b4f5ad4a72e064ca4dde2d42881b?s=96&d=mm&r=g\",\"contentUrl\":\"https:\\\/\\\/secure.gravatar.com\\\/avatar\\\/d8f395a7f86675d6142e7d6ee91f1232e911b4f5ad4a72e064ca4dde2d42881b?s=96&d=mm&r=g\",\"caption\":\"Antonio Assuncao\"},\"sameAs\":[\"http:\\\/\\\/www.tvportugal.tv\\\/\"],\"url\":\"https:\\\/\\\/www.tvportugal.tv\\\/portal\\\/author\\\/antonio-assuncao\\\/\"}]}<\/script>\n<!-- \/ Yoast SEO plugin. -->","yoast_head_json":{"title":"Inaugura\u00e7\u00e3o Campo de Jogos EB1 Carcavelos, Or\u00e7amento Participativo","description":"Inaugura\u00e7\u00e3o Campo de Jogos EB1 Carcavelos, Or\u00e7amento Participativo, Carlos Carreiras, Frederico Pinho de Almeida, Cascais, Televis\u00e3o, Portugal","robots":{"index":"index","follow":"follow","max-snippet":"max-snippet:-1","max-image-preview":"max-image-preview:large","max-video-preview":"max-video-preview:-1"},"canonical":"https:\/\/www.tvportugal.tv\/portal\/inauguracao-campo-jogos-eb1-carcavelos-orcamento-participativo\/","og_locale":"pt_PT","og_type":"article","og_title":"Inaugura\u00e7\u00e3o Campo de Jogos EB1 Carcavelos, Or\u00e7amento Participativo","og_description":"Inaugura\u00e7\u00e3o Campo de Jogos EB1 Carcavelos, Or\u00e7amento Participativo, Carlos Carreiras, Frederico Pinho de Almeida, Cascais, Televis\u00e3o, Portugal","og_url":"https:\/\/www.tvportugal.tv\/portal\/inauguracao-campo-jogos-eb1-carcavelos-orcamento-participativo\/","og_site_name":"TV Portugal - Televis\u00e3o - Cascais - Sintra - Oeiras - Lisboa - Noticias","article_published_time":"2017-02-23T00:02:50+00:00","article_modified_time":"2017-02-23T00:04:20+00:00","og_image":[{"width":800,"height":600,"url":"https:\/\/www.tvportugal.tv\/portal\/wp-content\/uploads\/2017\/02\/TEMPLa.png","type":"image\/png"}],"author":"Antonio Assuncao","twitter_card":"summary_large_image","twitter_misc":{"Escrito por":"Antonio Assuncao","Tempo estimado de leitura":"1 minuto"},"schema":{"@context":"https:\/\/schema.org","@graph":[{"@type":"Article","@id":"https:\/\/www.tvportugal.tv\/portal\/inauguracao-campo-jogos-eb1-carcavelos-orcamento-participativo\/#article","isPartOf":{"@id":"https:\/\/www.tvportugal.tv\/portal\/inauguracao-campo-jogos-eb1-carcavelos-orcamento-participativo\/"},"author":{"name":"Antonio Assuncao","@id":"https:\/\/www.tvportugal.tv\/portal\/#\/schema\/person\/3dd386a0a960b868c3daed310f5d8d6b"},"headline":"Inaugura\u00e7\u00e3o Campo de Jogos EB1 Carcavelos | Or\u00e7amento Participativo","datePublished":"2017-02-23T00:02:50+00:00","dateModified":"2017-02-23T00:04:20+00:00","mainEntityOfPage":{"@id":"https:\/\/www.tvportugal.tv\/portal\/inauguracao-campo-jogos-eb1-carcavelos-orcamento-participativo\/"},"wordCount":144,"image":{"@id":"https:\/\/www.tvportugal.tv\/portal\/inauguracao-campo-jogos-eb1-carcavelos-orcamento-participativo\/#primaryimage"},"thumbnailUrl":"https:\/\/www.tvportugal.tv\/portal\/wp-content\/uploads\/2017\/02\/TEMPLa.png","keywords":["Carlos Carreiras","Cascais","Educa\u00e7\u00e3o","Escolas","Frederico Pinho de Almeida","Inaugura\u00e7\u00f5es","Nuno Piteira Lopes"],"articleSection":["Cascais","Comunidade","Educa\u00e7\u00e3o","Inaugura\u00e7\u00f5es"],"inLanguage":"pt-PT"},{"@type":"WebPage","@id":"https:\/\/www.tvportugal.tv\/portal\/inauguracao-campo-jogos-eb1-carcavelos-orcamento-participativo\/","url":"https:\/\/www.tvportugal.tv\/portal\/inauguracao-campo-jogos-eb1-carcavelos-orcamento-participativo\/","name":"Inaugura\u00e7\u00e3o Campo de Jogos EB1 Carcavelos, Or\u00e7amento Participativo","isPartOf":{"@id":"https:\/\/www.tvportugal.tv\/portal\/#website"},"primaryImageOfPage":{"@id":"https:\/\/www.tvportugal.tv\/portal\/inauguracao-campo-jogos-eb1-carcavelos-orcamento-participativo\/#primaryimage"},"image":{"@id":"https:\/\/www.tvportugal.tv\/portal\/inauguracao-campo-jogos-eb1-carcavelos-orcamento-participativo\/#primaryimage"},"thumbnailUrl":"https:\/\/www.tvportugal.tv\/portal\/wp-content\/uploads\/2017\/02\/TEMPLa.png","datePublished":"2017-02-23T00:02:50+00:00","dateModified":"2017-02-23T00:04:20+00:00","author":{"@id":"https:\/\/www.tvportugal.tv\/portal\/#\/schema\/person\/3dd386a0a960b868c3daed310f5d8d6b"},"description":"Inaugura\u00e7\u00e3o Campo de Jogos EB1 Carcavelos, Or\u00e7amento Participativo, Carlos Carreiras, Frederico Pinho de Almeida, Cascais, Televis\u00e3o, Portugal","breadcrumb":{"@id":"https:\/\/www.tvportugal.tv\/portal\/inauguracao-campo-jogos-eb1-carcavelos-orcamento-participativo\/#breadcrumb"},"inLanguage":"pt-PT","potentialAction":[{"@type":"ReadAction","target":["https:\/\/www.tvportugal.tv\/portal\/inauguracao-campo-jogos-eb1-carcavelos-orcamento-participativo\/"]}]},{"@type":"ImageObject","inLanguage":"pt-PT","@id":"https:\/\/www.tvportugal.tv\/portal\/inauguracao-campo-jogos-eb1-carcavelos-orcamento-participativo\/#primaryimage","url":"https:\/\/www.tvportugal.tv\/portal\/wp-content\/uploads\/2017\/02\/TEMPLa.png","contentUrl":"https:\/\/www.tvportugal.tv\/portal\/wp-content\/uploads\/2017\/02\/TEMPLa.png","width":800,"height":600,"caption":"Inaugura\u00e7\u00e3o Campo de Jogos EB1 Carcavelos, Or\u00e7amento Participativo, Carlos Carreiras, Frederico Pinho de Almeida, Cascais, Televis\u00e3o, Portugal"},{"@type":"BreadcrumbList","@id":"https:\/\/www.tvportugal.tv\/portal\/inauguracao-campo-jogos-eb1-carcavelos-orcamento-participativo\/#breadcrumb","itemListElement":[{"@type":"ListItem","position":1,"name":"In\u00edcio","item":"https:\/\/www.tvportugal.tv\/portal\/"},{"@type":"ListItem","position":2,"name":"Inaugura\u00e7\u00e3o Campo de Jogos EB1 Carcavelos | Or\u00e7amento Participativo"}]},{"@type":"WebSite","@id":"https:\/\/www.tvportugal.tv\/portal\/#website","url":"https:\/\/www.tvportugal.tv\/portal\/","name":"TV Portugal - Televis\u00e3o - Cascais - Sintra - Oeiras - Lisboa - Noticias","description":"Televis\u00e3o Cascais, Televis\u00e3o Estoril, Tv Web com produ\u00e7\u00e3o pr\u00f3pria da Regi\u00e3o de Lisboa, Televis\u00e3o On-line, Noticias de Cascais, Noticias de Sintra, Noticias de Lisboa, Videos, Reportagen","potentialAction":[{"@type":"SearchAction","target":{"@type":"EntryPoint","urlTemplate":"https:\/\/www.tvportugal.tv\/portal\/?s={search_term_string}"},"query-input":{"@type":"PropertyValueSpecification","valueRequired":true,"valueName":"search_term_string"}}],"inLanguage":"pt-PT"},{"@type":"Person","@id":"https:\/\/www.tvportugal.tv\/portal\/#\/schema\/person\/3dd386a0a960b868c3daed310f5d8d6b","name":"Antonio Assuncao","image":{"@type":"ImageObject","inLanguage":"pt-PT","@id":"https:\/\/secure.gravatar.com\/avatar\/d8f395a7f86675d6142e7d6ee91f1232e911b4f5ad4a72e064ca4dde2d42881b?s=96&d=mm&r=g","url":"https:\/\/secure.gravatar.com\/avatar\/d8f395a7f86675d6142e7d6ee91f1232e911b4f5ad4a72e064ca4dde2d42881b?s=96&d=mm&r=g","contentUrl":"https:\/\/secure.gravatar.com\/avatar\/d8f395a7f86675d6142e7d6ee91f1232e911b4f5ad4a72e064ca4dde2d42881b?s=96&d=mm&r=g","caption":"Antonio Assuncao"},"sameAs":["http:\/\/www.tvportugal.tv\/"],"url":"https:\/\/www.tvportugal.tv\/portal\/author\/antonio-assuncao\/"}]}},"_links":{"self":[{"href":"https:\/\/www.tvportugal.tv\/portal\/wp-json\/wp\/v2\/posts\/4944","targetHints":{"allow":["GET"]}}],"collection":[{"href":"https:\/\/www.tvportugal.tv\/portal\/wp-json\/wp\/v2\/posts"}],"about":[{"href":"https:\/\/www.tvportugal.tv\/portal\/wp-json\/wp\/v2\/types\/post"}],"author":[{"embeddable":true,"href":"https:\/\/www.tvportugal.tv\/portal\/wp-json\/wp\/v2\/users\/2"}],"replies":[{"embeddable":true,"href":"https:\/\/www.tvportugal.tv\/portal\/wp-json\/wp\/v2\/comments?post=4944"}],"version-history":[{"count":1,"href":"https:\/\/www.tvportugal.tv\/portal\/wp-json\/wp\/v2\/posts\/4944\/revisions"}],"predecessor-version":[{"id":4947,"href":"https:\/\/www.tvportugal.tv\/portal\/wp-json\/wp\/v2\/posts\/4944\/revisions\/4947"}],"wp:featuredmedia":[{"embeddable":true,"href":"https:\/\/www.tvportugal.tv\/portal\/wp-json\/wp\/v2\/media\/4946"}],"wp:attachment":[{"href":"https:\/\/www.tvportugal.tv\/portal\/wp-json\/wp\/v2\/media?parent=4944"}],"wp:term":[{"taxonomy":"category","embeddable":true,"href":"https:\/\/www.tvportugal.tv\/portal\/wp-json\/wp\/v2\/categories?post=4944"},{"taxonomy":"post_tag","embeddable":true,"href":"https:\/\/www.tvportugal.tv\/portal\/wp-json\/wp\/v2\/tags?post=4944"}],"curies":[{"name":"wp","href":"https:\/\/api.w.org\/{rel}","templated":true}]}}