{"id":4929,"date":"2017-02-16T15:52:47","date_gmt":"2017-02-16T15:52:47","guid":{"rendered":"http:\/\/www.tvportugal.tv\/portal\/?p=4929"},"modified":"2017-02-16T15:53:00","modified_gmt":"2017-02-16T15:53:00","slug":"requalificacao-da-entrada-nascente-cascais-apresentacao-publica","status":"publish","type":"post","link":"https:\/\/www.tvportugal.tv\/portal\/requalificacao-da-entrada-nascente-cascais-apresentacao-publica\/","title":{"rendered":"Requalifica\u00e7\u00e3o da Entrada Nascente Cascais, Apresenta\u00e7\u00e3o P\u00fablica"},"content":{"rendered":"<p>[vc_row][vc_column][vc_column_text]<\/p>\n<h2>Requalifica\u00e7\u00e3o da Entrada Nascente Cascais, Apresenta\u00e7\u00e3o P\u00fablica<\/h2>\n<p>[\/vc_column_text][\/vc_column][\/vc_row][vc_row][vc_column][vc_column_text]Miguel Pinto Luz, Vice-Presidente da C\u00e2mara Municipal de Cascais e Jo\u00e3o Mour\u00e3o, Comit\u00e9 de Direc\u00e7\u00e3o Auchan Portugal, falam aquando da Apresenta\u00e7\u00e3o P\u00fablica do Projecto de Requalifica\u00e7\u00e3o da Entrada Nascente de Cascais. Aconteceu ontem, dia 15 de Fevereiro no C. C. de Cascais.<br \/>\nReportagem, Imagem e Edi\u00e7\u00e3o &#8211; Ant\u00f3nio Assun\u00e7\u00e3o<br \/>\n2017 02 16[\/vc_column_text][\/vc_column][\/vc_row][vc_row][vc_column][vc_video link=&#8221;https:\/\/www.youtube.com\/watch?v=QWkkA2rlzK4&#8243;][\/vc_column][\/vc_row]<\/p>\n","protected":false},"excerpt":{"rendered":"<p>[vc_row][vc_column][vc_column_text] Requalifica\u00e7\u00e3o da Entrada Nascente Cascais, Apresenta\u00e7\u00e3o P\u00fablica [\/vc_column_text][\/vc_column][\/vc_row][vc_row][vc_column][vc_column_text]Miguel Pinto Luz, Vice-Presidente da C\u00e2mara Municipal de Cascais e Jo\u00e3o Mour\u00e3o, Comit\u00e9 de Direc\u00e7\u00e3o Auchan Portugal, falam aquando da Apresenta\u00e7\u00e3o P\u00fablica do Projecto de Requalifica\u00e7\u00e3o da Entrada Nascente de Cascais. Aconteceu ontem, dia 15 de Fevereiro no C. C. de Cascais.<span class=\"excerpt-hellip\"> [\u2026]<\/span><\/p>\n","protected":false},"author":2,"featured_media":4930,"comment_status":"closed","ping_status":"closed","sticky":false,"template":"","format":"standard","meta":{"footnotes":""},"categories":[42,137,65,41],"tags":[46,75,81,76],"class_list":["post-4929","post","type-post","status-publish","format-standard","has-post-thumbnail","hentry","category-cascais","category-comunidade","category-eventos","category-social","tag-carlos-carreiras","tag-cascais","tag-nuno-piteira-lopes","tag-pedro-morais-soares"],"yoast_head":"<!-- This site is optimized with the Yoast SEO plugin v27.4 - https:\/\/yoast.com\/product\/yoast-seo-wordpress\/ -->\n<title>Requalifica\u00e7\u00e3o da Entrada Nascente Cascais, Apresenta\u00e7\u00e3o P\u00fablica<\/title>\n<meta name=\"description\" content=\"Requalifica\u00e7\u00e3o da Entrada Nascente Cascais, Apresenta\u00e7\u00e3o P\u00fablica, Jo\u00e3o Mour\u00e3o, Grupo Auchan, Miguel Pinto Luz, Carlos Carreiras, Cascais Televis\u00e3o, Portugal\" \/>\n<meta name=\"robots\" content=\"index, follow, max-snippet:-1, max-image-preview:large, max-video-preview:-1\" \/>\n<link rel=\"canonical\" href=\"https:\/\/www.tvportugal.tv\/portal\/requalificacao-da-entrada-nascente-cascais-apresentacao-publica\/\" \/>\n<meta property=\"og:locale\" content=\"pt_PT\" \/>\n<meta property=\"og:type\" content=\"article\" \/>\n<meta property=\"og:title\" content=\"Requalifica\u00e7\u00e3o da Entrada Nascente Cascais, Apresenta\u00e7\u00e3o P\u00fablica\" \/>\n<meta property=\"og:description\" content=\"Requalifica\u00e7\u00e3o da Entrada Nascente Cascais, Apresenta\u00e7\u00e3o P\u00fablica, Jo\u00e3o Mour\u00e3o, Grupo Auchan, Miguel Pinto Luz, Carlos Carreiras, Cascais Televis\u00e3o, Portugal\" \/>\n<meta property=\"og:url\" content=\"https:\/\/www.tvportugal.tv\/portal\/requalificacao-da-entrada-nascente-cascais-apresentacao-publica\/\" \/>\n<meta property=\"og:site_name\" content=\"TV Portugal - Televis\u00e3o - Cascais - Sintra - Oeiras - Lisboa - Noticias\" \/>\n<meta property=\"article:published_time\" content=\"2017-02-16T15:52:47+00:00\" \/>\n<meta property=\"article:modified_time\" content=\"2017-02-16T15:53:00+00:00\" \/>\n<meta property=\"og:image\" content=\"https:\/\/www.tvportugal.tv\/portal\/wp-content\/uploads\/2017\/02\/TEMPL-LUZ.png\" \/>\n\t<meta property=\"og:image:width\" content=\"800\" \/>\n\t<meta property=\"og:image:height\" content=\"600\" \/>\n\t<meta property=\"og:image:type\" content=\"image\/png\" \/>\n<meta name=\"author\" content=\"Antonio Assuncao\" \/>\n<meta name=\"twitter:card\" content=\"summary_large_image\" \/>\n<meta name=\"twitter:label1\" content=\"Escrito por\" \/>\n\t<meta name=\"twitter:data1\" content=\"Antonio Assuncao\" \/>\n\t<meta name=\"twitter:label2\" content=\"Tempo estimado de leitura\" \/>\n\t<meta name=\"twitter:data2\" content=\"1 minuto\" \/>\n<script type=\"application\/ld+json\" class=\"yoast-schema-graph\">{\"@context\":\"https:\\\/\\\/schema.org\",\"@graph\":[{\"@type\":\"Article\",\"@id\":\"https:\\\/\\\/www.tvportugal.tv\\\/portal\\\/requalificacao-da-entrada-nascente-cascais-apresentacao-publica\\\/#article\",\"isPartOf\":{\"@id\":\"https:\\\/\\\/www.tvportugal.tv\\\/portal\\\/requalificacao-da-entrada-nascente-cascais-apresentacao-publica\\\/\"},\"author\":{\"name\":\"Antonio Assuncao\",\"@id\":\"https:\\\/\\\/www.tvportugal.tv\\\/portal\\\/#\\\/schema\\\/person\\\/3dd386a0a960b868c3daed310f5d8d6b\"},\"headline\":\"Requalifica\u00e7\u00e3o da Entrada Nascente Cascais, Apresenta\u00e7\u00e3o P\u00fablica\",\"datePublished\":\"2017-02-16T15:52:47+00:00\",\"dateModified\":\"2017-02-16T15:53:00+00:00\",\"mainEntityOfPage\":{\"@id\":\"https:\\\/\\\/www.tvportugal.tv\\\/portal\\\/requalificacao-da-entrada-nascente-cascais-apresentacao-publica\\\/\"},\"wordCount\":125,\"image\":{\"@id\":\"https:\\\/\\\/www.tvportugal.tv\\\/portal\\\/requalificacao-da-entrada-nascente-cascais-apresentacao-publica\\\/#primaryimage\"},\"thumbnailUrl\":\"https:\\\/\\\/www.tvportugal.tv\\\/portal\\\/wp-content\\\/uploads\\\/2017\\\/02\\\/TEMPL-LUZ.png\",\"keywords\":[\"Carlos Carreiras\",\"Cascais\",\"Nuno Piteira Lopes\",\"Pedro Morais Soares\"],\"articleSection\":[\"Cascais\",\"Comunidade\",\"Eventos\",\"Social\"],\"inLanguage\":\"pt-PT\"},{\"@type\":\"WebPage\",\"@id\":\"https:\\\/\\\/www.tvportugal.tv\\\/portal\\\/requalificacao-da-entrada-nascente-cascais-apresentacao-publica\\\/\",\"url\":\"https:\\\/\\\/www.tvportugal.tv\\\/portal\\\/requalificacao-da-entrada-nascente-cascais-apresentacao-publica\\\/\",\"name\":\"Requalifica\u00e7\u00e3o da Entrada Nascente Cascais, Apresenta\u00e7\u00e3o P\u00fablica\",\"isPartOf\":{\"@id\":\"https:\\\/\\\/www.tvportugal.tv\\\/portal\\\/#website\"},\"primaryImageOfPage\":{\"@id\":\"https:\\\/\\\/www.tvportugal.tv\\\/portal\\\/requalificacao-da-entrada-nascente-cascais-apresentacao-publica\\\/#primaryimage\"},\"image\":{\"@id\":\"https:\\\/\\\/www.tvportugal.tv\\\/portal\\\/requalificacao-da-entrada-nascente-cascais-apresentacao-publica\\\/#primaryimage\"},\"thumbnailUrl\":\"https:\\\/\\\/www.tvportugal.tv\\\/portal\\\/wp-content\\\/uploads\\\/2017\\\/02\\\/TEMPL-LUZ.png\",\"datePublished\":\"2017-02-16T15:52:47+00:00\",\"dateModified\":\"2017-02-16T15:53:00+00:00\",\"author\":{\"@id\":\"https:\\\/\\\/www.tvportugal.tv\\\/portal\\\/#\\\/schema\\\/person\\\/3dd386a0a960b868c3daed310f5d8d6b\"},\"description\":\"Requalifica\u00e7\u00e3o da Entrada Nascente Cascais, Apresenta\u00e7\u00e3o P\u00fablica, Jo\u00e3o Mour\u00e3o, Grupo Auchan, Miguel Pinto Luz, Carlos Carreiras, Cascais Televis\u00e3o, Portugal\",\"breadcrumb\":{\"@id\":\"https:\\\/\\\/www.tvportugal.tv\\\/portal\\\/requalificacao-da-entrada-nascente-cascais-apresentacao-publica\\\/#breadcrumb\"},\"inLanguage\":\"pt-PT\",\"potentialAction\":[{\"@type\":\"ReadAction\",\"target\":[\"https:\\\/\\\/www.tvportugal.tv\\\/portal\\\/requalificacao-da-entrada-nascente-cascais-apresentacao-publica\\\/\"]}]},{\"@type\":\"ImageObject\",\"inLanguage\":\"pt-PT\",\"@id\":\"https:\\\/\\\/www.tvportugal.tv\\\/portal\\\/requalificacao-da-entrada-nascente-cascais-apresentacao-publica\\\/#primaryimage\",\"url\":\"https:\\\/\\\/www.tvportugal.tv\\\/portal\\\/wp-content\\\/uploads\\\/2017\\\/02\\\/TEMPL-LUZ.png\",\"contentUrl\":\"https:\\\/\\\/www.tvportugal.tv\\\/portal\\\/wp-content\\\/uploads\\\/2017\\\/02\\\/TEMPL-LUZ.png\",\"width\":800,\"height\":600,\"caption\":\"Requalifica\u00e7\u00e3o da Entrada Nascente Cascais, Apresenta\u00e7\u00e3o P\u00fablica, Jo\u00e3o Mour\u00e3o, Grupo Auchan, Miguel Pinto Luz, Carlos Carreiras, Cascais, Televis\u00e3o, Portugal\"},{\"@type\":\"BreadcrumbList\",\"@id\":\"https:\\\/\\\/www.tvportugal.tv\\\/portal\\\/requalificacao-da-entrada-nascente-cascais-apresentacao-publica\\\/#breadcrumb\",\"itemListElement\":[{\"@type\":\"ListItem\",\"position\":1,\"name\":\"In\u00edcio\",\"item\":\"https:\\\/\\\/www.tvportugal.tv\\\/portal\\\/\"},{\"@type\":\"ListItem\",\"position\":2,\"name\":\"Requalifica\u00e7\u00e3o da Entrada Nascente Cascais, Apresenta\u00e7\u00e3o P\u00fablica\"}]},{\"@type\":\"WebSite\",\"@id\":\"https:\\\/\\\/www.tvportugal.tv\\\/portal\\\/#website\",\"url\":\"https:\\\/\\\/www.tvportugal.tv\\\/portal\\\/\",\"name\":\"TV Portugal - Televis\u00e3o - Cascais - Sintra - Oeiras - Lisboa - Noticias\",\"description\":\"Televis\u00e3o Cascais, Televis\u00e3o Estoril, Tv Web com produ\u00e7\u00e3o pr\u00f3pria da Regi\u00e3o de Lisboa, Televis\u00e3o On-line, Noticias de Cascais, Noticias de Sintra, Noticias de Lisboa, Videos, Reportagen\",\"potentialAction\":[{\"@type\":\"SearchAction\",\"target\":{\"@type\":\"EntryPoint\",\"urlTemplate\":\"https:\\\/\\\/www.tvportugal.tv\\\/portal\\\/?s={search_term_string}\"},\"query-input\":{\"@type\":\"PropertyValueSpecification\",\"valueRequired\":true,\"valueName\":\"search_term_string\"}}],\"inLanguage\":\"pt-PT\"},{\"@type\":\"Person\",\"@id\":\"https:\\\/\\\/www.tvportugal.tv\\\/portal\\\/#\\\/schema\\\/person\\\/3dd386a0a960b868c3daed310f5d8d6b\",\"name\":\"Antonio Assuncao\",\"image\":{\"@type\":\"ImageObject\",\"inLanguage\":\"pt-PT\",\"@id\":\"https:\\\/\\\/secure.gravatar.com\\\/avatar\\\/d8f395a7f86675d6142e7d6ee91f1232e911b4f5ad4a72e064ca4dde2d42881b?s=96&d=mm&r=g\",\"url\":\"https:\\\/\\\/secure.gravatar.com\\\/avatar\\\/d8f395a7f86675d6142e7d6ee91f1232e911b4f5ad4a72e064ca4dde2d42881b?s=96&d=mm&r=g\",\"contentUrl\":\"https:\\\/\\\/secure.gravatar.com\\\/avatar\\\/d8f395a7f86675d6142e7d6ee91f1232e911b4f5ad4a72e064ca4dde2d42881b?s=96&d=mm&r=g\",\"caption\":\"Antonio Assuncao\"},\"sameAs\":[\"http:\\\/\\\/www.tvportugal.tv\\\/\"],\"url\":\"https:\\\/\\\/www.tvportugal.tv\\\/portal\\\/author\\\/antonio-assuncao\\\/\"}]}<\/script>\n<!-- \/ Yoast SEO plugin. -->","yoast_head_json":{"title":"Requalifica\u00e7\u00e3o da Entrada Nascente Cascais, Apresenta\u00e7\u00e3o P\u00fablica","description":"Requalifica\u00e7\u00e3o da Entrada Nascente Cascais, Apresenta\u00e7\u00e3o P\u00fablica, Jo\u00e3o Mour\u00e3o, Grupo Auchan, Miguel Pinto Luz, Carlos Carreiras, Cascais Televis\u00e3o, Portugal","robots":{"index":"index","follow":"follow","max-snippet":"max-snippet:-1","max-image-preview":"max-image-preview:large","max-video-preview":"max-video-preview:-1"},"canonical":"https:\/\/www.tvportugal.tv\/portal\/requalificacao-da-entrada-nascente-cascais-apresentacao-publica\/","og_locale":"pt_PT","og_type":"article","og_title":"Requalifica\u00e7\u00e3o da Entrada Nascente Cascais, Apresenta\u00e7\u00e3o P\u00fablica","og_description":"Requalifica\u00e7\u00e3o da Entrada Nascente Cascais, Apresenta\u00e7\u00e3o P\u00fablica, Jo\u00e3o Mour\u00e3o, Grupo Auchan, Miguel Pinto Luz, Carlos Carreiras, Cascais Televis\u00e3o, Portugal","og_url":"https:\/\/www.tvportugal.tv\/portal\/requalificacao-da-entrada-nascente-cascais-apresentacao-publica\/","og_site_name":"TV Portugal - Televis\u00e3o - Cascais - Sintra - Oeiras - Lisboa - Noticias","article_published_time":"2017-02-16T15:52:47+00:00","article_modified_time":"2017-02-16T15:53:00+00:00","og_image":[{"width":800,"height":600,"url":"https:\/\/www.tvportugal.tv\/portal\/wp-content\/uploads\/2017\/02\/TEMPL-LUZ.png","type":"image\/png"}],"author":"Antonio Assuncao","twitter_card":"summary_large_image","twitter_misc":{"Escrito por":"Antonio Assuncao","Tempo estimado de leitura":"1 minuto"},"schema":{"@context":"https:\/\/schema.org","@graph":[{"@type":"Article","@id":"https:\/\/www.tvportugal.tv\/portal\/requalificacao-da-entrada-nascente-cascais-apresentacao-publica\/#article","isPartOf":{"@id":"https:\/\/www.tvportugal.tv\/portal\/requalificacao-da-entrada-nascente-cascais-apresentacao-publica\/"},"author":{"name":"Antonio Assuncao","@id":"https:\/\/www.tvportugal.tv\/portal\/#\/schema\/person\/3dd386a0a960b868c3daed310f5d8d6b"},"headline":"Requalifica\u00e7\u00e3o da Entrada Nascente Cascais, Apresenta\u00e7\u00e3o P\u00fablica","datePublished":"2017-02-16T15:52:47+00:00","dateModified":"2017-02-16T15:53:00+00:00","mainEntityOfPage":{"@id":"https:\/\/www.tvportugal.tv\/portal\/requalificacao-da-entrada-nascente-cascais-apresentacao-publica\/"},"wordCount":125,"image":{"@id":"https:\/\/www.tvportugal.tv\/portal\/requalificacao-da-entrada-nascente-cascais-apresentacao-publica\/#primaryimage"},"thumbnailUrl":"https:\/\/www.tvportugal.tv\/portal\/wp-content\/uploads\/2017\/02\/TEMPL-LUZ.png","keywords":["Carlos Carreiras","Cascais","Nuno Piteira Lopes","Pedro Morais Soares"],"articleSection":["Cascais","Comunidade","Eventos","Social"],"inLanguage":"pt-PT"},{"@type":"WebPage","@id":"https:\/\/www.tvportugal.tv\/portal\/requalificacao-da-entrada-nascente-cascais-apresentacao-publica\/","url":"https:\/\/www.tvportugal.tv\/portal\/requalificacao-da-entrada-nascente-cascais-apresentacao-publica\/","name":"Requalifica\u00e7\u00e3o da Entrada Nascente Cascais, Apresenta\u00e7\u00e3o P\u00fablica","isPartOf":{"@id":"https:\/\/www.tvportugal.tv\/portal\/#website"},"primaryImageOfPage":{"@id":"https:\/\/www.tvportugal.tv\/portal\/requalificacao-da-entrada-nascente-cascais-apresentacao-publica\/#primaryimage"},"image":{"@id":"https:\/\/www.tvportugal.tv\/portal\/requalificacao-da-entrada-nascente-cascais-apresentacao-publica\/#primaryimage"},"thumbnailUrl":"https:\/\/www.tvportugal.tv\/portal\/wp-content\/uploads\/2017\/02\/TEMPL-LUZ.png","datePublished":"2017-02-16T15:52:47+00:00","dateModified":"2017-02-16T15:53:00+00:00","author":{"@id":"https:\/\/www.tvportugal.tv\/portal\/#\/schema\/person\/3dd386a0a960b868c3daed310f5d8d6b"},"description":"Requalifica\u00e7\u00e3o da Entrada Nascente Cascais, Apresenta\u00e7\u00e3o P\u00fablica, Jo\u00e3o Mour\u00e3o, Grupo Auchan, Miguel Pinto Luz, Carlos Carreiras, Cascais Televis\u00e3o, Portugal","breadcrumb":{"@id":"https:\/\/www.tvportugal.tv\/portal\/requalificacao-da-entrada-nascente-cascais-apresentacao-publica\/#breadcrumb"},"inLanguage":"pt-PT","potentialAction":[{"@type":"ReadAction","target":["https:\/\/www.tvportugal.tv\/portal\/requalificacao-da-entrada-nascente-cascais-apresentacao-publica\/"]}]},{"@type":"ImageObject","inLanguage":"pt-PT","@id":"https:\/\/www.tvportugal.tv\/portal\/requalificacao-da-entrada-nascente-cascais-apresentacao-publica\/#primaryimage","url":"https:\/\/www.tvportugal.tv\/portal\/wp-content\/uploads\/2017\/02\/TEMPL-LUZ.png","contentUrl":"https:\/\/www.tvportugal.tv\/portal\/wp-content\/uploads\/2017\/02\/TEMPL-LUZ.png","width":800,"height":600,"caption":"Requalifica\u00e7\u00e3o da Entrada Nascente Cascais, Apresenta\u00e7\u00e3o P\u00fablica, Jo\u00e3o Mour\u00e3o, Grupo Auchan, Miguel Pinto Luz, Carlos Carreiras, Cascais, Televis\u00e3o, Portugal"},{"@type":"BreadcrumbList","@id":"https:\/\/www.tvportugal.tv\/portal\/requalificacao-da-entrada-nascente-cascais-apresentacao-publica\/#breadcrumb","itemListElement":[{"@type":"ListItem","position":1,"name":"In\u00edcio","item":"https:\/\/www.tvportugal.tv\/portal\/"},{"@type":"ListItem","position":2,"name":"Requalifica\u00e7\u00e3o da Entrada Nascente Cascais, Apresenta\u00e7\u00e3o P\u00fablica"}]},{"@type":"WebSite","@id":"https:\/\/www.tvportugal.tv\/portal\/#website","url":"https:\/\/www.tvportugal.tv\/portal\/","name":"TV Portugal - Televis\u00e3o - Cascais - Sintra - Oeiras - Lisboa - Noticias","description":"Televis\u00e3o Cascais, Televis\u00e3o Estoril, Tv Web com produ\u00e7\u00e3o pr\u00f3pria da Regi\u00e3o de Lisboa, Televis\u00e3o On-line, Noticias de Cascais, Noticias de Sintra, Noticias de Lisboa, Videos, Reportagen","potentialAction":[{"@type":"SearchAction","target":{"@type":"EntryPoint","urlTemplate":"https:\/\/www.tvportugal.tv\/portal\/?s={search_term_string}"},"query-input":{"@type":"PropertyValueSpecification","valueRequired":true,"valueName":"search_term_string"}}],"inLanguage":"pt-PT"},{"@type":"Person","@id":"https:\/\/www.tvportugal.tv\/portal\/#\/schema\/person\/3dd386a0a960b868c3daed310f5d8d6b","name":"Antonio Assuncao","image":{"@type":"ImageObject","inLanguage":"pt-PT","@id":"https:\/\/secure.gravatar.com\/avatar\/d8f395a7f86675d6142e7d6ee91f1232e911b4f5ad4a72e064ca4dde2d42881b?s=96&d=mm&r=g","url":"https:\/\/secure.gravatar.com\/avatar\/d8f395a7f86675d6142e7d6ee91f1232e911b4f5ad4a72e064ca4dde2d42881b?s=96&d=mm&r=g","contentUrl":"https:\/\/secure.gravatar.com\/avatar\/d8f395a7f86675d6142e7d6ee91f1232e911b4f5ad4a72e064ca4dde2d42881b?s=96&d=mm&r=g","caption":"Antonio Assuncao"},"sameAs":["http:\/\/www.tvportugal.tv\/"],"url":"https:\/\/www.tvportugal.tv\/portal\/author\/antonio-assuncao\/"}]}},"_links":{"self":[{"href":"https:\/\/www.tvportugal.tv\/portal\/wp-json\/wp\/v2\/posts\/4929","targetHints":{"allow":["GET"]}}],"collection":[{"href":"https:\/\/www.tvportugal.tv\/portal\/wp-json\/wp\/v2\/posts"}],"about":[{"href":"https:\/\/www.tvportugal.tv\/portal\/wp-json\/wp\/v2\/types\/post"}],"author":[{"embeddable":true,"href":"https:\/\/www.tvportugal.tv\/portal\/wp-json\/wp\/v2\/users\/2"}],"replies":[{"embeddable":true,"href":"https:\/\/www.tvportugal.tv\/portal\/wp-json\/wp\/v2\/comments?post=4929"}],"version-history":[{"count":1,"href":"https:\/\/www.tvportugal.tv\/portal\/wp-json\/wp\/v2\/posts\/4929\/revisions"}],"predecessor-version":[{"id":4931,"href":"https:\/\/www.tvportugal.tv\/portal\/wp-json\/wp\/v2\/posts\/4929\/revisions\/4931"}],"wp:featuredmedia":[{"embeddable":true,"href":"https:\/\/www.tvportugal.tv\/portal\/wp-json\/wp\/v2\/media\/4930"}],"wp:attachment":[{"href":"https:\/\/www.tvportugal.tv\/portal\/wp-json\/wp\/v2\/media?parent=4929"}],"wp:term":[{"taxonomy":"category","embeddable":true,"href":"https:\/\/www.tvportugal.tv\/portal\/wp-json\/wp\/v2\/categories?post=4929"},{"taxonomy":"post_tag","embeddable":true,"href":"https:\/\/www.tvportugal.tv\/portal\/wp-json\/wp\/v2\/tags?post=4929"}],"curies":[{"name":"wp","href":"https:\/\/api.w.org\/{rel}","templated":true}]}}