{"id":4846,"date":"2017-01-09T22:45:41","date_gmt":"2017-01-09T22:45:41","guid":{"rendered":"http:\/\/www.tvportugal.tv\/portal\/?p=4846"},"modified":"2017-01-14T23:46:34","modified_gmt":"2017-01-14T23:46:34","slug":"sede-social-do-g-d-praia-espaco-museologico-alexandre","status":"publish","type":"post","link":"https:\/\/www.tvportugal.tv\/portal\/sede-social-do-g-d-praia-espaco-museologico-alexandre\/","title":{"rendered":"Sede Social do G.D.E. Praia e Espa\u00e7o Museol\u00f3gico, Alexandre Faria"},"content":{"rendered":"<p>[vc_row][vc_column][vc_column_text]<\/p>\n<h2>Sede Social do G.D.E. Praia e Espa\u00e7o Museol\u00f3gico, Alexandre Faria<\/h2>\n<p>[\/vc_column_text][\/vc_column][\/vc_row][vc_row][vc_column][vc_column_text]&#8221;Conseguimos juntar aqui dois momentos fant\u00e1sticos, termos a possibilidade de inaugurar uma nova Sede Social com um espa\u00e7o museol\u00f3gico e com uma sala de trof\u00e9us que regista os momentos mais significativos da hist\u00f3ria do clube ao longo destes seus 77 anos mas conseguimos associar este momento ao Fernando Santos, termos o Seleccionador Nacional Campe\u00e3o Europeu connosco, (&#8230;).&#8221;Alexandre Faria, Presidente do Grupo Desportivo Estoril Praia.<br \/>\nReportagem, Imagem e Edi\u00e7\u00e3o &#8211; Ant\u00f3nio Assun\u00e7\u00e3o<br \/>\n2017 01 11[\/vc_column_text][\/vc_column][\/vc_row][vc_row][vc_column][vc_video link=&#8221;https:\/\/www.youtube.com\/watch?v=Zn8n95UoGNw&#8221;][\/vc_column][\/vc_row]<\/p>\n","protected":false},"excerpt":{"rendered":"<p>[vc_row][vc_column][vc_column_text] Sede Social do G.D.E. Praia e Espa\u00e7o Museol\u00f3gico, Alexandre Faria [\/vc_column_text][\/vc_column][\/vc_row][vc_row][vc_column][vc_column_text]&#8221;Conseguimos juntar aqui dois momentos fant\u00e1sticos, termos a possibilidade de inaugurar uma nova Sede Social com um espa\u00e7o museol\u00f3gico e com uma sala de trof\u00e9us que regista os momentos mais significativos da hist\u00f3ria do clube ao longo destes seus<span class=\"excerpt-hellip\"> [\u2026]<\/span><\/p>\n","protected":false},"author":2,"featured_media":4847,"comment_status":"closed","ping_status":"closed","sticky":false,"template":"","format":"standard","meta":{"footnotes":""},"categories":[42,137,50,65,47,41],"tags":[46,75,141,78,81,76],"class_list":["post-4846","post","type-post","status-publish","format-standard","has-post-thumbnail","hentry","category-cascais","category-comunidade","category-desporto","category-eventos","category-inauguracoes","category-social","tag-carlos-carreiras","tag-cascais","tag-frederico-pinho-de-almeida","tag-inauguracoes","tag-nuno-piteira-lopes","tag-pedro-morais-soares"],"yoast_head":"<!-- This site is optimized with the Yoast SEO plugin v27.5 - https:\/\/yoast.com\/product\/yoast-seo-wordpress\/ -->\n<title>Sede Social do G.D.E. Praia e Espa\u00e7o Museol\u00f3gico, Alexandre Faria<\/title>\n<meta name=\"description\" content=\"Sede Social do G.D.E. Praia e Espa\u00e7o Museol\u00f3gico, Alexandre Faria, Fernando Santos, Seleccionador Nacional, Humberto Coelho, Cascais Televis\u00e3o Portugal\" \/>\n<meta name=\"robots\" content=\"index, follow, max-snippet:-1, max-image-preview:large, max-video-preview:-1\" \/>\n<link rel=\"canonical\" href=\"https:\/\/www.tvportugal.tv\/portal\/sede-social-do-g-d-praia-espaco-museologico-alexandre\/\" \/>\n<meta property=\"og:locale\" content=\"pt_PT\" \/>\n<meta property=\"og:type\" content=\"article\" \/>\n<meta property=\"og:title\" content=\"Sede Social do G.D.E. Praia e Espa\u00e7o Museol\u00f3gico, Alexandre Faria\" \/>\n<meta property=\"og:description\" content=\"Sede Social do G.D.E. Praia e Espa\u00e7o Museol\u00f3gico, Alexandre Faria, Fernando Santos, Seleccionador Nacional, Humberto Coelho, Cascais Televis\u00e3o Portugal\" \/>\n<meta property=\"og:url\" content=\"https:\/\/www.tvportugal.tv\/portal\/sede-social-do-g-d-praia-espaco-museologico-alexandre\/\" \/>\n<meta property=\"og:site_name\" content=\"TV Portugal - Televis\u00e3o - Cascais - Sintra - Oeiras - Lisboa - Noticias\" \/>\n<meta property=\"article:published_time\" content=\"2017-01-09T22:45:41+00:00\" \/>\n<meta property=\"article:modified_time\" content=\"2017-01-14T23:46:34+00:00\" \/>\n<meta property=\"og:image\" content=\"https:\/\/www.tvportugal.tv\/portal\/wp-content\/uploads\/2017\/01\/Youtub-Alex.png\" \/>\n\t<meta property=\"og:image:width\" content=\"800\" \/>\n\t<meta property=\"og:image:height\" content=\"600\" \/>\n\t<meta property=\"og:image:type\" content=\"image\/png\" \/>\n<meta name=\"author\" content=\"Antonio Assuncao\" \/>\n<meta name=\"twitter:card\" content=\"summary_large_image\" \/>\n<meta name=\"twitter:label1\" content=\"Escrito por\" \/>\n\t<meta name=\"twitter:data1\" content=\"Antonio Assuncao\" \/>\n\t<meta name=\"twitter:label2\" content=\"Tempo estimado de leitura\" \/>\n\t<meta name=\"twitter:data2\" content=\"1 minuto\" \/>\n<script type=\"application\/ld+json\" class=\"yoast-schema-graph\">{\"@context\":\"https:\\\/\\\/schema.org\",\"@graph\":[{\"@type\":\"Article\",\"@id\":\"https:\\\/\\\/www.tvportugal.tv\\\/portal\\\/sede-social-do-g-d-praia-espaco-museologico-alexandre\\\/#article\",\"isPartOf\":{\"@id\":\"https:\\\/\\\/www.tvportugal.tv\\\/portal\\\/sede-social-do-g-d-praia-espaco-museologico-alexandre\\\/\"},\"author\":{\"name\":\"Antonio Assuncao\",\"@id\":\"https:\\\/\\\/www.tvportugal.tv\\\/portal\\\/#\\\/schema\\\/person\\\/3dd386a0a960b868c3daed310f5d8d6b\"},\"headline\":\"Sede Social do G.D.E. Praia e Espa\u00e7o Museol\u00f3gico, Alexandre Faria\",\"datePublished\":\"2017-01-09T22:45:41+00:00\",\"dateModified\":\"2017-01-14T23:46:34+00:00\",\"mainEntityOfPage\":{\"@id\":\"https:\\\/\\\/www.tvportugal.tv\\\/portal\\\/sede-social-do-g-d-praia-espaco-museologico-alexandre\\\/\"},\"wordCount\":155,\"image\":{\"@id\":\"https:\\\/\\\/www.tvportugal.tv\\\/portal\\\/sede-social-do-g-d-praia-espaco-museologico-alexandre\\\/#primaryimage\"},\"thumbnailUrl\":\"https:\\\/\\\/www.tvportugal.tv\\\/portal\\\/wp-content\\\/uploads\\\/2017\\\/01\\\/Youtub-Alex.png\",\"keywords\":[\"Carlos Carreiras\",\"Cascais\",\"Frederico Pinho de Almeida\",\"Inaugura\u00e7\u00f5es\",\"Nuno Piteira Lopes\",\"Pedro Morais Soares\"],\"articleSection\":[\"Cascais\",\"Comunidade\",\"Desporto\",\"Eventos\",\"Inaugura\u00e7\u00f5es\",\"Social\"],\"inLanguage\":\"pt-PT\"},{\"@type\":\"WebPage\",\"@id\":\"https:\\\/\\\/www.tvportugal.tv\\\/portal\\\/sede-social-do-g-d-praia-espaco-museologico-alexandre\\\/\",\"url\":\"https:\\\/\\\/www.tvportugal.tv\\\/portal\\\/sede-social-do-g-d-praia-espaco-museologico-alexandre\\\/\",\"name\":\"Sede Social do G.D.E. Praia e Espa\u00e7o Museol\u00f3gico, Alexandre Faria\",\"isPartOf\":{\"@id\":\"https:\\\/\\\/www.tvportugal.tv\\\/portal\\\/#website\"},\"primaryImageOfPage\":{\"@id\":\"https:\\\/\\\/www.tvportugal.tv\\\/portal\\\/sede-social-do-g-d-praia-espaco-museologico-alexandre\\\/#primaryimage\"},\"image\":{\"@id\":\"https:\\\/\\\/www.tvportugal.tv\\\/portal\\\/sede-social-do-g-d-praia-espaco-museologico-alexandre\\\/#primaryimage\"},\"thumbnailUrl\":\"https:\\\/\\\/www.tvportugal.tv\\\/portal\\\/wp-content\\\/uploads\\\/2017\\\/01\\\/Youtub-Alex.png\",\"datePublished\":\"2017-01-09T22:45:41+00:00\",\"dateModified\":\"2017-01-14T23:46:34+00:00\",\"author\":{\"@id\":\"https:\\\/\\\/www.tvportugal.tv\\\/portal\\\/#\\\/schema\\\/person\\\/3dd386a0a960b868c3daed310f5d8d6b\"},\"description\":\"Sede Social do G.D.E. Praia e Espa\u00e7o Museol\u00f3gico, Alexandre Faria, Fernando Santos, Seleccionador Nacional, Humberto Coelho, Cascais Televis\u00e3o Portugal\",\"breadcrumb\":{\"@id\":\"https:\\\/\\\/www.tvportugal.tv\\\/portal\\\/sede-social-do-g-d-praia-espaco-museologico-alexandre\\\/#breadcrumb\"},\"inLanguage\":\"pt-PT\",\"potentialAction\":[{\"@type\":\"ReadAction\",\"target\":[\"https:\\\/\\\/www.tvportugal.tv\\\/portal\\\/sede-social-do-g-d-praia-espaco-museologico-alexandre\\\/\"]}]},{\"@type\":\"ImageObject\",\"inLanguage\":\"pt-PT\",\"@id\":\"https:\\\/\\\/www.tvportugal.tv\\\/portal\\\/sede-social-do-g-d-praia-espaco-museologico-alexandre\\\/#primaryimage\",\"url\":\"https:\\\/\\\/www.tvportugal.tv\\\/portal\\\/wp-content\\\/uploads\\\/2017\\\/01\\\/Youtub-Alex.png\",\"contentUrl\":\"https:\\\/\\\/www.tvportugal.tv\\\/portal\\\/wp-content\\\/uploads\\\/2017\\\/01\\\/Youtub-Alex.png\",\"width\":800,\"height\":600,\"caption\":\"Sede Social do G.D.E. Praia e Espa\u00e7o Museol\u00f3gico, Alexandre Faria, Fernando Santos, Seleccionador Nacional, Humberto Coelho, Cascais Televis\u00e3o Portugal\"},{\"@type\":\"BreadcrumbList\",\"@id\":\"https:\\\/\\\/www.tvportugal.tv\\\/portal\\\/sede-social-do-g-d-praia-espaco-museologico-alexandre\\\/#breadcrumb\",\"itemListElement\":[{\"@type\":\"ListItem\",\"position\":1,\"name\":\"In\u00edcio\",\"item\":\"https:\\\/\\\/www.tvportugal.tv\\\/portal\\\/\"},{\"@type\":\"ListItem\",\"position\":2,\"name\":\"Sede Social do G.D.E. Praia e Espa\u00e7o Museol\u00f3gico, Alexandre Faria\"}]},{\"@type\":\"WebSite\",\"@id\":\"https:\\\/\\\/www.tvportugal.tv\\\/portal\\\/#website\",\"url\":\"https:\\\/\\\/www.tvportugal.tv\\\/portal\\\/\",\"name\":\"TV Portugal - Televis\u00e3o - Cascais - Sintra - Oeiras - Lisboa - Noticias\",\"description\":\"Televis\u00e3o Cascais, Televis\u00e3o Estoril, Tv Web com produ\u00e7\u00e3o pr\u00f3pria da Regi\u00e3o de Lisboa, Televis\u00e3o On-line, Noticias de Cascais, Noticias de Sintra, Noticias de Lisboa, Videos, Reportagen\",\"potentialAction\":[{\"@type\":\"SearchAction\",\"target\":{\"@type\":\"EntryPoint\",\"urlTemplate\":\"https:\\\/\\\/www.tvportugal.tv\\\/portal\\\/?s={search_term_string}\"},\"query-input\":{\"@type\":\"PropertyValueSpecification\",\"valueRequired\":true,\"valueName\":\"search_term_string\"}}],\"inLanguage\":\"pt-PT\"},{\"@type\":\"Person\",\"@id\":\"https:\\\/\\\/www.tvportugal.tv\\\/portal\\\/#\\\/schema\\\/person\\\/3dd386a0a960b868c3daed310f5d8d6b\",\"name\":\"Antonio Assuncao\",\"image\":{\"@type\":\"ImageObject\",\"inLanguage\":\"pt-PT\",\"@id\":\"https:\\\/\\\/secure.gravatar.com\\\/avatar\\\/d8f395a7f86675d6142e7d6ee91f1232e911b4f5ad4a72e064ca4dde2d42881b?s=96&d=mm&r=g\",\"url\":\"https:\\\/\\\/secure.gravatar.com\\\/avatar\\\/d8f395a7f86675d6142e7d6ee91f1232e911b4f5ad4a72e064ca4dde2d42881b?s=96&d=mm&r=g\",\"contentUrl\":\"https:\\\/\\\/secure.gravatar.com\\\/avatar\\\/d8f395a7f86675d6142e7d6ee91f1232e911b4f5ad4a72e064ca4dde2d42881b?s=96&d=mm&r=g\",\"caption\":\"Antonio Assuncao\"},\"sameAs\":[\"http:\\\/\\\/www.tvportugal.tv\\\/\"],\"url\":\"https:\\\/\\\/www.tvportugal.tv\\\/portal\\\/author\\\/antonio-assuncao\\\/\"}]}<\/script>\n<!-- \/ Yoast SEO plugin. -->","yoast_head_json":{"title":"Sede Social do G.D.E. Praia e Espa\u00e7o Museol\u00f3gico, Alexandre Faria","description":"Sede Social do G.D.E. Praia e Espa\u00e7o Museol\u00f3gico, Alexandre Faria, Fernando Santos, Seleccionador Nacional, Humberto Coelho, Cascais Televis\u00e3o Portugal","robots":{"index":"index","follow":"follow","max-snippet":"max-snippet:-1","max-image-preview":"max-image-preview:large","max-video-preview":"max-video-preview:-1"},"canonical":"https:\/\/www.tvportugal.tv\/portal\/sede-social-do-g-d-praia-espaco-museologico-alexandre\/","og_locale":"pt_PT","og_type":"article","og_title":"Sede Social do G.D.E. Praia e Espa\u00e7o Museol\u00f3gico, Alexandre Faria","og_description":"Sede Social do G.D.E. Praia e Espa\u00e7o Museol\u00f3gico, Alexandre Faria, Fernando Santos, Seleccionador Nacional, Humberto Coelho, Cascais Televis\u00e3o Portugal","og_url":"https:\/\/www.tvportugal.tv\/portal\/sede-social-do-g-d-praia-espaco-museologico-alexandre\/","og_site_name":"TV Portugal - Televis\u00e3o - Cascais - Sintra - Oeiras - Lisboa - Noticias","article_published_time":"2017-01-09T22:45:41+00:00","article_modified_time":"2017-01-14T23:46:34+00:00","og_image":[{"width":800,"height":600,"url":"https:\/\/www.tvportugal.tv\/portal\/wp-content\/uploads\/2017\/01\/Youtub-Alex.png","type":"image\/png"}],"author":"Antonio Assuncao","twitter_card":"summary_large_image","twitter_misc":{"Escrito por":"Antonio Assuncao","Tempo estimado de leitura":"1 minuto"},"schema":{"@context":"https:\/\/schema.org","@graph":[{"@type":"Article","@id":"https:\/\/www.tvportugal.tv\/portal\/sede-social-do-g-d-praia-espaco-museologico-alexandre\/#article","isPartOf":{"@id":"https:\/\/www.tvportugal.tv\/portal\/sede-social-do-g-d-praia-espaco-museologico-alexandre\/"},"author":{"name":"Antonio Assuncao","@id":"https:\/\/www.tvportugal.tv\/portal\/#\/schema\/person\/3dd386a0a960b868c3daed310f5d8d6b"},"headline":"Sede Social do G.D.E. Praia e Espa\u00e7o Museol\u00f3gico, Alexandre Faria","datePublished":"2017-01-09T22:45:41+00:00","dateModified":"2017-01-14T23:46:34+00:00","mainEntityOfPage":{"@id":"https:\/\/www.tvportugal.tv\/portal\/sede-social-do-g-d-praia-espaco-museologico-alexandre\/"},"wordCount":155,"image":{"@id":"https:\/\/www.tvportugal.tv\/portal\/sede-social-do-g-d-praia-espaco-museologico-alexandre\/#primaryimage"},"thumbnailUrl":"https:\/\/www.tvportugal.tv\/portal\/wp-content\/uploads\/2017\/01\/Youtub-Alex.png","keywords":["Carlos Carreiras","Cascais","Frederico Pinho de Almeida","Inaugura\u00e7\u00f5es","Nuno Piteira Lopes","Pedro Morais Soares"],"articleSection":["Cascais","Comunidade","Desporto","Eventos","Inaugura\u00e7\u00f5es","Social"],"inLanguage":"pt-PT"},{"@type":"WebPage","@id":"https:\/\/www.tvportugal.tv\/portal\/sede-social-do-g-d-praia-espaco-museologico-alexandre\/","url":"https:\/\/www.tvportugal.tv\/portal\/sede-social-do-g-d-praia-espaco-museologico-alexandre\/","name":"Sede Social do G.D.E. Praia e Espa\u00e7o Museol\u00f3gico, Alexandre Faria","isPartOf":{"@id":"https:\/\/www.tvportugal.tv\/portal\/#website"},"primaryImageOfPage":{"@id":"https:\/\/www.tvportugal.tv\/portal\/sede-social-do-g-d-praia-espaco-museologico-alexandre\/#primaryimage"},"image":{"@id":"https:\/\/www.tvportugal.tv\/portal\/sede-social-do-g-d-praia-espaco-museologico-alexandre\/#primaryimage"},"thumbnailUrl":"https:\/\/www.tvportugal.tv\/portal\/wp-content\/uploads\/2017\/01\/Youtub-Alex.png","datePublished":"2017-01-09T22:45:41+00:00","dateModified":"2017-01-14T23:46:34+00:00","author":{"@id":"https:\/\/www.tvportugal.tv\/portal\/#\/schema\/person\/3dd386a0a960b868c3daed310f5d8d6b"},"description":"Sede Social do G.D.E. Praia e Espa\u00e7o Museol\u00f3gico, Alexandre Faria, Fernando Santos, Seleccionador Nacional, Humberto Coelho, Cascais Televis\u00e3o Portugal","breadcrumb":{"@id":"https:\/\/www.tvportugal.tv\/portal\/sede-social-do-g-d-praia-espaco-museologico-alexandre\/#breadcrumb"},"inLanguage":"pt-PT","potentialAction":[{"@type":"ReadAction","target":["https:\/\/www.tvportugal.tv\/portal\/sede-social-do-g-d-praia-espaco-museologico-alexandre\/"]}]},{"@type":"ImageObject","inLanguage":"pt-PT","@id":"https:\/\/www.tvportugal.tv\/portal\/sede-social-do-g-d-praia-espaco-museologico-alexandre\/#primaryimage","url":"https:\/\/www.tvportugal.tv\/portal\/wp-content\/uploads\/2017\/01\/Youtub-Alex.png","contentUrl":"https:\/\/www.tvportugal.tv\/portal\/wp-content\/uploads\/2017\/01\/Youtub-Alex.png","width":800,"height":600,"caption":"Sede Social do G.D.E. Praia e Espa\u00e7o Museol\u00f3gico, Alexandre Faria, Fernando Santos, Seleccionador Nacional, Humberto Coelho, Cascais Televis\u00e3o Portugal"},{"@type":"BreadcrumbList","@id":"https:\/\/www.tvportugal.tv\/portal\/sede-social-do-g-d-praia-espaco-museologico-alexandre\/#breadcrumb","itemListElement":[{"@type":"ListItem","position":1,"name":"In\u00edcio","item":"https:\/\/www.tvportugal.tv\/portal\/"},{"@type":"ListItem","position":2,"name":"Sede Social do G.D.E. Praia e Espa\u00e7o Museol\u00f3gico, Alexandre Faria"}]},{"@type":"WebSite","@id":"https:\/\/www.tvportugal.tv\/portal\/#website","url":"https:\/\/www.tvportugal.tv\/portal\/","name":"TV Portugal - Televis\u00e3o - Cascais - Sintra - Oeiras - Lisboa - Noticias","description":"Televis\u00e3o Cascais, Televis\u00e3o Estoril, Tv Web com produ\u00e7\u00e3o pr\u00f3pria da Regi\u00e3o de Lisboa, Televis\u00e3o On-line, Noticias de Cascais, Noticias de Sintra, Noticias de Lisboa, Videos, Reportagen","potentialAction":[{"@type":"SearchAction","target":{"@type":"EntryPoint","urlTemplate":"https:\/\/www.tvportugal.tv\/portal\/?s={search_term_string}"},"query-input":{"@type":"PropertyValueSpecification","valueRequired":true,"valueName":"search_term_string"}}],"inLanguage":"pt-PT"},{"@type":"Person","@id":"https:\/\/www.tvportugal.tv\/portal\/#\/schema\/person\/3dd386a0a960b868c3daed310f5d8d6b","name":"Antonio Assuncao","image":{"@type":"ImageObject","inLanguage":"pt-PT","@id":"https:\/\/secure.gravatar.com\/avatar\/d8f395a7f86675d6142e7d6ee91f1232e911b4f5ad4a72e064ca4dde2d42881b?s=96&d=mm&r=g","url":"https:\/\/secure.gravatar.com\/avatar\/d8f395a7f86675d6142e7d6ee91f1232e911b4f5ad4a72e064ca4dde2d42881b?s=96&d=mm&r=g","contentUrl":"https:\/\/secure.gravatar.com\/avatar\/d8f395a7f86675d6142e7d6ee91f1232e911b4f5ad4a72e064ca4dde2d42881b?s=96&d=mm&r=g","caption":"Antonio Assuncao"},"sameAs":["http:\/\/www.tvportugal.tv\/"],"url":"https:\/\/www.tvportugal.tv\/portal\/author\/antonio-assuncao\/"}]}},"_links":{"self":[{"href":"https:\/\/www.tvportugal.tv\/portal\/wp-json\/wp\/v2\/posts\/4846","targetHints":{"allow":["GET"]}}],"collection":[{"href":"https:\/\/www.tvportugal.tv\/portal\/wp-json\/wp\/v2\/posts"}],"about":[{"href":"https:\/\/www.tvportugal.tv\/portal\/wp-json\/wp\/v2\/types\/post"}],"author":[{"embeddable":true,"href":"https:\/\/www.tvportugal.tv\/portal\/wp-json\/wp\/v2\/users\/2"}],"replies":[{"embeddable":true,"href":"https:\/\/www.tvportugal.tv\/portal\/wp-json\/wp\/v2\/comments?post=4846"}],"version-history":[{"count":1,"href":"https:\/\/www.tvportugal.tv\/portal\/wp-json\/wp\/v2\/posts\/4846\/revisions"}],"predecessor-version":[{"id":4848,"href":"https:\/\/www.tvportugal.tv\/portal\/wp-json\/wp\/v2\/posts\/4846\/revisions\/4848"}],"wp:featuredmedia":[{"embeddable":true,"href":"https:\/\/www.tvportugal.tv\/portal\/wp-json\/wp\/v2\/media\/4847"}],"wp:attachment":[{"href":"https:\/\/www.tvportugal.tv\/portal\/wp-json\/wp\/v2\/media?parent=4846"}],"wp:term":[{"taxonomy":"category","embeddable":true,"href":"https:\/\/www.tvportugal.tv\/portal\/wp-json\/wp\/v2\/categories?post=4846"},{"taxonomy":"post_tag","embeddable":true,"href":"https:\/\/www.tvportugal.tv\/portal\/wp-json\/wp\/v2\/tags?post=4846"}],"curies":[{"name":"wp","href":"https:\/\/api.w.org\/{rel}","templated":true}]}}