{"id":4345,"date":"2015-10-13T21:50:35","date_gmt":"2015-10-13T21:50:35","guid":{"rendered":"http:\/\/www.tvportugal.tv\/portal\/?p=4345"},"modified":"2016-12-08T21:42:34","modified_gmt":"2016-12-08T21:42:34","slug":"festa-do-animal-parque-marechal-carmona-sao-francisco-de-assis","status":"publish","type":"post","link":"https:\/\/www.tvportugal.tv\/portal\/festa-do-animal-parque-marechal-carmona-sao-francisco-de-assis\/","title":{"rendered":"Festa do Animal, Parque Marechal Carmona, S\u00e3o Francisco de Assis &#8211; Cascais"},"content":{"rendered":"<p>[vc_row][vc_column][vc_column_text]<\/p>\n<h2>Festa do Animal, S\u00e3o Francisco de Assis &#8211; Cascais<\/h2>\n<p>[\/vc_column_text][\/vc_column][\/vc_row][vc_row][vc_column][vc_column_text]Carlos Carreiras, Presidente da C. M. de Cascais e Jo\u00e3o Salgado, Vice &#8211; Presidente da Associa\u00e7\u00e3o S\u00e3o Francisco de Assis, falam da Festa do Animal que decorreu no passado S\u00e1bado, dia 10 de Outubro, no Parque Marechal Carmona.<br \/>\nReportagem, Imagem e Edi\u00e7\u00e3o &#8211; Ant\u00f3nio Assun\u00e7\u00e3o<br \/>\n2015 10 13[\/vc_column_text][\/vc_column][\/vc_row][vc_row][vc_column][vc_video link=&#8221;https:\/\/www.youtube.com\/watch?v=MAwRs6JJsmU&#8221;][\/vc_column][\/vc_row]<\/p>\n","protected":false},"excerpt":{"rendered":"<p>[vc_row][vc_column][vc_column_text] Festa do Animal, S\u00e3o Francisco de Assis &#8211; Cascais [\/vc_column_text][\/vc_column][\/vc_row][vc_row][vc_column][vc_column_text]Carlos Carreiras, Presidente da C. M. de Cascais e Jo\u00e3o Salgado, Vice &#8211; Presidente da Associa\u00e7\u00e3o S\u00e3o Francisco de Assis, falam da Festa do Animal que decorreu no passado S\u00e1bado, dia 10 de Outubro, no Parque Marechal Carmona. Reportagem, Imagem<span class=\"excerpt-hellip\"> [\u2026]<\/span><\/p>\n","protected":false},"author":2,"featured_media":4602,"comment_status":"closed","ping_status":"closed","sticky":false,"template":"","format":"standard","meta":{"footnotes":""},"categories":[42,137,65,53],"tags":[151,46,75,55],"class_list":["post-4345","post","type-post","status-publish","format-standard","has-post-thumbnail","hentry","category-cascais","category-comunidade","category-eventos","category-festas","tag-associacao","tag-carlos-carreiras","tag-cascais","tag-festa"],"yoast_head":"<!-- This site is optimized with the Yoast SEO plugin v27.5 - https:\/\/yoast.com\/product\/yoast-seo-wordpress\/ -->\n<title>Festa do Animal, Parque Marechal Carmona, S\u00e3o Francisco de Assis<\/title>\n<meta name=\"description\" content=\"Festa do Animal, Parque Marechal Carmona, S\u00e3o Francisco de Assis Cascais, 10 de Outubro, Carlos Carreiras, Associa\u00e7\u00e3o S\u00e3o Francisco de Assis\" \/>\n<meta name=\"robots\" content=\"index, follow, max-snippet:-1, max-image-preview:large, max-video-preview:-1\" \/>\n<link rel=\"canonical\" href=\"https:\/\/www.tvportugal.tv\/portal\/festa-do-animal-parque-marechal-carmona-sao-francisco-de-assis\/\" \/>\n<meta property=\"og:locale\" content=\"pt_PT\" \/>\n<meta property=\"og:type\" content=\"article\" \/>\n<meta property=\"og:title\" content=\"Festa do Animal, Parque Marechal Carmona, S\u00e3o Francisco de Assis\" \/>\n<meta property=\"og:description\" content=\"Festa do Animal, Parque Marechal Carmona, S\u00e3o Francisco de Assis Cascais, 10 de Outubro, Carlos Carreiras, Associa\u00e7\u00e3o S\u00e3o Francisco de Assis\" \/>\n<meta property=\"og:url\" content=\"https:\/\/www.tvportugal.tv\/portal\/festa-do-animal-parque-marechal-carmona-sao-francisco-de-assis\/\" \/>\n<meta property=\"og:site_name\" content=\"TV Portugal - Televis\u00e3o - Cascais - Sintra - Oeiras - Lisboa - Noticias\" \/>\n<meta property=\"article:published_time\" content=\"2015-10-13T21:50:35+00:00\" \/>\n<meta property=\"article:modified_time\" content=\"2016-12-08T21:42:34+00:00\" \/>\n<meta property=\"og:image\" content=\"https:\/\/www.tvportugal.tv\/portal\/wp-content\/uploads\/2015\/10\/festa-animal.jpg\" \/>\n\t<meta property=\"og:image:width\" content=\"800\" \/>\n\t<meta property=\"og:image:height\" content=\"600\" \/>\n\t<meta property=\"og:image:type\" content=\"image\/jpeg\" \/>\n<meta name=\"author\" content=\"Antonio Assuncao\" \/>\n<meta name=\"twitter:card\" content=\"summary_large_image\" \/>\n<meta name=\"twitter:label1\" content=\"Escrito por\" \/>\n\t<meta name=\"twitter:data1\" content=\"Antonio Assuncao\" \/>\n\t<meta name=\"twitter:label2\" content=\"Tempo estimado de leitura\" \/>\n\t<meta name=\"twitter:data2\" content=\"1 minuto\" \/>\n<script type=\"application\/ld+json\" class=\"yoast-schema-graph\">{\"@context\":\"https:\\\/\\\/schema.org\",\"@graph\":[{\"@type\":\"Article\",\"@id\":\"https:\\\/\\\/www.tvportugal.tv\\\/portal\\\/festa-do-animal-parque-marechal-carmona-sao-francisco-de-assis\\\/#article\",\"isPartOf\":{\"@id\":\"https:\\\/\\\/www.tvportugal.tv\\\/portal\\\/festa-do-animal-parque-marechal-carmona-sao-francisco-de-assis\\\/\"},\"author\":{\"name\":\"Antonio Assuncao\",\"@id\":\"https:\\\/\\\/www.tvportugal.tv\\\/portal\\\/#\\\/schema\\\/person\\\/3dd386a0a960b868c3daed310f5d8d6b\"},\"headline\":\"Festa do Animal, Parque Marechal Carmona, S\u00e3o Francisco de Assis &#8211; Cascais\",\"datePublished\":\"2015-10-13T21:50:35+00:00\",\"dateModified\":\"2016-12-08T21:42:34+00:00\",\"mainEntityOfPage\":{\"@id\":\"https:\\\/\\\/www.tvportugal.tv\\\/portal\\\/festa-do-animal-parque-marechal-carmona-sao-francisco-de-assis\\\/\"},\"wordCount\":121,\"image\":{\"@id\":\"https:\\\/\\\/www.tvportugal.tv\\\/portal\\\/festa-do-animal-parque-marechal-carmona-sao-francisco-de-assis\\\/#primaryimage\"},\"thumbnailUrl\":\"https:\\\/\\\/www.tvportugal.tv\\\/portal\\\/wp-content\\\/uploads\\\/2015\\\/10\\\/festa-animal.jpg\",\"keywords\":[\"Associa\u00e7\u00e3o\",\"Carlos Carreiras\",\"Cascais\",\"Festa\"],\"articleSection\":[\"Cascais\",\"Comunidade\",\"Eventos\",\"Festas\"],\"inLanguage\":\"pt-PT\"},{\"@type\":\"WebPage\",\"@id\":\"https:\\\/\\\/www.tvportugal.tv\\\/portal\\\/festa-do-animal-parque-marechal-carmona-sao-francisco-de-assis\\\/\",\"url\":\"https:\\\/\\\/www.tvportugal.tv\\\/portal\\\/festa-do-animal-parque-marechal-carmona-sao-francisco-de-assis\\\/\",\"name\":\"Festa do Animal, Parque Marechal Carmona, S\u00e3o Francisco de Assis\",\"isPartOf\":{\"@id\":\"https:\\\/\\\/www.tvportugal.tv\\\/portal\\\/#website\"},\"primaryImageOfPage\":{\"@id\":\"https:\\\/\\\/www.tvportugal.tv\\\/portal\\\/festa-do-animal-parque-marechal-carmona-sao-francisco-de-assis\\\/#primaryimage\"},\"image\":{\"@id\":\"https:\\\/\\\/www.tvportugal.tv\\\/portal\\\/festa-do-animal-parque-marechal-carmona-sao-francisco-de-assis\\\/#primaryimage\"},\"thumbnailUrl\":\"https:\\\/\\\/www.tvportugal.tv\\\/portal\\\/wp-content\\\/uploads\\\/2015\\\/10\\\/festa-animal.jpg\",\"datePublished\":\"2015-10-13T21:50:35+00:00\",\"dateModified\":\"2016-12-08T21:42:34+00:00\",\"author\":{\"@id\":\"https:\\\/\\\/www.tvportugal.tv\\\/portal\\\/#\\\/schema\\\/person\\\/3dd386a0a960b868c3daed310f5d8d6b\"},\"description\":\"Festa do Animal, Parque Marechal Carmona, S\u00e3o Francisco de Assis Cascais, 10 de Outubro, Carlos Carreiras, Associa\u00e7\u00e3o S\u00e3o Francisco de Assis\",\"breadcrumb\":{\"@id\":\"https:\\\/\\\/www.tvportugal.tv\\\/portal\\\/festa-do-animal-parque-marechal-carmona-sao-francisco-de-assis\\\/#breadcrumb\"},\"inLanguage\":\"pt-PT\",\"potentialAction\":[{\"@type\":\"ReadAction\",\"target\":[\"https:\\\/\\\/www.tvportugal.tv\\\/portal\\\/festa-do-animal-parque-marechal-carmona-sao-francisco-de-assis\\\/\"]}]},{\"@type\":\"ImageObject\",\"inLanguage\":\"pt-PT\",\"@id\":\"https:\\\/\\\/www.tvportugal.tv\\\/portal\\\/festa-do-animal-parque-marechal-carmona-sao-francisco-de-assis\\\/#primaryimage\",\"url\":\"https:\\\/\\\/www.tvportugal.tv\\\/portal\\\/wp-content\\\/uploads\\\/2015\\\/10\\\/festa-animal.jpg\",\"contentUrl\":\"https:\\\/\\\/www.tvportugal.tv\\\/portal\\\/wp-content\\\/uploads\\\/2015\\\/10\\\/festa-animal.jpg\",\"width\":800,\"height\":600,\"caption\":\"Festa do Animal, Parque Marechal Carmona, S\u00e3o Francisco de Assis Cascais, 10 de Outubro, Carlos Carreiras, Associa\u00e7\u00e3o S\u00e3o Francisco de Assis\"},{\"@type\":\"BreadcrumbList\",\"@id\":\"https:\\\/\\\/www.tvportugal.tv\\\/portal\\\/festa-do-animal-parque-marechal-carmona-sao-francisco-de-assis\\\/#breadcrumb\",\"itemListElement\":[{\"@type\":\"ListItem\",\"position\":1,\"name\":\"In\u00edcio\",\"item\":\"https:\\\/\\\/www.tvportugal.tv\\\/portal\\\/\"},{\"@type\":\"ListItem\",\"position\":2,\"name\":\"Festa do Animal, Parque Marechal Carmona, S\u00e3o Francisco de Assis &#8211; Cascais\"}]},{\"@type\":\"WebSite\",\"@id\":\"https:\\\/\\\/www.tvportugal.tv\\\/portal\\\/#website\",\"url\":\"https:\\\/\\\/www.tvportugal.tv\\\/portal\\\/\",\"name\":\"TV Portugal - Televis\u00e3o - Cascais - Sintra - Oeiras - Lisboa - Noticias\",\"description\":\"Televis\u00e3o Cascais, Televis\u00e3o Estoril, Tv Web com produ\u00e7\u00e3o pr\u00f3pria da Regi\u00e3o de Lisboa, Televis\u00e3o On-line, Noticias de Cascais, Noticias de Sintra, Noticias de Lisboa, Videos, Reportagen\",\"potentialAction\":[{\"@type\":\"SearchAction\",\"target\":{\"@type\":\"EntryPoint\",\"urlTemplate\":\"https:\\\/\\\/www.tvportugal.tv\\\/portal\\\/?s={search_term_string}\"},\"query-input\":{\"@type\":\"PropertyValueSpecification\",\"valueRequired\":true,\"valueName\":\"search_term_string\"}}],\"inLanguage\":\"pt-PT\"},{\"@type\":\"Person\",\"@id\":\"https:\\\/\\\/www.tvportugal.tv\\\/portal\\\/#\\\/schema\\\/person\\\/3dd386a0a960b868c3daed310f5d8d6b\",\"name\":\"Antonio Assuncao\",\"image\":{\"@type\":\"ImageObject\",\"inLanguage\":\"pt-PT\",\"@id\":\"https:\\\/\\\/secure.gravatar.com\\\/avatar\\\/d8f395a7f86675d6142e7d6ee91f1232e911b4f5ad4a72e064ca4dde2d42881b?s=96&d=mm&r=g\",\"url\":\"https:\\\/\\\/secure.gravatar.com\\\/avatar\\\/d8f395a7f86675d6142e7d6ee91f1232e911b4f5ad4a72e064ca4dde2d42881b?s=96&d=mm&r=g\",\"contentUrl\":\"https:\\\/\\\/secure.gravatar.com\\\/avatar\\\/d8f395a7f86675d6142e7d6ee91f1232e911b4f5ad4a72e064ca4dde2d42881b?s=96&d=mm&r=g\",\"caption\":\"Antonio Assuncao\"},\"sameAs\":[\"http:\\\/\\\/www.tvportugal.tv\\\/\"],\"url\":\"https:\\\/\\\/www.tvportugal.tv\\\/portal\\\/author\\\/antonio-assuncao\\\/\"}]}<\/script>\n<!-- \/ Yoast SEO plugin. -->","yoast_head_json":{"title":"Festa do Animal, Parque Marechal Carmona, S\u00e3o Francisco de Assis","description":"Festa do Animal, Parque Marechal Carmona, S\u00e3o Francisco de Assis Cascais, 10 de Outubro, Carlos Carreiras, Associa\u00e7\u00e3o S\u00e3o Francisco de Assis","robots":{"index":"index","follow":"follow","max-snippet":"max-snippet:-1","max-image-preview":"max-image-preview:large","max-video-preview":"max-video-preview:-1"},"canonical":"https:\/\/www.tvportugal.tv\/portal\/festa-do-animal-parque-marechal-carmona-sao-francisco-de-assis\/","og_locale":"pt_PT","og_type":"article","og_title":"Festa do Animal, Parque Marechal Carmona, S\u00e3o Francisco de Assis","og_description":"Festa do Animal, Parque Marechal Carmona, S\u00e3o Francisco de Assis Cascais, 10 de Outubro, Carlos Carreiras, Associa\u00e7\u00e3o S\u00e3o Francisco de Assis","og_url":"https:\/\/www.tvportugal.tv\/portal\/festa-do-animal-parque-marechal-carmona-sao-francisco-de-assis\/","og_site_name":"TV Portugal - Televis\u00e3o - Cascais - Sintra - Oeiras - Lisboa - Noticias","article_published_time":"2015-10-13T21:50:35+00:00","article_modified_time":"2016-12-08T21:42:34+00:00","og_image":[{"width":800,"height":600,"url":"https:\/\/www.tvportugal.tv\/portal\/wp-content\/uploads\/2015\/10\/festa-animal.jpg","type":"image\/jpeg"}],"author":"Antonio Assuncao","twitter_card":"summary_large_image","twitter_misc":{"Escrito por":"Antonio Assuncao","Tempo estimado de leitura":"1 minuto"},"schema":{"@context":"https:\/\/schema.org","@graph":[{"@type":"Article","@id":"https:\/\/www.tvportugal.tv\/portal\/festa-do-animal-parque-marechal-carmona-sao-francisco-de-assis\/#article","isPartOf":{"@id":"https:\/\/www.tvportugal.tv\/portal\/festa-do-animal-parque-marechal-carmona-sao-francisco-de-assis\/"},"author":{"name":"Antonio Assuncao","@id":"https:\/\/www.tvportugal.tv\/portal\/#\/schema\/person\/3dd386a0a960b868c3daed310f5d8d6b"},"headline":"Festa do Animal, Parque Marechal Carmona, S\u00e3o Francisco de Assis &#8211; Cascais","datePublished":"2015-10-13T21:50:35+00:00","dateModified":"2016-12-08T21:42:34+00:00","mainEntityOfPage":{"@id":"https:\/\/www.tvportugal.tv\/portal\/festa-do-animal-parque-marechal-carmona-sao-francisco-de-assis\/"},"wordCount":121,"image":{"@id":"https:\/\/www.tvportugal.tv\/portal\/festa-do-animal-parque-marechal-carmona-sao-francisco-de-assis\/#primaryimage"},"thumbnailUrl":"https:\/\/www.tvportugal.tv\/portal\/wp-content\/uploads\/2015\/10\/festa-animal.jpg","keywords":["Associa\u00e7\u00e3o","Carlos Carreiras","Cascais","Festa"],"articleSection":["Cascais","Comunidade","Eventos","Festas"],"inLanguage":"pt-PT"},{"@type":"WebPage","@id":"https:\/\/www.tvportugal.tv\/portal\/festa-do-animal-parque-marechal-carmona-sao-francisco-de-assis\/","url":"https:\/\/www.tvportugal.tv\/portal\/festa-do-animal-parque-marechal-carmona-sao-francisco-de-assis\/","name":"Festa do Animal, Parque Marechal Carmona, S\u00e3o Francisco de Assis","isPartOf":{"@id":"https:\/\/www.tvportugal.tv\/portal\/#website"},"primaryImageOfPage":{"@id":"https:\/\/www.tvportugal.tv\/portal\/festa-do-animal-parque-marechal-carmona-sao-francisco-de-assis\/#primaryimage"},"image":{"@id":"https:\/\/www.tvportugal.tv\/portal\/festa-do-animal-parque-marechal-carmona-sao-francisco-de-assis\/#primaryimage"},"thumbnailUrl":"https:\/\/www.tvportugal.tv\/portal\/wp-content\/uploads\/2015\/10\/festa-animal.jpg","datePublished":"2015-10-13T21:50:35+00:00","dateModified":"2016-12-08T21:42:34+00:00","author":{"@id":"https:\/\/www.tvportugal.tv\/portal\/#\/schema\/person\/3dd386a0a960b868c3daed310f5d8d6b"},"description":"Festa do Animal, Parque Marechal Carmona, S\u00e3o Francisco de Assis Cascais, 10 de Outubro, Carlos Carreiras, Associa\u00e7\u00e3o S\u00e3o Francisco de Assis","breadcrumb":{"@id":"https:\/\/www.tvportugal.tv\/portal\/festa-do-animal-parque-marechal-carmona-sao-francisco-de-assis\/#breadcrumb"},"inLanguage":"pt-PT","potentialAction":[{"@type":"ReadAction","target":["https:\/\/www.tvportugal.tv\/portal\/festa-do-animal-parque-marechal-carmona-sao-francisco-de-assis\/"]}]},{"@type":"ImageObject","inLanguage":"pt-PT","@id":"https:\/\/www.tvportugal.tv\/portal\/festa-do-animal-parque-marechal-carmona-sao-francisco-de-assis\/#primaryimage","url":"https:\/\/www.tvportugal.tv\/portal\/wp-content\/uploads\/2015\/10\/festa-animal.jpg","contentUrl":"https:\/\/www.tvportugal.tv\/portal\/wp-content\/uploads\/2015\/10\/festa-animal.jpg","width":800,"height":600,"caption":"Festa do Animal, Parque Marechal Carmona, S\u00e3o Francisco de Assis Cascais, 10 de Outubro, Carlos Carreiras, Associa\u00e7\u00e3o S\u00e3o Francisco de Assis"},{"@type":"BreadcrumbList","@id":"https:\/\/www.tvportugal.tv\/portal\/festa-do-animal-parque-marechal-carmona-sao-francisco-de-assis\/#breadcrumb","itemListElement":[{"@type":"ListItem","position":1,"name":"In\u00edcio","item":"https:\/\/www.tvportugal.tv\/portal\/"},{"@type":"ListItem","position":2,"name":"Festa do Animal, Parque Marechal Carmona, S\u00e3o Francisco de Assis &#8211; Cascais"}]},{"@type":"WebSite","@id":"https:\/\/www.tvportugal.tv\/portal\/#website","url":"https:\/\/www.tvportugal.tv\/portal\/","name":"TV Portugal - Televis\u00e3o - Cascais - Sintra - Oeiras - Lisboa - Noticias","description":"Televis\u00e3o Cascais, Televis\u00e3o Estoril, Tv Web com produ\u00e7\u00e3o pr\u00f3pria da Regi\u00e3o de Lisboa, Televis\u00e3o On-line, Noticias de Cascais, Noticias de Sintra, Noticias de Lisboa, Videos, Reportagen","potentialAction":[{"@type":"SearchAction","target":{"@type":"EntryPoint","urlTemplate":"https:\/\/www.tvportugal.tv\/portal\/?s={search_term_string}"},"query-input":{"@type":"PropertyValueSpecification","valueRequired":true,"valueName":"search_term_string"}}],"inLanguage":"pt-PT"},{"@type":"Person","@id":"https:\/\/www.tvportugal.tv\/portal\/#\/schema\/person\/3dd386a0a960b868c3daed310f5d8d6b","name":"Antonio Assuncao","image":{"@type":"ImageObject","inLanguage":"pt-PT","@id":"https:\/\/secure.gravatar.com\/avatar\/d8f395a7f86675d6142e7d6ee91f1232e911b4f5ad4a72e064ca4dde2d42881b?s=96&d=mm&r=g","url":"https:\/\/secure.gravatar.com\/avatar\/d8f395a7f86675d6142e7d6ee91f1232e911b4f5ad4a72e064ca4dde2d42881b?s=96&d=mm&r=g","contentUrl":"https:\/\/secure.gravatar.com\/avatar\/d8f395a7f86675d6142e7d6ee91f1232e911b4f5ad4a72e064ca4dde2d42881b?s=96&d=mm&r=g","caption":"Antonio Assuncao"},"sameAs":["http:\/\/www.tvportugal.tv\/"],"url":"https:\/\/www.tvportugal.tv\/portal\/author\/antonio-assuncao\/"}]}},"_links":{"self":[{"href":"https:\/\/www.tvportugal.tv\/portal\/wp-json\/wp\/v2\/posts\/4345","targetHints":{"allow":["GET"]}}],"collection":[{"href":"https:\/\/www.tvportugal.tv\/portal\/wp-json\/wp\/v2\/posts"}],"about":[{"href":"https:\/\/www.tvportugal.tv\/portal\/wp-json\/wp\/v2\/types\/post"}],"author":[{"embeddable":true,"href":"https:\/\/www.tvportugal.tv\/portal\/wp-json\/wp\/v2\/users\/2"}],"replies":[{"embeddable":true,"href":"https:\/\/www.tvportugal.tv\/portal\/wp-json\/wp\/v2\/comments?post=4345"}],"version-history":[{"count":2,"href":"https:\/\/www.tvportugal.tv\/portal\/wp-json\/wp\/v2\/posts\/4345\/revisions"}],"predecessor-version":[{"id":4603,"href":"https:\/\/www.tvportugal.tv\/portal\/wp-json\/wp\/v2\/posts\/4345\/revisions\/4603"}],"wp:featuredmedia":[{"embeddable":true,"href":"https:\/\/www.tvportugal.tv\/portal\/wp-json\/wp\/v2\/media\/4602"}],"wp:attachment":[{"href":"https:\/\/www.tvportugal.tv\/portal\/wp-json\/wp\/v2\/media?parent=4345"}],"wp:term":[{"taxonomy":"category","embeddable":true,"href":"https:\/\/www.tvportugal.tv\/portal\/wp-json\/wp\/v2\/categories?post=4345"},{"taxonomy":"post_tag","embeddable":true,"href":"https:\/\/www.tvportugal.tv\/portal\/wp-json\/wp\/v2\/tags?post=4345"}],"curies":[{"name":"wp","href":"https:\/\/api.w.org\/{rel}","templated":true}]}}