{"id":4335,"date":"2015-10-26T16:01:47","date_gmt":"2015-10-26T16:01:47","guid":{"rendered":"http:\/\/www.tvportugal.tv\/portal\/?p=4335"},"modified":"2016-12-08T21:26:26","modified_gmt":"2016-12-08T21:26:26","slug":"policia-seguranca-publica-accao-sensibilizacao-c-m-cascais-j-f-cascais-estoril","status":"publish","type":"post","link":"https:\/\/www.tvportugal.tv\/portal\/policia-seguranca-publica-accao-sensibilizacao-c-m-cascais-j-f-cascais-estoril\/","title":{"rendered":"Pol\u00edcia de Seguran\u00e7a P\u00fablica, Ac\u00e7\u00e3o de Sensibiliza\u00e7\u00e3o, C. M. Cascais e J.F. Cascais Estoril"},"content":{"rendered":"<p>[vc_row][vc_column][vc_column_text]<\/p>\n<h2>PSP, Ac\u00e7\u00e3o de Sensibiliza\u00e7\u00e3o<\/h2>\n<p>[\/vc_column_text][\/vc_column][\/vc_row][vc_row][vc_column][vc_column_text]Decorreu hoje, 26 de Outubro, na Casa das Hist\u00f3rias Paula Rego uma ac\u00e7\u00e3o de sensibiliza\u00e7\u00e3o para as situa\u00e7\u00f5es de burla junto dos mais idosos protagonizada pelos mesmos. Iniciativa da PSP de Cascais que contou com o apoio da Junta de Freguesia Cascais &#8211; Estoril e C. M. de Cascais.<br \/>\nReportagem, Imagem e Edi\u00e7\u00e3o &#8211; Ant\u00f3nio Assun\u00e7\u00e3o<br \/>\n2015 10 26[\/vc_column_text][\/vc_column][\/vc_row][vc_row][vc_column][vc_video link=&#8221;https:\/\/www.youtube.com\/watch?v=ETGmCXneTW8&#8243;][\/vc_column][\/vc_row]<\/p>\n","protected":false},"excerpt":{"rendered":"<p>[vc_row][vc_column][vc_column_text] PSP, Ac\u00e7\u00e3o de Sensibiliza\u00e7\u00e3o [\/vc_column_text][\/vc_column][\/vc_row][vc_row][vc_column][vc_column_text]Decorreu hoje, 26 de Outubro, na Casa das Hist\u00f3rias Paula Rego uma ac\u00e7\u00e3o de sensibiliza\u00e7\u00e3o para as situa\u00e7\u00f5es de burla junto dos mais idosos protagonizada pelos mesmos. Iniciativa da PSP de Cascais que contou com o apoio da Junta de Freguesia Cascais &#8211; Estoril e<span class=\"excerpt-hellip\"> [\u2026]<\/span><\/p>\n","protected":false},"author":2,"featured_media":4598,"comment_status":"closed","ping_status":"closed","sticky":false,"template":"","format":"standard","meta":{"footnotes":""},"categories":[42,137,65],"tags":[46,75,76,109],"class_list":["post-4335","post","type-post","status-publish","format-standard","has-post-thumbnail","hentry","category-cascais","category-comunidade","category-eventos","tag-carlos-carreiras","tag-cascais","tag-pedro-morais-soares","tag-solidariedade"],"yoast_head":"<!-- This site is optimized with the Yoast SEO plugin v27.5 - https:\/\/yoast.com\/product\/yoast-seo-wordpress\/ -->\n<title>Pol\u00edcia de Seguran\u00e7a P\u00fablica, Ac\u00e7\u00e3o de Sensibiliza\u00e7\u00e3o, Teatro, Portugal<\/title>\n<meta name=\"description\" content=\"Pol\u00edcia de Seguran\u00e7a P\u00fablica, Ac\u00e7\u00e3o de Sensibiliza\u00e7\u00e3o, C\u00e2mara Municipal Cascais, Junta de Freguesia de Cascais Estoril, Carlos Carreiras, Portugal\" \/>\n<meta name=\"robots\" content=\"index, follow, max-snippet:-1, max-image-preview:large, max-video-preview:-1\" \/>\n<link rel=\"canonical\" href=\"https:\/\/www.tvportugal.tv\/portal\/policia-seguranca-publica-accao-sensibilizacao-c-m-cascais-j-f-cascais-estoril\/\" \/>\n<meta property=\"og:locale\" content=\"pt_PT\" \/>\n<meta property=\"og:type\" content=\"article\" \/>\n<meta property=\"og:title\" content=\"Pol\u00edcia de Seguran\u00e7a P\u00fablica, Ac\u00e7\u00e3o de Sensibiliza\u00e7\u00e3o, Teatro, Portugal\" \/>\n<meta property=\"og:description\" content=\"Pol\u00edcia de Seguran\u00e7a P\u00fablica, Ac\u00e7\u00e3o de Sensibiliza\u00e7\u00e3o, C\u00e2mara Municipal Cascais, Junta de Freguesia de Cascais Estoril, Carlos Carreiras, Portugal\" \/>\n<meta property=\"og:url\" content=\"https:\/\/www.tvportugal.tv\/portal\/policia-seguranca-publica-accao-sensibilizacao-c-m-cascais-j-f-cascais-estoril\/\" \/>\n<meta property=\"og:site_name\" content=\"TV Portugal - Televis\u00e3o - Cascais - Sintra - Oeiras - Lisboa - Noticias\" \/>\n<meta property=\"article:published_time\" content=\"2015-10-26T16:01:47+00:00\" \/>\n<meta property=\"article:modified_time\" content=\"2016-12-08T21:26:26+00:00\" \/>\n<meta property=\"og:image\" content=\"https:\/\/www.tvportugal.tv\/portal\/wp-content\/uploads\/2015\/10\/psp.jpg\" \/>\n\t<meta property=\"og:image:width\" content=\"800\" \/>\n\t<meta property=\"og:image:height\" content=\"600\" \/>\n\t<meta property=\"og:image:type\" content=\"image\/jpeg\" \/>\n<meta name=\"author\" content=\"Antonio Assuncao\" \/>\n<meta name=\"twitter:card\" content=\"summary_large_image\" \/>\n<meta name=\"twitter:label1\" content=\"Escrito por\" \/>\n\t<meta name=\"twitter:data1\" content=\"Antonio Assuncao\" \/>\n\t<meta name=\"twitter:label2\" content=\"Tempo estimado de leitura\" \/>\n\t<meta name=\"twitter:data2\" content=\"1 minuto\" \/>\n<script type=\"application\/ld+json\" class=\"yoast-schema-graph\">{\"@context\":\"https:\\\/\\\/schema.org\",\"@graph\":[{\"@type\":\"Article\",\"@id\":\"https:\\\/\\\/www.tvportugal.tv\\\/portal\\\/policia-seguranca-publica-accao-sensibilizacao-c-m-cascais-j-f-cascais-estoril\\\/#article\",\"isPartOf\":{\"@id\":\"https:\\\/\\\/www.tvportugal.tv\\\/portal\\\/policia-seguranca-publica-accao-sensibilizacao-c-m-cascais-j-f-cascais-estoril\\\/\"},\"author\":{\"name\":\"Antonio Assuncao\",\"@id\":\"https:\\\/\\\/www.tvportugal.tv\\\/portal\\\/#\\\/schema\\\/person\\\/3dd386a0a960b868c3daed310f5d8d6b\"},\"headline\":\"Pol\u00edcia de Seguran\u00e7a P\u00fablica, Ac\u00e7\u00e3o de Sensibiliza\u00e7\u00e3o, C. M. Cascais e J.F. Cascais Estoril\",\"datePublished\":\"2015-10-26T16:01:47+00:00\",\"dateModified\":\"2016-12-08T21:26:26+00:00\",\"mainEntityOfPage\":{\"@id\":\"https:\\\/\\\/www.tvportugal.tv\\\/portal\\\/policia-seguranca-publica-accao-sensibilizacao-c-m-cascais-j-f-cascais-estoril\\\/\"},\"wordCount\":134,\"image\":{\"@id\":\"https:\\\/\\\/www.tvportugal.tv\\\/portal\\\/policia-seguranca-publica-accao-sensibilizacao-c-m-cascais-j-f-cascais-estoril\\\/#primaryimage\"},\"thumbnailUrl\":\"https:\\\/\\\/www.tvportugal.tv\\\/portal\\\/wp-content\\\/uploads\\\/2015\\\/10\\\/psp.jpg\",\"keywords\":[\"Carlos Carreiras\",\"Cascais\",\"Pedro Morais Soares\",\"Solidariedade\"],\"articleSection\":[\"Cascais\",\"Comunidade\",\"Eventos\"],\"inLanguage\":\"pt-PT\"},{\"@type\":\"WebPage\",\"@id\":\"https:\\\/\\\/www.tvportugal.tv\\\/portal\\\/policia-seguranca-publica-accao-sensibilizacao-c-m-cascais-j-f-cascais-estoril\\\/\",\"url\":\"https:\\\/\\\/www.tvportugal.tv\\\/portal\\\/policia-seguranca-publica-accao-sensibilizacao-c-m-cascais-j-f-cascais-estoril\\\/\",\"name\":\"Pol\u00edcia de Seguran\u00e7a P\u00fablica, Ac\u00e7\u00e3o de Sensibiliza\u00e7\u00e3o, Teatro, Portugal\",\"isPartOf\":{\"@id\":\"https:\\\/\\\/www.tvportugal.tv\\\/portal\\\/#website\"},\"primaryImageOfPage\":{\"@id\":\"https:\\\/\\\/www.tvportugal.tv\\\/portal\\\/policia-seguranca-publica-accao-sensibilizacao-c-m-cascais-j-f-cascais-estoril\\\/#primaryimage\"},\"image\":{\"@id\":\"https:\\\/\\\/www.tvportugal.tv\\\/portal\\\/policia-seguranca-publica-accao-sensibilizacao-c-m-cascais-j-f-cascais-estoril\\\/#primaryimage\"},\"thumbnailUrl\":\"https:\\\/\\\/www.tvportugal.tv\\\/portal\\\/wp-content\\\/uploads\\\/2015\\\/10\\\/psp.jpg\",\"datePublished\":\"2015-10-26T16:01:47+00:00\",\"dateModified\":\"2016-12-08T21:26:26+00:00\",\"author\":{\"@id\":\"https:\\\/\\\/www.tvportugal.tv\\\/portal\\\/#\\\/schema\\\/person\\\/3dd386a0a960b868c3daed310f5d8d6b\"},\"description\":\"Pol\u00edcia de Seguran\u00e7a P\u00fablica, Ac\u00e7\u00e3o de Sensibiliza\u00e7\u00e3o, C\u00e2mara Municipal Cascais, Junta de Freguesia de Cascais Estoril, Carlos Carreiras, Portugal\",\"breadcrumb\":{\"@id\":\"https:\\\/\\\/www.tvportugal.tv\\\/portal\\\/policia-seguranca-publica-accao-sensibilizacao-c-m-cascais-j-f-cascais-estoril\\\/#breadcrumb\"},\"inLanguage\":\"pt-PT\",\"potentialAction\":[{\"@type\":\"ReadAction\",\"target\":[\"https:\\\/\\\/www.tvportugal.tv\\\/portal\\\/policia-seguranca-publica-accao-sensibilizacao-c-m-cascais-j-f-cascais-estoril\\\/\"]}]},{\"@type\":\"ImageObject\",\"inLanguage\":\"pt-PT\",\"@id\":\"https:\\\/\\\/www.tvportugal.tv\\\/portal\\\/policia-seguranca-publica-accao-sensibilizacao-c-m-cascais-j-f-cascais-estoril\\\/#primaryimage\",\"url\":\"https:\\\/\\\/www.tvportugal.tv\\\/portal\\\/wp-content\\\/uploads\\\/2015\\\/10\\\/psp.jpg\",\"contentUrl\":\"https:\\\/\\\/www.tvportugal.tv\\\/portal\\\/wp-content\\\/uploads\\\/2015\\\/10\\\/psp.jpg\",\"width\":800,\"height\":600,\"caption\":\"Pol\u00edcia de Seguran\u00e7a P\u00fablica, Ac\u00e7\u00e3o de Sensibiliza\u00e7\u00e3o, C\u00e2mara Municipal Cascais, Junta de Freguesia de Cascais Estoril, Carlos Carreiras, Portugal\"},{\"@type\":\"BreadcrumbList\",\"@id\":\"https:\\\/\\\/www.tvportugal.tv\\\/portal\\\/policia-seguranca-publica-accao-sensibilizacao-c-m-cascais-j-f-cascais-estoril\\\/#breadcrumb\",\"itemListElement\":[{\"@type\":\"ListItem\",\"position\":1,\"name\":\"In\u00edcio\",\"item\":\"https:\\\/\\\/www.tvportugal.tv\\\/portal\\\/\"},{\"@type\":\"ListItem\",\"position\":2,\"name\":\"Pol\u00edcia de Seguran\u00e7a P\u00fablica, Ac\u00e7\u00e3o de Sensibiliza\u00e7\u00e3o, C. M. Cascais e J.F. Cascais Estoril\"}]},{\"@type\":\"WebSite\",\"@id\":\"https:\\\/\\\/www.tvportugal.tv\\\/portal\\\/#website\",\"url\":\"https:\\\/\\\/www.tvportugal.tv\\\/portal\\\/\",\"name\":\"TV Portugal - Televis\u00e3o - Cascais - Sintra - Oeiras - Lisboa - Noticias\",\"description\":\"Televis\u00e3o Cascais, Televis\u00e3o Estoril, Tv Web com produ\u00e7\u00e3o pr\u00f3pria da Regi\u00e3o de Lisboa, Televis\u00e3o On-line, Noticias de Cascais, Noticias de Sintra, Noticias de Lisboa, Videos, Reportagen\",\"potentialAction\":[{\"@type\":\"SearchAction\",\"target\":{\"@type\":\"EntryPoint\",\"urlTemplate\":\"https:\\\/\\\/www.tvportugal.tv\\\/portal\\\/?s={search_term_string}\"},\"query-input\":{\"@type\":\"PropertyValueSpecification\",\"valueRequired\":true,\"valueName\":\"search_term_string\"}}],\"inLanguage\":\"pt-PT\"},{\"@type\":\"Person\",\"@id\":\"https:\\\/\\\/www.tvportugal.tv\\\/portal\\\/#\\\/schema\\\/person\\\/3dd386a0a960b868c3daed310f5d8d6b\",\"name\":\"Antonio Assuncao\",\"image\":{\"@type\":\"ImageObject\",\"inLanguage\":\"pt-PT\",\"@id\":\"https:\\\/\\\/secure.gravatar.com\\\/avatar\\\/d8f395a7f86675d6142e7d6ee91f1232e911b4f5ad4a72e064ca4dde2d42881b?s=96&d=mm&r=g\",\"url\":\"https:\\\/\\\/secure.gravatar.com\\\/avatar\\\/d8f395a7f86675d6142e7d6ee91f1232e911b4f5ad4a72e064ca4dde2d42881b?s=96&d=mm&r=g\",\"contentUrl\":\"https:\\\/\\\/secure.gravatar.com\\\/avatar\\\/d8f395a7f86675d6142e7d6ee91f1232e911b4f5ad4a72e064ca4dde2d42881b?s=96&d=mm&r=g\",\"caption\":\"Antonio Assuncao\"},\"sameAs\":[\"http:\\\/\\\/www.tvportugal.tv\\\/\"],\"url\":\"https:\\\/\\\/www.tvportugal.tv\\\/portal\\\/author\\\/antonio-assuncao\\\/\"}]}<\/script>\n<!-- \/ Yoast SEO plugin. -->","yoast_head_json":{"title":"Pol\u00edcia de Seguran\u00e7a P\u00fablica, Ac\u00e7\u00e3o de Sensibiliza\u00e7\u00e3o, Teatro, Portugal","description":"Pol\u00edcia de Seguran\u00e7a P\u00fablica, Ac\u00e7\u00e3o de Sensibiliza\u00e7\u00e3o, C\u00e2mara Municipal Cascais, Junta de Freguesia de Cascais Estoril, Carlos Carreiras, Portugal","robots":{"index":"index","follow":"follow","max-snippet":"max-snippet:-1","max-image-preview":"max-image-preview:large","max-video-preview":"max-video-preview:-1"},"canonical":"https:\/\/www.tvportugal.tv\/portal\/policia-seguranca-publica-accao-sensibilizacao-c-m-cascais-j-f-cascais-estoril\/","og_locale":"pt_PT","og_type":"article","og_title":"Pol\u00edcia de Seguran\u00e7a P\u00fablica, Ac\u00e7\u00e3o de Sensibiliza\u00e7\u00e3o, Teatro, Portugal","og_description":"Pol\u00edcia de Seguran\u00e7a P\u00fablica, Ac\u00e7\u00e3o de Sensibiliza\u00e7\u00e3o, C\u00e2mara Municipal Cascais, Junta de Freguesia de Cascais Estoril, Carlos Carreiras, Portugal","og_url":"https:\/\/www.tvportugal.tv\/portal\/policia-seguranca-publica-accao-sensibilizacao-c-m-cascais-j-f-cascais-estoril\/","og_site_name":"TV Portugal - Televis\u00e3o - Cascais - Sintra - Oeiras - Lisboa - Noticias","article_published_time":"2015-10-26T16:01:47+00:00","article_modified_time":"2016-12-08T21:26:26+00:00","og_image":[{"width":800,"height":600,"url":"https:\/\/www.tvportugal.tv\/portal\/wp-content\/uploads\/2015\/10\/psp.jpg","type":"image\/jpeg"}],"author":"Antonio Assuncao","twitter_card":"summary_large_image","twitter_misc":{"Escrito por":"Antonio Assuncao","Tempo estimado de leitura":"1 minuto"},"schema":{"@context":"https:\/\/schema.org","@graph":[{"@type":"Article","@id":"https:\/\/www.tvportugal.tv\/portal\/policia-seguranca-publica-accao-sensibilizacao-c-m-cascais-j-f-cascais-estoril\/#article","isPartOf":{"@id":"https:\/\/www.tvportugal.tv\/portal\/policia-seguranca-publica-accao-sensibilizacao-c-m-cascais-j-f-cascais-estoril\/"},"author":{"name":"Antonio Assuncao","@id":"https:\/\/www.tvportugal.tv\/portal\/#\/schema\/person\/3dd386a0a960b868c3daed310f5d8d6b"},"headline":"Pol\u00edcia de Seguran\u00e7a P\u00fablica, Ac\u00e7\u00e3o de Sensibiliza\u00e7\u00e3o, C. M. Cascais e J.F. Cascais Estoril","datePublished":"2015-10-26T16:01:47+00:00","dateModified":"2016-12-08T21:26:26+00:00","mainEntityOfPage":{"@id":"https:\/\/www.tvportugal.tv\/portal\/policia-seguranca-publica-accao-sensibilizacao-c-m-cascais-j-f-cascais-estoril\/"},"wordCount":134,"image":{"@id":"https:\/\/www.tvportugal.tv\/portal\/policia-seguranca-publica-accao-sensibilizacao-c-m-cascais-j-f-cascais-estoril\/#primaryimage"},"thumbnailUrl":"https:\/\/www.tvportugal.tv\/portal\/wp-content\/uploads\/2015\/10\/psp.jpg","keywords":["Carlos Carreiras","Cascais","Pedro Morais Soares","Solidariedade"],"articleSection":["Cascais","Comunidade","Eventos"],"inLanguage":"pt-PT"},{"@type":"WebPage","@id":"https:\/\/www.tvportugal.tv\/portal\/policia-seguranca-publica-accao-sensibilizacao-c-m-cascais-j-f-cascais-estoril\/","url":"https:\/\/www.tvportugal.tv\/portal\/policia-seguranca-publica-accao-sensibilizacao-c-m-cascais-j-f-cascais-estoril\/","name":"Pol\u00edcia de Seguran\u00e7a P\u00fablica, Ac\u00e7\u00e3o de Sensibiliza\u00e7\u00e3o, Teatro, Portugal","isPartOf":{"@id":"https:\/\/www.tvportugal.tv\/portal\/#website"},"primaryImageOfPage":{"@id":"https:\/\/www.tvportugal.tv\/portal\/policia-seguranca-publica-accao-sensibilizacao-c-m-cascais-j-f-cascais-estoril\/#primaryimage"},"image":{"@id":"https:\/\/www.tvportugal.tv\/portal\/policia-seguranca-publica-accao-sensibilizacao-c-m-cascais-j-f-cascais-estoril\/#primaryimage"},"thumbnailUrl":"https:\/\/www.tvportugal.tv\/portal\/wp-content\/uploads\/2015\/10\/psp.jpg","datePublished":"2015-10-26T16:01:47+00:00","dateModified":"2016-12-08T21:26:26+00:00","author":{"@id":"https:\/\/www.tvportugal.tv\/portal\/#\/schema\/person\/3dd386a0a960b868c3daed310f5d8d6b"},"description":"Pol\u00edcia de Seguran\u00e7a P\u00fablica, Ac\u00e7\u00e3o de Sensibiliza\u00e7\u00e3o, C\u00e2mara Municipal Cascais, Junta de Freguesia de Cascais Estoril, Carlos Carreiras, Portugal","breadcrumb":{"@id":"https:\/\/www.tvportugal.tv\/portal\/policia-seguranca-publica-accao-sensibilizacao-c-m-cascais-j-f-cascais-estoril\/#breadcrumb"},"inLanguage":"pt-PT","potentialAction":[{"@type":"ReadAction","target":["https:\/\/www.tvportugal.tv\/portal\/policia-seguranca-publica-accao-sensibilizacao-c-m-cascais-j-f-cascais-estoril\/"]}]},{"@type":"ImageObject","inLanguage":"pt-PT","@id":"https:\/\/www.tvportugal.tv\/portal\/policia-seguranca-publica-accao-sensibilizacao-c-m-cascais-j-f-cascais-estoril\/#primaryimage","url":"https:\/\/www.tvportugal.tv\/portal\/wp-content\/uploads\/2015\/10\/psp.jpg","contentUrl":"https:\/\/www.tvportugal.tv\/portal\/wp-content\/uploads\/2015\/10\/psp.jpg","width":800,"height":600,"caption":"Pol\u00edcia de Seguran\u00e7a P\u00fablica, Ac\u00e7\u00e3o de Sensibiliza\u00e7\u00e3o, C\u00e2mara Municipal Cascais, Junta de Freguesia de Cascais Estoril, Carlos Carreiras, Portugal"},{"@type":"BreadcrumbList","@id":"https:\/\/www.tvportugal.tv\/portal\/policia-seguranca-publica-accao-sensibilizacao-c-m-cascais-j-f-cascais-estoril\/#breadcrumb","itemListElement":[{"@type":"ListItem","position":1,"name":"In\u00edcio","item":"https:\/\/www.tvportugal.tv\/portal\/"},{"@type":"ListItem","position":2,"name":"Pol\u00edcia de Seguran\u00e7a P\u00fablica, Ac\u00e7\u00e3o de Sensibiliza\u00e7\u00e3o, C. M. Cascais e J.F. Cascais Estoril"}]},{"@type":"WebSite","@id":"https:\/\/www.tvportugal.tv\/portal\/#website","url":"https:\/\/www.tvportugal.tv\/portal\/","name":"TV Portugal - Televis\u00e3o - Cascais - Sintra - Oeiras - Lisboa - Noticias","description":"Televis\u00e3o Cascais, Televis\u00e3o Estoril, Tv Web com produ\u00e7\u00e3o pr\u00f3pria da Regi\u00e3o de Lisboa, Televis\u00e3o On-line, Noticias de Cascais, Noticias de Sintra, Noticias de Lisboa, Videos, Reportagen","potentialAction":[{"@type":"SearchAction","target":{"@type":"EntryPoint","urlTemplate":"https:\/\/www.tvportugal.tv\/portal\/?s={search_term_string}"},"query-input":{"@type":"PropertyValueSpecification","valueRequired":true,"valueName":"search_term_string"}}],"inLanguage":"pt-PT"},{"@type":"Person","@id":"https:\/\/www.tvportugal.tv\/portal\/#\/schema\/person\/3dd386a0a960b868c3daed310f5d8d6b","name":"Antonio Assuncao","image":{"@type":"ImageObject","inLanguage":"pt-PT","@id":"https:\/\/secure.gravatar.com\/avatar\/d8f395a7f86675d6142e7d6ee91f1232e911b4f5ad4a72e064ca4dde2d42881b?s=96&d=mm&r=g","url":"https:\/\/secure.gravatar.com\/avatar\/d8f395a7f86675d6142e7d6ee91f1232e911b4f5ad4a72e064ca4dde2d42881b?s=96&d=mm&r=g","contentUrl":"https:\/\/secure.gravatar.com\/avatar\/d8f395a7f86675d6142e7d6ee91f1232e911b4f5ad4a72e064ca4dde2d42881b?s=96&d=mm&r=g","caption":"Antonio Assuncao"},"sameAs":["http:\/\/www.tvportugal.tv\/"],"url":"https:\/\/www.tvportugal.tv\/portal\/author\/antonio-assuncao\/"}]}},"_links":{"self":[{"href":"https:\/\/www.tvportugal.tv\/portal\/wp-json\/wp\/v2\/posts\/4335","targetHints":{"allow":["GET"]}}],"collection":[{"href":"https:\/\/www.tvportugal.tv\/portal\/wp-json\/wp\/v2\/posts"}],"about":[{"href":"https:\/\/www.tvportugal.tv\/portal\/wp-json\/wp\/v2\/types\/post"}],"author":[{"embeddable":true,"href":"https:\/\/www.tvportugal.tv\/portal\/wp-json\/wp\/v2\/users\/2"}],"replies":[{"embeddable":true,"href":"https:\/\/www.tvportugal.tv\/portal\/wp-json\/wp\/v2\/comments?post=4335"}],"version-history":[{"count":2,"href":"https:\/\/www.tvportugal.tv\/portal\/wp-json\/wp\/v2\/posts\/4335\/revisions"}],"predecessor-version":[{"id":4599,"href":"https:\/\/www.tvportugal.tv\/portal\/wp-json\/wp\/v2\/posts\/4335\/revisions\/4599"}],"wp:featuredmedia":[{"embeddable":true,"href":"https:\/\/www.tvportugal.tv\/portal\/wp-json\/wp\/v2\/media\/4598"}],"wp:attachment":[{"href":"https:\/\/www.tvportugal.tv\/portal\/wp-json\/wp\/v2\/media?parent=4335"}],"wp:term":[{"taxonomy":"category","embeddable":true,"href":"https:\/\/www.tvportugal.tv\/portal\/wp-json\/wp\/v2\/categories?post=4335"},{"taxonomy":"post_tag","embeddable":true,"href":"https:\/\/www.tvportugal.tv\/portal\/wp-json\/wp\/v2\/tags?post=4335"}],"curies":[{"name":"wp","href":"https:\/\/api.w.org\/{rel}","templated":true}]}}