{"id":4262,"date":"2016-11-17T23:20:06","date_gmt":"2016-11-17T23:20:06","guid":{"rendered":"http:\/\/www.tvportugal.tv\/portal\/?p=4262"},"modified":"2016-11-18T14:57:17","modified_gmt":"2016-11-18T14:57:17","slug":"51-aniversario-do-tec-companhia-antiga-da-europa","status":"publish","type":"post","link":"https:\/\/www.tvportugal.tv\/portal\/51-aniversario-do-tec-companhia-antiga-da-europa\/","title":{"rendered":"51.\u00ba Anivers\u00e1rio do TEC, Companhia de Teatro mais Antiga da Europa"},"content":{"rendered":"<p>[vc_row][vc_column][vc_column_text]<\/p>\n<h2>\u00a0Companhia de Teatro mais Antiga da Europa<\/h2>\n<p>[\/vc_column_text][\/vc_column][\/vc_row][vc_row][vc_column][vc_column_text]&#8221;Estar presente no encerramento das comemora\u00e7\u00f5es do 50.\u00ba Anivers\u00e1rio da companhia de Teatro mais antiga da Europa em termos da sua perpetuidade ao longo destes 50 anos mais concretamente no TEC &#8211; Teatro Experimental de Cascais que hoje perfaz 51 anos e desse modo encerra os seus 50 anos \u00e9 de facto um privil\u00e9gio.&#8221; Carlos Carreiras, Presidente da C. M. de Cascais.<br \/>\nReportagem, Imagem e Edi\u00e7\u00e3o &#8211; Ant\u00f3nio Assun\u00e7\u00e3o<br \/>\n2016 11 13[\/vc_column_text][\/vc_column][\/vc_row][vc_row][vc_column][vc_video link=&#8221;https:\/\/www.youtube.com\/watch?v=z5EZEit22dY&#8221;][\/vc_column][\/vc_row]<\/p>\n","protected":false},"excerpt":{"rendered":"<p>[vc_row][vc_column][vc_column_text] \u00a0Companhia de Teatro mais Antiga da Europa [\/vc_column_text][\/vc_column][\/vc_row][vc_row][vc_column][vc_column_text]&#8221;Estar presente no encerramento das comemora\u00e7\u00f5es do 50.\u00ba Anivers\u00e1rio da companhia de Teatro mais antiga da Europa em termos da sua perpetuidade ao longo destes 50 anos mais concretamente no TEC &#8211; Teatro Experimental de Cascais que hoje perfaz 51 anos e<span class=\"excerpt-hellip\"> [\u2026]<\/span><\/p>\n","protected":false},"author":2,"featured_media":4263,"comment_status":"closed","ping_status":"closed","sticky":false,"template":"","format":"standard","meta":{"footnotes":""},"categories":[140,42,64,65],"tags":[136,110,46,75],"class_list":["post-4262","post","type-post","status-publish","format-standard","has-post-thumbnail","hentry","category-aniversario","category-cascais","category-cultura","category-eventos","tag-aniversarios","tag-artistas","tag-carlos-carreiras","tag-cascais"],"yoast_head":"<!-- This site is optimized with the Yoast SEO plugin v27.5 - https:\/\/yoast.com\/product\/yoast-seo-wordpress\/ -->\n<title>Companhia de Teatro mais Antiga da Europa, 51.\u00ba Anivers\u00e1rio do TEC<\/title>\n<meta name=\"description\" content=\"51.\u00ba Anivers\u00e1rio do TEC, Companhia de Teatro mais Antiga da Europa, Carlos Avilez, Teatro Experimental de Cascais, Carlos Carreiras, Cascais Televis\u00e3o\" \/>\n<meta name=\"robots\" content=\"index, follow, max-snippet:-1, max-image-preview:large, max-video-preview:-1\" \/>\n<link rel=\"canonical\" href=\"https:\/\/www.tvportugal.tv\/portal\/51-aniversario-do-tec-companhia-antiga-da-europa\/\" \/>\n<meta property=\"og:locale\" content=\"pt_PT\" \/>\n<meta property=\"og:type\" content=\"article\" \/>\n<meta property=\"og:title\" content=\"Companhia de Teatro mais Antiga da Europa, 51.\u00ba Anivers\u00e1rio do TEC\" \/>\n<meta property=\"og:description\" content=\"51.\u00ba Anivers\u00e1rio do TEC, Companhia de Teatro mais Antiga da Europa, Carlos Avilez, Teatro Experimental de Cascais, Carlos Carreiras, Cascais Televis\u00e3o\" \/>\n<meta property=\"og:url\" content=\"https:\/\/www.tvportugal.tv\/portal\/51-aniversario-do-tec-companhia-antiga-da-europa\/\" \/>\n<meta property=\"og:site_name\" content=\"TV Portugal - Televis\u00e3o - Cascais - Sintra - Oeiras - Lisboa - Noticias\" \/>\n<meta property=\"article:published_time\" content=\"2016-11-17T23:20:06+00:00\" \/>\n<meta property=\"article:modified_time\" content=\"2016-11-18T14:57:17+00:00\" \/>\n<meta property=\"og:image\" content=\"https:\/\/www.tvportugal.tv\/portal\/wp-content\/uploads\/2016\/11\/DESTAQUE-25-ANOS.png\" \/>\n\t<meta property=\"og:image:width\" content=\"800\" \/>\n\t<meta property=\"og:image:height\" content=\"600\" \/>\n\t<meta property=\"og:image:type\" content=\"image\/png\" \/>\n<meta name=\"author\" content=\"Antonio Assuncao\" \/>\n<meta name=\"twitter:card\" content=\"summary_large_image\" \/>\n<meta name=\"twitter:label1\" content=\"Escrito por\" \/>\n\t<meta name=\"twitter:data1\" content=\"Antonio Assuncao\" \/>\n\t<meta name=\"twitter:label2\" content=\"Tempo estimado de leitura\" \/>\n\t<meta name=\"twitter:data2\" content=\"1 minuto\" \/>\n<script type=\"application\/ld+json\" class=\"yoast-schema-graph\">{\"@context\":\"https:\\\/\\\/schema.org\",\"@graph\":[{\"@type\":\"Article\",\"@id\":\"https:\\\/\\\/www.tvportugal.tv\\\/portal\\\/51-aniversario-do-tec-companhia-antiga-da-europa\\\/#article\",\"isPartOf\":{\"@id\":\"https:\\\/\\\/www.tvportugal.tv\\\/portal\\\/51-aniversario-do-tec-companhia-antiga-da-europa\\\/\"},\"author\":{\"name\":\"Antonio Assuncao\",\"@id\":\"https:\\\/\\\/www.tvportugal.tv\\\/portal\\\/#\\\/schema\\\/person\\\/3dd386a0a960b868c3daed310f5d8d6b\"},\"headline\":\"51.\u00ba Anivers\u00e1rio do TEC, Companhia de Teatro mais Antiga da Europa\",\"datePublished\":\"2016-11-17T23:20:06+00:00\",\"dateModified\":\"2016-11-18T14:57:17+00:00\",\"mainEntityOfPage\":{\"@id\":\"https:\\\/\\\/www.tvportugal.tv\\\/portal\\\/51-aniversario-do-tec-companhia-antiga-da-europa\\\/\"},\"wordCount\":136,\"image\":{\"@id\":\"https:\\\/\\\/www.tvportugal.tv\\\/portal\\\/51-aniversario-do-tec-companhia-antiga-da-europa\\\/#primaryimage\"},\"thumbnailUrl\":\"https:\\\/\\\/www.tvportugal.tv\\\/portal\\\/wp-content\\\/uploads\\\/2016\\\/11\\\/DESTAQUE-25-ANOS.png\",\"keywords\":[\"Anivers\u00e1rios\",\"Artistas\",\"Carlos Carreiras\",\"Cascais\"],\"articleSection\":[\"Anivers\u00e1rio\",\"Cascais\",\"Cultura\",\"Eventos\"],\"inLanguage\":\"pt-PT\"},{\"@type\":\"WebPage\",\"@id\":\"https:\\\/\\\/www.tvportugal.tv\\\/portal\\\/51-aniversario-do-tec-companhia-antiga-da-europa\\\/\",\"url\":\"https:\\\/\\\/www.tvportugal.tv\\\/portal\\\/51-aniversario-do-tec-companhia-antiga-da-europa\\\/\",\"name\":\"Companhia de Teatro mais Antiga da Europa, 51.\u00ba Anivers\u00e1rio do TEC\",\"isPartOf\":{\"@id\":\"https:\\\/\\\/www.tvportugal.tv\\\/portal\\\/#website\"},\"primaryImageOfPage\":{\"@id\":\"https:\\\/\\\/www.tvportugal.tv\\\/portal\\\/51-aniversario-do-tec-companhia-antiga-da-europa\\\/#primaryimage\"},\"image\":{\"@id\":\"https:\\\/\\\/www.tvportugal.tv\\\/portal\\\/51-aniversario-do-tec-companhia-antiga-da-europa\\\/#primaryimage\"},\"thumbnailUrl\":\"https:\\\/\\\/www.tvportugal.tv\\\/portal\\\/wp-content\\\/uploads\\\/2016\\\/11\\\/DESTAQUE-25-ANOS.png\",\"datePublished\":\"2016-11-17T23:20:06+00:00\",\"dateModified\":\"2016-11-18T14:57:17+00:00\",\"author\":{\"@id\":\"https:\\\/\\\/www.tvportugal.tv\\\/portal\\\/#\\\/schema\\\/person\\\/3dd386a0a960b868c3daed310f5d8d6b\"},\"description\":\"51.\u00ba Anivers\u00e1rio do TEC, Companhia de Teatro mais Antiga da Europa, Carlos Avilez, Teatro Experimental de Cascais, Carlos Carreiras, Cascais Televis\u00e3o\",\"breadcrumb\":{\"@id\":\"https:\\\/\\\/www.tvportugal.tv\\\/portal\\\/51-aniversario-do-tec-companhia-antiga-da-europa\\\/#breadcrumb\"},\"inLanguage\":\"pt-PT\",\"potentialAction\":[{\"@type\":\"ReadAction\",\"target\":[\"https:\\\/\\\/www.tvportugal.tv\\\/portal\\\/51-aniversario-do-tec-companhia-antiga-da-europa\\\/\"]}]},{\"@type\":\"ImageObject\",\"inLanguage\":\"pt-PT\",\"@id\":\"https:\\\/\\\/www.tvportugal.tv\\\/portal\\\/51-aniversario-do-tec-companhia-antiga-da-europa\\\/#primaryimage\",\"url\":\"https:\\\/\\\/www.tvportugal.tv\\\/portal\\\/wp-content\\\/uploads\\\/2016\\\/11\\\/DESTAQUE-25-ANOS.png\",\"contentUrl\":\"https:\\\/\\\/www.tvportugal.tv\\\/portal\\\/wp-content\\\/uploads\\\/2016\\\/11\\\/DESTAQUE-25-ANOS.png\",\"width\":800,\"height\":600,\"caption\":\"51.\u00ba Anivers\u00e1rio do TEC, Companhia de Teatro mais Antiga da Europa, Carlos Avilez, Teatro Experimental de Cascais, Carlos Carreiras, Cascais Televis\u00e3o\"},{\"@type\":\"BreadcrumbList\",\"@id\":\"https:\\\/\\\/www.tvportugal.tv\\\/portal\\\/51-aniversario-do-tec-companhia-antiga-da-europa\\\/#breadcrumb\",\"itemListElement\":[{\"@type\":\"ListItem\",\"position\":1,\"name\":\"In\u00edcio\",\"item\":\"https:\\\/\\\/www.tvportugal.tv\\\/portal\\\/\"},{\"@type\":\"ListItem\",\"position\":2,\"name\":\"51.\u00ba Anivers\u00e1rio do TEC, Companhia de Teatro mais Antiga da Europa\"}]},{\"@type\":\"WebSite\",\"@id\":\"https:\\\/\\\/www.tvportugal.tv\\\/portal\\\/#website\",\"url\":\"https:\\\/\\\/www.tvportugal.tv\\\/portal\\\/\",\"name\":\"TV Portugal - Televis\u00e3o - Cascais - Sintra - Oeiras - Lisboa - Noticias\",\"description\":\"Televis\u00e3o Cascais, Televis\u00e3o Estoril, Tv Web com produ\u00e7\u00e3o pr\u00f3pria da Regi\u00e3o de Lisboa, Televis\u00e3o On-line, Noticias de Cascais, Noticias de Sintra, Noticias de Lisboa, Videos, Reportagen\",\"potentialAction\":[{\"@type\":\"SearchAction\",\"target\":{\"@type\":\"EntryPoint\",\"urlTemplate\":\"https:\\\/\\\/www.tvportugal.tv\\\/portal\\\/?s={search_term_string}\"},\"query-input\":{\"@type\":\"PropertyValueSpecification\",\"valueRequired\":true,\"valueName\":\"search_term_string\"}}],\"inLanguage\":\"pt-PT\"},{\"@type\":\"Person\",\"@id\":\"https:\\\/\\\/www.tvportugal.tv\\\/portal\\\/#\\\/schema\\\/person\\\/3dd386a0a960b868c3daed310f5d8d6b\",\"name\":\"Antonio Assuncao\",\"image\":{\"@type\":\"ImageObject\",\"inLanguage\":\"pt-PT\",\"@id\":\"https:\\\/\\\/secure.gravatar.com\\\/avatar\\\/d8f395a7f86675d6142e7d6ee91f1232e911b4f5ad4a72e064ca4dde2d42881b?s=96&d=mm&r=g\",\"url\":\"https:\\\/\\\/secure.gravatar.com\\\/avatar\\\/d8f395a7f86675d6142e7d6ee91f1232e911b4f5ad4a72e064ca4dde2d42881b?s=96&d=mm&r=g\",\"contentUrl\":\"https:\\\/\\\/secure.gravatar.com\\\/avatar\\\/d8f395a7f86675d6142e7d6ee91f1232e911b4f5ad4a72e064ca4dde2d42881b?s=96&d=mm&r=g\",\"caption\":\"Antonio Assuncao\"},\"sameAs\":[\"http:\\\/\\\/www.tvportugal.tv\\\/\"],\"url\":\"https:\\\/\\\/www.tvportugal.tv\\\/portal\\\/author\\\/antonio-assuncao\\\/\"}]}<\/script>\n<!-- \/ Yoast SEO plugin. -->","yoast_head_json":{"title":"Companhia de Teatro mais Antiga da Europa, 51.\u00ba Anivers\u00e1rio do TEC","description":"51.\u00ba Anivers\u00e1rio do TEC, Companhia de Teatro mais Antiga da Europa, Carlos Avilez, Teatro Experimental de Cascais, Carlos Carreiras, Cascais Televis\u00e3o","robots":{"index":"index","follow":"follow","max-snippet":"max-snippet:-1","max-image-preview":"max-image-preview:large","max-video-preview":"max-video-preview:-1"},"canonical":"https:\/\/www.tvportugal.tv\/portal\/51-aniversario-do-tec-companhia-antiga-da-europa\/","og_locale":"pt_PT","og_type":"article","og_title":"Companhia de Teatro mais Antiga da Europa, 51.\u00ba Anivers\u00e1rio do TEC","og_description":"51.\u00ba Anivers\u00e1rio do TEC, Companhia de Teatro mais Antiga da Europa, Carlos Avilez, Teatro Experimental de Cascais, Carlos Carreiras, Cascais Televis\u00e3o","og_url":"https:\/\/www.tvportugal.tv\/portal\/51-aniversario-do-tec-companhia-antiga-da-europa\/","og_site_name":"TV Portugal - Televis\u00e3o - Cascais - Sintra - Oeiras - Lisboa - Noticias","article_published_time":"2016-11-17T23:20:06+00:00","article_modified_time":"2016-11-18T14:57:17+00:00","og_image":[{"width":800,"height":600,"url":"https:\/\/www.tvportugal.tv\/portal\/wp-content\/uploads\/2016\/11\/DESTAQUE-25-ANOS.png","type":"image\/png"}],"author":"Antonio Assuncao","twitter_card":"summary_large_image","twitter_misc":{"Escrito por":"Antonio Assuncao","Tempo estimado de leitura":"1 minuto"},"schema":{"@context":"https:\/\/schema.org","@graph":[{"@type":"Article","@id":"https:\/\/www.tvportugal.tv\/portal\/51-aniversario-do-tec-companhia-antiga-da-europa\/#article","isPartOf":{"@id":"https:\/\/www.tvportugal.tv\/portal\/51-aniversario-do-tec-companhia-antiga-da-europa\/"},"author":{"name":"Antonio Assuncao","@id":"https:\/\/www.tvportugal.tv\/portal\/#\/schema\/person\/3dd386a0a960b868c3daed310f5d8d6b"},"headline":"51.\u00ba Anivers\u00e1rio do TEC, Companhia de Teatro mais Antiga da Europa","datePublished":"2016-11-17T23:20:06+00:00","dateModified":"2016-11-18T14:57:17+00:00","mainEntityOfPage":{"@id":"https:\/\/www.tvportugal.tv\/portal\/51-aniversario-do-tec-companhia-antiga-da-europa\/"},"wordCount":136,"image":{"@id":"https:\/\/www.tvportugal.tv\/portal\/51-aniversario-do-tec-companhia-antiga-da-europa\/#primaryimage"},"thumbnailUrl":"https:\/\/www.tvportugal.tv\/portal\/wp-content\/uploads\/2016\/11\/DESTAQUE-25-ANOS.png","keywords":["Anivers\u00e1rios","Artistas","Carlos Carreiras","Cascais"],"articleSection":["Anivers\u00e1rio","Cascais","Cultura","Eventos"],"inLanguage":"pt-PT"},{"@type":"WebPage","@id":"https:\/\/www.tvportugal.tv\/portal\/51-aniversario-do-tec-companhia-antiga-da-europa\/","url":"https:\/\/www.tvportugal.tv\/portal\/51-aniversario-do-tec-companhia-antiga-da-europa\/","name":"Companhia de Teatro mais Antiga da Europa, 51.\u00ba Anivers\u00e1rio do TEC","isPartOf":{"@id":"https:\/\/www.tvportugal.tv\/portal\/#website"},"primaryImageOfPage":{"@id":"https:\/\/www.tvportugal.tv\/portal\/51-aniversario-do-tec-companhia-antiga-da-europa\/#primaryimage"},"image":{"@id":"https:\/\/www.tvportugal.tv\/portal\/51-aniversario-do-tec-companhia-antiga-da-europa\/#primaryimage"},"thumbnailUrl":"https:\/\/www.tvportugal.tv\/portal\/wp-content\/uploads\/2016\/11\/DESTAQUE-25-ANOS.png","datePublished":"2016-11-17T23:20:06+00:00","dateModified":"2016-11-18T14:57:17+00:00","author":{"@id":"https:\/\/www.tvportugal.tv\/portal\/#\/schema\/person\/3dd386a0a960b868c3daed310f5d8d6b"},"description":"51.\u00ba Anivers\u00e1rio do TEC, Companhia de Teatro mais Antiga da Europa, Carlos Avilez, Teatro Experimental de Cascais, Carlos Carreiras, Cascais Televis\u00e3o","breadcrumb":{"@id":"https:\/\/www.tvportugal.tv\/portal\/51-aniversario-do-tec-companhia-antiga-da-europa\/#breadcrumb"},"inLanguage":"pt-PT","potentialAction":[{"@type":"ReadAction","target":["https:\/\/www.tvportugal.tv\/portal\/51-aniversario-do-tec-companhia-antiga-da-europa\/"]}]},{"@type":"ImageObject","inLanguage":"pt-PT","@id":"https:\/\/www.tvportugal.tv\/portal\/51-aniversario-do-tec-companhia-antiga-da-europa\/#primaryimage","url":"https:\/\/www.tvportugal.tv\/portal\/wp-content\/uploads\/2016\/11\/DESTAQUE-25-ANOS.png","contentUrl":"https:\/\/www.tvportugal.tv\/portal\/wp-content\/uploads\/2016\/11\/DESTAQUE-25-ANOS.png","width":800,"height":600,"caption":"51.\u00ba Anivers\u00e1rio do TEC, Companhia de Teatro mais Antiga da Europa, Carlos Avilez, Teatro Experimental de Cascais, Carlos Carreiras, Cascais Televis\u00e3o"},{"@type":"BreadcrumbList","@id":"https:\/\/www.tvportugal.tv\/portal\/51-aniversario-do-tec-companhia-antiga-da-europa\/#breadcrumb","itemListElement":[{"@type":"ListItem","position":1,"name":"In\u00edcio","item":"https:\/\/www.tvportugal.tv\/portal\/"},{"@type":"ListItem","position":2,"name":"51.\u00ba Anivers\u00e1rio do TEC, Companhia de Teatro mais Antiga da Europa"}]},{"@type":"WebSite","@id":"https:\/\/www.tvportugal.tv\/portal\/#website","url":"https:\/\/www.tvportugal.tv\/portal\/","name":"TV Portugal - Televis\u00e3o - Cascais - Sintra - Oeiras - Lisboa - Noticias","description":"Televis\u00e3o Cascais, Televis\u00e3o Estoril, Tv Web com produ\u00e7\u00e3o pr\u00f3pria da Regi\u00e3o de Lisboa, Televis\u00e3o On-line, Noticias de Cascais, Noticias de Sintra, Noticias de Lisboa, Videos, Reportagen","potentialAction":[{"@type":"SearchAction","target":{"@type":"EntryPoint","urlTemplate":"https:\/\/www.tvportugal.tv\/portal\/?s={search_term_string}"},"query-input":{"@type":"PropertyValueSpecification","valueRequired":true,"valueName":"search_term_string"}}],"inLanguage":"pt-PT"},{"@type":"Person","@id":"https:\/\/www.tvportugal.tv\/portal\/#\/schema\/person\/3dd386a0a960b868c3daed310f5d8d6b","name":"Antonio Assuncao","image":{"@type":"ImageObject","inLanguage":"pt-PT","@id":"https:\/\/secure.gravatar.com\/avatar\/d8f395a7f86675d6142e7d6ee91f1232e911b4f5ad4a72e064ca4dde2d42881b?s=96&d=mm&r=g","url":"https:\/\/secure.gravatar.com\/avatar\/d8f395a7f86675d6142e7d6ee91f1232e911b4f5ad4a72e064ca4dde2d42881b?s=96&d=mm&r=g","contentUrl":"https:\/\/secure.gravatar.com\/avatar\/d8f395a7f86675d6142e7d6ee91f1232e911b4f5ad4a72e064ca4dde2d42881b?s=96&d=mm&r=g","caption":"Antonio Assuncao"},"sameAs":["http:\/\/www.tvportugal.tv\/"],"url":"https:\/\/www.tvportugal.tv\/portal\/author\/antonio-assuncao\/"}]}},"_links":{"self":[{"href":"https:\/\/www.tvportugal.tv\/portal\/wp-json\/wp\/v2\/posts\/4262","targetHints":{"allow":["GET"]}}],"collection":[{"href":"https:\/\/www.tvportugal.tv\/portal\/wp-json\/wp\/v2\/posts"}],"about":[{"href":"https:\/\/www.tvportugal.tv\/portal\/wp-json\/wp\/v2\/types\/post"}],"author":[{"embeddable":true,"href":"https:\/\/www.tvportugal.tv\/portal\/wp-json\/wp\/v2\/users\/2"}],"replies":[{"embeddable":true,"href":"https:\/\/www.tvportugal.tv\/portal\/wp-json\/wp\/v2\/comments?post=4262"}],"version-history":[{"count":1,"href":"https:\/\/www.tvportugal.tv\/portal\/wp-json\/wp\/v2\/posts\/4262\/revisions"}],"predecessor-version":[{"id":4264,"href":"https:\/\/www.tvportugal.tv\/portal\/wp-json\/wp\/v2\/posts\/4262\/revisions\/4264"}],"wp:featuredmedia":[{"embeddable":true,"href":"https:\/\/www.tvportugal.tv\/portal\/wp-json\/wp\/v2\/media\/4263"}],"wp:attachment":[{"href":"https:\/\/www.tvportugal.tv\/portal\/wp-json\/wp\/v2\/media?parent=4262"}],"wp:term":[{"taxonomy":"category","embeddable":true,"href":"https:\/\/www.tvportugal.tv\/portal\/wp-json\/wp\/v2\/categories?post=4262"},{"taxonomy":"post_tag","embeddable":true,"href":"https:\/\/www.tvportugal.tv\/portal\/wp-json\/wp\/v2\/tags?post=4262"}],"curies":[{"name":"wp","href":"https:\/\/api.w.org\/{rel}","templated":true}]}}