{"id":4139,"date":"2015-12-20T21:08:30","date_gmt":"2015-12-20T21:08:30","guid":{"rendered":"http:\/\/www.tvportugal.tv\/portal\/?p=4139"},"modified":"2016-11-11T23:19:25","modified_gmt":"2016-11-11T23:19:25","slug":"alfredo-duarte-um-octogenario-feliz-caparide-tires-sao-domingos-rana","status":"publish","type":"post","link":"https:\/\/www.tvportugal.tv\/portal\/alfredo-duarte-um-octogenario-feliz-caparide-tires-sao-domingos-rana\/","title":{"rendered":"Alfredo Duarte | Um Octogen\u00e1rio Feliz | Caparide &#8211; Tires"},"content":{"rendered":"<p>[vc_row][vc_column][vc_column_text]<\/p>\n<h2>Alfredo Duarte | Um Octogen\u00e1rio Feliz | Caparide &#8211; Tires<\/h2>\n<p>[\/vc_column_text][\/vc_column][\/vc_row][vc_row][vc_column][vc_column_text]Alfredo Duarte, mais conhecido por Alfredo Marceneiro, porque \u00e9 marceneiro de profiss\u00e3o \u00e9 um homem feliz desde o passado s\u00e1bado dia 19 de Dezembro. Hoje, dia 21 de Dezembro completa 80 anos e confessa que tinha pedido ao presidente, Carlos Carreiras como prenda de anivers\u00e1rio um simples passeio \u00e0 sua porta e o que encontrou foi isso e muito mais.<br \/>\nReportagem, Imagem e Edi\u00e7\u00e3o &#8211; Ant\u00f3nio Assun\u00e7\u00e3o<br \/>\n2015 12 21[\/vc_column_text][\/vc_column][\/vc_row][vc_row][vc_column][vc_video link=&#8221;https:\/\/www.youtube.com\/watch?v=aDuGsYzsMWo&#8221;][\/vc_column][\/vc_row]<\/p>\n","protected":false},"excerpt":{"rendered":"<p>[vc_row][vc_column][vc_column_text] Alfredo Duarte | Um Octogen\u00e1rio Feliz | Caparide &#8211; Tires [\/vc_column_text][\/vc_column][\/vc_row][vc_row][vc_column][vc_column_text]Alfredo Duarte, mais conhecido por Alfredo Marceneiro, porque \u00e9 marceneiro de profiss\u00e3o \u00e9 um homem feliz desde o passado s\u00e1bado dia 19 de Dezembro. Hoje, dia 21 de Dezembro completa 80 anos e confessa que tinha pedido ao presidente,<span class=\"excerpt-hellip\"> [\u2026]<\/span><\/p>\n","protected":false},"author":2,"featured_media":4193,"comment_status":"closed","ping_status":"closed","sticky":false,"template":"","format":"standard","meta":{"footnotes":""},"categories":[42,137,47],"tags":[46,75,170,43],"class_list":["post-4139","post","type-post","status-publish","format-standard","has-post-thumbnail","hentry","category-cascais","category-comunidade","category-inauguracoes","tag-carlos-carreiras","tag-cascais","tag-fernando-ferreira-marques","tag-sao-domingos-de-rana"],"yoast_head":"<!-- This site is optimized with the Yoast SEO plugin v27.4 - https:\/\/yoast.com\/product\/yoast-seo-wordpress\/ -->\n<title>Alfredo Duarte, Um Octogen\u00e1rio Feliz, Caparide, Tires, Sr Alfredo<\/title>\n<meta name=\"description\" content=\"Alfredo Duarte, Alfredo Marceneiro, Caparide, Tires, S\u00e3o Domingos de Rana, Televis\u00e3o Cascais, 80 anos, Cascais, Carlos Carreiras, Reportagens, TV Lisboa\" \/>\n<meta name=\"robots\" content=\"index, follow, max-snippet:-1, max-image-preview:large, max-video-preview:-1\" \/>\n<link rel=\"canonical\" href=\"https:\/\/www.tvportugal.tv\/portal\/alfredo-duarte-um-octogenario-feliz-caparide-tires-sao-domingos-rana\/\" \/>\n<meta property=\"og:locale\" content=\"pt_PT\" \/>\n<meta property=\"og:type\" content=\"article\" \/>\n<meta property=\"og:title\" content=\"Alfredo Duarte, Um Octogen\u00e1rio Feliz, Caparide, Tires, Sr Alfredo\" \/>\n<meta property=\"og:description\" content=\"Alfredo Duarte, Alfredo Marceneiro, Caparide, Tires, S\u00e3o Domingos de Rana, Televis\u00e3o Cascais, 80 anos, Cascais, Carlos Carreiras, Reportagens, TV Lisboa\" \/>\n<meta property=\"og:url\" content=\"https:\/\/www.tvportugal.tv\/portal\/alfredo-duarte-um-octogenario-feliz-caparide-tires-sao-domingos-rana\/\" \/>\n<meta property=\"og:site_name\" content=\"TV Portugal - Televis\u00e3o - Cascais - Sintra - Oeiras - Lisboa - Noticias\" \/>\n<meta property=\"article:published_time\" content=\"2015-12-20T21:08:30+00:00\" \/>\n<meta property=\"article:modified_time\" content=\"2016-11-11T23:19:25+00:00\" \/>\n<meta property=\"og:image\" content=\"https:\/\/www.tvportugal.tv\/portal\/wp-content\/uploads\/2015\/12\/alfredo.jpg\" \/>\n\t<meta property=\"og:image:width\" content=\"800\" \/>\n\t<meta property=\"og:image:height\" content=\"600\" \/>\n\t<meta property=\"og:image:type\" content=\"image\/jpeg\" \/>\n<meta name=\"author\" content=\"Antonio Assuncao\" \/>\n<meta name=\"twitter:card\" content=\"summary_large_image\" \/>\n<meta name=\"twitter:label1\" content=\"Escrito por\" \/>\n\t<meta name=\"twitter:data1\" content=\"Antonio Assuncao\" \/>\n\t<meta name=\"twitter:label2\" content=\"Tempo estimado de leitura\" \/>\n\t<meta name=\"twitter:data2\" content=\"1 minuto\" \/>\n<script type=\"application\/ld+json\" class=\"yoast-schema-graph\">{\"@context\":\"https:\\\/\\\/schema.org\",\"@graph\":[{\"@type\":\"Article\",\"@id\":\"https:\\\/\\\/www.tvportugal.tv\\\/portal\\\/alfredo-duarte-um-octogenario-feliz-caparide-tires-sao-domingos-rana\\\/#article\",\"isPartOf\":{\"@id\":\"https:\\\/\\\/www.tvportugal.tv\\\/portal\\\/alfredo-duarte-um-octogenario-feliz-caparide-tires-sao-domingos-rana\\\/\"},\"author\":{\"name\":\"Antonio Assuncao\",\"@id\":\"https:\\\/\\\/www.tvportugal.tv\\\/portal\\\/#\\\/schema\\\/person\\\/3dd386a0a960b868c3daed310f5d8d6b\"},\"headline\":\"Alfredo Duarte | Um Octogen\u00e1rio Feliz | Caparide &#8211; Tires\",\"datePublished\":\"2015-12-20T21:08:30+00:00\",\"dateModified\":\"2016-11-11T23:19:25+00:00\",\"mainEntityOfPage\":{\"@id\":\"https:\\\/\\\/www.tvportugal.tv\\\/portal\\\/alfredo-duarte-um-octogenario-feliz-caparide-tires-sao-domingos-rana\\\/\"},\"wordCount\":131,\"image\":{\"@id\":\"https:\\\/\\\/www.tvportugal.tv\\\/portal\\\/alfredo-duarte-um-octogenario-feliz-caparide-tires-sao-domingos-rana\\\/#primaryimage\"},\"thumbnailUrl\":\"https:\\\/\\\/www.tvportugal.tv\\\/portal\\\/wp-content\\\/uploads\\\/2015\\\/12\\\/alfredo.jpg\",\"keywords\":[\"Carlos Carreiras\",\"Cascais\",\"Fernando Ferreira Marques\",\"S. Domingos de Rana\"],\"articleSection\":[\"Cascais\",\"Comunidade\",\"Inaugura\u00e7\u00f5es\"],\"inLanguage\":\"pt-PT\"},{\"@type\":\"WebPage\",\"@id\":\"https:\\\/\\\/www.tvportugal.tv\\\/portal\\\/alfredo-duarte-um-octogenario-feliz-caparide-tires-sao-domingos-rana\\\/\",\"url\":\"https:\\\/\\\/www.tvportugal.tv\\\/portal\\\/alfredo-duarte-um-octogenario-feliz-caparide-tires-sao-domingos-rana\\\/\",\"name\":\"Alfredo Duarte, Um Octogen\u00e1rio Feliz, Caparide, Tires, Sr Alfredo\",\"isPartOf\":{\"@id\":\"https:\\\/\\\/www.tvportugal.tv\\\/portal\\\/#website\"},\"primaryImageOfPage\":{\"@id\":\"https:\\\/\\\/www.tvportugal.tv\\\/portal\\\/alfredo-duarte-um-octogenario-feliz-caparide-tires-sao-domingos-rana\\\/#primaryimage\"},\"image\":{\"@id\":\"https:\\\/\\\/www.tvportugal.tv\\\/portal\\\/alfredo-duarte-um-octogenario-feliz-caparide-tires-sao-domingos-rana\\\/#primaryimage\"},\"thumbnailUrl\":\"https:\\\/\\\/www.tvportugal.tv\\\/portal\\\/wp-content\\\/uploads\\\/2015\\\/12\\\/alfredo.jpg\",\"datePublished\":\"2015-12-20T21:08:30+00:00\",\"dateModified\":\"2016-11-11T23:19:25+00:00\",\"author\":{\"@id\":\"https:\\\/\\\/www.tvportugal.tv\\\/portal\\\/#\\\/schema\\\/person\\\/3dd386a0a960b868c3daed310f5d8d6b\"},\"description\":\"Alfredo Duarte, Alfredo Marceneiro, Caparide, Tires, S\u00e3o Domingos de Rana, Televis\u00e3o Cascais, 80 anos, Cascais, Carlos Carreiras, Reportagens, TV Lisboa\",\"breadcrumb\":{\"@id\":\"https:\\\/\\\/www.tvportugal.tv\\\/portal\\\/alfredo-duarte-um-octogenario-feliz-caparide-tires-sao-domingos-rana\\\/#breadcrumb\"},\"inLanguage\":\"pt-PT\",\"potentialAction\":[{\"@type\":\"ReadAction\",\"target\":[\"https:\\\/\\\/www.tvportugal.tv\\\/portal\\\/alfredo-duarte-um-octogenario-feliz-caparide-tires-sao-domingos-rana\\\/\"]}]},{\"@type\":\"ImageObject\",\"inLanguage\":\"pt-PT\",\"@id\":\"https:\\\/\\\/www.tvportugal.tv\\\/portal\\\/alfredo-duarte-um-octogenario-feliz-caparide-tires-sao-domingos-rana\\\/#primaryimage\",\"url\":\"https:\\\/\\\/www.tvportugal.tv\\\/portal\\\/wp-content\\\/uploads\\\/2015\\\/12\\\/alfredo.jpg\",\"contentUrl\":\"https:\\\/\\\/www.tvportugal.tv\\\/portal\\\/wp-content\\\/uploads\\\/2015\\\/12\\\/alfredo.jpg\",\"width\":800,\"height\":600,\"caption\":\"Alfredo Duarte, Alfredo Marceneiro, Caparide, Tires, S\u00e3o Domingos de Rana, Televis\u00e3o Cascais, 80 anos, Cascais, Carlos Carreiras, Reportagens, TV Lisboa\"},{\"@type\":\"BreadcrumbList\",\"@id\":\"https:\\\/\\\/www.tvportugal.tv\\\/portal\\\/alfredo-duarte-um-octogenario-feliz-caparide-tires-sao-domingos-rana\\\/#breadcrumb\",\"itemListElement\":[{\"@type\":\"ListItem\",\"position\":1,\"name\":\"In\u00edcio\",\"item\":\"https:\\\/\\\/www.tvportugal.tv\\\/portal\\\/\"},{\"@type\":\"ListItem\",\"position\":2,\"name\":\"Alfredo Duarte | Um Octogen\u00e1rio Feliz | Caparide &#8211; Tires\"}]},{\"@type\":\"WebSite\",\"@id\":\"https:\\\/\\\/www.tvportugal.tv\\\/portal\\\/#website\",\"url\":\"https:\\\/\\\/www.tvportugal.tv\\\/portal\\\/\",\"name\":\"TV Portugal - Televis\u00e3o - Cascais - Sintra - Oeiras - Lisboa - Noticias\",\"description\":\"Televis\u00e3o Cascais, Televis\u00e3o Estoril, Tv Web com produ\u00e7\u00e3o pr\u00f3pria da Regi\u00e3o de Lisboa, Televis\u00e3o On-line, Noticias de Cascais, Noticias de Sintra, Noticias de Lisboa, Videos, Reportagen\",\"potentialAction\":[{\"@type\":\"SearchAction\",\"target\":{\"@type\":\"EntryPoint\",\"urlTemplate\":\"https:\\\/\\\/www.tvportugal.tv\\\/portal\\\/?s={search_term_string}\"},\"query-input\":{\"@type\":\"PropertyValueSpecification\",\"valueRequired\":true,\"valueName\":\"search_term_string\"}}],\"inLanguage\":\"pt-PT\"},{\"@type\":\"Person\",\"@id\":\"https:\\\/\\\/www.tvportugal.tv\\\/portal\\\/#\\\/schema\\\/person\\\/3dd386a0a960b868c3daed310f5d8d6b\",\"name\":\"Antonio Assuncao\",\"image\":{\"@type\":\"ImageObject\",\"inLanguage\":\"pt-PT\",\"@id\":\"https:\\\/\\\/secure.gravatar.com\\\/avatar\\\/d8f395a7f86675d6142e7d6ee91f1232e911b4f5ad4a72e064ca4dde2d42881b?s=96&d=mm&r=g\",\"url\":\"https:\\\/\\\/secure.gravatar.com\\\/avatar\\\/d8f395a7f86675d6142e7d6ee91f1232e911b4f5ad4a72e064ca4dde2d42881b?s=96&d=mm&r=g\",\"contentUrl\":\"https:\\\/\\\/secure.gravatar.com\\\/avatar\\\/d8f395a7f86675d6142e7d6ee91f1232e911b4f5ad4a72e064ca4dde2d42881b?s=96&d=mm&r=g\",\"caption\":\"Antonio Assuncao\"},\"sameAs\":[\"http:\\\/\\\/www.tvportugal.tv\\\/\"],\"url\":\"https:\\\/\\\/www.tvportugal.tv\\\/portal\\\/author\\\/antonio-assuncao\\\/\"}]}<\/script>\n<!-- \/ Yoast SEO plugin. -->","yoast_head_json":{"title":"Alfredo Duarte, Um Octogen\u00e1rio Feliz, Caparide, Tires, Sr Alfredo","description":"Alfredo Duarte, Alfredo Marceneiro, Caparide, Tires, S\u00e3o Domingos de Rana, Televis\u00e3o Cascais, 80 anos, Cascais, Carlos Carreiras, Reportagens, TV Lisboa","robots":{"index":"index","follow":"follow","max-snippet":"max-snippet:-1","max-image-preview":"max-image-preview:large","max-video-preview":"max-video-preview:-1"},"canonical":"https:\/\/www.tvportugal.tv\/portal\/alfredo-duarte-um-octogenario-feliz-caparide-tires-sao-domingos-rana\/","og_locale":"pt_PT","og_type":"article","og_title":"Alfredo Duarte, Um Octogen\u00e1rio Feliz, Caparide, Tires, Sr Alfredo","og_description":"Alfredo Duarte, Alfredo Marceneiro, Caparide, Tires, S\u00e3o Domingos de Rana, Televis\u00e3o Cascais, 80 anos, Cascais, Carlos Carreiras, Reportagens, TV Lisboa","og_url":"https:\/\/www.tvportugal.tv\/portal\/alfredo-duarte-um-octogenario-feliz-caparide-tires-sao-domingos-rana\/","og_site_name":"TV Portugal - Televis\u00e3o - Cascais - Sintra - Oeiras - Lisboa - Noticias","article_published_time":"2015-12-20T21:08:30+00:00","article_modified_time":"2016-11-11T23:19:25+00:00","og_image":[{"width":800,"height":600,"url":"https:\/\/www.tvportugal.tv\/portal\/wp-content\/uploads\/2015\/12\/alfredo.jpg","type":"image\/jpeg"}],"author":"Antonio Assuncao","twitter_card":"summary_large_image","twitter_misc":{"Escrito por":"Antonio Assuncao","Tempo estimado de leitura":"1 minuto"},"schema":{"@context":"https:\/\/schema.org","@graph":[{"@type":"Article","@id":"https:\/\/www.tvportugal.tv\/portal\/alfredo-duarte-um-octogenario-feliz-caparide-tires-sao-domingos-rana\/#article","isPartOf":{"@id":"https:\/\/www.tvportugal.tv\/portal\/alfredo-duarte-um-octogenario-feliz-caparide-tires-sao-domingos-rana\/"},"author":{"name":"Antonio Assuncao","@id":"https:\/\/www.tvportugal.tv\/portal\/#\/schema\/person\/3dd386a0a960b868c3daed310f5d8d6b"},"headline":"Alfredo Duarte | Um Octogen\u00e1rio Feliz | Caparide &#8211; Tires","datePublished":"2015-12-20T21:08:30+00:00","dateModified":"2016-11-11T23:19:25+00:00","mainEntityOfPage":{"@id":"https:\/\/www.tvportugal.tv\/portal\/alfredo-duarte-um-octogenario-feliz-caparide-tires-sao-domingos-rana\/"},"wordCount":131,"image":{"@id":"https:\/\/www.tvportugal.tv\/portal\/alfredo-duarte-um-octogenario-feliz-caparide-tires-sao-domingos-rana\/#primaryimage"},"thumbnailUrl":"https:\/\/www.tvportugal.tv\/portal\/wp-content\/uploads\/2015\/12\/alfredo.jpg","keywords":["Carlos Carreiras","Cascais","Fernando Ferreira Marques","S. Domingos de Rana"],"articleSection":["Cascais","Comunidade","Inaugura\u00e7\u00f5es"],"inLanguage":"pt-PT"},{"@type":"WebPage","@id":"https:\/\/www.tvportugal.tv\/portal\/alfredo-duarte-um-octogenario-feliz-caparide-tires-sao-domingos-rana\/","url":"https:\/\/www.tvportugal.tv\/portal\/alfredo-duarte-um-octogenario-feliz-caparide-tires-sao-domingos-rana\/","name":"Alfredo Duarte, Um Octogen\u00e1rio Feliz, Caparide, Tires, Sr Alfredo","isPartOf":{"@id":"https:\/\/www.tvportugal.tv\/portal\/#website"},"primaryImageOfPage":{"@id":"https:\/\/www.tvportugal.tv\/portal\/alfredo-duarte-um-octogenario-feliz-caparide-tires-sao-domingos-rana\/#primaryimage"},"image":{"@id":"https:\/\/www.tvportugal.tv\/portal\/alfredo-duarte-um-octogenario-feliz-caparide-tires-sao-domingos-rana\/#primaryimage"},"thumbnailUrl":"https:\/\/www.tvportugal.tv\/portal\/wp-content\/uploads\/2015\/12\/alfredo.jpg","datePublished":"2015-12-20T21:08:30+00:00","dateModified":"2016-11-11T23:19:25+00:00","author":{"@id":"https:\/\/www.tvportugal.tv\/portal\/#\/schema\/person\/3dd386a0a960b868c3daed310f5d8d6b"},"description":"Alfredo Duarte, Alfredo Marceneiro, Caparide, Tires, S\u00e3o Domingos de Rana, Televis\u00e3o Cascais, 80 anos, Cascais, Carlos Carreiras, Reportagens, TV Lisboa","breadcrumb":{"@id":"https:\/\/www.tvportugal.tv\/portal\/alfredo-duarte-um-octogenario-feliz-caparide-tires-sao-domingos-rana\/#breadcrumb"},"inLanguage":"pt-PT","potentialAction":[{"@type":"ReadAction","target":["https:\/\/www.tvportugal.tv\/portal\/alfredo-duarte-um-octogenario-feliz-caparide-tires-sao-domingos-rana\/"]}]},{"@type":"ImageObject","inLanguage":"pt-PT","@id":"https:\/\/www.tvportugal.tv\/portal\/alfredo-duarte-um-octogenario-feliz-caparide-tires-sao-domingos-rana\/#primaryimage","url":"https:\/\/www.tvportugal.tv\/portal\/wp-content\/uploads\/2015\/12\/alfredo.jpg","contentUrl":"https:\/\/www.tvportugal.tv\/portal\/wp-content\/uploads\/2015\/12\/alfredo.jpg","width":800,"height":600,"caption":"Alfredo Duarte, Alfredo Marceneiro, Caparide, Tires, S\u00e3o Domingos de Rana, Televis\u00e3o Cascais, 80 anos, Cascais, Carlos Carreiras, Reportagens, TV Lisboa"},{"@type":"BreadcrumbList","@id":"https:\/\/www.tvportugal.tv\/portal\/alfredo-duarte-um-octogenario-feliz-caparide-tires-sao-domingos-rana\/#breadcrumb","itemListElement":[{"@type":"ListItem","position":1,"name":"In\u00edcio","item":"https:\/\/www.tvportugal.tv\/portal\/"},{"@type":"ListItem","position":2,"name":"Alfredo Duarte | Um Octogen\u00e1rio Feliz | Caparide &#8211; Tires"}]},{"@type":"WebSite","@id":"https:\/\/www.tvportugal.tv\/portal\/#website","url":"https:\/\/www.tvportugal.tv\/portal\/","name":"TV Portugal - Televis\u00e3o - Cascais - Sintra - Oeiras - Lisboa - Noticias","description":"Televis\u00e3o Cascais, Televis\u00e3o Estoril, Tv Web com produ\u00e7\u00e3o pr\u00f3pria da Regi\u00e3o de Lisboa, Televis\u00e3o On-line, Noticias de Cascais, Noticias de Sintra, Noticias de Lisboa, Videos, Reportagen","potentialAction":[{"@type":"SearchAction","target":{"@type":"EntryPoint","urlTemplate":"https:\/\/www.tvportugal.tv\/portal\/?s={search_term_string}"},"query-input":{"@type":"PropertyValueSpecification","valueRequired":true,"valueName":"search_term_string"}}],"inLanguage":"pt-PT"},{"@type":"Person","@id":"https:\/\/www.tvportugal.tv\/portal\/#\/schema\/person\/3dd386a0a960b868c3daed310f5d8d6b","name":"Antonio Assuncao","image":{"@type":"ImageObject","inLanguage":"pt-PT","@id":"https:\/\/secure.gravatar.com\/avatar\/d8f395a7f86675d6142e7d6ee91f1232e911b4f5ad4a72e064ca4dde2d42881b?s=96&d=mm&r=g","url":"https:\/\/secure.gravatar.com\/avatar\/d8f395a7f86675d6142e7d6ee91f1232e911b4f5ad4a72e064ca4dde2d42881b?s=96&d=mm&r=g","contentUrl":"https:\/\/secure.gravatar.com\/avatar\/d8f395a7f86675d6142e7d6ee91f1232e911b4f5ad4a72e064ca4dde2d42881b?s=96&d=mm&r=g","caption":"Antonio Assuncao"},"sameAs":["http:\/\/www.tvportugal.tv\/"],"url":"https:\/\/www.tvportugal.tv\/portal\/author\/antonio-assuncao\/"}]}},"_links":{"self":[{"href":"https:\/\/www.tvportugal.tv\/portal\/wp-json\/wp\/v2\/posts\/4139","targetHints":{"allow":["GET"]}}],"collection":[{"href":"https:\/\/www.tvportugal.tv\/portal\/wp-json\/wp\/v2\/posts"}],"about":[{"href":"https:\/\/www.tvportugal.tv\/portal\/wp-json\/wp\/v2\/types\/post"}],"author":[{"embeddable":true,"href":"https:\/\/www.tvportugal.tv\/portal\/wp-json\/wp\/v2\/users\/2"}],"replies":[{"embeddable":true,"href":"https:\/\/www.tvportugal.tv\/portal\/wp-json\/wp\/v2\/comments?post=4139"}],"version-history":[{"count":1,"href":"https:\/\/www.tvportugal.tv\/portal\/wp-json\/wp\/v2\/posts\/4139\/revisions"}],"predecessor-version":[{"id":4140,"href":"https:\/\/www.tvportugal.tv\/portal\/wp-json\/wp\/v2\/posts\/4139\/revisions\/4140"}],"wp:featuredmedia":[{"embeddable":true,"href":"https:\/\/www.tvportugal.tv\/portal\/wp-json\/wp\/v2\/media\/4193"}],"wp:attachment":[{"href":"https:\/\/www.tvportugal.tv\/portal\/wp-json\/wp\/v2\/media?parent=4139"}],"wp:term":[{"taxonomy":"category","embeddable":true,"href":"https:\/\/www.tvportugal.tv\/portal\/wp-json\/wp\/v2\/categories?post=4139"},{"taxonomy":"post_tag","embeddable":true,"href":"https:\/\/www.tvportugal.tv\/portal\/wp-json\/wp\/v2\/tags?post=4139"}],"curies":[{"name":"wp","href":"https:\/\/api.w.org\/{rel}","templated":true}]}}