{"id":3864,"date":"2016-07-23T01:28:59","date_gmt":"2016-07-23T01:28:59","guid":{"rendered":"http:\/\/www.tvportugal.tv\/portal\/?p=3864"},"modified":"2016-11-04T01:37:03","modified_gmt":"2016-11-04T01:37:03","slug":"festas-carcavelos-parede-2016-balanco-ultimo-dia","status":"publish","type":"post","link":"https:\/\/www.tvportugal.tv\/portal\/festas-carcavelos-parede-2016-balanco-ultimo-dia\/","title":{"rendered":"Festas de Carcavelos e Parede 2016 | Balan\u00e7o | \u00daltimo Dia"},"content":{"rendered":"<p>[vc_row][vc_column][vc_column_text]<\/p>\n<div id=\"watch7-headline\" class=\"clearfix\">\n<div id=\"watch-headline-title\">\n<h2 class=\"watch-title-container\"><span id=\"eow-title\" class=\"watch-title\" dir=\"ltr\" title=\"Festas de Carcavelos e Parede 2016 | Balan\u00e7o | \u00daltimo Dia\">Festas de Carcavelos e Parede 2016, Balan\u00e7o\u00a0<\/span><\/h2>\n<\/div>\n<\/div>\n<p>[\/vc_column_text][\/vc_column][\/vc_row][vc_row][vc_column][vc_column_text]Carlos Carreiras, Presidente da C. M. de Cascais e Zilda Costa Silva, Presidente da Uni\u00e3o de Freguesias Carcavelos Parede, falam da import\u00e2ncia das Festas mas tamb\u00e9m do recinto j\u00e1 recuperado, da capacidade e qualidade da oferta.[\/vc_column_text][\/vc_column][\/vc_row][vc_row][vc_column][vc_video link=&#8221;https:\/\/www.youtube.com\/watch?v=6rOD02C-_A0&#8243;][\/vc_column][\/vc_row][vc_row][vc_column][vc_column_text]Reportagem, Imagem e Edi\u00e7\u00e3o &#8211; Ant\u00f3nio Assun\u00e7\u00e3o[\/vc_column_text][\/vc_column][\/vc_row]<\/p>\n","protected":false},"excerpt":{"rendered":"<p>[vc_row][vc_column][vc_column_text] Festas de Carcavelos e Parede 2016, Balan\u00e7o\u00a0 [\/vc_column_text][\/vc_column][\/vc_row][vc_row][vc_column][vc_column_text]Carlos Carreiras, Presidente da C. M. de Cascais e Zilda Costa Silva, Presidente da Uni\u00e3o de Freguesias Carcavelos Parede, falam da import\u00e2ncia das Festas mas tamb\u00e9m do recinto j\u00e1 recuperado, da capacidade e qualidade da oferta.[\/vc_column_text][\/vc_column][\/vc_row][vc_row][vc_column][vc_video link=&#8221;https:\/\/www.youtube.com\/watch?v=6rOD02C-_A0&#8243;][\/vc_column][\/vc_row][vc_row][vc_column][vc_column_text]Reportagem, Imagem e Edi\u00e7\u00e3o &#8211; Ant\u00f3nio<span class=\"excerpt-hellip\"> [\u2026]<\/span><\/p>\n","protected":false},"author":1,"featured_media":3865,"comment_status":"closed","ping_status":"closed","sticky":false,"template":"","format":"standard","meta":{"footnotes":""},"categories":[42,64,65,53],"tags":[44,46,75,55,45],"class_list":["post-3864","post","type-post","status-publish","format-standard","has-post-thumbnail","hentry","category-cascais","category-cultura","category-eventos","category-festas","tag-carcavelos","tag-carlos-carreiras","tag-cascais","tag-festa","tag-parede"],"yoast_head":"<!-- This site is optimized with the Yoast SEO plugin v27.5 - https:\/\/yoast.com\/product\/yoast-seo-wordpress\/ -->\n<title>Festas de Carcavelos e Parede 2016, Balan\u00e7o, \u00daltimo Dia, Festa Anual<\/title>\n<meta name=\"description\" content=\"Festas de Carcavelos e Parede 2016 | Balan\u00e7o | \u00daltimo Dia, Cascais, Televis\u00f5es regionais, Lisboa, Carlos Carreira, Carcavelos, Parede, Zilda Costa Silva\" \/>\n<meta name=\"robots\" content=\"index, follow, max-snippet:-1, max-image-preview:large, max-video-preview:-1\" \/>\n<link rel=\"canonical\" href=\"https:\/\/www.tvportugal.tv\/portal\/festas-carcavelos-parede-2016-balanco-ultimo-dia\/\" \/>\n<meta property=\"og:locale\" content=\"pt_PT\" \/>\n<meta property=\"og:type\" content=\"article\" \/>\n<meta property=\"og:title\" content=\"Festas de Carcavelos e Parede 2016, Balan\u00e7o, \u00daltimo Dia, Festa Anual\" \/>\n<meta property=\"og:description\" content=\"Festas de Carcavelos e Parede 2016 | Balan\u00e7o | \u00daltimo Dia, Cascais, Televis\u00f5es regionais, Lisboa, Carlos Carreira, Carcavelos, Parede, Zilda Costa Silva\" \/>\n<meta property=\"og:url\" content=\"https:\/\/www.tvportugal.tv\/portal\/festas-carcavelos-parede-2016-balanco-ultimo-dia\/\" \/>\n<meta property=\"og:site_name\" content=\"TV Portugal - Televis\u00e3o - Cascais - Sintra - Oeiras - Lisboa - Noticias\" \/>\n<meta property=\"article:published_time\" content=\"2016-07-23T01:28:59+00:00\" \/>\n<meta property=\"article:modified_time\" content=\"2016-11-04T01:37:03+00:00\" \/>\n<meta property=\"og:image\" content=\"https:\/\/www.tvportugal.tv\/portal\/wp-content\/uploads\/2016\/11\/festa.jpg\" \/>\n\t<meta property=\"og:image:width\" content=\"800\" \/>\n\t<meta property=\"og:image:height\" content=\"600\" \/>\n\t<meta property=\"og:image:type\" content=\"image\/jpeg\" \/>\n<meta name=\"author\" content=\"tvportugal\" \/>\n<meta name=\"twitter:card\" content=\"summary_large_image\" \/>\n<meta name=\"twitter:label1\" content=\"Escrito por\" \/>\n\t<meta name=\"twitter:data1\" content=\"tvportugal\" \/>\n\t<meta name=\"twitter:label2\" content=\"Tempo estimado de leitura\" \/>\n\t<meta name=\"twitter:data2\" content=\"1 minuto\" \/>\n<script type=\"application\/ld+json\" class=\"yoast-schema-graph\">{\"@context\":\"https:\\\/\\\/schema.org\",\"@graph\":[{\"@type\":\"Article\",\"@id\":\"https:\\\/\\\/www.tvportugal.tv\\\/portal\\\/festas-carcavelos-parede-2016-balanco-ultimo-dia\\\/#article\",\"isPartOf\":{\"@id\":\"https:\\\/\\\/www.tvportugal.tv\\\/portal\\\/festas-carcavelos-parede-2016-balanco-ultimo-dia\\\/\"},\"author\":{\"name\":\"tvportugal\",\"@id\":\"https:\\\/\\\/www.tvportugal.tv\\\/portal\\\/#\\\/schema\\\/person\\\/1cb420067b5cca2e3cec8436890203c7\"},\"headline\":\"Festas de Carcavelos e Parede 2016 | Balan\u00e7o | \u00daltimo Dia\",\"datePublished\":\"2016-07-23T01:28:59+00:00\",\"dateModified\":\"2016-11-04T01:37:03+00:00\",\"mainEntityOfPage\":{\"@id\":\"https:\\\/\\\/www.tvportugal.tv\\\/portal\\\/festas-carcavelos-parede-2016-balanco-ultimo-dia\\\/\"},\"wordCount\":127,\"image\":{\"@id\":\"https:\\\/\\\/www.tvportugal.tv\\\/portal\\\/festas-carcavelos-parede-2016-balanco-ultimo-dia\\\/#primaryimage\"},\"thumbnailUrl\":\"https:\\\/\\\/www.tvportugal.tv\\\/portal\\\/wp-content\\\/uploads\\\/2016\\\/11\\\/festa.jpg\",\"keywords\":[\"Carcavelos\",\"Carlos Carreiras\",\"Cascais\",\"Festa\",\"Parede\"],\"articleSection\":[\"Cascais\",\"Cultura\",\"Eventos\",\"Festas\"],\"inLanguage\":\"pt-PT\"},{\"@type\":\"WebPage\",\"@id\":\"https:\\\/\\\/www.tvportugal.tv\\\/portal\\\/festas-carcavelos-parede-2016-balanco-ultimo-dia\\\/\",\"url\":\"https:\\\/\\\/www.tvportugal.tv\\\/portal\\\/festas-carcavelos-parede-2016-balanco-ultimo-dia\\\/\",\"name\":\"Festas de Carcavelos e Parede 2016, Balan\u00e7o, \u00daltimo Dia, Festa Anual\",\"isPartOf\":{\"@id\":\"https:\\\/\\\/www.tvportugal.tv\\\/portal\\\/#website\"},\"primaryImageOfPage\":{\"@id\":\"https:\\\/\\\/www.tvportugal.tv\\\/portal\\\/festas-carcavelos-parede-2016-balanco-ultimo-dia\\\/#primaryimage\"},\"image\":{\"@id\":\"https:\\\/\\\/www.tvportugal.tv\\\/portal\\\/festas-carcavelos-parede-2016-balanco-ultimo-dia\\\/#primaryimage\"},\"thumbnailUrl\":\"https:\\\/\\\/www.tvportugal.tv\\\/portal\\\/wp-content\\\/uploads\\\/2016\\\/11\\\/festa.jpg\",\"datePublished\":\"2016-07-23T01:28:59+00:00\",\"dateModified\":\"2016-11-04T01:37:03+00:00\",\"author\":{\"@id\":\"https:\\\/\\\/www.tvportugal.tv\\\/portal\\\/#\\\/schema\\\/person\\\/1cb420067b5cca2e3cec8436890203c7\"},\"description\":\"Festas de Carcavelos e Parede 2016 | Balan\u00e7o | \u00daltimo Dia, Cascais, Televis\u00f5es regionais, Lisboa, Carlos Carreira, Carcavelos, Parede, Zilda Costa Silva\",\"breadcrumb\":{\"@id\":\"https:\\\/\\\/www.tvportugal.tv\\\/portal\\\/festas-carcavelos-parede-2016-balanco-ultimo-dia\\\/#breadcrumb\"},\"inLanguage\":\"pt-PT\",\"potentialAction\":[{\"@type\":\"ReadAction\",\"target\":[\"https:\\\/\\\/www.tvportugal.tv\\\/portal\\\/festas-carcavelos-parede-2016-balanco-ultimo-dia\\\/\"]}]},{\"@type\":\"ImageObject\",\"inLanguage\":\"pt-PT\",\"@id\":\"https:\\\/\\\/www.tvportugal.tv\\\/portal\\\/festas-carcavelos-parede-2016-balanco-ultimo-dia\\\/#primaryimage\",\"url\":\"https:\\\/\\\/www.tvportugal.tv\\\/portal\\\/wp-content\\\/uploads\\\/2016\\\/11\\\/festa.jpg\",\"contentUrl\":\"https:\\\/\\\/www.tvportugal.tv\\\/portal\\\/wp-content\\\/uploads\\\/2016\\\/11\\\/festa.jpg\",\"width\":800,\"height\":600,\"caption\":\"Festas de Carcavelos e Parede 2016 | Balan\u00e7o | \u00daltimo Dia, Cascais, Televis\u00f5es regionais, Lisboa, Carlos Carreira, Carcavelos, Parede, Zilda Costa Silva\"},{\"@type\":\"BreadcrumbList\",\"@id\":\"https:\\\/\\\/www.tvportugal.tv\\\/portal\\\/festas-carcavelos-parede-2016-balanco-ultimo-dia\\\/#breadcrumb\",\"itemListElement\":[{\"@type\":\"ListItem\",\"position\":1,\"name\":\"In\u00edcio\",\"item\":\"https:\\\/\\\/www.tvportugal.tv\\\/portal\\\/\"},{\"@type\":\"ListItem\",\"position\":2,\"name\":\"Festas de Carcavelos e Parede 2016 | Balan\u00e7o | \u00daltimo Dia\"}]},{\"@type\":\"WebSite\",\"@id\":\"https:\\\/\\\/www.tvportugal.tv\\\/portal\\\/#website\",\"url\":\"https:\\\/\\\/www.tvportugal.tv\\\/portal\\\/\",\"name\":\"TV Portugal - Televis\u00e3o - Cascais - Sintra - Oeiras - Lisboa - Noticias\",\"description\":\"Televis\u00e3o Cascais, Televis\u00e3o Estoril, Tv Web com produ\u00e7\u00e3o pr\u00f3pria da Regi\u00e3o de Lisboa, Televis\u00e3o On-line, Noticias de Cascais, Noticias de Sintra, Noticias de Lisboa, Videos, Reportagen\",\"potentialAction\":[{\"@type\":\"SearchAction\",\"target\":{\"@type\":\"EntryPoint\",\"urlTemplate\":\"https:\\\/\\\/www.tvportugal.tv\\\/portal\\\/?s={search_term_string}\"},\"query-input\":{\"@type\":\"PropertyValueSpecification\",\"valueRequired\":true,\"valueName\":\"search_term_string\"}}],\"inLanguage\":\"pt-PT\"},{\"@type\":\"Person\",\"@id\":\"https:\\\/\\\/www.tvportugal.tv\\\/portal\\\/#\\\/schema\\\/person\\\/1cb420067b5cca2e3cec8436890203c7\",\"name\":\"tvportugal\",\"image\":{\"@type\":\"ImageObject\",\"inLanguage\":\"pt-PT\",\"@id\":\"https:\\\/\\\/secure.gravatar.com\\\/avatar\\\/2f8a069345c6aedbb67bbc03ba061a241cd66952f6e7d7edb48657d69186650d?s=96&d=mm&r=g\",\"url\":\"https:\\\/\\\/secure.gravatar.com\\\/avatar\\\/2f8a069345c6aedbb67bbc03ba061a241cd66952f6e7d7edb48657d69186650d?s=96&d=mm&r=g\",\"contentUrl\":\"https:\\\/\\\/secure.gravatar.com\\\/avatar\\\/2f8a069345c6aedbb67bbc03ba061a241cd66952f6e7d7edb48657d69186650d?s=96&d=mm&r=g\",\"caption\":\"tvportugal\"},\"url\":\"https:\\\/\\\/www.tvportugal.tv\\\/portal\\\/author\\\/abelhamedia\\\/\"}]}<\/script>\n<!-- \/ Yoast SEO plugin. -->","yoast_head_json":{"title":"Festas de Carcavelos e Parede 2016, Balan\u00e7o, \u00daltimo Dia, Festa Anual","description":"Festas de Carcavelos e Parede 2016 | Balan\u00e7o | \u00daltimo Dia, Cascais, Televis\u00f5es regionais, Lisboa, Carlos Carreira, Carcavelos, Parede, Zilda Costa Silva","robots":{"index":"index","follow":"follow","max-snippet":"max-snippet:-1","max-image-preview":"max-image-preview:large","max-video-preview":"max-video-preview:-1"},"canonical":"https:\/\/www.tvportugal.tv\/portal\/festas-carcavelos-parede-2016-balanco-ultimo-dia\/","og_locale":"pt_PT","og_type":"article","og_title":"Festas de Carcavelos e Parede 2016, Balan\u00e7o, \u00daltimo Dia, Festa Anual","og_description":"Festas de Carcavelos e Parede 2016 | Balan\u00e7o | \u00daltimo Dia, Cascais, Televis\u00f5es regionais, Lisboa, Carlos Carreira, Carcavelos, Parede, Zilda Costa Silva","og_url":"https:\/\/www.tvportugal.tv\/portal\/festas-carcavelos-parede-2016-balanco-ultimo-dia\/","og_site_name":"TV Portugal - Televis\u00e3o - Cascais - Sintra - Oeiras - Lisboa - Noticias","article_published_time":"2016-07-23T01:28:59+00:00","article_modified_time":"2016-11-04T01:37:03+00:00","og_image":[{"width":800,"height":600,"url":"https:\/\/www.tvportugal.tv\/portal\/wp-content\/uploads\/2016\/11\/festa.jpg","type":"image\/jpeg"}],"author":"tvportugal","twitter_card":"summary_large_image","twitter_misc":{"Escrito por":"tvportugal","Tempo estimado de leitura":"1 minuto"},"schema":{"@context":"https:\/\/schema.org","@graph":[{"@type":"Article","@id":"https:\/\/www.tvportugal.tv\/portal\/festas-carcavelos-parede-2016-balanco-ultimo-dia\/#article","isPartOf":{"@id":"https:\/\/www.tvportugal.tv\/portal\/festas-carcavelos-parede-2016-balanco-ultimo-dia\/"},"author":{"name":"tvportugal","@id":"https:\/\/www.tvportugal.tv\/portal\/#\/schema\/person\/1cb420067b5cca2e3cec8436890203c7"},"headline":"Festas de Carcavelos e Parede 2016 | Balan\u00e7o | \u00daltimo Dia","datePublished":"2016-07-23T01:28:59+00:00","dateModified":"2016-11-04T01:37:03+00:00","mainEntityOfPage":{"@id":"https:\/\/www.tvportugal.tv\/portal\/festas-carcavelos-parede-2016-balanco-ultimo-dia\/"},"wordCount":127,"image":{"@id":"https:\/\/www.tvportugal.tv\/portal\/festas-carcavelos-parede-2016-balanco-ultimo-dia\/#primaryimage"},"thumbnailUrl":"https:\/\/www.tvportugal.tv\/portal\/wp-content\/uploads\/2016\/11\/festa.jpg","keywords":["Carcavelos","Carlos Carreiras","Cascais","Festa","Parede"],"articleSection":["Cascais","Cultura","Eventos","Festas"],"inLanguage":"pt-PT"},{"@type":"WebPage","@id":"https:\/\/www.tvportugal.tv\/portal\/festas-carcavelos-parede-2016-balanco-ultimo-dia\/","url":"https:\/\/www.tvportugal.tv\/portal\/festas-carcavelos-parede-2016-balanco-ultimo-dia\/","name":"Festas de Carcavelos e Parede 2016, Balan\u00e7o, \u00daltimo Dia, Festa Anual","isPartOf":{"@id":"https:\/\/www.tvportugal.tv\/portal\/#website"},"primaryImageOfPage":{"@id":"https:\/\/www.tvportugal.tv\/portal\/festas-carcavelos-parede-2016-balanco-ultimo-dia\/#primaryimage"},"image":{"@id":"https:\/\/www.tvportugal.tv\/portal\/festas-carcavelos-parede-2016-balanco-ultimo-dia\/#primaryimage"},"thumbnailUrl":"https:\/\/www.tvportugal.tv\/portal\/wp-content\/uploads\/2016\/11\/festa.jpg","datePublished":"2016-07-23T01:28:59+00:00","dateModified":"2016-11-04T01:37:03+00:00","author":{"@id":"https:\/\/www.tvportugal.tv\/portal\/#\/schema\/person\/1cb420067b5cca2e3cec8436890203c7"},"description":"Festas de Carcavelos e Parede 2016 | Balan\u00e7o | \u00daltimo Dia, Cascais, Televis\u00f5es regionais, Lisboa, Carlos Carreira, Carcavelos, Parede, Zilda Costa Silva","breadcrumb":{"@id":"https:\/\/www.tvportugal.tv\/portal\/festas-carcavelos-parede-2016-balanco-ultimo-dia\/#breadcrumb"},"inLanguage":"pt-PT","potentialAction":[{"@type":"ReadAction","target":["https:\/\/www.tvportugal.tv\/portal\/festas-carcavelos-parede-2016-balanco-ultimo-dia\/"]}]},{"@type":"ImageObject","inLanguage":"pt-PT","@id":"https:\/\/www.tvportugal.tv\/portal\/festas-carcavelos-parede-2016-balanco-ultimo-dia\/#primaryimage","url":"https:\/\/www.tvportugal.tv\/portal\/wp-content\/uploads\/2016\/11\/festa.jpg","contentUrl":"https:\/\/www.tvportugal.tv\/portal\/wp-content\/uploads\/2016\/11\/festa.jpg","width":800,"height":600,"caption":"Festas de Carcavelos e Parede 2016 | Balan\u00e7o | \u00daltimo Dia, Cascais, Televis\u00f5es regionais, Lisboa, Carlos Carreira, Carcavelos, Parede, Zilda Costa Silva"},{"@type":"BreadcrumbList","@id":"https:\/\/www.tvportugal.tv\/portal\/festas-carcavelos-parede-2016-balanco-ultimo-dia\/#breadcrumb","itemListElement":[{"@type":"ListItem","position":1,"name":"In\u00edcio","item":"https:\/\/www.tvportugal.tv\/portal\/"},{"@type":"ListItem","position":2,"name":"Festas de Carcavelos e Parede 2016 | Balan\u00e7o | \u00daltimo Dia"}]},{"@type":"WebSite","@id":"https:\/\/www.tvportugal.tv\/portal\/#website","url":"https:\/\/www.tvportugal.tv\/portal\/","name":"TV Portugal - Televis\u00e3o - Cascais - Sintra - Oeiras - Lisboa - Noticias","description":"Televis\u00e3o Cascais, Televis\u00e3o Estoril, Tv Web com produ\u00e7\u00e3o pr\u00f3pria da Regi\u00e3o de Lisboa, Televis\u00e3o On-line, Noticias de Cascais, Noticias de Sintra, Noticias de Lisboa, Videos, Reportagen","potentialAction":[{"@type":"SearchAction","target":{"@type":"EntryPoint","urlTemplate":"https:\/\/www.tvportugal.tv\/portal\/?s={search_term_string}"},"query-input":{"@type":"PropertyValueSpecification","valueRequired":true,"valueName":"search_term_string"}}],"inLanguage":"pt-PT"},{"@type":"Person","@id":"https:\/\/www.tvportugal.tv\/portal\/#\/schema\/person\/1cb420067b5cca2e3cec8436890203c7","name":"tvportugal","image":{"@type":"ImageObject","inLanguage":"pt-PT","@id":"https:\/\/secure.gravatar.com\/avatar\/2f8a069345c6aedbb67bbc03ba061a241cd66952f6e7d7edb48657d69186650d?s=96&d=mm&r=g","url":"https:\/\/secure.gravatar.com\/avatar\/2f8a069345c6aedbb67bbc03ba061a241cd66952f6e7d7edb48657d69186650d?s=96&d=mm&r=g","contentUrl":"https:\/\/secure.gravatar.com\/avatar\/2f8a069345c6aedbb67bbc03ba061a241cd66952f6e7d7edb48657d69186650d?s=96&d=mm&r=g","caption":"tvportugal"},"url":"https:\/\/www.tvportugal.tv\/portal\/author\/abelhamedia\/"}]}},"_links":{"self":[{"href":"https:\/\/www.tvportugal.tv\/portal\/wp-json\/wp\/v2\/posts\/3864","targetHints":{"allow":["GET"]}}],"collection":[{"href":"https:\/\/www.tvportugal.tv\/portal\/wp-json\/wp\/v2\/posts"}],"about":[{"href":"https:\/\/www.tvportugal.tv\/portal\/wp-json\/wp\/v2\/types\/post"}],"author":[{"embeddable":true,"href":"https:\/\/www.tvportugal.tv\/portal\/wp-json\/wp\/v2\/users\/1"}],"replies":[{"embeddable":true,"href":"https:\/\/www.tvportugal.tv\/portal\/wp-json\/wp\/v2\/comments?post=3864"}],"version-history":[{"count":2,"href":"https:\/\/www.tvportugal.tv\/portal\/wp-json\/wp\/v2\/posts\/3864\/revisions"}],"predecessor-version":[{"id":3867,"href":"https:\/\/www.tvportugal.tv\/portal\/wp-json\/wp\/v2\/posts\/3864\/revisions\/3867"}],"wp:featuredmedia":[{"embeddable":true,"href":"https:\/\/www.tvportugal.tv\/portal\/wp-json\/wp\/v2\/media\/3865"}],"wp:attachment":[{"href":"https:\/\/www.tvportugal.tv\/portal\/wp-json\/wp\/v2\/media?parent=3864"}],"wp:term":[{"taxonomy":"category","embeddable":true,"href":"https:\/\/www.tvportugal.tv\/portal\/wp-json\/wp\/v2\/categories?post=3864"},{"taxonomy":"post_tag","embeddable":true,"href":"https:\/\/www.tvportugal.tv\/portal\/wp-json\/wp\/v2\/tags?post=3864"}],"curies":[{"name":"wp","href":"https:\/\/api.w.org\/{rel}","templated":true}]}}