{"id":3512,"date":"2016-02-02T12:02:11","date_gmt":"2016-02-02T12:02:11","guid":{"rendered":"http:\/\/www.tvportugal.tv\/portal\/?p=3512"},"modified":"2016-11-01T18:53:58","modified_gmt":"2016-11-01T18:53:58","slug":"rotary-club-mafra-visita-do-governador-d-1960","status":"publish","type":"post","link":"https:\/\/www.tvportugal.tv\/portal\/rotary-club-mafra-visita-do-governador-d-1960\/","title":{"rendered":"Rotary Club de Mafra | Visita do Governador D 1960"},"content":{"rendered":"<p>[vc_row][vc_column][vc_column_text]<\/p>\n<h2>Rotary Club de Mafra | Visita do Governador D 1960<\/h2>\n<p>[\/vc_column_text][\/vc_column][\/vc_row][vc_row][vc_column][vc_column_text]Foi na passada sexta feira, dia 29 de Janeiro que o Governador do Distrito 1960, Miguel Real Mendes, efectuou a sua Visita Oficial a Mafra e ao Rotary Club de Mafra.<br \/>\nReportagem, Imagem e Edi\u00e7\u00e3o &#8211; Ant\u00f3nio Assun\u00e7\u00e3o<br \/>\n2016 02 02[\/vc_column_text][\/vc_column][\/vc_row][vc_row][vc_column][vc_video link=&#8221;https:\/\/www.youtube.com\/watch?v=L7_5Wq7E8Bc&#8221;][\/vc_column][\/vc_row]<\/p>\n","protected":false},"excerpt":{"rendered":"<p>[vc_row][vc_column][vc_column_text] Rotary Club de Mafra | Visita do Governador D 1960 [\/vc_column_text][\/vc_column][\/vc_row][vc_row][vc_column][vc_column_text]Foi na passada sexta feira, dia 29 de Janeiro que o Governador do Distrito 1960, Miguel Real Mendes, efectuou a sua Visita Oficial a Mafra e ao Rotary Club de Mafra. Reportagem, Imagem e Edi\u00e7\u00e3o &#8211; Ant\u00f3nio Assun\u00e7\u00e3o 2016<span class=\"excerpt-hellip\"> [\u2026]<\/span><\/p>\n","protected":false},"author":2,"featured_media":3702,"comment_status":"closed","ping_status":"closed","sticky":false,"template":"","format":"standard","meta":{"footnotes":""},"categories":[137,103,41],"tags":[139,104,109],"class_list":["post-3512","post","type-post","status-publish","format-standard","has-post-thumbnail","hentry","category-comunidade","category-mafra","category-social","tag-associacoes","tag-rotary-club-de-mafra","tag-solidariedade"],"yoast_head":"<!-- This site is optimized with the Yoast SEO plugin v27.5 - https:\/\/yoast.com\/product\/yoast-seo-wordpress\/ -->\n<title>Rotary Club de Mafra, Visita do Governador D 1960, Jantar, Musica<\/title>\n<meta name=\"description\" content=\"Rotary Club de Mafra, Visita do Governador D 1960, Jantar, Musica, Rot\u00e1rios, Solidariedade, Cidadania, TV Web, TV Regional, Regi\u00e3o de Lisboa, Videos\" \/>\n<meta name=\"robots\" content=\"index, follow, max-snippet:-1, max-image-preview:large, max-video-preview:-1\" \/>\n<link rel=\"canonical\" href=\"https:\/\/www.tvportugal.tv\/portal\/rotary-club-mafra-visita-do-governador-d-1960\/\" \/>\n<meta property=\"og:locale\" content=\"pt_PT\" \/>\n<meta property=\"og:type\" content=\"article\" \/>\n<meta property=\"og:title\" content=\"Rotary Club de Mafra, Visita do Governador D 1960, Jantar, Musica\" \/>\n<meta property=\"og:description\" content=\"Rotary Club de Mafra, Visita do Governador D 1960, Jantar, Musica, Rot\u00e1rios, Solidariedade, Cidadania, TV Web, TV Regional, Regi\u00e3o de Lisboa, Videos\" \/>\n<meta property=\"og:url\" content=\"https:\/\/www.tvportugal.tv\/portal\/rotary-club-mafra-visita-do-governador-d-1960\/\" \/>\n<meta property=\"og:site_name\" content=\"TV Portugal - Televis\u00e3o - Cascais - Sintra - Oeiras - Lisboa - Noticias\" \/>\n<meta property=\"article:published_time\" content=\"2016-02-02T12:02:11+00:00\" \/>\n<meta property=\"article:modified_time\" content=\"2016-11-01T18:53:58+00:00\" \/>\n<meta property=\"og:image\" content=\"https:\/\/www.tvportugal.tv\/portal\/wp-content\/uploads\/2016\/02\/d1960.jpg\" \/>\n\t<meta property=\"og:image:width\" content=\"800\" \/>\n\t<meta property=\"og:image:height\" content=\"600\" \/>\n\t<meta property=\"og:image:type\" content=\"image\/jpeg\" \/>\n<meta name=\"author\" content=\"Antonio Assuncao\" \/>\n<meta name=\"twitter:card\" content=\"summary_large_image\" \/>\n<meta name=\"twitter:label1\" content=\"Escrito por\" \/>\n\t<meta name=\"twitter:data1\" content=\"Antonio Assuncao\" \/>\n<script type=\"application\/ld+json\" class=\"yoast-schema-graph\">{\"@context\":\"https:\\\/\\\/schema.org\",\"@graph\":[{\"@type\":\"Article\",\"@id\":\"https:\\\/\\\/www.tvportugal.tv\\\/portal\\\/rotary-club-mafra-visita-do-governador-d-1960\\\/#article\",\"isPartOf\":{\"@id\":\"https:\\\/\\\/www.tvportugal.tv\\\/portal\\\/rotary-club-mafra-visita-do-governador-d-1960\\\/\"},\"author\":{\"name\":\"Antonio Assuncao\",\"@id\":\"https:\\\/\\\/www.tvportugal.tv\\\/portal\\\/#\\\/schema\\\/person\\\/3dd386a0a960b868c3daed310f5d8d6b\"},\"headline\":\"Rotary Club de Mafra | Visita do Governador D 1960\",\"datePublished\":\"2016-02-02T12:02:11+00:00\",\"dateModified\":\"2016-11-01T18:53:58+00:00\",\"mainEntityOfPage\":{\"@id\":\"https:\\\/\\\/www.tvportugal.tv\\\/portal\\\/rotary-club-mafra-visita-do-governador-d-1960\\\/\"},\"wordCount\":104,\"image\":{\"@id\":\"https:\\\/\\\/www.tvportugal.tv\\\/portal\\\/rotary-club-mafra-visita-do-governador-d-1960\\\/#primaryimage\"},\"thumbnailUrl\":\"https:\\\/\\\/www.tvportugal.tv\\\/portal\\\/wp-content\\\/uploads\\\/2016\\\/02\\\/d1960.jpg\",\"keywords\":[\"Associa\u00e7\u00f5es\",\"Rotary Club de Mafra\",\"Solidariedade\"],\"articleSection\":[\"Comunidade\",\"Mafra\",\"Social\"],\"inLanguage\":\"pt-PT\"},{\"@type\":\"WebPage\",\"@id\":\"https:\\\/\\\/www.tvportugal.tv\\\/portal\\\/rotary-club-mafra-visita-do-governador-d-1960\\\/\",\"url\":\"https:\\\/\\\/www.tvportugal.tv\\\/portal\\\/rotary-club-mafra-visita-do-governador-d-1960\\\/\",\"name\":\"Rotary Club de Mafra, Visita do Governador D 1960, Jantar, Musica\",\"isPartOf\":{\"@id\":\"https:\\\/\\\/www.tvportugal.tv\\\/portal\\\/#website\"},\"primaryImageOfPage\":{\"@id\":\"https:\\\/\\\/www.tvportugal.tv\\\/portal\\\/rotary-club-mafra-visita-do-governador-d-1960\\\/#primaryimage\"},\"image\":{\"@id\":\"https:\\\/\\\/www.tvportugal.tv\\\/portal\\\/rotary-club-mafra-visita-do-governador-d-1960\\\/#primaryimage\"},\"thumbnailUrl\":\"https:\\\/\\\/www.tvportugal.tv\\\/portal\\\/wp-content\\\/uploads\\\/2016\\\/02\\\/d1960.jpg\",\"datePublished\":\"2016-02-02T12:02:11+00:00\",\"dateModified\":\"2016-11-01T18:53:58+00:00\",\"author\":{\"@id\":\"https:\\\/\\\/www.tvportugal.tv\\\/portal\\\/#\\\/schema\\\/person\\\/3dd386a0a960b868c3daed310f5d8d6b\"},\"description\":\"Rotary Club de Mafra, Visita do Governador D 1960, Jantar, Musica, Rot\u00e1rios, Solidariedade, Cidadania, TV Web, TV Regional, Regi\u00e3o de Lisboa, Videos\",\"breadcrumb\":{\"@id\":\"https:\\\/\\\/www.tvportugal.tv\\\/portal\\\/rotary-club-mafra-visita-do-governador-d-1960\\\/#breadcrumb\"},\"inLanguage\":\"pt-PT\",\"potentialAction\":[{\"@type\":\"ReadAction\",\"target\":[\"https:\\\/\\\/www.tvportugal.tv\\\/portal\\\/rotary-club-mafra-visita-do-governador-d-1960\\\/\"]}]},{\"@type\":\"ImageObject\",\"inLanguage\":\"pt-PT\",\"@id\":\"https:\\\/\\\/www.tvportugal.tv\\\/portal\\\/rotary-club-mafra-visita-do-governador-d-1960\\\/#primaryimage\",\"url\":\"https:\\\/\\\/www.tvportugal.tv\\\/portal\\\/wp-content\\\/uploads\\\/2016\\\/02\\\/d1960.jpg\",\"contentUrl\":\"https:\\\/\\\/www.tvportugal.tv\\\/portal\\\/wp-content\\\/uploads\\\/2016\\\/02\\\/d1960.jpg\",\"width\":800,\"height\":600,\"caption\":\"Rotary Club de Mafra, Visita do Governador D 1960, Jantar, Musica, Rot\u00e1rios, Solidariedade, Cidadania, TV Web, TV Regional, Regi\u00e3o de Lisboa, Videos\"},{\"@type\":\"BreadcrumbList\",\"@id\":\"https:\\\/\\\/www.tvportugal.tv\\\/portal\\\/rotary-club-mafra-visita-do-governador-d-1960\\\/#breadcrumb\",\"itemListElement\":[{\"@type\":\"ListItem\",\"position\":1,\"name\":\"In\u00edcio\",\"item\":\"https:\\\/\\\/www.tvportugal.tv\\\/portal\\\/\"},{\"@type\":\"ListItem\",\"position\":2,\"name\":\"Rotary Club de Mafra | Visita do Governador D 1960\"}]},{\"@type\":\"WebSite\",\"@id\":\"https:\\\/\\\/www.tvportugal.tv\\\/portal\\\/#website\",\"url\":\"https:\\\/\\\/www.tvportugal.tv\\\/portal\\\/\",\"name\":\"TV Portugal - Televis\u00e3o - Cascais - Sintra - Oeiras - Lisboa - Noticias\",\"description\":\"Televis\u00e3o Cascais, Televis\u00e3o Estoril, Tv Web com produ\u00e7\u00e3o pr\u00f3pria da Regi\u00e3o de Lisboa, Televis\u00e3o On-line, Noticias de Cascais, Noticias de Sintra, Noticias de Lisboa, Videos, Reportagen\",\"potentialAction\":[{\"@type\":\"SearchAction\",\"target\":{\"@type\":\"EntryPoint\",\"urlTemplate\":\"https:\\\/\\\/www.tvportugal.tv\\\/portal\\\/?s={search_term_string}\"},\"query-input\":{\"@type\":\"PropertyValueSpecification\",\"valueRequired\":true,\"valueName\":\"search_term_string\"}}],\"inLanguage\":\"pt-PT\"},{\"@type\":\"Person\",\"@id\":\"https:\\\/\\\/www.tvportugal.tv\\\/portal\\\/#\\\/schema\\\/person\\\/3dd386a0a960b868c3daed310f5d8d6b\",\"name\":\"Antonio Assuncao\",\"image\":{\"@type\":\"ImageObject\",\"inLanguage\":\"pt-PT\",\"@id\":\"https:\\\/\\\/secure.gravatar.com\\\/avatar\\\/d8f395a7f86675d6142e7d6ee91f1232e911b4f5ad4a72e064ca4dde2d42881b?s=96&d=mm&r=g\",\"url\":\"https:\\\/\\\/secure.gravatar.com\\\/avatar\\\/d8f395a7f86675d6142e7d6ee91f1232e911b4f5ad4a72e064ca4dde2d42881b?s=96&d=mm&r=g\",\"contentUrl\":\"https:\\\/\\\/secure.gravatar.com\\\/avatar\\\/d8f395a7f86675d6142e7d6ee91f1232e911b4f5ad4a72e064ca4dde2d42881b?s=96&d=mm&r=g\",\"caption\":\"Antonio Assuncao\"},\"sameAs\":[\"http:\\\/\\\/www.tvportugal.tv\\\/\"],\"url\":\"https:\\\/\\\/www.tvportugal.tv\\\/portal\\\/author\\\/antonio-assuncao\\\/\"}]}<\/script>\n<!-- \/ Yoast SEO plugin. -->","yoast_head_json":{"title":"Rotary Club de Mafra, Visita do Governador D 1960, Jantar, Musica","description":"Rotary Club de Mafra, Visita do Governador D 1960, Jantar, Musica, Rot\u00e1rios, Solidariedade, Cidadania, TV Web, TV Regional, Regi\u00e3o de Lisboa, Videos","robots":{"index":"index","follow":"follow","max-snippet":"max-snippet:-1","max-image-preview":"max-image-preview:large","max-video-preview":"max-video-preview:-1"},"canonical":"https:\/\/www.tvportugal.tv\/portal\/rotary-club-mafra-visita-do-governador-d-1960\/","og_locale":"pt_PT","og_type":"article","og_title":"Rotary Club de Mafra, Visita do Governador D 1960, Jantar, Musica","og_description":"Rotary Club de Mafra, Visita do Governador D 1960, Jantar, Musica, Rot\u00e1rios, Solidariedade, Cidadania, TV Web, TV Regional, Regi\u00e3o de Lisboa, Videos","og_url":"https:\/\/www.tvportugal.tv\/portal\/rotary-club-mafra-visita-do-governador-d-1960\/","og_site_name":"TV Portugal - Televis\u00e3o - Cascais - Sintra - Oeiras - Lisboa - Noticias","article_published_time":"2016-02-02T12:02:11+00:00","article_modified_time":"2016-11-01T18:53:58+00:00","og_image":[{"width":800,"height":600,"url":"https:\/\/www.tvportugal.tv\/portal\/wp-content\/uploads\/2016\/02\/d1960.jpg","type":"image\/jpeg"}],"author":"Antonio Assuncao","twitter_card":"summary_large_image","twitter_misc":{"Escrito por":"Antonio Assuncao"},"schema":{"@context":"https:\/\/schema.org","@graph":[{"@type":"Article","@id":"https:\/\/www.tvportugal.tv\/portal\/rotary-club-mafra-visita-do-governador-d-1960\/#article","isPartOf":{"@id":"https:\/\/www.tvportugal.tv\/portal\/rotary-club-mafra-visita-do-governador-d-1960\/"},"author":{"name":"Antonio Assuncao","@id":"https:\/\/www.tvportugal.tv\/portal\/#\/schema\/person\/3dd386a0a960b868c3daed310f5d8d6b"},"headline":"Rotary Club de Mafra | Visita do Governador D 1960","datePublished":"2016-02-02T12:02:11+00:00","dateModified":"2016-11-01T18:53:58+00:00","mainEntityOfPage":{"@id":"https:\/\/www.tvportugal.tv\/portal\/rotary-club-mafra-visita-do-governador-d-1960\/"},"wordCount":104,"image":{"@id":"https:\/\/www.tvportugal.tv\/portal\/rotary-club-mafra-visita-do-governador-d-1960\/#primaryimage"},"thumbnailUrl":"https:\/\/www.tvportugal.tv\/portal\/wp-content\/uploads\/2016\/02\/d1960.jpg","keywords":["Associa\u00e7\u00f5es","Rotary Club de Mafra","Solidariedade"],"articleSection":["Comunidade","Mafra","Social"],"inLanguage":"pt-PT"},{"@type":"WebPage","@id":"https:\/\/www.tvportugal.tv\/portal\/rotary-club-mafra-visita-do-governador-d-1960\/","url":"https:\/\/www.tvportugal.tv\/portal\/rotary-club-mafra-visita-do-governador-d-1960\/","name":"Rotary Club de Mafra, Visita do Governador D 1960, Jantar, Musica","isPartOf":{"@id":"https:\/\/www.tvportugal.tv\/portal\/#website"},"primaryImageOfPage":{"@id":"https:\/\/www.tvportugal.tv\/portal\/rotary-club-mafra-visita-do-governador-d-1960\/#primaryimage"},"image":{"@id":"https:\/\/www.tvportugal.tv\/portal\/rotary-club-mafra-visita-do-governador-d-1960\/#primaryimage"},"thumbnailUrl":"https:\/\/www.tvportugal.tv\/portal\/wp-content\/uploads\/2016\/02\/d1960.jpg","datePublished":"2016-02-02T12:02:11+00:00","dateModified":"2016-11-01T18:53:58+00:00","author":{"@id":"https:\/\/www.tvportugal.tv\/portal\/#\/schema\/person\/3dd386a0a960b868c3daed310f5d8d6b"},"description":"Rotary Club de Mafra, Visita do Governador D 1960, Jantar, Musica, Rot\u00e1rios, Solidariedade, Cidadania, TV Web, TV Regional, Regi\u00e3o de Lisboa, Videos","breadcrumb":{"@id":"https:\/\/www.tvportugal.tv\/portal\/rotary-club-mafra-visita-do-governador-d-1960\/#breadcrumb"},"inLanguage":"pt-PT","potentialAction":[{"@type":"ReadAction","target":["https:\/\/www.tvportugal.tv\/portal\/rotary-club-mafra-visita-do-governador-d-1960\/"]}]},{"@type":"ImageObject","inLanguage":"pt-PT","@id":"https:\/\/www.tvportugal.tv\/portal\/rotary-club-mafra-visita-do-governador-d-1960\/#primaryimage","url":"https:\/\/www.tvportugal.tv\/portal\/wp-content\/uploads\/2016\/02\/d1960.jpg","contentUrl":"https:\/\/www.tvportugal.tv\/portal\/wp-content\/uploads\/2016\/02\/d1960.jpg","width":800,"height":600,"caption":"Rotary Club de Mafra, Visita do Governador D 1960, Jantar, Musica, Rot\u00e1rios, Solidariedade, Cidadania, TV Web, TV Regional, Regi\u00e3o de Lisboa, Videos"},{"@type":"BreadcrumbList","@id":"https:\/\/www.tvportugal.tv\/portal\/rotary-club-mafra-visita-do-governador-d-1960\/#breadcrumb","itemListElement":[{"@type":"ListItem","position":1,"name":"In\u00edcio","item":"https:\/\/www.tvportugal.tv\/portal\/"},{"@type":"ListItem","position":2,"name":"Rotary Club de Mafra | Visita do Governador D 1960"}]},{"@type":"WebSite","@id":"https:\/\/www.tvportugal.tv\/portal\/#website","url":"https:\/\/www.tvportugal.tv\/portal\/","name":"TV Portugal - Televis\u00e3o - Cascais - Sintra - Oeiras - Lisboa - Noticias","description":"Televis\u00e3o Cascais, Televis\u00e3o Estoril, Tv Web com produ\u00e7\u00e3o pr\u00f3pria da Regi\u00e3o de Lisboa, Televis\u00e3o On-line, Noticias de Cascais, Noticias de Sintra, Noticias de Lisboa, Videos, Reportagen","potentialAction":[{"@type":"SearchAction","target":{"@type":"EntryPoint","urlTemplate":"https:\/\/www.tvportugal.tv\/portal\/?s={search_term_string}"},"query-input":{"@type":"PropertyValueSpecification","valueRequired":true,"valueName":"search_term_string"}}],"inLanguage":"pt-PT"},{"@type":"Person","@id":"https:\/\/www.tvportugal.tv\/portal\/#\/schema\/person\/3dd386a0a960b868c3daed310f5d8d6b","name":"Antonio Assuncao","image":{"@type":"ImageObject","inLanguage":"pt-PT","@id":"https:\/\/secure.gravatar.com\/avatar\/d8f395a7f86675d6142e7d6ee91f1232e911b4f5ad4a72e064ca4dde2d42881b?s=96&d=mm&r=g","url":"https:\/\/secure.gravatar.com\/avatar\/d8f395a7f86675d6142e7d6ee91f1232e911b4f5ad4a72e064ca4dde2d42881b?s=96&d=mm&r=g","contentUrl":"https:\/\/secure.gravatar.com\/avatar\/d8f395a7f86675d6142e7d6ee91f1232e911b4f5ad4a72e064ca4dde2d42881b?s=96&d=mm&r=g","caption":"Antonio Assuncao"},"sameAs":["http:\/\/www.tvportugal.tv\/"],"url":"https:\/\/www.tvportugal.tv\/portal\/author\/antonio-assuncao\/"}]}},"_links":{"self":[{"href":"https:\/\/www.tvportugal.tv\/portal\/wp-json\/wp\/v2\/posts\/3512","targetHints":{"allow":["GET"]}}],"collection":[{"href":"https:\/\/www.tvportugal.tv\/portal\/wp-json\/wp\/v2\/posts"}],"about":[{"href":"https:\/\/www.tvportugal.tv\/portal\/wp-json\/wp\/v2\/types\/post"}],"author":[{"embeddable":true,"href":"https:\/\/www.tvportugal.tv\/portal\/wp-json\/wp\/v2\/users\/2"}],"replies":[{"embeddable":true,"href":"https:\/\/www.tvportugal.tv\/portal\/wp-json\/wp\/v2\/comments?post=3512"}],"version-history":[{"count":1,"href":"https:\/\/www.tvportugal.tv\/portal\/wp-json\/wp\/v2\/posts\/3512\/revisions"}],"predecessor-version":[{"id":3513,"href":"https:\/\/www.tvportugal.tv\/portal\/wp-json\/wp\/v2\/posts\/3512\/revisions\/3513"}],"wp:featuredmedia":[{"embeddable":true,"href":"https:\/\/www.tvportugal.tv\/portal\/wp-json\/wp\/v2\/media\/3702"}],"wp:attachment":[{"href":"https:\/\/www.tvportugal.tv\/portal\/wp-json\/wp\/v2\/media?parent=3512"}],"wp:term":[{"taxonomy":"category","embeddable":true,"href":"https:\/\/www.tvportugal.tv\/portal\/wp-json\/wp\/v2\/categories?post=3512"},{"taxonomy":"post_tag","embeddable":true,"href":"https:\/\/www.tvportugal.tv\/portal\/wp-json\/wp\/v2\/tags?post=3512"}],"curies":[{"name":"wp","href":"https:\/\/api.w.org\/{rel}","templated":true}]}}