{"id":3338,"date":"2016-09-25T00:45:09","date_gmt":"2016-09-25T00:45:09","guid":{"rendered":"http:\/\/www.tvportugal.tv\/portal\/?p=3338"},"modified":"2016-10-31T01:26:59","modified_gmt":"2016-10-31T01:26:59","slug":"associacao-sao-francisco-de-assis-proteccao-animal","status":"publish","type":"post","link":"https:\/\/www.tvportugal.tv\/portal\/associacao-sao-francisco-de-assis-proteccao-animal\/","title":{"rendered":"Associa\u00e7\u00e3o S. F. de Assis | Protec\u00e7\u00e3o Animal | Conversas da Rep\u00fablica"},"content":{"rendered":"<p>[vc_row][vc_column][vc_column_text]<\/p>\n<h2>Associa\u00e7\u00e3o S. F. de Assis | Protec\u00e7\u00e3o Animal | Conversas da Rep\u00fablica<\/h2>\n<p>[\/vc_column_text][\/vc_column][\/vc_row][vc_row][vc_column][vc_column_text]&#8221;Para n\u00f3s foi uma satisfa\u00e7\u00e3o especial a <a href=\"http:\/\/www.fundacaodomluis.pt\/\" target=\"_blank\">Funda\u00e7\u00e3o D. Lu\u00eds I<\/a> e a C\u00e2mara Municipal terem aceite o nosso repto de trazer para este espa\u00e7o da &#8220;Conversas da Rep\u00fablica&#8221; o debate sobre a protec\u00e7\u00e3o animal.&#8221; Jo\u00e3o Salgado, Vice &#8211; Presidente da <a href=\"https:\/\/www.facebook.com\/sfacascais\/\" target=\"_blank\">Associa\u00e7\u00e3o S\u00e3o Francisco de Assis<\/a>.<\/p>\n<p>Reportagem, Imagem e Edi\u00e7\u00e3o &#8211; Ant\u00f3nio Assun\u00e7\u00e3o<br \/>\n2016 09 25[\/vc_column_text][\/vc_column][\/vc_row][vc_row][vc_column][vc_video link=&#8221;https:\/\/www.youtube.com\/watch?v=S-OXa0xQf7E&#8221;][\/vc_column][\/vc_row]<\/p>\n","protected":false},"excerpt":{"rendered":"<p>[vc_row][vc_column][vc_column_text] Associa\u00e7\u00e3o S. F. de Assis | Protec\u00e7\u00e3o Animal | Conversas da Rep\u00fablica [\/vc_column_text][\/vc_column][\/vc_row][vc_row][vc_column][vc_column_text]&#8221;Para n\u00f3s foi uma satisfa\u00e7\u00e3o especial a Funda\u00e7\u00e3o D. Lu\u00eds I e a C\u00e2mara Municipal terem aceite o nosso repto de trazer para este espa\u00e7o da &#8220;Conversas da Rep\u00fablica&#8221; o debate sobre a protec\u00e7\u00e3o animal.&#8221; Jo\u00e3o Salgado,<span class=\"excerpt-hellip\"> [\u2026]<\/span><\/p>\n","protected":false},"author":2,"featured_media":3481,"comment_status":"open","ping_status":"open","sticky":false,"template":"","format":"image","meta":{"footnotes":""},"categories":[42,137,65],"tags":[97,98,99,126,43],"class_list":["post-3338","post","type-post","status-publish","format-image","has-post-thumbnail","hentry","category-cascais","category-comunidade","category-eventos","tag-animais","tag-caes","tag-gatos","tag-joao-salgado","tag-sao-domingos-de-rana","post_format-post-format-image"],"yoast_head":"<!-- This site is optimized with the Yoast SEO plugin v27.5 - https:\/\/yoast.com\/product\/yoast-seo-wordpress\/ -->\n<title>Associa\u00e7\u00e3o S. F. de Assis | Protec\u00e7\u00e3o Animal | Conversas da Rep\u00fablica<\/title>\n<meta name=\"description\" content=\"Associa\u00e7\u00e3o S. F. de Assis | Protec\u00e7\u00e3o Animal | Conversas da Rep\u00fablica, Jo\u00e3o Salgado, Animais, Cascais, Funda\u00e7\u00e3o D. Lu\u00eds I, C\u00e3es e Gatos\" \/>\n<meta name=\"robots\" content=\"index, follow, max-snippet:-1, max-image-preview:large, max-video-preview:-1\" \/>\n<link rel=\"canonical\" href=\"https:\/\/www.tvportugal.tv\/portal\/associacao-sao-francisco-de-assis-proteccao-animal\/\" \/>\n<meta property=\"og:locale\" content=\"pt_PT\" \/>\n<meta property=\"og:type\" content=\"article\" \/>\n<meta property=\"og:title\" content=\"Associa\u00e7\u00e3o S. F. de Assis | Protec\u00e7\u00e3o Animal | Conversas da Rep\u00fablica\" \/>\n<meta property=\"og:description\" content=\"Associa\u00e7\u00e3o S. F. de Assis | Protec\u00e7\u00e3o Animal | Conversas da Rep\u00fablica, Jo\u00e3o Salgado, Animais, Cascais, Funda\u00e7\u00e3o D. Lu\u00eds I, C\u00e3es e Gatos\" \/>\n<meta property=\"og:url\" content=\"https:\/\/www.tvportugal.tv\/portal\/associacao-sao-francisco-de-assis-proteccao-animal\/\" \/>\n<meta property=\"og:site_name\" content=\"TV Portugal - Televis\u00e3o - Cascais - Sintra - Oeiras - Lisboa - Noticias\" \/>\n<meta property=\"article:published_time\" content=\"2016-09-25T00:45:09+00:00\" \/>\n<meta property=\"article:modified_time\" content=\"2016-10-31T01:26:59+00:00\" \/>\n<meta property=\"og:image\" content=\"https:\/\/www.tvportugal.tv\/portal\/wp-content\/uploads\/2016\/09\/Associa\u00e7\u00e3o-S.-F.-de-Assis-Protec\u00e7\u00e3o-Animal-Conversas-da-Rep\u00fablica.jpg\" \/>\n\t<meta property=\"og:image:width\" content=\"800\" \/>\n\t<meta property=\"og:image:height\" content=\"600\" \/>\n\t<meta property=\"og:image:type\" content=\"image\/jpeg\" \/>\n<meta name=\"author\" content=\"Antonio Assuncao\" \/>\n<meta name=\"twitter:card\" content=\"summary_large_image\" \/>\n<meta name=\"twitter:label1\" content=\"Escrito por\" \/>\n\t<meta name=\"twitter:data1\" content=\"Antonio Assuncao\" \/>\n\t<meta name=\"twitter:label2\" content=\"Tempo estimado de leitura\" \/>\n\t<meta name=\"twitter:data2\" content=\"1 minuto\" \/>\n<script type=\"application\/ld+json\" class=\"yoast-schema-graph\">{\"@context\":\"https:\\\/\\\/schema.org\",\"@graph\":[{\"@type\":\"Article\",\"@id\":\"https:\\\/\\\/www.tvportugal.tv\\\/portal\\\/associacao-sao-francisco-de-assis-proteccao-animal\\\/#article\",\"isPartOf\":{\"@id\":\"https:\\\/\\\/www.tvportugal.tv\\\/portal\\\/associacao-sao-francisco-de-assis-proteccao-animal\\\/\"},\"author\":{\"name\":\"Antonio Assuncao\",\"@id\":\"https:\\\/\\\/www.tvportugal.tv\\\/portal\\\/#\\\/schema\\\/person\\\/3dd386a0a960b868c3daed310f5d8d6b\"},\"headline\":\"Associa\u00e7\u00e3o S. F. de Assis | Protec\u00e7\u00e3o Animal | Conversas da Rep\u00fablica\",\"datePublished\":\"2016-09-25T00:45:09+00:00\",\"dateModified\":\"2016-10-31T01:26:59+00:00\",\"mainEntityOfPage\":{\"@id\":\"https:\\\/\\\/www.tvportugal.tv\\\/portal\\\/associacao-sao-francisco-de-assis-proteccao-animal\\\/\"},\"wordCount\":141,\"commentCount\":0,\"image\":{\"@id\":\"https:\\\/\\\/www.tvportugal.tv\\\/portal\\\/associacao-sao-francisco-de-assis-proteccao-animal\\\/#primaryimage\"},\"thumbnailUrl\":\"https:\\\/\\\/www.tvportugal.tv\\\/portal\\\/wp-content\\\/uploads\\\/2016\\\/09\\\/Associa\u00e7\u00e3o-S.-F.-de-Assis-Protec\u00e7\u00e3o-Animal-Conversas-da-Rep\u00fablica.jpg\",\"keywords\":[\"animais\",\"c\u00e3es\",\"gatos\",\"Jo\u00e3o Salgado\",\"S. Domingos de Rana\"],\"articleSection\":[\"Cascais\",\"Comunidade\",\"Eventos\"],\"inLanguage\":\"pt-PT\",\"potentialAction\":[{\"@type\":\"CommentAction\",\"name\":\"Comment\",\"target\":[\"https:\\\/\\\/www.tvportugal.tv\\\/portal\\\/associacao-sao-francisco-de-assis-proteccao-animal\\\/#respond\"]}]},{\"@type\":\"WebPage\",\"@id\":\"https:\\\/\\\/www.tvportugal.tv\\\/portal\\\/associacao-sao-francisco-de-assis-proteccao-animal\\\/\",\"url\":\"https:\\\/\\\/www.tvportugal.tv\\\/portal\\\/associacao-sao-francisco-de-assis-proteccao-animal\\\/\",\"name\":\"Associa\u00e7\u00e3o S. F. de Assis | Protec\u00e7\u00e3o Animal | Conversas da Rep\u00fablica\",\"isPartOf\":{\"@id\":\"https:\\\/\\\/www.tvportugal.tv\\\/portal\\\/#website\"},\"primaryImageOfPage\":{\"@id\":\"https:\\\/\\\/www.tvportugal.tv\\\/portal\\\/associacao-sao-francisco-de-assis-proteccao-animal\\\/#primaryimage\"},\"image\":{\"@id\":\"https:\\\/\\\/www.tvportugal.tv\\\/portal\\\/associacao-sao-francisco-de-assis-proteccao-animal\\\/#primaryimage\"},\"thumbnailUrl\":\"https:\\\/\\\/www.tvportugal.tv\\\/portal\\\/wp-content\\\/uploads\\\/2016\\\/09\\\/Associa\u00e7\u00e3o-S.-F.-de-Assis-Protec\u00e7\u00e3o-Animal-Conversas-da-Rep\u00fablica.jpg\",\"datePublished\":\"2016-09-25T00:45:09+00:00\",\"dateModified\":\"2016-10-31T01:26:59+00:00\",\"author\":{\"@id\":\"https:\\\/\\\/www.tvportugal.tv\\\/portal\\\/#\\\/schema\\\/person\\\/3dd386a0a960b868c3daed310f5d8d6b\"},\"description\":\"Associa\u00e7\u00e3o S. F. de Assis | Protec\u00e7\u00e3o Animal | Conversas da Rep\u00fablica, Jo\u00e3o Salgado, Animais, Cascais, Funda\u00e7\u00e3o D. Lu\u00eds I, C\u00e3es e Gatos\",\"breadcrumb\":{\"@id\":\"https:\\\/\\\/www.tvportugal.tv\\\/portal\\\/associacao-sao-francisco-de-assis-proteccao-animal\\\/#breadcrumb\"},\"inLanguage\":\"pt-PT\",\"potentialAction\":[{\"@type\":\"ReadAction\",\"target\":[\"https:\\\/\\\/www.tvportugal.tv\\\/portal\\\/associacao-sao-francisco-de-assis-proteccao-animal\\\/\"]}]},{\"@type\":\"ImageObject\",\"inLanguage\":\"pt-PT\",\"@id\":\"https:\\\/\\\/www.tvportugal.tv\\\/portal\\\/associacao-sao-francisco-de-assis-proteccao-animal\\\/#primaryimage\",\"url\":\"https:\\\/\\\/www.tvportugal.tv\\\/portal\\\/wp-content\\\/uploads\\\/2016\\\/09\\\/Associa\u00e7\u00e3o-S.-F.-de-Assis-Protec\u00e7\u00e3o-Animal-Conversas-da-Rep\u00fablica.jpg\",\"contentUrl\":\"https:\\\/\\\/www.tvportugal.tv\\\/portal\\\/wp-content\\\/uploads\\\/2016\\\/09\\\/Associa\u00e7\u00e3o-S.-F.-de-Assis-Protec\u00e7\u00e3o-Animal-Conversas-da-Rep\u00fablica.jpg\",\"width\":800,\"height\":600,\"caption\":\"Associa\u00e7\u00e3o S\u00e3o Francisco de Assis, Protec\u00e7\u00e3o Animal, Conversas da Rep\u00fablica, Cascais, Associa\u00e7\u00e3o S. F. de Assis\"},{\"@type\":\"BreadcrumbList\",\"@id\":\"https:\\\/\\\/www.tvportugal.tv\\\/portal\\\/associacao-sao-francisco-de-assis-proteccao-animal\\\/#breadcrumb\",\"itemListElement\":[{\"@type\":\"ListItem\",\"position\":1,\"name\":\"In\u00edcio\",\"item\":\"https:\\\/\\\/www.tvportugal.tv\\\/portal\\\/\"},{\"@type\":\"ListItem\",\"position\":2,\"name\":\"Associa\u00e7\u00e3o S. F. de Assis | Protec\u00e7\u00e3o Animal | Conversas da Rep\u00fablica\"}]},{\"@type\":\"WebSite\",\"@id\":\"https:\\\/\\\/www.tvportugal.tv\\\/portal\\\/#website\",\"url\":\"https:\\\/\\\/www.tvportugal.tv\\\/portal\\\/\",\"name\":\"TV Portugal - Televis\u00e3o - Cascais - Sintra - Oeiras - Lisboa - Noticias\",\"description\":\"Televis\u00e3o Cascais, Televis\u00e3o Estoril, Tv Web com produ\u00e7\u00e3o pr\u00f3pria da Regi\u00e3o de Lisboa, Televis\u00e3o On-line, Noticias de Cascais, Noticias de Sintra, Noticias de Lisboa, Videos, Reportagen\",\"potentialAction\":[{\"@type\":\"SearchAction\",\"target\":{\"@type\":\"EntryPoint\",\"urlTemplate\":\"https:\\\/\\\/www.tvportugal.tv\\\/portal\\\/?s={search_term_string}\"},\"query-input\":{\"@type\":\"PropertyValueSpecification\",\"valueRequired\":true,\"valueName\":\"search_term_string\"}}],\"inLanguage\":\"pt-PT\"},{\"@type\":\"Person\",\"@id\":\"https:\\\/\\\/www.tvportugal.tv\\\/portal\\\/#\\\/schema\\\/person\\\/3dd386a0a960b868c3daed310f5d8d6b\",\"name\":\"Antonio Assuncao\",\"image\":{\"@type\":\"ImageObject\",\"inLanguage\":\"pt-PT\",\"@id\":\"https:\\\/\\\/secure.gravatar.com\\\/avatar\\\/d8f395a7f86675d6142e7d6ee91f1232e911b4f5ad4a72e064ca4dde2d42881b?s=96&d=mm&r=g\",\"url\":\"https:\\\/\\\/secure.gravatar.com\\\/avatar\\\/d8f395a7f86675d6142e7d6ee91f1232e911b4f5ad4a72e064ca4dde2d42881b?s=96&d=mm&r=g\",\"contentUrl\":\"https:\\\/\\\/secure.gravatar.com\\\/avatar\\\/d8f395a7f86675d6142e7d6ee91f1232e911b4f5ad4a72e064ca4dde2d42881b?s=96&d=mm&r=g\",\"caption\":\"Antonio Assuncao\"},\"sameAs\":[\"http:\\\/\\\/www.tvportugal.tv\\\/\"],\"url\":\"https:\\\/\\\/www.tvportugal.tv\\\/portal\\\/author\\\/antonio-assuncao\\\/\"}]}<\/script>\n<!-- \/ Yoast SEO plugin. -->","yoast_head_json":{"title":"Associa\u00e7\u00e3o S. F. de Assis | Protec\u00e7\u00e3o Animal | Conversas da Rep\u00fablica","description":"Associa\u00e7\u00e3o S. F. de Assis | Protec\u00e7\u00e3o Animal | Conversas da Rep\u00fablica, Jo\u00e3o Salgado, Animais, Cascais, Funda\u00e7\u00e3o D. Lu\u00eds I, C\u00e3es e Gatos","robots":{"index":"index","follow":"follow","max-snippet":"max-snippet:-1","max-image-preview":"max-image-preview:large","max-video-preview":"max-video-preview:-1"},"canonical":"https:\/\/www.tvportugal.tv\/portal\/associacao-sao-francisco-de-assis-proteccao-animal\/","og_locale":"pt_PT","og_type":"article","og_title":"Associa\u00e7\u00e3o S. F. de Assis | Protec\u00e7\u00e3o Animal | Conversas da Rep\u00fablica","og_description":"Associa\u00e7\u00e3o S. F. de Assis | Protec\u00e7\u00e3o Animal | Conversas da Rep\u00fablica, Jo\u00e3o Salgado, Animais, Cascais, Funda\u00e7\u00e3o D. Lu\u00eds I, C\u00e3es e Gatos","og_url":"https:\/\/www.tvportugal.tv\/portal\/associacao-sao-francisco-de-assis-proteccao-animal\/","og_site_name":"TV Portugal - Televis\u00e3o - Cascais - Sintra - Oeiras - Lisboa - Noticias","article_published_time":"2016-09-25T00:45:09+00:00","article_modified_time":"2016-10-31T01:26:59+00:00","og_image":[{"width":800,"height":600,"url":"https:\/\/www.tvportugal.tv\/portal\/wp-content\/uploads\/2016\/09\/Associa\u00e7\u00e3o-S.-F.-de-Assis-Protec\u00e7\u00e3o-Animal-Conversas-da-Rep\u00fablica.jpg","type":"image\/jpeg"}],"author":"Antonio Assuncao","twitter_card":"summary_large_image","twitter_misc":{"Escrito por":"Antonio Assuncao","Tempo estimado de leitura":"1 minuto"},"schema":{"@context":"https:\/\/schema.org","@graph":[{"@type":"Article","@id":"https:\/\/www.tvportugal.tv\/portal\/associacao-sao-francisco-de-assis-proteccao-animal\/#article","isPartOf":{"@id":"https:\/\/www.tvportugal.tv\/portal\/associacao-sao-francisco-de-assis-proteccao-animal\/"},"author":{"name":"Antonio Assuncao","@id":"https:\/\/www.tvportugal.tv\/portal\/#\/schema\/person\/3dd386a0a960b868c3daed310f5d8d6b"},"headline":"Associa\u00e7\u00e3o S. F. de Assis | Protec\u00e7\u00e3o Animal | Conversas da Rep\u00fablica","datePublished":"2016-09-25T00:45:09+00:00","dateModified":"2016-10-31T01:26:59+00:00","mainEntityOfPage":{"@id":"https:\/\/www.tvportugal.tv\/portal\/associacao-sao-francisco-de-assis-proteccao-animal\/"},"wordCount":141,"commentCount":0,"image":{"@id":"https:\/\/www.tvportugal.tv\/portal\/associacao-sao-francisco-de-assis-proteccao-animal\/#primaryimage"},"thumbnailUrl":"https:\/\/www.tvportugal.tv\/portal\/wp-content\/uploads\/2016\/09\/Associa\u00e7\u00e3o-S.-F.-de-Assis-Protec\u00e7\u00e3o-Animal-Conversas-da-Rep\u00fablica.jpg","keywords":["animais","c\u00e3es","gatos","Jo\u00e3o Salgado","S. Domingos de Rana"],"articleSection":["Cascais","Comunidade","Eventos"],"inLanguage":"pt-PT","potentialAction":[{"@type":"CommentAction","name":"Comment","target":["https:\/\/www.tvportugal.tv\/portal\/associacao-sao-francisco-de-assis-proteccao-animal\/#respond"]}]},{"@type":"WebPage","@id":"https:\/\/www.tvportugal.tv\/portal\/associacao-sao-francisco-de-assis-proteccao-animal\/","url":"https:\/\/www.tvportugal.tv\/portal\/associacao-sao-francisco-de-assis-proteccao-animal\/","name":"Associa\u00e7\u00e3o S. F. de Assis | Protec\u00e7\u00e3o Animal | Conversas da Rep\u00fablica","isPartOf":{"@id":"https:\/\/www.tvportugal.tv\/portal\/#website"},"primaryImageOfPage":{"@id":"https:\/\/www.tvportugal.tv\/portal\/associacao-sao-francisco-de-assis-proteccao-animal\/#primaryimage"},"image":{"@id":"https:\/\/www.tvportugal.tv\/portal\/associacao-sao-francisco-de-assis-proteccao-animal\/#primaryimage"},"thumbnailUrl":"https:\/\/www.tvportugal.tv\/portal\/wp-content\/uploads\/2016\/09\/Associa\u00e7\u00e3o-S.-F.-de-Assis-Protec\u00e7\u00e3o-Animal-Conversas-da-Rep\u00fablica.jpg","datePublished":"2016-09-25T00:45:09+00:00","dateModified":"2016-10-31T01:26:59+00:00","author":{"@id":"https:\/\/www.tvportugal.tv\/portal\/#\/schema\/person\/3dd386a0a960b868c3daed310f5d8d6b"},"description":"Associa\u00e7\u00e3o S. F. de Assis | Protec\u00e7\u00e3o Animal | Conversas da Rep\u00fablica, Jo\u00e3o Salgado, Animais, Cascais, Funda\u00e7\u00e3o D. Lu\u00eds I, C\u00e3es e Gatos","breadcrumb":{"@id":"https:\/\/www.tvportugal.tv\/portal\/associacao-sao-francisco-de-assis-proteccao-animal\/#breadcrumb"},"inLanguage":"pt-PT","potentialAction":[{"@type":"ReadAction","target":["https:\/\/www.tvportugal.tv\/portal\/associacao-sao-francisco-de-assis-proteccao-animal\/"]}]},{"@type":"ImageObject","inLanguage":"pt-PT","@id":"https:\/\/www.tvportugal.tv\/portal\/associacao-sao-francisco-de-assis-proteccao-animal\/#primaryimage","url":"https:\/\/www.tvportugal.tv\/portal\/wp-content\/uploads\/2016\/09\/Associa\u00e7\u00e3o-S.-F.-de-Assis-Protec\u00e7\u00e3o-Animal-Conversas-da-Rep\u00fablica.jpg","contentUrl":"https:\/\/www.tvportugal.tv\/portal\/wp-content\/uploads\/2016\/09\/Associa\u00e7\u00e3o-S.-F.-de-Assis-Protec\u00e7\u00e3o-Animal-Conversas-da-Rep\u00fablica.jpg","width":800,"height":600,"caption":"Associa\u00e7\u00e3o S\u00e3o Francisco de Assis, Protec\u00e7\u00e3o Animal, Conversas da Rep\u00fablica, Cascais, Associa\u00e7\u00e3o S. F. de Assis"},{"@type":"BreadcrumbList","@id":"https:\/\/www.tvportugal.tv\/portal\/associacao-sao-francisco-de-assis-proteccao-animal\/#breadcrumb","itemListElement":[{"@type":"ListItem","position":1,"name":"In\u00edcio","item":"https:\/\/www.tvportugal.tv\/portal\/"},{"@type":"ListItem","position":2,"name":"Associa\u00e7\u00e3o S. F. de Assis | Protec\u00e7\u00e3o Animal | Conversas da Rep\u00fablica"}]},{"@type":"WebSite","@id":"https:\/\/www.tvportugal.tv\/portal\/#website","url":"https:\/\/www.tvportugal.tv\/portal\/","name":"TV Portugal - Televis\u00e3o - Cascais - Sintra - Oeiras - Lisboa - Noticias","description":"Televis\u00e3o Cascais, Televis\u00e3o Estoril, Tv Web com produ\u00e7\u00e3o pr\u00f3pria da Regi\u00e3o de Lisboa, Televis\u00e3o On-line, Noticias de Cascais, Noticias de Sintra, Noticias de Lisboa, Videos, Reportagen","potentialAction":[{"@type":"SearchAction","target":{"@type":"EntryPoint","urlTemplate":"https:\/\/www.tvportugal.tv\/portal\/?s={search_term_string}"},"query-input":{"@type":"PropertyValueSpecification","valueRequired":true,"valueName":"search_term_string"}}],"inLanguage":"pt-PT"},{"@type":"Person","@id":"https:\/\/www.tvportugal.tv\/portal\/#\/schema\/person\/3dd386a0a960b868c3daed310f5d8d6b","name":"Antonio Assuncao","image":{"@type":"ImageObject","inLanguage":"pt-PT","@id":"https:\/\/secure.gravatar.com\/avatar\/d8f395a7f86675d6142e7d6ee91f1232e911b4f5ad4a72e064ca4dde2d42881b?s=96&d=mm&r=g","url":"https:\/\/secure.gravatar.com\/avatar\/d8f395a7f86675d6142e7d6ee91f1232e911b4f5ad4a72e064ca4dde2d42881b?s=96&d=mm&r=g","contentUrl":"https:\/\/secure.gravatar.com\/avatar\/d8f395a7f86675d6142e7d6ee91f1232e911b4f5ad4a72e064ca4dde2d42881b?s=96&d=mm&r=g","caption":"Antonio Assuncao"},"sameAs":["http:\/\/www.tvportugal.tv\/"],"url":"https:\/\/www.tvportugal.tv\/portal\/author\/antonio-assuncao\/"}]}},"_links":{"self":[{"href":"https:\/\/www.tvportugal.tv\/portal\/wp-json\/wp\/v2\/posts\/3338","targetHints":{"allow":["GET"]}}],"collection":[{"href":"https:\/\/www.tvportugal.tv\/portal\/wp-json\/wp\/v2\/posts"}],"about":[{"href":"https:\/\/www.tvportugal.tv\/portal\/wp-json\/wp\/v2\/types\/post"}],"author":[{"embeddable":true,"href":"https:\/\/www.tvportugal.tv\/portal\/wp-json\/wp\/v2\/users\/2"}],"replies":[{"embeddable":true,"href":"https:\/\/www.tvportugal.tv\/portal\/wp-json\/wp\/v2\/comments?post=3338"}],"version-history":[{"count":3,"href":"https:\/\/www.tvportugal.tv\/portal\/wp-json\/wp\/v2\/posts\/3338\/revisions"}],"predecessor-version":[{"id":3482,"href":"https:\/\/www.tvportugal.tv\/portal\/wp-json\/wp\/v2\/posts\/3338\/revisions\/3482"}],"wp:featuredmedia":[{"embeddable":true,"href":"https:\/\/www.tvportugal.tv\/portal\/wp-json\/wp\/v2\/media\/3481"}],"wp:attachment":[{"href":"https:\/\/www.tvportugal.tv\/portal\/wp-json\/wp\/v2\/media?parent=3338"}],"wp:term":[{"taxonomy":"category","embeddable":true,"href":"https:\/\/www.tvportugal.tv\/portal\/wp-json\/wp\/v2\/categories?post=3338"},{"taxonomy":"post_tag","embeddable":true,"href":"https:\/\/www.tvportugal.tv\/portal\/wp-json\/wp\/v2\/tags?post=3338"}],"curies":[{"name":"wp","href":"https:\/\/api.w.org\/{rel}","templated":true}]}}