{"id":3307,"date":"2016-10-08T20:05:09","date_gmt":"2016-10-08T20:05:09","guid":{"rendered":"http:\/\/www.tvportugal.tv\/portal\/?p=3307"},"modified":"2016-10-30T23:21:47","modified_gmt":"2016-10-30T23:21:47","slug":"arte-solidaria-gabriela-carvalho-antonio-loureiro","status":"publish","type":"post","link":"https:\/\/www.tvportugal.tv\/portal\/arte-solidaria-gabriela-carvalho-antonio-loureiro\/","title":{"rendered":"Arte Solid\u00e1ria, Pintores Gabriela Carvalho, Ant\u00f3nio Loureiro"},"content":{"rendered":"<p>[vc_row][vc_column][vc_column_text]<\/p>\n<h2>Arte Solid\u00e1ria | Gabriela Carvalho | Ant\u00f3nio Loureiro<\/h2>\n<p>[\/vc_column_text][\/vc_column][\/vc_row][vc_row][vc_column][vc_column_text]<strong>Arte Solid\u00e1ria\u00a0<\/strong><br \/>\nGabriela Carvalho e Ant\u00f3nio Loureiro, exp\u00f5em mais uma vez no <a href=\"http:\/\/www.muchaxo.com\/\" target=\"_blank\">Hotel Restaurante Muchaxo<\/a>. 20% das receitas obtidas revertem a favor do projecto do Rotary Internacional End Polio Now.<\/p>\n<p>Reportagem, Imagem e Edi\u00e7\u00e3o &#8211; Ant\u00f3nio Assun\u00e7\u00e3o<br \/>\n2016 10 08[\/vc_column_text][\/vc_column][\/vc_row][vc_row][vc_column][vc_video link=&#8221;https:\/\/www.youtube.com\/watch?v=qsD8bJvfplw&#8221;][\/vc_column][\/vc_row]<\/p>\n","protected":false},"excerpt":{"rendered":"<p>[vc_row][vc_column][vc_column_text] Arte Solid\u00e1ria | Gabriela Carvalho | Ant\u00f3nio Loureiro [\/vc_column_text][\/vc_column][\/vc_row][vc_row][vc_column][vc_column_text]Arte Solid\u00e1ria\u00a0 Gabriela Carvalho e Ant\u00f3nio Loureiro, exp\u00f5em mais uma vez no Hotel Restaurante Muchaxo. 20% das receitas obtidas revertem a favor do projecto do Rotary Internacional End Polio Now. Reportagem, Imagem e Edi\u00e7\u00e3o &#8211; Ant\u00f3nio Assun\u00e7\u00e3o 2016 10 08[\/vc_column_text][\/vc_column][\/vc_row][vc_row][vc_column][vc_video link=&#8221;https:\/\/www.youtube.com\/watch?v=qsD8bJvfplw&#8221;][\/vc_column][\/vc_row]<\/p>\n","protected":false},"author":2,"featured_media":3448,"comment_status":"open","ping_status":"open","sticky":false,"template":"","format":"image","meta":{"footnotes":""},"categories":[42,65,41],"tags":[108,110,107,106,105,109],"class_list":["post-3307","post","type-post","status-publish","format-image","has-post-thumbnail","hentry","category-cascais","category-eventos","category-social","tag-arte","tag-artistas","tag-exposicoes","tag-pintura","tag-rotarios","tag-solidariedade","post_format-post-format-image"],"yoast_head":"<!-- This site is optimized with the Yoast SEO plugin v27.5 - https:\/\/yoast.com\/product\/yoast-seo-wordpress\/ -->\n<title>Arte Solid\u00e1ria | Gabriela Carvalho | Ant\u00f3nio Loureiro, Cascais, Muchaxo<\/title>\n<meta name=\"description\" content=\"Exposi\u00e7\u00f5es de Pintura, Solidariedade, Artistas, Gabriela Carvalho, Ant\u00f3nio Loureiro, Arte Solid\u00e1ria, Cascais, Muchaxo, Rotarios\" \/>\n<meta name=\"robots\" content=\"index, follow, max-snippet:-1, max-image-preview:large, max-video-preview:-1\" \/>\n<link rel=\"canonical\" href=\"https:\/\/www.tvportugal.tv\/portal\/arte-solidaria-gabriela-carvalho-antonio-loureiro\/\" \/>\n<meta property=\"og:locale\" content=\"pt_PT\" \/>\n<meta property=\"og:type\" content=\"article\" \/>\n<meta property=\"og:title\" content=\"Arte Solid\u00e1ria | Gabriela Carvalho | Ant\u00f3nio Loureiro, Cascais, Muchaxo\" \/>\n<meta property=\"og:description\" content=\"Exposi\u00e7\u00f5es de Pintura, Solidariedade, Artistas, Gabriela Carvalho, Ant\u00f3nio Loureiro, Arte Solid\u00e1ria, Cascais, Muchaxo, Rotarios\" \/>\n<meta property=\"og:url\" content=\"https:\/\/www.tvportugal.tv\/portal\/arte-solidaria-gabriela-carvalho-antonio-loureiro\/\" \/>\n<meta property=\"og:site_name\" content=\"TV Portugal - Televis\u00e3o - Cascais - Sintra - Oeiras - Lisboa - Noticias\" \/>\n<meta property=\"article:published_time\" content=\"2016-10-08T20:05:09+00:00\" \/>\n<meta property=\"article:modified_time\" content=\"2016-10-30T23:21:47+00:00\" \/>\n<meta property=\"og:image\" content=\"https:\/\/www.tvportugal.tv\/portal\/wp-content\/uploads\/2016\/10\/Arte-Solidaria.jpg\" \/>\n\t<meta property=\"og:image:width\" content=\"800\" \/>\n\t<meta property=\"og:image:height\" content=\"600\" \/>\n\t<meta property=\"og:image:type\" content=\"image\/jpeg\" \/>\n<meta name=\"author\" content=\"Antonio Assuncao\" \/>\n<meta name=\"twitter:card\" content=\"summary_large_image\" \/>\n<meta name=\"twitter:label1\" content=\"Escrito por\" \/>\n\t<meta name=\"twitter:data1\" content=\"Antonio Assuncao\" \/>\n<script type=\"application\/ld+json\" class=\"yoast-schema-graph\">{\"@context\":\"https:\\\/\\\/schema.org\",\"@graph\":[{\"@type\":\"Article\",\"@id\":\"https:\\\/\\\/www.tvportugal.tv\\\/portal\\\/arte-solidaria-gabriela-carvalho-antonio-loureiro\\\/#article\",\"isPartOf\":{\"@id\":\"https:\\\/\\\/www.tvportugal.tv\\\/portal\\\/arte-solidaria-gabriela-carvalho-antonio-loureiro\\\/\"},\"author\":{\"name\":\"Antonio Assuncao\",\"@id\":\"https:\\\/\\\/www.tvportugal.tv\\\/portal\\\/#\\\/schema\\\/person\\\/3dd386a0a960b868c3daed310f5d8d6b\"},\"headline\":\"Arte Solid\u00e1ria, Pintores Gabriela Carvalho, Ant\u00f3nio Loureiro\",\"datePublished\":\"2016-10-08T20:05:09+00:00\",\"dateModified\":\"2016-10-30T23:21:47+00:00\",\"mainEntityOfPage\":{\"@id\":\"https:\\\/\\\/www.tvportugal.tv\\\/portal\\\/arte-solidaria-gabriela-carvalho-antonio-loureiro\\\/\"},\"wordCount\":106,\"commentCount\":0,\"image\":{\"@id\":\"https:\\\/\\\/www.tvportugal.tv\\\/portal\\\/arte-solidaria-gabriela-carvalho-antonio-loureiro\\\/#primaryimage\"},\"thumbnailUrl\":\"https:\\\/\\\/www.tvportugal.tv\\\/portal\\\/wp-content\\\/uploads\\\/2016\\\/10\\\/Arte-Solidaria.jpg\",\"keywords\":[\"Arte\",\"Artistas\",\"Exposi\u00e7\u00f5es\",\"Pintura\",\"Rot\u00e1rios\",\"Solidariedade\"],\"articleSection\":[\"Cascais\",\"Eventos\",\"Social\"],\"inLanguage\":\"pt-PT\",\"potentialAction\":[{\"@type\":\"CommentAction\",\"name\":\"Comment\",\"target\":[\"https:\\\/\\\/www.tvportugal.tv\\\/portal\\\/arte-solidaria-gabriela-carvalho-antonio-loureiro\\\/#respond\"]}]},{\"@type\":\"WebPage\",\"@id\":\"https:\\\/\\\/www.tvportugal.tv\\\/portal\\\/arte-solidaria-gabriela-carvalho-antonio-loureiro\\\/\",\"url\":\"https:\\\/\\\/www.tvportugal.tv\\\/portal\\\/arte-solidaria-gabriela-carvalho-antonio-loureiro\\\/\",\"name\":\"Arte Solid\u00e1ria | Gabriela Carvalho | Ant\u00f3nio Loureiro, Cascais, Muchaxo\",\"isPartOf\":{\"@id\":\"https:\\\/\\\/www.tvportugal.tv\\\/portal\\\/#website\"},\"primaryImageOfPage\":{\"@id\":\"https:\\\/\\\/www.tvportugal.tv\\\/portal\\\/arte-solidaria-gabriela-carvalho-antonio-loureiro\\\/#primaryimage\"},\"image\":{\"@id\":\"https:\\\/\\\/www.tvportugal.tv\\\/portal\\\/arte-solidaria-gabriela-carvalho-antonio-loureiro\\\/#primaryimage\"},\"thumbnailUrl\":\"https:\\\/\\\/www.tvportugal.tv\\\/portal\\\/wp-content\\\/uploads\\\/2016\\\/10\\\/Arte-Solidaria.jpg\",\"datePublished\":\"2016-10-08T20:05:09+00:00\",\"dateModified\":\"2016-10-30T23:21:47+00:00\",\"author\":{\"@id\":\"https:\\\/\\\/www.tvportugal.tv\\\/portal\\\/#\\\/schema\\\/person\\\/3dd386a0a960b868c3daed310f5d8d6b\"},\"description\":\"Exposi\u00e7\u00f5es de Pintura, Solidariedade, Artistas, Gabriela Carvalho, Ant\u00f3nio Loureiro, Arte Solid\u00e1ria, Cascais, Muchaxo, Rotarios\",\"breadcrumb\":{\"@id\":\"https:\\\/\\\/www.tvportugal.tv\\\/portal\\\/arte-solidaria-gabriela-carvalho-antonio-loureiro\\\/#breadcrumb\"},\"inLanguage\":\"pt-PT\",\"potentialAction\":[{\"@type\":\"ReadAction\",\"target\":[\"https:\\\/\\\/www.tvportugal.tv\\\/portal\\\/arte-solidaria-gabriela-carvalho-antonio-loureiro\\\/\"]}]},{\"@type\":\"ImageObject\",\"inLanguage\":\"pt-PT\",\"@id\":\"https:\\\/\\\/www.tvportugal.tv\\\/portal\\\/arte-solidaria-gabriela-carvalho-antonio-loureiro\\\/#primaryimage\",\"url\":\"https:\\\/\\\/www.tvportugal.tv\\\/portal\\\/wp-content\\\/uploads\\\/2016\\\/10\\\/Arte-Solidaria.jpg\",\"contentUrl\":\"https:\\\/\\\/www.tvportugal.tv\\\/portal\\\/wp-content\\\/uploads\\\/2016\\\/10\\\/Arte-Solidaria.jpg\",\"width\":800,\"height\":600,\"caption\":\"Arte Solid\u00e1ria, Gabriela Carvalho, Ant\u00f3nio Loureiro\"},{\"@type\":\"BreadcrumbList\",\"@id\":\"https:\\\/\\\/www.tvportugal.tv\\\/portal\\\/arte-solidaria-gabriela-carvalho-antonio-loureiro\\\/#breadcrumb\",\"itemListElement\":[{\"@type\":\"ListItem\",\"position\":1,\"name\":\"In\u00edcio\",\"item\":\"https:\\\/\\\/www.tvportugal.tv\\\/portal\\\/\"},{\"@type\":\"ListItem\",\"position\":2,\"name\":\"Arte Solid\u00e1ria, Pintores Gabriela Carvalho, Ant\u00f3nio Loureiro\"}]},{\"@type\":\"WebSite\",\"@id\":\"https:\\\/\\\/www.tvportugal.tv\\\/portal\\\/#website\",\"url\":\"https:\\\/\\\/www.tvportugal.tv\\\/portal\\\/\",\"name\":\"TV Portugal - Televis\u00e3o - Cascais - Sintra - Oeiras - Lisboa - Noticias\",\"description\":\"Televis\u00e3o Cascais, Televis\u00e3o Estoril, Tv Web com produ\u00e7\u00e3o pr\u00f3pria da Regi\u00e3o de Lisboa, Televis\u00e3o On-line, Noticias de Cascais, Noticias de Sintra, Noticias de Lisboa, Videos, Reportagen\",\"potentialAction\":[{\"@type\":\"SearchAction\",\"target\":{\"@type\":\"EntryPoint\",\"urlTemplate\":\"https:\\\/\\\/www.tvportugal.tv\\\/portal\\\/?s={search_term_string}\"},\"query-input\":{\"@type\":\"PropertyValueSpecification\",\"valueRequired\":true,\"valueName\":\"search_term_string\"}}],\"inLanguage\":\"pt-PT\"},{\"@type\":\"Person\",\"@id\":\"https:\\\/\\\/www.tvportugal.tv\\\/portal\\\/#\\\/schema\\\/person\\\/3dd386a0a960b868c3daed310f5d8d6b\",\"name\":\"Antonio Assuncao\",\"image\":{\"@type\":\"ImageObject\",\"inLanguage\":\"pt-PT\",\"@id\":\"https:\\\/\\\/secure.gravatar.com\\\/avatar\\\/d8f395a7f86675d6142e7d6ee91f1232e911b4f5ad4a72e064ca4dde2d42881b?s=96&d=mm&r=g\",\"url\":\"https:\\\/\\\/secure.gravatar.com\\\/avatar\\\/d8f395a7f86675d6142e7d6ee91f1232e911b4f5ad4a72e064ca4dde2d42881b?s=96&d=mm&r=g\",\"contentUrl\":\"https:\\\/\\\/secure.gravatar.com\\\/avatar\\\/d8f395a7f86675d6142e7d6ee91f1232e911b4f5ad4a72e064ca4dde2d42881b?s=96&d=mm&r=g\",\"caption\":\"Antonio Assuncao\"},\"sameAs\":[\"http:\\\/\\\/www.tvportugal.tv\\\/\"],\"url\":\"https:\\\/\\\/www.tvportugal.tv\\\/portal\\\/author\\\/antonio-assuncao\\\/\"}]}<\/script>\n<!-- \/ Yoast SEO plugin. -->","yoast_head_json":{"title":"Arte Solid\u00e1ria | Gabriela Carvalho | Ant\u00f3nio Loureiro, Cascais, Muchaxo","description":"Exposi\u00e7\u00f5es de Pintura, Solidariedade, Artistas, Gabriela Carvalho, Ant\u00f3nio Loureiro, Arte Solid\u00e1ria, Cascais, Muchaxo, Rotarios","robots":{"index":"index","follow":"follow","max-snippet":"max-snippet:-1","max-image-preview":"max-image-preview:large","max-video-preview":"max-video-preview:-1"},"canonical":"https:\/\/www.tvportugal.tv\/portal\/arte-solidaria-gabriela-carvalho-antonio-loureiro\/","og_locale":"pt_PT","og_type":"article","og_title":"Arte Solid\u00e1ria | Gabriela Carvalho | Ant\u00f3nio Loureiro, Cascais, Muchaxo","og_description":"Exposi\u00e7\u00f5es de Pintura, Solidariedade, Artistas, Gabriela Carvalho, Ant\u00f3nio Loureiro, Arte Solid\u00e1ria, Cascais, Muchaxo, Rotarios","og_url":"https:\/\/www.tvportugal.tv\/portal\/arte-solidaria-gabriela-carvalho-antonio-loureiro\/","og_site_name":"TV Portugal - Televis\u00e3o - Cascais - Sintra - Oeiras - Lisboa - Noticias","article_published_time":"2016-10-08T20:05:09+00:00","article_modified_time":"2016-10-30T23:21:47+00:00","og_image":[{"width":800,"height":600,"url":"https:\/\/www.tvportugal.tv\/portal\/wp-content\/uploads\/2016\/10\/Arte-Solidaria.jpg","type":"image\/jpeg"}],"author":"Antonio Assuncao","twitter_card":"summary_large_image","twitter_misc":{"Escrito por":"Antonio Assuncao"},"schema":{"@context":"https:\/\/schema.org","@graph":[{"@type":"Article","@id":"https:\/\/www.tvportugal.tv\/portal\/arte-solidaria-gabriela-carvalho-antonio-loureiro\/#article","isPartOf":{"@id":"https:\/\/www.tvportugal.tv\/portal\/arte-solidaria-gabriela-carvalho-antonio-loureiro\/"},"author":{"name":"Antonio Assuncao","@id":"https:\/\/www.tvportugal.tv\/portal\/#\/schema\/person\/3dd386a0a960b868c3daed310f5d8d6b"},"headline":"Arte Solid\u00e1ria, Pintores Gabriela Carvalho, Ant\u00f3nio Loureiro","datePublished":"2016-10-08T20:05:09+00:00","dateModified":"2016-10-30T23:21:47+00:00","mainEntityOfPage":{"@id":"https:\/\/www.tvportugal.tv\/portal\/arte-solidaria-gabriela-carvalho-antonio-loureiro\/"},"wordCount":106,"commentCount":0,"image":{"@id":"https:\/\/www.tvportugal.tv\/portal\/arte-solidaria-gabriela-carvalho-antonio-loureiro\/#primaryimage"},"thumbnailUrl":"https:\/\/www.tvportugal.tv\/portal\/wp-content\/uploads\/2016\/10\/Arte-Solidaria.jpg","keywords":["Arte","Artistas","Exposi\u00e7\u00f5es","Pintura","Rot\u00e1rios","Solidariedade"],"articleSection":["Cascais","Eventos","Social"],"inLanguage":"pt-PT","potentialAction":[{"@type":"CommentAction","name":"Comment","target":["https:\/\/www.tvportugal.tv\/portal\/arte-solidaria-gabriela-carvalho-antonio-loureiro\/#respond"]}]},{"@type":"WebPage","@id":"https:\/\/www.tvportugal.tv\/portal\/arte-solidaria-gabriela-carvalho-antonio-loureiro\/","url":"https:\/\/www.tvportugal.tv\/portal\/arte-solidaria-gabriela-carvalho-antonio-loureiro\/","name":"Arte Solid\u00e1ria | Gabriela Carvalho | Ant\u00f3nio Loureiro, Cascais, Muchaxo","isPartOf":{"@id":"https:\/\/www.tvportugal.tv\/portal\/#website"},"primaryImageOfPage":{"@id":"https:\/\/www.tvportugal.tv\/portal\/arte-solidaria-gabriela-carvalho-antonio-loureiro\/#primaryimage"},"image":{"@id":"https:\/\/www.tvportugal.tv\/portal\/arte-solidaria-gabriela-carvalho-antonio-loureiro\/#primaryimage"},"thumbnailUrl":"https:\/\/www.tvportugal.tv\/portal\/wp-content\/uploads\/2016\/10\/Arte-Solidaria.jpg","datePublished":"2016-10-08T20:05:09+00:00","dateModified":"2016-10-30T23:21:47+00:00","author":{"@id":"https:\/\/www.tvportugal.tv\/portal\/#\/schema\/person\/3dd386a0a960b868c3daed310f5d8d6b"},"description":"Exposi\u00e7\u00f5es de Pintura, Solidariedade, Artistas, Gabriela Carvalho, Ant\u00f3nio Loureiro, Arte Solid\u00e1ria, Cascais, Muchaxo, Rotarios","breadcrumb":{"@id":"https:\/\/www.tvportugal.tv\/portal\/arte-solidaria-gabriela-carvalho-antonio-loureiro\/#breadcrumb"},"inLanguage":"pt-PT","potentialAction":[{"@type":"ReadAction","target":["https:\/\/www.tvportugal.tv\/portal\/arte-solidaria-gabriela-carvalho-antonio-loureiro\/"]}]},{"@type":"ImageObject","inLanguage":"pt-PT","@id":"https:\/\/www.tvportugal.tv\/portal\/arte-solidaria-gabriela-carvalho-antonio-loureiro\/#primaryimage","url":"https:\/\/www.tvportugal.tv\/portal\/wp-content\/uploads\/2016\/10\/Arte-Solidaria.jpg","contentUrl":"https:\/\/www.tvportugal.tv\/portal\/wp-content\/uploads\/2016\/10\/Arte-Solidaria.jpg","width":800,"height":600,"caption":"Arte Solid\u00e1ria, Gabriela Carvalho, Ant\u00f3nio Loureiro"},{"@type":"BreadcrumbList","@id":"https:\/\/www.tvportugal.tv\/portal\/arte-solidaria-gabriela-carvalho-antonio-loureiro\/#breadcrumb","itemListElement":[{"@type":"ListItem","position":1,"name":"In\u00edcio","item":"https:\/\/www.tvportugal.tv\/portal\/"},{"@type":"ListItem","position":2,"name":"Arte Solid\u00e1ria, Pintores Gabriela Carvalho, Ant\u00f3nio Loureiro"}]},{"@type":"WebSite","@id":"https:\/\/www.tvportugal.tv\/portal\/#website","url":"https:\/\/www.tvportugal.tv\/portal\/","name":"TV Portugal - Televis\u00e3o - Cascais - Sintra - Oeiras - Lisboa - Noticias","description":"Televis\u00e3o Cascais, Televis\u00e3o Estoril, Tv Web com produ\u00e7\u00e3o pr\u00f3pria da Regi\u00e3o de Lisboa, Televis\u00e3o On-line, Noticias de Cascais, Noticias de Sintra, Noticias de Lisboa, Videos, Reportagen","potentialAction":[{"@type":"SearchAction","target":{"@type":"EntryPoint","urlTemplate":"https:\/\/www.tvportugal.tv\/portal\/?s={search_term_string}"},"query-input":{"@type":"PropertyValueSpecification","valueRequired":true,"valueName":"search_term_string"}}],"inLanguage":"pt-PT"},{"@type":"Person","@id":"https:\/\/www.tvportugal.tv\/portal\/#\/schema\/person\/3dd386a0a960b868c3daed310f5d8d6b","name":"Antonio Assuncao","image":{"@type":"ImageObject","inLanguage":"pt-PT","@id":"https:\/\/secure.gravatar.com\/avatar\/d8f395a7f86675d6142e7d6ee91f1232e911b4f5ad4a72e064ca4dde2d42881b?s=96&d=mm&r=g","url":"https:\/\/secure.gravatar.com\/avatar\/d8f395a7f86675d6142e7d6ee91f1232e911b4f5ad4a72e064ca4dde2d42881b?s=96&d=mm&r=g","contentUrl":"https:\/\/secure.gravatar.com\/avatar\/d8f395a7f86675d6142e7d6ee91f1232e911b4f5ad4a72e064ca4dde2d42881b?s=96&d=mm&r=g","caption":"Antonio Assuncao"},"sameAs":["http:\/\/www.tvportugal.tv\/"],"url":"https:\/\/www.tvportugal.tv\/portal\/author\/antonio-assuncao\/"}]}},"_links":{"self":[{"href":"https:\/\/www.tvportugal.tv\/portal\/wp-json\/wp\/v2\/posts\/3307","targetHints":{"allow":["GET"]}}],"collection":[{"href":"https:\/\/www.tvportugal.tv\/portal\/wp-json\/wp\/v2\/posts"}],"about":[{"href":"https:\/\/www.tvportugal.tv\/portal\/wp-json\/wp\/v2\/types\/post"}],"author":[{"embeddable":true,"href":"https:\/\/www.tvportugal.tv\/portal\/wp-json\/wp\/v2\/users\/2"}],"replies":[{"embeddable":true,"href":"https:\/\/www.tvportugal.tv\/portal\/wp-json\/wp\/v2\/comments?post=3307"}],"version-history":[{"count":3,"href":"https:\/\/www.tvportugal.tv\/portal\/wp-json\/wp\/v2\/posts\/3307\/revisions"}],"predecessor-version":[{"id":3449,"href":"https:\/\/www.tvportugal.tv\/portal\/wp-json\/wp\/v2\/posts\/3307\/revisions\/3449"}],"wp:featuredmedia":[{"embeddable":true,"href":"https:\/\/www.tvportugal.tv\/portal\/wp-json\/wp\/v2\/media\/3448"}],"wp:attachment":[{"href":"https:\/\/www.tvportugal.tv\/portal\/wp-json\/wp\/v2\/media?parent=3307"}],"wp:term":[{"taxonomy":"category","embeddable":true,"href":"https:\/\/www.tvportugal.tv\/portal\/wp-json\/wp\/v2\/categories?post=3307"},{"taxonomy":"post_tag","embeddable":true,"href":"https:\/\/www.tvportugal.tv\/portal\/wp-json\/wp\/v2\/tags?post=3307"}],"curies":[{"name":"wp","href":"https:\/\/api.w.org\/{rel}","templated":true}]}}