{"id":3264,"date":"2016-04-19T17:35:33","date_gmt":"2016-04-19T17:35:33","guid":{"rendered":"http:\/\/www.tvportugal.tv\/portal\/?p=3264"},"modified":"2016-10-31T17:10:10","modified_gmt":"2016-10-31T17:10:10","slug":"empreendedorismo-nas-escolas-feira-ilimitada","status":"publish","type":"post","link":"https:\/\/www.tvportugal.tv\/portal\/empreendedorismo-nas-escolas-feira-ilimitada\/","title":{"rendered":"Empreendedorismo nas Escolas | Feira Ilimitada"},"content":{"rendered":"<p>[vc_row][vc_column][vc_column_text]<\/p>\n<h2>Empreendedorismo nas Escolas, Feira Ilimitada<\/h2>\n<p>[\/vc_column_text][\/vc_column][\/vc_row][vc_row][vc_column][vc_column_text]&#8221;\u00c9 a Feira Regional de Empreendedorismo que se passa aqui no Mercado da Vila em Cascais englobando os Concelhos de Cascais, Oeiras, Mafra e todos os projectos que foram apurados para vir a esta feira donde v\u00e3o sair hoje os projectos vencedores para a Feira Nacional&#8221; Nuno Piteira Lopes, Vereador da Camara Municiapal\u00a0de Cascais.<\/p>\n<p>Reportagem, Imagem e Edi\u00e7\u00e3o &#8211; Ant\u00f3nio Assun\u00e7\u00e3o<br \/>\n2016 04 19[\/vc_column_text][\/vc_column][\/vc_row][vc_row][vc_column][vc_video link=&#8221;https:\/\/www.youtube.com\/watch?v=zyGbnjYUZyo&#8221;][\/vc_column][\/vc_row]<\/p>\n","protected":false},"excerpt":{"rendered":"<p>[vc_row][vc_column][vc_column_text] Empreendedorismo nas Escolas, Feira Ilimitada [\/vc_column_text][\/vc_column][\/vc_row][vc_row][vc_column][vc_column_text]&#8221;\u00c9 a Feira Regional de Empreendedorismo que se passa aqui no Mercado da Vila em Cascais englobando os Concelhos de Cascais, Oeiras, Mafra e todos os projectos que foram apurados para vir a esta feira donde v\u00e3o sair hoje os projectos vencedores para a<span class=\"excerpt-hellip\"> [\u2026]<\/span><\/p>\n","protected":false},"author":2,"featured_media":3564,"comment_status":"open","ping_status":"open","sticky":false,"template":"","format":"image","meta":{"footnotes":""},"categories":[42,120,103,77],"tags":[75,111,101,100,102],"class_list":["post-3264","post","type-post","status-publish","format-image","has-post-thumbnail","hentry","category-cascais","category-educacao","category-mafra","category-oeiras","tag-cascais","tag-educacao","tag-mafra","tag-oeiras","tag-piteira-lopes","post_format-post-format-image"],"yoast_head":"<!-- This site is optimized with the Yoast SEO plugin v27.5 - https:\/\/yoast.com\/product\/yoast-seo-wordpress\/ -->\n<title>Feira Ilimitada, Empreendedorismo nas Escolas, Cascais, Oeiras, Mafra<\/title>\n<meta name=\"description\" content=\"Feira Ilimitada, Feira Regional Empreendedorismo, Mercado, Cascais, Concelho, Cascais, Oeiras, Mafra, feira Nacional, Nuno Piteira Lopes, Portugal, Regional\" \/>\n<meta name=\"robots\" content=\"index, follow, max-snippet:-1, max-image-preview:large, max-video-preview:-1\" \/>\n<link rel=\"canonical\" href=\"https:\/\/www.tvportugal.tv\/portal\/empreendedorismo-nas-escolas-feira-ilimitada\/\" \/>\n<meta property=\"og:locale\" content=\"pt_PT\" \/>\n<meta property=\"og:type\" content=\"article\" \/>\n<meta property=\"og:title\" content=\"Feira Ilimitada, Empreendedorismo nas Escolas, Cascais, Oeiras, Mafra\" \/>\n<meta property=\"og:description\" content=\"Feira Ilimitada, Feira Regional Empreendedorismo, Mercado, Cascais, Concelho, Cascais, Oeiras, Mafra, feira Nacional, Nuno Piteira Lopes, Portugal, Regional\" \/>\n<meta property=\"og:url\" content=\"https:\/\/www.tvportugal.tv\/portal\/empreendedorismo-nas-escolas-feira-ilimitada\/\" \/>\n<meta property=\"og:site_name\" content=\"TV Portugal - Televis\u00e3o - Cascais - Sintra - Oeiras - Lisboa - Noticias\" \/>\n<meta property=\"article:published_time\" content=\"2016-04-19T17:35:33+00:00\" \/>\n<meta property=\"article:modified_time\" content=\"2016-10-31T17:10:10+00:00\" \/>\n<meta property=\"og:image\" content=\"https:\/\/www.tvportugal.tv\/portal\/wp-content\/uploads\/2016\/04\/empreendedorismo.jpg\" \/>\n\t<meta property=\"og:image:width\" content=\"800\" \/>\n\t<meta property=\"og:image:height\" content=\"600\" \/>\n\t<meta property=\"og:image:type\" content=\"image\/jpeg\" \/>\n<meta name=\"author\" content=\"Antonio Assuncao\" \/>\n<meta name=\"twitter:card\" content=\"summary_large_image\" \/>\n<meta name=\"twitter:label1\" content=\"Escrito por\" \/>\n\t<meta name=\"twitter:data1\" content=\"Antonio Assuncao\" \/>\n\t<meta name=\"twitter:label2\" content=\"Tempo estimado de leitura\" \/>\n\t<meta name=\"twitter:data2\" content=\"1 minuto\" \/>\n<script type=\"application\/ld+json\" class=\"yoast-schema-graph\">{\"@context\":\"https:\\\/\\\/schema.org\",\"@graph\":[{\"@type\":\"Article\",\"@id\":\"https:\\\/\\\/www.tvportugal.tv\\\/portal\\\/empreendedorismo-nas-escolas-feira-ilimitada\\\/#article\",\"isPartOf\":{\"@id\":\"https:\\\/\\\/www.tvportugal.tv\\\/portal\\\/empreendedorismo-nas-escolas-feira-ilimitada\\\/\"},\"author\":{\"name\":\"Antonio Assuncao\",\"@id\":\"https:\\\/\\\/www.tvportugal.tv\\\/portal\\\/#\\\/schema\\\/person\\\/3dd386a0a960b868c3daed310f5d8d6b\"},\"headline\":\"Empreendedorismo nas Escolas | Feira Ilimitada\",\"datePublished\":\"2016-04-19T17:35:33+00:00\",\"dateModified\":\"2016-10-31T17:10:10+00:00\",\"mainEntityOfPage\":{\"@id\":\"https:\\\/\\\/www.tvportugal.tv\\\/portal\\\/empreendedorismo-nas-escolas-feira-ilimitada\\\/\"},\"wordCount\":121,\"commentCount\":0,\"image\":{\"@id\":\"https:\\\/\\\/www.tvportugal.tv\\\/portal\\\/empreendedorismo-nas-escolas-feira-ilimitada\\\/#primaryimage\"},\"thumbnailUrl\":\"https:\\\/\\\/www.tvportugal.tv\\\/portal\\\/wp-content\\\/uploads\\\/2016\\\/04\\\/empreendedorismo.jpg\",\"keywords\":[\"Cascais\",\"Educa\u00e7\u00e3o\",\"Mafra\",\"Oeiras\",\"Piteira Lopes\"],\"articleSection\":[\"Cascais\",\"Educa\u00e7\u00e3o\",\"Mafra\",\"Oeiras\"],\"inLanguage\":\"pt-PT\",\"potentialAction\":[{\"@type\":\"CommentAction\",\"name\":\"Comment\",\"target\":[\"https:\\\/\\\/www.tvportugal.tv\\\/portal\\\/empreendedorismo-nas-escolas-feira-ilimitada\\\/#respond\"]}]},{\"@type\":\"WebPage\",\"@id\":\"https:\\\/\\\/www.tvportugal.tv\\\/portal\\\/empreendedorismo-nas-escolas-feira-ilimitada\\\/\",\"url\":\"https:\\\/\\\/www.tvportugal.tv\\\/portal\\\/empreendedorismo-nas-escolas-feira-ilimitada\\\/\",\"name\":\"Feira Ilimitada, Empreendedorismo nas Escolas, Cascais, Oeiras, Mafra\",\"isPartOf\":{\"@id\":\"https:\\\/\\\/www.tvportugal.tv\\\/portal\\\/#website\"},\"primaryImageOfPage\":{\"@id\":\"https:\\\/\\\/www.tvportugal.tv\\\/portal\\\/empreendedorismo-nas-escolas-feira-ilimitada\\\/#primaryimage\"},\"image\":{\"@id\":\"https:\\\/\\\/www.tvportugal.tv\\\/portal\\\/empreendedorismo-nas-escolas-feira-ilimitada\\\/#primaryimage\"},\"thumbnailUrl\":\"https:\\\/\\\/www.tvportugal.tv\\\/portal\\\/wp-content\\\/uploads\\\/2016\\\/04\\\/empreendedorismo.jpg\",\"datePublished\":\"2016-04-19T17:35:33+00:00\",\"dateModified\":\"2016-10-31T17:10:10+00:00\",\"author\":{\"@id\":\"https:\\\/\\\/www.tvportugal.tv\\\/portal\\\/#\\\/schema\\\/person\\\/3dd386a0a960b868c3daed310f5d8d6b\"},\"description\":\"Feira Ilimitada, Feira Regional Empreendedorismo, Mercado, Cascais, Concelho, Cascais, Oeiras, Mafra, feira Nacional, Nuno Piteira Lopes, Portugal, Regional\",\"breadcrumb\":{\"@id\":\"https:\\\/\\\/www.tvportugal.tv\\\/portal\\\/empreendedorismo-nas-escolas-feira-ilimitada\\\/#breadcrumb\"},\"inLanguage\":\"pt-PT\",\"potentialAction\":[{\"@type\":\"ReadAction\",\"target\":[\"https:\\\/\\\/www.tvportugal.tv\\\/portal\\\/empreendedorismo-nas-escolas-feira-ilimitada\\\/\"]}]},{\"@type\":\"ImageObject\",\"inLanguage\":\"pt-PT\",\"@id\":\"https:\\\/\\\/www.tvportugal.tv\\\/portal\\\/empreendedorismo-nas-escolas-feira-ilimitada\\\/#primaryimage\",\"url\":\"https:\\\/\\\/www.tvportugal.tv\\\/portal\\\/wp-content\\\/uploads\\\/2016\\\/04\\\/empreendedorismo.jpg\",\"contentUrl\":\"https:\\\/\\\/www.tvportugal.tv\\\/portal\\\/wp-content\\\/uploads\\\/2016\\\/04\\\/empreendedorismo.jpg\",\"width\":800,\"height\":600,\"caption\":\"Feira Ilimitada, Feira Regional de Empreendedorismo, Mercado, Cascais, Concelho, Cascais, Oeiras, Mafra, feira Nacional, Nuno Piteira Lopes\"},{\"@type\":\"BreadcrumbList\",\"@id\":\"https:\\\/\\\/www.tvportugal.tv\\\/portal\\\/empreendedorismo-nas-escolas-feira-ilimitada\\\/#breadcrumb\",\"itemListElement\":[{\"@type\":\"ListItem\",\"position\":1,\"name\":\"In\u00edcio\",\"item\":\"https:\\\/\\\/www.tvportugal.tv\\\/portal\\\/\"},{\"@type\":\"ListItem\",\"position\":2,\"name\":\"Empreendedorismo nas Escolas | Feira Ilimitada\"}]},{\"@type\":\"WebSite\",\"@id\":\"https:\\\/\\\/www.tvportugal.tv\\\/portal\\\/#website\",\"url\":\"https:\\\/\\\/www.tvportugal.tv\\\/portal\\\/\",\"name\":\"TV Portugal - Televis\u00e3o - Cascais - Sintra - Oeiras - Lisboa - Noticias\",\"description\":\"Televis\u00e3o Cascais, Televis\u00e3o Estoril, Tv Web com produ\u00e7\u00e3o pr\u00f3pria da Regi\u00e3o de Lisboa, Televis\u00e3o On-line, Noticias de Cascais, Noticias de Sintra, Noticias de Lisboa, Videos, Reportagen\",\"potentialAction\":[{\"@type\":\"SearchAction\",\"target\":{\"@type\":\"EntryPoint\",\"urlTemplate\":\"https:\\\/\\\/www.tvportugal.tv\\\/portal\\\/?s={search_term_string}\"},\"query-input\":{\"@type\":\"PropertyValueSpecification\",\"valueRequired\":true,\"valueName\":\"search_term_string\"}}],\"inLanguage\":\"pt-PT\"},{\"@type\":\"Person\",\"@id\":\"https:\\\/\\\/www.tvportugal.tv\\\/portal\\\/#\\\/schema\\\/person\\\/3dd386a0a960b868c3daed310f5d8d6b\",\"name\":\"Antonio Assuncao\",\"image\":{\"@type\":\"ImageObject\",\"inLanguage\":\"pt-PT\",\"@id\":\"https:\\\/\\\/secure.gravatar.com\\\/avatar\\\/d8f395a7f86675d6142e7d6ee91f1232e911b4f5ad4a72e064ca4dde2d42881b?s=96&d=mm&r=g\",\"url\":\"https:\\\/\\\/secure.gravatar.com\\\/avatar\\\/d8f395a7f86675d6142e7d6ee91f1232e911b4f5ad4a72e064ca4dde2d42881b?s=96&d=mm&r=g\",\"contentUrl\":\"https:\\\/\\\/secure.gravatar.com\\\/avatar\\\/d8f395a7f86675d6142e7d6ee91f1232e911b4f5ad4a72e064ca4dde2d42881b?s=96&d=mm&r=g\",\"caption\":\"Antonio Assuncao\"},\"sameAs\":[\"http:\\\/\\\/www.tvportugal.tv\\\/\"],\"url\":\"https:\\\/\\\/www.tvportugal.tv\\\/portal\\\/author\\\/antonio-assuncao\\\/\"}]}<\/script>\n<!-- \/ Yoast SEO plugin. -->","yoast_head_json":{"title":"Feira Ilimitada, Empreendedorismo nas Escolas, Cascais, Oeiras, Mafra","description":"Feira Ilimitada, Feira Regional Empreendedorismo, Mercado, Cascais, Concelho, Cascais, Oeiras, Mafra, feira Nacional, Nuno Piteira Lopes, Portugal, Regional","robots":{"index":"index","follow":"follow","max-snippet":"max-snippet:-1","max-image-preview":"max-image-preview:large","max-video-preview":"max-video-preview:-1"},"canonical":"https:\/\/www.tvportugal.tv\/portal\/empreendedorismo-nas-escolas-feira-ilimitada\/","og_locale":"pt_PT","og_type":"article","og_title":"Feira Ilimitada, Empreendedorismo nas Escolas, Cascais, Oeiras, Mafra","og_description":"Feira Ilimitada, Feira Regional Empreendedorismo, Mercado, Cascais, Concelho, Cascais, Oeiras, Mafra, feira Nacional, Nuno Piteira Lopes, Portugal, Regional","og_url":"https:\/\/www.tvportugal.tv\/portal\/empreendedorismo-nas-escolas-feira-ilimitada\/","og_site_name":"TV Portugal - Televis\u00e3o - Cascais - Sintra - Oeiras - Lisboa - Noticias","article_published_time":"2016-04-19T17:35:33+00:00","article_modified_time":"2016-10-31T17:10:10+00:00","og_image":[{"width":800,"height":600,"url":"https:\/\/www.tvportugal.tv\/portal\/wp-content\/uploads\/2016\/04\/empreendedorismo.jpg","type":"image\/jpeg"}],"author":"Antonio Assuncao","twitter_card":"summary_large_image","twitter_misc":{"Escrito por":"Antonio Assuncao","Tempo estimado de leitura":"1 minuto"},"schema":{"@context":"https:\/\/schema.org","@graph":[{"@type":"Article","@id":"https:\/\/www.tvportugal.tv\/portal\/empreendedorismo-nas-escolas-feira-ilimitada\/#article","isPartOf":{"@id":"https:\/\/www.tvportugal.tv\/portal\/empreendedorismo-nas-escolas-feira-ilimitada\/"},"author":{"name":"Antonio Assuncao","@id":"https:\/\/www.tvportugal.tv\/portal\/#\/schema\/person\/3dd386a0a960b868c3daed310f5d8d6b"},"headline":"Empreendedorismo nas Escolas | Feira Ilimitada","datePublished":"2016-04-19T17:35:33+00:00","dateModified":"2016-10-31T17:10:10+00:00","mainEntityOfPage":{"@id":"https:\/\/www.tvportugal.tv\/portal\/empreendedorismo-nas-escolas-feira-ilimitada\/"},"wordCount":121,"commentCount":0,"image":{"@id":"https:\/\/www.tvportugal.tv\/portal\/empreendedorismo-nas-escolas-feira-ilimitada\/#primaryimage"},"thumbnailUrl":"https:\/\/www.tvportugal.tv\/portal\/wp-content\/uploads\/2016\/04\/empreendedorismo.jpg","keywords":["Cascais","Educa\u00e7\u00e3o","Mafra","Oeiras","Piteira Lopes"],"articleSection":["Cascais","Educa\u00e7\u00e3o","Mafra","Oeiras"],"inLanguage":"pt-PT","potentialAction":[{"@type":"CommentAction","name":"Comment","target":["https:\/\/www.tvportugal.tv\/portal\/empreendedorismo-nas-escolas-feira-ilimitada\/#respond"]}]},{"@type":"WebPage","@id":"https:\/\/www.tvportugal.tv\/portal\/empreendedorismo-nas-escolas-feira-ilimitada\/","url":"https:\/\/www.tvportugal.tv\/portal\/empreendedorismo-nas-escolas-feira-ilimitada\/","name":"Feira Ilimitada, Empreendedorismo nas Escolas, Cascais, Oeiras, Mafra","isPartOf":{"@id":"https:\/\/www.tvportugal.tv\/portal\/#website"},"primaryImageOfPage":{"@id":"https:\/\/www.tvportugal.tv\/portal\/empreendedorismo-nas-escolas-feira-ilimitada\/#primaryimage"},"image":{"@id":"https:\/\/www.tvportugal.tv\/portal\/empreendedorismo-nas-escolas-feira-ilimitada\/#primaryimage"},"thumbnailUrl":"https:\/\/www.tvportugal.tv\/portal\/wp-content\/uploads\/2016\/04\/empreendedorismo.jpg","datePublished":"2016-04-19T17:35:33+00:00","dateModified":"2016-10-31T17:10:10+00:00","author":{"@id":"https:\/\/www.tvportugal.tv\/portal\/#\/schema\/person\/3dd386a0a960b868c3daed310f5d8d6b"},"description":"Feira Ilimitada, Feira Regional Empreendedorismo, Mercado, Cascais, Concelho, Cascais, Oeiras, Mafra, feira Nacional, Nuno Piteira Lopes, Portugal, Regional","breadcrumb":{"@id":"https:\/\/www.tvportugal.tv\/portal\/empreendedorismo-nas-escolas-feira-ilimitada\/#breadcrumb"},"inLanguage":"pt-PT","potentialAction":[{"@type":"ReadAction","target":["https:\/\/www.tvportugal.tv\/portal\/empreendedorismo-nas-escolas-feira-ilimitada\/"]}]},{"@type":"ImageObject","inLanguage":"pt-PT","@id":"https:\/\/www.tvportugal.tv\/portal\/empreendedorismo-nas-escolas-feira-ilimitada\/#primaryimage","url":"https:\/\/www.tvportugal.tv\/portal\/wp-content\/uploads\/2016\/04\/empreendedorismo.jpg","contentUrl":"https:\/\/www.tvportugal.tv\/portal\/wp-content\/uploads\/2016\/04\/empreendedorismo.jpg","width":800,"height":600,"caption":"Feira Ilimitada, Feira Regional de Empreendedorismo, Mercado, Cascais, Concelho, Cascais, Oeiras, Mafra, feira Nacional, Nuno Piteira Lopes"},{"@type":"BreadcrumbList","@id":"https:\/\/www.tvportugal.tv\/portal\/empreendedorismo-nas-escolas-feira-ilimitada\/#breadcrumb","itemListElement":[{"@type":"ListItem","position":1,"name":"In\u00edcio","item":"https:\/\/www.tvportugal.tv\/portal\/"},{"@type":"ListItem","position":2,"name":"Empreendedorismo nas Escolas | Feira Ilimitada"}]},{"@type":"WebSite","@id":"https:\/\/www.tvportugal.tv\/portal\/#website","url":"https:\/\/www.tvportugal.tv\/portal\/","name":"TV Portugal - Televis\u00e3o - Cascais - Sintra - Oeiras - Lisboa - Noticias","description":"Televis\u00e3o Cascais, Televis\u00e3o Estoril, Tv Web com produ\u00e7\u00e3o pr\u00f3pria da Regi\u00e3o de Lisboa, Televis\u00e3o On-line, Noticias de Cascais, Noticias de Sintra, Noticias de Lisboa, Videos, Reportagen","potentialAction":[{"@type":"SearchAction","target":{"@type":"EntryPoint","urlTemplate":"https:\/\/www.tvportugal.tv\/portal\/?s={search_term_string}"},"query-input":{"@type":"PropertyValueSpecification","valueRequired":true,"valueName":"search_term_string"}}],"inLanguage":"pt-PT"},{"@type":"Person","@id":"https:\/\/www.tvportugal.tv\/portal\/#\/schema\/person\/3dd386a0a960b868c3daed310f5d8d6b","name":"Antonio Assuncao","image":{"@type":"ImageObject","inLanguage":"pt-PT","@id":"https:\/\/secure.gravatar.com\/avatar\/d8f395a7f86675d6142e7d6ee91f1232e911b4f5ad4a72e064ca4dde2d42881b?s=96&d=mm&r=g","url":"https:\/\/secure.gravatar.com\/avatar\/d8f395a7f86675d6142e7d6ee91f1232e911b4f5ad4a72e064ca4dde2d42881b?s=96&d=mm&r=g","contentUrl":"https:\/\/secure.gravatar.com\/avatar\/d8f395a7f86675d6142e7d6ee91f1232e911b4f5ad4a72e064ca4dde2d42881b?s=96&d=mm&r=g","caption":"Antonio Assuncao"},"sameAs":["http:\/\/www.tvportugal.tv\/"],"url":"https:\/\/www.tvportugal.tv\/portal\/author\/antonio-assuncao\/"}]}},"_links":{"self":[{"href":"https:\/\/www.tvportugal.tv\/portal\/wp-json\/wp\/v2\/posts\/3264","targetHints":{"allow":["GET"]}}],"collection":[{"href":"https:\/\/www.tvportugal.tv\/portal\/wp-json\/wp\/v2\/posts"}],"about":[{"href":"https:\/\/www.tvportugal.tv\/portal\/wp-json\/wp\/v2\/types\/post"}],"author":[{"embeddable":true,"href":"https:\/\/www.tvportugal.tv\/portal\/wp-json\/wp\/v2\/users\/2"}],"replies":[{"embeddable":true,"href":"https:\/\/www.tvportugal.tv\/portal\/wp-json\/wp\/v2\/comments?post=3264"}],"version-history":[{"count":3,"href":"https:\/\/www.tvportugal.tv\/portal\/wp-json\/wp\/v2\/posts\/3264\/revisions"}],"predecessor-version":[{"id":3565,"href":"https:\/\/www.tvportugal.tv\/portal\/wp-json\/wp\/v2\/posts\/3264\/revisions\/3565"}],"wp:featuredmedia":[{"embeddable":true,"href":"https:\/\/www.tvportugal.tv\/portal\/wp-json\/wp\/v2\/media\/3564"}],"wp:attachment":[{"href":"https:\/\/www.tvportugal.tv\/portal\/wp-json\/wp\/v2\/media?parent=3264"}],"wp:term":[{"taxonomy":"category","embeddable":true,"href":"https:\/\/www.tvportugal.tv\/portal\/wp-json\/wp\/v2\/categories?post=3264"},{"taxonomy":"post_tag","embeddable":true,"href":"https:\/\/www.tvportugal.tv\/portal\/wp-json\/wp\/v2\/tags?post=3264"}],"curies":[{"name":"wp","href":"https:\/\/api.w.org\/{rel}","templated":true}]}}